{"id":12085165,"date":"2025-07-11T15:15:24","date_gmt":"2025-07-11T13:15:24","guid":{"rendered":"https:\/\/www.etf.fr\/uncategorized\/la-ligne-luneville-sarrebourg-renouvelee-a-une-cadence-inedite-grace-a-la-suite-rapide-rri\/"},"modified":"2025-08-25T08:43:10","modified_gmt":"2025-08-25T06:43:10","slug":"the-luneville-sarrebourg-line-has-been-renewed-with-an-unprecedented-frequency-thanks-to-the-rapid-rri-suite","status":"publish","type":"post","link":"https:\/\/www.etf.fr\/en\/rail-mobility\/the-luneville-sarrebourg-line-has-been-renewed-with-an-unprecedented-frequency-thanks-to-the-rapid-rri-suite\/","title":{"rendered":"The Lun\u00e9ville\u2013Sarrebourg line renewed at an unprecedented pace thanks to the RRI Rapid Service"},"content":{"rendered":"\n<p>The Lorraine 4 project stood out thanks to its exceptional production rate. On 13 May, a new record was set with <strong>2,155 metres of track (4,310 metres of rails) renewed in a single night<\/strong>. This achievement was made possible by rigorous organisation, meticulous logistics between the rear base in R\u00e9ding (57) and the construction site, and the use of the REVO factory train, renowned for its efficiency.<\/p>\n\n\n\n<p>Thanks to the dedication of our <strong>130 employees<\/strong>\u2014welders, release teams, track layers, field teams and back office staff\u2014<strong>this record has been broken several times on this site.<\/strong><\/p>\n\n\n\n<p>Every day, teams at base camp unloaded and reloaded the work train and supplied rails and equipment. At night, teams on site laid <strong>432-metre-long continuous welded rails<\/strong> with remarkable precision and consistency.<\/p>\n\n\n\n<div class=\"wp-block-columns is-layout-flex wp-container-core-columns-is-layout-9d6595d7 wp-block-columns-is-layout-flex\">\n<div class=\"wp-block-column is-layout-flow wp-block-column-is-layout-flow\">\n<h3 class=\"wp-block-heading\">People at the heart of performance<\/h3>\n\n\n\n<p>Beyond the technical prowess<strong>, this <\/strong>project illustrates ETF&#8217;s commitment to <strong>professional integration and the transfer of expertise<\/strong>. After training at our ETF Academy centre, <strong>five people on integration programmes<\/strong> joined the reinforcement team, actively participating in the blasting of <strong>an average of 1,200 metres per night<\/strong>.<\/p>\n\n\n\n<h3 class=\"wp-block-heading\"><strong><strong>Exemplary cooperation between ETF and SNCF R\u00e9seau<\/strong><\/strong><\/h3>\n\n\n\n<p>The success of this project depends on the smooth collaboration between ETF and SNCF R\u00e9seau. Careful planning and our shared culture of prevention have ensured high-level industrial performance, achieved in complete safety (zero workplace accidents and zero safety incidents). The consistency of the results (an average of 1,700 metres of track renewed) and the absence of late returns are testament to perfectly controlled management.<\/p>\n\n\n\n<p>This project once again demonstrates ETF&#8217;s ability to rapidly modernise railway infrastructure while contributing to the decarbonisation of rail transport. Congratulations to all the ETF and SNCF R\u00e9seau teams for this exemplary achievement, which is the result of collective commitment and shared expertise.<\/p>\n<\/div>\n\n\n\n<div class=\"wp-block-column is-layout-flow wp-block-column-is-layout-flow\">\n<figure class=\"wp-block-embed is-type-video is-provider-youtube wp-block-embed-youtube wp-embed-aspect-16-9 wp-has-aspect-ratio\"><div class=\"wp-block-embed__wrapper\">\n<div class=\"oembed\">\n\t<iframe loading=\"lazy\" title=\"La ligne Lun\u00e9ville\u2013Sarrebourg renouvel\u00e9e \u00e0 une cadence in\u00e9dite gr\u00e2ce \u00e0 la Suite Rapide RRI\" width=\"500\" height=\"281\" src=\"https:\/\/www.youtube.com\/embed\/vkz9W5BbvOY?feature=oembed\" frameborder=\"0\" allow=\"accelerometer; autoplay; clipboard-write; encrypted-media; gyroscope; picture-in-picture; web-share\" referrerpolicy=\"strict-origin-when-cross-origin\" allowfullscreen><\/iframe><\/div>\n\n<\/div><\/figure>\n<\/div>\n<\/div>\n\n\n\n<p><\/p>\n","protected":false},"excerpt":{"rendered":"<p>On this section of the Lun\u00e9ville\u2013Sarrebourg line, 25,400 metres of track (50,800 metres of rails) were renewed in just 15 nights (20 nights planned), thanks to the commitment of the teams involved and the efficiency of the REVO factory train.<\/p>\n","protected":false},"author":239,"featured_media":11420706,"comment_status":"closed","ping_status":"closed","sticky":false,"template":"","format":"standard","meta":{"_acf_changed":false,"footnotes":""},"categories":[228,223,191],"tags":[],"class_list":["post-12085165","post","type-post","status-publish","format-standard","has-post-thumbnail","hentry","category-rail-mobility","category-grands-projets-ferroviaires-en","category-actualites-en"],"acf":[],"yoast_head":"<!-- This site is optimized with the Yoast SEO plugin v27.1.1 - https:\/\/yoast.com\/product\/yoast-seo-wordpress\/ -->\n<title>The Lun\u00e9ville\u2013Sarrebourg line renewed at an unprecedented pace thanks to the RRI Rapid Service - ETF<\/title>\n<meta name=\"robots\" content=\"index, follow, max-snippet:-1, max-image-preview:large, max-video-preview:-1\" \/>\n<link rel=\"canonical\" href=\"https:\/\/www.etf.fr\/en\/rail-mobility\/the-luneville-sarrebourg-line-has-been-renewed-with-an-unprecedented-frequency-thanks-to-the-rapid-rri-suite\/\" \/>\n<meta property=\"og:locale\" content=\"en_US\" \/>\n<meta property=\"og:type\" content=\"article\" \/>\n<meta property=\"og:title\" content=\"The Lun\u00e9ville\u2013Sarrebourg line renewed at an unprecedented pace thanks to the RRI Rapid Service - ETF\" \/>\n<meta property=\"og:description\" content=\"On this section of the Lun\u00e9ville\u2013Sarrebourg line, 25,400 metres of track (50,800 metres of rails) were renewed in just 15 nights (20 nights planned), thanks to the commitment of the teams involved and the efficiency of the REVO factory train.\" \/>\n<meta property=\"og:url\" content=\"https:\/\/www.etf.fr\/en\/rail-mobility\/the-luneville-sarrebourg-line-has-been-renewed-with-an-unprecedented-frequency-thanks-to-the-rapid-rri-suite\/\" \/>\n<meta property=\"og:site_name\" content=\"ETF\" \/>\n<meta property=\"article:published_time\" content=\"2025-07-11T13:15:24+00:00\" \/>\n<meta property=\"article:modified_time\" content=\"2025-08-25T06:43:10+00:00\" \/>\n<meta property=\"og:image\" content=\"https:\/\/www.etf.fr\/wp-content\/uploads\/2025\/07\/P1147820-scaled.jpg\" \/>\n\t<meta property=\"og:image:width\" content=\"2560\" \/>\n\t<meta property=\"og:image:height\" content=\"1707\" \/>\n\t<meta property=\"og:image:type\" content=\"image\/jpeg\" \/>\n<meta name=\"author\" content=\"chloe\" \/>\n<meta name=\"twitter:card\" content=\"summary_large_image\" \/>\n<meta name=\"twitter:label1\" content=\"Written by\" \/>\n\t<meta name=\"twitter:data1\" content=\"chloe\" \/>\n\t<meta name=\"twitter:label2\" content=\"Est. reading time\" \/>\n\t<meta name=\"twitter:data2\" content=\"2 minutes\" \/>\n<script type=\"application\/ld+json\" class=\"yoast-schema-graph\">{\"@context\":\"https:\/\/schema.org\",\"@graph\":[{\"@type\":\"Article\",\"@id\":\"https:\/\/www.etf.fr\/en\/rail-mobility\/the-luneville-sarrebourg-line-has-been-renewed-with-an-unprecedented-frequency-thanks-to-the-rapid-rri-suite\/#article\",\"isPartOf\":{\"@id\":\"https:\/\/www.etf.fr\/en\/rail-mobility\/the-luneville-sarrebourg-line-has-been-renewed-with-an-unprecedented-frequency-thanks-to-the-rapid-rri-suite\/\"},\"author\":{\"name\":\"chloe\",\"@id\":\"https:\/\/www.etf.fr\/#\/schema\/person\/b20334e710830573c2a3ba4ab9b7d679\"},\"headline\":\"The Lun\u00e9ville\u2013Sarrebourg line renewed at an unprecedented pace thanks to the RRI Rapid Service\",\"datePublished\":\"2025-07-11T13:15:24+00:00\",\"dateModified\":\"2025-08-25T06:43:10+00:00\",\"mainEntityOfPage\":{\"@id\":\"https:\/\/www.etf.fr\/en\/rail-mobility\/the-luneville-sarrebourg-line-has-been-renewed-with-an-unprecedented-frequency-thanks-to-the-rapid-rri-suite\/\"},\"wordCount\":312,\"publisher\":{\"@id\":\"https:\/\/www.etf.fr\/#organization\"},\"image\":{\"@id\":\"https:\/\/www.etf.fr\/en\/rail-mobility\/the-luneville-sarrebourg-line-has-been-renewed-with-an-unprecedented-frequency-thanks-to-the-rapid-rri-suite\/#primaryimage\"},\"thumbnailUrl\":\"https:\/\/www.etf.fr\/wp-content\/uploads\/2025\/07\/P1147820-scaled.jpg\",\"articleSection\":[\"Rail mobility\",\"Grands Projets Ferroviaires\",\"Actualit\u00e9s\"],\"inLanguage\":\"en-US\"},{\"@type\":\"WebPage\",\"@id\":\"https:\/\/www.etf.fr\/en\/rail-mobility\/the-luneville-sarrebourg-line-has-been-renewed-with-an-unprecedented-frequency-thanks-to-the-rapid-rri-suite\/\",\"url\":\"https:\/\/www.etf.fr\/en\/rail-mobility\/the-luneville-sarrebourg-line-has-been-renewed-with-an-unprecedented-frequency-thanks-to-the-rapid-rri-suite\/\",\"name\":\"The Lun\u00e9ville\u2013Sarrebourg line renewed at an unprecedented pace thanks to the RRI Rapid Service - ETF\",\"isPartOf\":{\"@id\":\"https:\/\/www.etf.fr\/#website\"},\"primaryImageOfPage\":{\"@id\":\"https:\/\/www.etf.fr\/en\/rail-mobility\/the-luneville-sarrebourg-line-has-been-renewed-with-an-unprecedented-frequency-thanks-to-the-rapid-rri-suite\/#primaryimage\"},\"image\":{\"@id\":\"https:\/\/www.etf.fr\/en\/rail-mobility\/the-luneville-sarrebourg-line-has-been-renewed-with-an-unprecedented-frequency-thanks-to-the-rapid-rri-suite\/#primaryimage\"},\"thumbnailUrl\":\"https:\/\/www.etf.fr\/wp-content\/uploads\/2025\/07\/P1147820-scaled.jpg\",\"datePublished\":\"2025-07-11T13:15:24+00:00\",\"dateModified\":\"2025-08-25T06:43:10+00:00\",\"breadcrumb\":{\"@id\":\"https:\/\/www.etf.fr\/en\/rail-mobility\/the-luneville-sarrebourg-line-has-been-renewed-with-an-unprecedented-frequency-thanks-to-the-rapid-rri-suite\/#breadcrumb\"},\"inLanguage\":\"en-US\",\"potentialAction\":[{\"@type\":\"ReadAction\",\"target\":[\"https:\/\/www.etf.fr\/en\/rail-mobility\/the-luneville-sarrebourg-line-has-been-renewed-with-an-unprecedented-frequency-thanks-to-the-rapid-rri-suite\/\"]}]},{\"@type\":\"ImageObject\",\"inLanguage\":\"en-US\",\"@id\":\"https:\/\/www.etf.fr\/en\/rail-mobility\/the-luneville-sarrebourg-line-has-been-renewed-with-an-unprecedented-frequency-thanks-to-the-rapid-rri-suite\/#primaryimage\",\"url\":\"https:\/\/www.etf.fr\/wp-content\/uploads\/2025\/07\/P1147820-scaled.jpg\",\"contentUrl\":\"https:\/\/www.etf.fr\/wp-content\/uploads\/2025\/07\/P1147820-scaled.jpg\",\"width\":2560,\"height\":1707},{\"@type\":\"BreadcrumbList\",\"@id\":\"https:\/\/www.etf.fr\/en\/rail-mobility\/the-luneville-sarrebourg-line-has-been-renewed-with-an-unprecedented-frequency-thanks-to-the-rapid-rri-suite\/#breadcrumb\",\"itemListElement\":[{\"@type\":\"ListItem\",\"position\":1,\"name\":\"Accueil\",\"item\":\"https:\/\/www.etf.fr\/en\/\"},{\"@type\":\"ListItem\",\"position\":2,\"name\":\"The Lun\u00e9ville\u2013Sarrebourg line renewed at an unprecedented pace thanks to the RRI Rapid Service\"}]},{\"@type\":\"WebSite\",\"@id\":\"https:\/\/www.etf.fr\/#website\",\"url\":\"https:\/\/www.etf.fr\/\",\"name\":\"ETF\",\"description\":\"Your transport partner worldwide\",\"publisher\":{\"@id\":\"https:\/\/www.etf.fr\/#organization\"},\"potentialAction\":[{\"@type\":\"SearchAction\",\"target\":{\"@type\":\"EntryPoint\",\"urlTemplate\":\"https:\/\/www.etf.fr\/?s={search_term_string}\"},\"query-input\":{\"@type\":\"PropertyValueSpecification\",\"valueRequired\":true,\"valueName\":\"search_term_string\"}}],\"inLanguage\":\"en-US\"},{\"@type\":\"Organization\",\"@id\":\"https:\/\/www.etf.fr\/#organization\",\"name\":\"ETF\",\"url\":\"https:\/\/www.etf.fr\/\",\"logo\":{\"@type\":\"ImageObject\",\"inLanguage\":\"en-US\",\"@id\":\"https:\/\/www.etf.fr\/#\/schema\/logo\/image\/\",\"url\":\"https:\/\/www.etf.fr\/wp-content\/uploads\/2019\/03\/logo-ETF.png\",\"contentUrl\":\"https:\/\/www.etf.fr\/wp-content\/uploads\/2019\/03\/logo-ETF.png\",\"width\":272,\"height\":161,\"caption\":\"ETF\"},\"image\":{\"@id\":\"https:\/\/www.etf.fr\/#\/schema\/logo\/image\/\"}},{\"@type\":\"Person\",\"@id\":\"https:\/\/www.etf.fr\/#\/schema\/person\/b20334e710830573c2a3ba4ab9b7d679\",\"name\":\"chloe\",\"url\":\"https:\/\/www.etf.fr\/en\/author\/chloe\/\"}]}<\/script>\n<!-- \/ Yoast SEO plugin. -->","yoast_head_json":{"title":"The Lun\u00e9ville\u2013Sarrebourg line renewed at an unprecedented pace thanks to the RRI Rapid Service - ETF","robots":{"index":"index","follow":"follow","max-snippet":"max-snippet:-1","max-image-preview":"max-image-preview:large","max-video-preview":"max-video-preview:-1"},"canonical":"https:\/\/www.etf.fr\/en\/rail-mobility\/the-luneville-sarrebourg-line-has-been-renewed-with-an-unprecedented-frequency-thanks-to-the-rapid-rri-suite\/","og_locale":"en_US","og_type":"article","og_title":"The Lun\u00e9ville\u2013Sarrebourg line renewed at an unprecedented pace thanks to the RRI Rapid Service - ETF","og_description":"On this section of the Lun\u00e9ville\u2013Sarrebourg line, 25,400 metres of track (50,800 metres of rails) were renewed in just 15 nights (20 nights planned), thanks to the commitment of the teams involved and the efficiency of the REVO factory train.","og_url":"https:\/\/www.etf.fr\/en\/rail-mobility\/the-luneville-sarrebourg-line-has-been-renewed-with-an-unprecedented-frequency-thanks-to-the-rapid-rri-suite\/","og_site_name":"ETF","article_published_time":"2025-07-11T13:15:24+00:00","article_modified_time":"2025-08-25T06:43:10+00:00","og_image":[{"width":2560,"height":1707,"url":"https:\/\/www.etf.fr\/wp-content\/uploads\/2025\/07\/P1147820-scaled.jpg","type":"image\/jpeg"}],"author":"chloe","twitter_card":"summary_large_image","twitter_misc":{"Written by":"chloe","Est. reading time":"2 minutes"},"schema":{"@context":"https:\/\/schema.org","@graph":[{"@type":"Article","@id":"https:\/\/www.etf.fr\/en\/rail-mobility\/the-luneville-sarrebourg-line-has-been-renewed-with-an-unprecedented-frequency-thanks-to-the-rapid-rri-suite\/#article","isPartOf":{"@id":"https:\/\/www.etf.fr\/en\/rail-mobility\/the-luneville-sarrebourg-line-has-been-renewed-with-an-unprecedented-frequency-thanks-to-the-rapid-rri-suite\/"},"author":{"name":"chloe","@id":"https:\/\/www.etf.fr\/#\/schema\/person\/b20334e710830573c2a3ba4ab9b7d679"},"headline":"The Lun\u00e9ville\u2013Sarrebourg line renewed at an unprecedented pace thanks to the RRI Rapid Service","datePublished":"2025-07-11T13:15:24+00:00","dateModified":"2025-08-25T06:43:10+00:00","mainEntityOfPage":{"@id":"https:\/\/www.etf.fr\/en\/rail-mobility\/the-luneville-sarrebourg-line-has-been-renewed-with-an-unprecedented-frequency-thanks-to-the-rapid-rri-suite\/"},"wordCount":312,"publisher":{"@id":"https:\/\/www.etf.fr\/#organization"},"image":{"@id":"https:\/\/www.etf.fr\/en\/rail-mobility\/the-luneville-sarrebourg-line-has-been-renewed-with-an-unprecedented-frequency-thanks-to-the-rapid-rri-suite\/#primaryimage"},"thumbnailUrl":"https:\/\/www.etf.fr\/wp-content\/uploads\/2025\/07\/P1147820-scaled.jpg","articleSection":["Rail mobility","Grands Projets Ferroviaires","Actualit\u00e9s"],"inLanguage":"en-US"},{"@type":"WebPage","@id":"https:\/\/www.etf.fr\/en\/rail-mobility\/the-luneville-sarrebourg-line-has-been-renewed-with-an-unprecedented-frequency-thanks-to-the-rapid-rri-suite\/","url":"https:\/\/www.etf.fr\/en\/rail-mobility\/the-luneville-sarrebourg-line-has-been-renewed-with-an-unprecedented-frequency-thanks-to-the-rapid-rri-suite\/","name":"The Lun\u00e9ville\u2013Sarrebourg line renewed at an unprecedented pace thanks to the RRI Rapid Service - ETF","isPartOf":{"@id":"https:\/\/www.etf.fr\/#website"},"primaryImageOfPage":{"@id":"https:\/\/www.etf.fr\/en\/rail-mobility\/the-luneville-sarrebourg-line-has-been-renewed-with-an-unprecedented-frequency-thanks-to-the-rapid-rri-suite\/#primaryimage"},"image":{"@id":"https:\/\/www.etf.fr\/en\/rail-mobility\/the-luneville-sarrebourg-line-has-been-renewed-with-an-unprecedented-frequency-thanks-to-the-rapid-rri-suite\/#primaryimage"},"thumbnailUrl":"https:\/\/www.etf.fr\/wp-content\/uploads\/2025\/07\/P1147820-scaled.jpg","datePublished":"2025-07-11T13:15:24+00:00","dateModified":"2025-08-25T06:43:10+00:00","breadcrumb":{"@id":"https:\/\/www.etf.fr\/en\/rail-mobility\/the-luneville-sarrebourg-line-has-been-renewed-with-an-unprecedented-frequency-thanks-to-the-rapid-rri-suite\/#breadcrumb"},"inLanguage":"en-US","potentialAction":[{"@type":"ReadAction","target":["https:\/\/www.etf.fr\/en\/rail-mobility\/the-luneville-sarrebourg-line-has-been-renewed-with-an-unprecedented-frequency-thanks-to-the-rapid-rri-suite\/"]}]},{"@type":"ImageObject","inLanguage":"en-US","@id":"https:\/\/www.etf.fr\/en\/rail-mobility\/the-luneville-sarrebourg-line-has-been-renewed-with-an-unprecedented-frequency-thanks-to-the-rapid-rri-suite\/#primaryimage","url":"https:\/\/www.etf.fr\/wp-content\/uploads\/2025\/07\/P1147820-scaled.jpg","contentUrl":"https:\/\/www.etf.fr\/wp-content\/uploads\/2025\/07\/P1147820-scaled.jpg","width":2560,"height":1707},{"@type":"BreadcrumbList","@id":"https:\/\/www.etf.fr\/en\/rail-mobility\/the-luneville-sarrebourg-line-has-been-renewed-with-an-unprecedented-frequency-thanks-to-the-rapid-rri-suite\/#breadcrumb","itemListElement":[{"@type":"ListItem","position":1,"name":"Accueil","item":"https:\/\/www.etf.fr\/en\/"},{"@type":"ListItem","position":2,"name":"The Lun\u00e9ville\u2013Sarrebourg line renewed at an unprecedented pace thanks to the RRI Rapid Service"}]},{"@type":"WebSite","@id":"https:\/\/www.etf.fr\/#website","url":"https:\/\/www.etf.fr\/","name":"ETF","description":"Your transport partner worldwide","publisher":{"@id":"https:\/\/www.etf.fr\/#organization"},"potentialAction":[{"@type":"SearchAction","target":{"@type":"EntryPoint","urlTemplate":"https:\/\/www.etf.fr\/?s={search_term_string}"},"query-input":{"@type":"PropertyValueSpecification","valueRequired":true,"valueName":"search_term_string"}}],"inLanguage":"en-US"},{"@type":"Organization","@id":"https:\/\/www.etf.fr\/#organization","name":"ETF","url":"https:\/\/www.etf.fr\/","logo":{"@type":"ImageObject","inLanguage":"en-US","@id":"https:\/\/www.etf.fr\/#\/schema\/logo\/image\/","url":"https:\/\/www.etf.fr\/wp-content\/uploads\/2019\/03\/logo-ETF.png","contentUrl":"https:\/\/www.etf.fr\/wp-content\/uploads\/2019\/03\/logo-ETF.png","width":272,"height":161,"caption":"ETF"},"image":{"@id":"https:\/\/www.etf.fr\/#\/schema\/logo\/image\/"}},{"@type":"Person","@id":"https:\/\/www.etf.fr\/#\/schema\/person\/b20334e710830573c2a3ba4ab9b7d679","name":"chloe","url":"https:\/\/www.etf.fr\/en\/author\/chloe\/"}]}},"_links":{"self":[{"href":"https:\/\/www.etf.fr\/en\/wp-json\/wp\/v2\/posts\/12085165","targetHints":{"allow":["GET"]}}],"collection":[{"href":"https:\/\/www.etf.fr\/en\/wp-json\/wp\/v2\/posts"}],"about":[{"href":"https:\/\/www.etf.fr\/en\/wp-json\/wp\/v2\/types\/post"}],"author":[{"embeddable":true,"href":"https:\/\/www.etf.fr\/en\/wp-json\/wp\/v2\/users\/239"}],"replies":[{"embeddable":true,"href":"https:\/\/www.etf.fr\/en\/wp-json\/wp\/v2\/comments?post=12085165"}],"version-history":[{"count":2,"href":"https:\/\/www.etf.fr\/en\/wp-json\/wp\/v2\/posts\/12085165\/revisions"}],"predecessor-version":[{"id":12085168,"href":"https:\/\/www.etf.fr\/en\/wp-json\/wp\/v2\/posts\/12085165\/revisions\/12085168"}],"wp:featuredmedia":[{"embeddable":true,"href":"https:\/\/www.etf.fr\/en\/wp-json\/wp\/v2\/media\/11420706"}],"wp:attachment":[{"href":"https:\/\/www.etf.fr\/en\/wp-json\/wp\/v2\/media?parent=12085165"}],"wp:term":[{"taxonomy":"category","embeddable":true,"href":"https:\/\/www.etf.fr\/en\/wp-json\/wp\/v2\/categories?post=12085165"},{"taxonomy":"post_tag","embeddable":true,"href":"https:\/\/www.etf.fr\/en\/wp-json\/wp\/v2\/tags?post=12085165"}],"curies":[{"name":"wp","href":"https:\/\/api.w.org\/{rel}","templated":true}]}}