{"id":12087375,"date":"2025-07-04T11:08:42","date_gmt":"2025-07-04T09:08:42","guid":{"rendered":"https:\/\/www.etf.fr\/uncategorized\/les-collaborateurs-etf-relevent-a-nouveau-le-challenge-sportif-cancerwork\/"},"modified":"2025-08-25T12:16:22","modified_gmt":"2025-08-25T10:16:22","slug":"les-collaborateurs-etf-relevent-a-nouveau-le-challenge-sportif-cancerwork","status":"publish","type":"post","link":"https:\/\/www.etf.fr\/en\/health-and-safety\/les-collaborateurs-etf-relevent-a-nouveau-le-challenge-sportif-cancerwork\/","title":{"rendered":"Our employees take up the Cancer@Work sporting challenge once again"},"content":{"rendered":"\n<div class=\"wp-block-columns is-layout-flex wp-container-core-columns-is-layout-9d6595d7 wp-block-columns-is-layout-flex\">\n<div class=\"wp-block-column is-layout-flow wp-block-column-is-layout-flow\">\n<p>Following the success of previous editions, enthusiasm was once again high this year: <strong>80 volunteer employees<\/strong>, divided into <strong>8 teams<\/strong>, took up the challenge throughout June! Thanks to their determination, they covered <strong>31,478 kilometres<\/strong> by walking, running or cycling.<\/p>\n\n\n\n<p>Throughout the challenge, participants accumulated points via an app by doing physical activities and answering quizzes. It was a fun way to combine sport, team spirit and social commitment.<\/p>\n\n\n\n<p><strong><strong>Funds to support return to work<\/strong><\/strong><\/p>\n\n\n\n<p>Beyond the sporting challenge, this initiative directly contributes to funding concrete actions: each team commits \u20ac600, of which \u20ac500 is donated to Cancer@Work to fund return-to-work workshops for people affected by cancer or chronic illness.<\/p>\n\n\n\n<p><strong><strong>A daily commitment to inclusion<\/strong><\/strong><\/p>\n\n\n\n<p>This event symbolises the commitment of <strong>ETF<\/strong> and <strong>VINCI Construction<\/strong> to building <strong>sustainable and inclusive career paths<\/strong>. This commitment is reflected throughout the year in concrete actions such as job adjustments, training programmes for managers and raising awareness among teams about these key issues.<\/p>\n\n\n\n<p>To find out more about the commitments made by VINCI Construction and its subsidiaries to promote the inclusion of people with cancer, read the article on the <a href=\"https:\/\/inclusion.vinci-construction.com\/en\/vinci-construction-signs-the-cancerwork-charter-and-pledges-to-support-greater-inclusion-around-chronic-illness\/\" target=\"_blank\" rel=\"noreferrer noopener\"><strong>Cancer@Work charter<\/strong><\/a>.<\/p>\n\n\n\n<p><strong>Well done to all the participants for their performance and solidarity!<\/strong><\/p>\n\n\n\n<p><\/p>\n<\/div>\n\n\n\n<div class=\"wp-block-column is-layout-flow wp-block-column-is-layout-flow\">\n<figure class=\"wp-block-gallery has-nested-images columns-default is-cropped wp-block-gallery-1 is-layout-flex wp-block-gallery-is-layout-flex\">\n<figure class=\"wp-block-image size-full\"><img loading=\"lazy\" decoding=\"async\" width=\"1920\" height=\"2560\" data-id=\"11303919\" src=\"https:\/\/www.etf.fr\/wp-content\/uploads\/2025\/07\/Image-2-scaled.jpg\" alt=\"\" class=\"wp-image-11303919\" srcset=\"https:\/\/www.etf.fr\/wp-content\/uploads\/2025\/07\/Image-2-scaled.jpg 1920w, https:\/\/www.etf.fr\/wp-content\/uploads\/2025\/07\/Image-2-188x250.jpg 188w, https:\/\/www.etf.fr\/wp-content\/uploads\/2025\/07\/Image-2-401x535.jpg 401w, https:\/\/www.etf.fr\/wp-content\/uploads\/2025\/07\/Image-2-296x395.jpg 296w, https:\/\/www.etf.fr\/wp-content\/uploads\/2025\/07\/Image-2-1152x1536.jpg 1152w, https:\/\/www.etf.fr\/wp-content\/uploads\/2025\/07\/Image-2-1536x2048.jpg 1536w\" sizes=\"auto, (max-width: 1920px) 100vw, 1920px\" \/><\/figure>\n\n\n\n<figure class=\"wp-block-image size-full\"><img loading=\"lazy\" decoding=\"async\" width=\"2048\" height=\"1536\" data-id=\"11303921\" src=\"https:\/\/www.etf.fr\/wp-content\/uploads\/2025\/07\/IMG-20250612-WA0002-1-1.jpg\" alt=\"\" class=\"wp-image-11303921\" srcset=\"https:\/\/www.etf.fr\/wp-content\/uploads\/2025\/07\/IMG-20250612-WA0002-1-1.jpg 2048w, https:\/\/www.etf.fr\/wp-content\/uploads\/2025\/07\/IMG-20250612-WA0002-1-1-250x188.jpg 250w, https:\/\/www.etf.fr\/wp-content\/uploads\/2025\/07\/IMG-20250612-WA0002-1-1-713x535.jpg 713w, https:\/\/www.etf.fr\/wp-content\/uploads\/2025\/07\/IMG-20250612-WA0002-1-1-527x395.jpg 527w, https:\/\/www.etf.fr\/wp-content\/uploads\/2025\/07\/IMG-20250612-WA0002-1-1-1536x1152.jpg 1536w\" sizes=\"auto, (max-width: 2048px) 100vw, 2048px\" \/><\/figure>\n\n\n\n<figure class=\"wp-block-image size-full\"><img loading=\"lazy\" decoding=\"async\" width=\"768\" height=\"1024\" data-id=\"11330110\" src=\"https:\/\/www.etf.fr\/wp-content\/uploads\/2025\/07\/1.jpg\" alt=\"\" class=\"wp-image-11330110\" srcset=\"https:\/\/www.etf.fr\/wp-content\/uploads\/2025\/07\/1.jpg 768w, https:\/\/www.etf.fr\/wp-content\/uploads\/2025\/07\/1-188x250.jpg 188w, https:\/\/www.etf.fr\/wp-content\/uploads\/2025\/07\/1-401x535.jpg 401w, https:\/\/www.etf.fr\/wp-content\/uploads\/2025\/07\/1-296x395.jpg 296w\" sizes=\"auto, (max-width: 768px) 100vw, 768px\" \/><\/figure>\n\n\n\n<figure class=\"wp-block-image size-full\"><img loading=\"lazy\" decoding=\"async\" width=\"2560\" height=\"1920\" data-id=\"11303923\" src=\"https:\/\/www.etf.fr\/wp-content\/uploads\/2025\/07\/WhatsApp-Image-2025-06-04-at-19.50.05-scaled.jpeg\" alt=\"\" class=\"wp-image-11303923\" srcset=\"https:\/\/www.etf.fr\/wp-content\/uploads\/2025\/07\/WhatsApp-Image-2025-06-04-at-19.50.05-scaled.jpeg 2560w, https:\/\/www.etf.fr\/wp-content\/uploads\/2025\/07\/WhatsApp-Image-2025-06-04-at-19.50.05-250x188.jpeg 250w, https:\/\/www.etf.fr\/wp-content\/uploads\/2025\/07\/WhatsApp-Image-2025-06-04-at-19.50.05-713x535.jpeg 713w, https:\/\/www.etf.fr\/wp-content\/uploads\/2025\/07\/WhatsApp-Image-2025-06-04-at-19.50.05-527x395.jpeg 527w, https:\/\/www.etf.fr\/wp-content\/uploads\/2025\/07\/WhatsApp-Image-2025-06-04-at-19.50.05-1536x1152.jpeg 1536w, https:\/\/www.etf.fr\/wp-content\/uploads\/2025\/07\/WhatsApp-Image-2025-06-04-at-19.50.05-2048x1536.jpeg 2048w\" sizes=\"auto, (max-width: 2560px) 100vw, 2560px\" \/><\/figure>\n\n\n\n<figure class=\"wp-block-image size-full\"><img loading=\"lazy\" decoding=\"async\" width=\"2560\" height=\"1920\" data-id=\"11330114\" src=\"https:\/\/www.etf.fr\/wp-content\/uploads\/2025\/07\/Image-10-scaled.jpg\" alt=\"\" class=\"wp-image-11330114\" srcset=\"https:\/\/www.etf.fr\/wp-content\/uploads\/2025\/07\/Image-10-scaled.jpg 2560w, https:\/\/www.etf.fr\/wp-content\/uploads\/2025\/07\/Image-10-250x188.jpg 250w, https:\/\/www.etf.fr\/wp-content\/uploads\/2025\/07\/Image-10-713x535.jpg 713w, https:\/\/www.etf.fr\/wp-content\/uploads\/2025\/07\/Image-10-527x395.jpg 527w, https:\/\/www.etf.fr\/wp-content\/uploads\/2025\/07\/Image-10-1536x1152.jpg 1536w, https:\/\/www.etf.fr\/wp-content\/uploads\/2025\/07\/Image-10-2048x1536.jpg 2048w\" sizes=\"auto, (max-width: 2560px) 100vw, 2560px\" \/><\/figure>\n\n\n\n<figure class=\"wp-block-image size-full\"><img loading=\"lazy\" decoding=\"async\" width=\"2560\" height=\"1920\" data-id=\"11303925\" src=\"https:\/\/www.etf.fr\/wp-content\/uploads\/2025\/07\/WhatsApp-Image-2025-06-10-at-13.58.25-1-scaled.jpeg\" alt=\"\" class=\"wp-image-11303925\" srcset=\"https:\/\/www.etf.fr\/wp-content\/uploads\/2025\/07\/WhatsApp-Image-2025-06-10-at-13.58.25-1-scaled.jpeg 2560w, https:\/\/www.etf.fr\/wp-content\/uploads\/2025\/07\/WhatsApp-Image-2025-06-10-at-13.58.25-1-250x188.jpeg 250w, https:\/\/www.etf.fr\/wp-content\/uploads\/2025\/07\/WhatsApp-Image-2025-06-10-at-13.58.25-1-713x535.jpeg 713w, https:\/\/www.etf.fr\/wp-content\/uploads\/2025\/07\/WhatsApp-Image-2025-06-10-at-13.58.25-1-527x395.jpeg 527w, https:\/\/www.etf.fr\/wp-content\/uploads\/2025\/07\/WhatsApp-Image-2025-06-10-at-13.58.25-1-1536x1152.jpeg 1536w, https:\/\/www.etf.fr\/wp-content\/uploads\/2025\/07\/WhatsApp-Image-2025-06-10-at-13.58.25-1-2048x1536.jpeg 2048w\" sizes=\"auto, (max-width: 2560px) 100vw, 2560px\" \/><\/figure>\n\n\n\n<figure class=\"wp-block-image size-full\"><img loading=\"lazy\" decoding=\"async\" width=\"2422\" height=\"1816\" data-id=\"11303917\" src=\"https:\/\/www.etf.fr\/wp-content\/uploads\/2025\/07\/ETF-AG-GD-EST-1.jpg\" alt=\"\" class=\"wp-image-11303917\" srcset=\"https:\/\/www.etf.fr\/wp-content\/uploads\/2025\/07\/ETF-AG-GD-EST-1.jpg 2422w, https:\/\/www.etf.fr\/wp-content\/uploads\/2025\/07\/ETF-AG-GD-EST-1-250x187.jpg 250w, https:\/\/www.etf.fr\/wp-content\/uploads\/2025\/07\/ETF-AG-GD-EST-1-714x535.jpg 714w, https:\/\/www.etf.fr\/wp-content\/uploads\/2025\/07\/ETF-AG-GD-EST-1-527x395.jpg 527w, https:\/\/www.etf.fr\/wp-content\/uploads\/2025\/07\/ETF-AG-GD-EST-1-1536x1152.jpg 1536w, https:\/\/www.etf.fr\/wp-content\/uploads\/2025\/07\/ETF-AG-GD-EST-1-2048x1536.jpg 2048w\" sizes=\"auto, (max-width: 2422px) 100vw, 2422px\" \/><\/figure>\n\n\n\n<figure class=\"wp-block-image size-full\"><img loading=\"lazy\" decoding=\"async\" width=\"2560\" height=\"1920\" data-id=\"11330112\" src=\"https:\/\/www.etf.fr\/wp-content\/uploads\/2025\/07\/velo-scaled.jpg\" alt=\"\" class=\"wp-image-11330112\" srcset=\"https:\/\/www.etf.fr\/wp-content\/uploads\/2025\/07\/velo-scaled.jpg 2560w, https:\/\/www.etf.fr\/wp-content\/uploads\/2025\/07\/velo-250x188.jpg 250w, https:\/\/www.etf.fr\/wp-content\/uploads\/2025\/07\/velo-713x535.jpg 713w, https:\/\/www.etf.fr\/wp-content\/uploads\/2025\/07\/velo-527x395.jpg 527w, https:\/\/www.etf.fr\/wp-content\/uploads\/2025\/07\/velo-1536x1152.jpg 1536w, https:\/\/www.etf.fr\/wp-content\/uploads\/2025\/07\/velo-2048x1536.jpg 2048w\" sizes=\"auto, (max-width: 2560px) 100vw, 2560px\" \/><\/figure>\n<\/figure>\n<\/div>\n<\/div>\n","protected":false},"excerpt":{"rendered":"<p>Since 2023, VINCI Construction has been a partner of Cancer@Work, an association that supports companies in promoting the inclusion of people with long-term illnesses. This initiative works to promote the integration and retention in employment of people affected by cancer or chronic illness.<\/p>\n","protected":false},"author":239,"featured_media":11330111,"comment_status":"closed","ping_status":"closed","sticky":false,"template":"","format":"standard","meta":{"_acf_changed":false,"footnotes":""},"categories":[231,223,195,196,197,198,199,200,201,202,203,194,193,192,188,189,190,191,187],"tags":[],"class_list":["post-12087375","post","type-post","status-publish","format-standard","has-post-thumbnail","hentry","category-health-and-safety","category-grands-projets-ferroviaires-en","category-etf-academy-en","category-la-champenoise-en","category-agence-genie-civil-ferroviaire-en","category-agence-travaux-en","category-agence-atlantique-en","category-agence-nord-en","category-agence-est-en","category-agence-idf-en","category-agence-sud-est-en","category-agence-centre-en","category-catenaires-et-energie-en","category-agences-grands-projets-transports-urbains-en","category-suite-rapide-nationale-en","category-agence-srzd-en","category-etf-services-en","category-actualites-en","category-etf-luxembourg-en"],"acf":[],"yoast_head":"<!-- This site is optimized with the Yoast SEO plugin v27.1.1 - https:\/\/yoast.com\/product\/yoast-seo-wordpress\/ -->\n<title>Our employees take up the Cancer@Work sporting challenge once again - ETF<\/title>\n<meta name=\"robots\" content=\"index, follow, max-snippet:-1, max-image-preview:large, max-video-preview:-1\" \/>\n<link rel=\"canonical\" href=\"https:\/\/www.etf.fr\/en\/health-and-safety\/les-collaborateurs-etf-relevent-a-nouveau-le-challenge-sportif-cancerwork\/\" \/>\n<meta property=\"og:locale\" content=\"en_US\" \/>\n<meta property=\"og:type\" content=\"article\" \/>\n<meta property=\"og:title\" content=\"Our employees take up the Cancer@Work sporting challenge once again - ETF\" \/>\n<meta property=\"og:description\" content=\"Since 2023, VINCI Construction has been a partner of Cancer@Work, an association that supports companies in promoting the inclusion of people with long-term illnesses. This initiative works to promote the integration and retention in employment of people affected by cancer or chronic illness.\" \/>\n<meta property=\"og:url\" content=\"https:\/\/www.etf.fr\/en\/health-and-safety\/les-collaborateurs-etf-relevent-a-nouveau-le-challenge-sportif-cancerwork\/\" \/>\n<meta property=\"og:site_name\" content=\"ETF\" \/>\n<meta property=\"article:published_time\" content=\"2025-07-04T09:08:42+00:00\" \/>\n<meta property=\"article:modified_time\" content=\"2025-08-25T10:16:22+00:00\" \/>\n<meta property=\"og:image\" content=\"https:\/\/www.etf.fr\/wp-content\/uploads\/2025\/07\/1.jpg\" \/>\n\t<meta property=\"og:image:width\" content=\"768\" \/>\n\t<meta property=\"og:image:height\" content=\"1024\" \/>\n\t<meta property=\"og:image:type\" content=\"image\/jpeg\" \/>\n<meta name=\"author\" content=\"chloe\" \/>\n<meta name=\"twitter:card\" content=\"summary_large_image\" \/>\n<meta name=\"twitter:label1\" content=\"Written by\" \/>\n\t<meta name=\"twitter:data1\" content=\"chloe\" \/>\n\t<meta name=\"twitter:label2\" content=\"Est. reading time\" \/>\n\t<meta name=\"twitter:data2\" content=\"3 minutes\" \/>\n<script type=\"application\/ld+json\" class=\"yoast-schema-graph\">{\"@context\":\"https:\/\/schema.org\",\"@graph\":[{\"@type\":\"Article\",\"@id\":\"https:\/\/www.etf.fr\/en\/health-and-safety\/les-collaborateurs-etf-relevent-a-nouveau-le-challenge-sportif-cancerwork\/#article\",\"isPartOf\":{\"@id\":\"https:\/\/www.etf.fr\/en\/health-and-safety\/les-collaborateurs-etf-relevent-a-nouveau-le-challenge-sportif-cancerwork\/\"},\"author\":{\"name\":\"chloe\",\"@id\":\"https:\/\/www.etf.fr\/#\/schema\/person\/b20334e710830573c2a3ba4ab9b7d679\"},\"headline\":\"Our employees take up the Cancer@Work sporting challenge once again\",\"datePublished\":\"2025-07-04T09:08:42+00:00\",\"dateModified\":\"2025-08-25T10:16:22+00:00\",\"mainEntityOfPage\":{\"@id\":\"https:\/\/www.etf.fr\/en\/health-and-safety\/les-collaborateurs-etf-relevent-a-nouveau-le-challenge-sportif-cancerwork\/\"},\"wordCount\":206,\"publisher\":{\"@id\":\"https:\/\/www.etf.fr\/#organization\"},\"image\":{\"@id\":\"https:\/\/www.etf.fr\/en\/health-and-safety\/les-collaborateurs-etf-relevent-a-nouveau-le-challenge-sportif-cancerwork\/#primaryimage\"},\"thumbnailUrl\":\"https:\/\/www.etf.fr\/wp-content\/uploads\/2025\/07\/1.jpg\",\"articleSection\":[\"Health and safety\",\"Grands Projets Ferroviaires\",\"ETF Academy\",\"La Champenoise\",\"Agence g\u00e9nie civil et signalisation ferroviaire\",\"Agence Travaux M\u00e9canis\u00e9s\",\"Agence Atlantique\",\"Agence Nord\",\"Agence Est\",\"Agence IDF\",\"Agence Sud Est\",\"Agence Centre\",\"Cat\u00e9naires et Energie\",\"Agences Grands Projets Urbains\",\"Suite Rapide Nationale\",\"Agence Suite Rapide Zone Dense\",\"ETF Services\",\"Actualit\u00e9s\",\"ETF Luxembourg\"],\"inLanguage\":\"en-US\"},{\"@type\":\"WebPage\",\"@id\":\"https:\/\/www.etf.fr\/en\/health-and-safety\/les-collaborateurs-etf-relevent-a-nouveau-le-challenge-sportif-cancerwork\/\",\"url\":\"https:\/\/www.etf.fr\/en\/health-and-safety\/les-collaborateurs-etf-relevent-a-nouveau-le-challenge-sportif-cancerwork\/\",\"name\":\"Our employees take up the Cancer@Work sporting challenge once again - ETF\",\"isPartOf\":{\"@id\":\"https:\/\/www.etf.fr\/#website\"},\"primaryImageOfPage\":{\"@id\":\"https:\/\/www.etf.fr\/en\/health-and-safety\/les-collaborateurs-etf-relevent-a-nouveau-le-challenge-sportif-cancerwork\/#primaryimage\"},\"image\":{\"@id\":\"https:\/\/www.etf.fr\/en\/health-and-safety\/les-collaborateurs-etf-relevent-a-nouveau-le-challenge-sportif-cancerwork\/#primaryimage\"},\"thumbnailUrl\":\"https:\/\/www.etf.fr\/wp-content\/uploads\/2025\/07\/1.jpg\",\"datePublished\":\"2025-07-04T09:08:42+00:00\",\"dateModified\":\"2025-08-25T10:16:22+00:00\",\"breadcrumb\":{\"@id\":\"https:\/\/www.etf.fr\/en\/health-and-safety\/les-collaborateurs-etf-relevent-a-nouveau-le-challenge-sportif-cancerwork\/#breadcrumb\"},\"inLanguage\":\"en-US\",\"potentialAction\":[{\"@type\":\"ReadAction\",\"target\":[\"https:\/\/www.etf.fr\/en\/health-and-safety\/les-collaborateurs-etf-relevent-a-nouveau-le-challenge-sportif-cancerwork\/\"]}]},{\"@type\":\"ImageObject\",\"inLanguage\":\"en-US\",\"@id\":\"https:\/\/www.etf.fr\/en\/health-and-safety\/les-collaborateurs-etf-relevent-a-nouveau-le-challenge-sportif-cancerwork\/#primaryimage\",\"url\":\"https:\/\/www.etf.fr\/wp-content\/uploads\/2025\/07\/1.jpg\",\"contentUrl\":\"https:\/\/www.etf.fr\/wp-content\/uploads\/2025\/07\/1.jpg\",\"width\":768,\"height\":1024},{\"@type\":\"BreadcrumbList\",\"@id\":\"https:\/\/www.etf.fr\/en\/health-and-safety\/les-collaborateurs-etf-relevent-a-nouveau-le-challenge-sportif-cancerwork\/#breadcrumb\",\"itemListElement\":[{\"@type\":\"ListItem\",\"position\":1,\"name\":\"Accueil\",\"item\":\"https:\/\/www.etf.fr\/en\/\"},{\"@type\":\"ListItem\",\"position\":2,\"name\":\"Our employees take up the Cancer@Work sporting challenge once again\"}]},{\"@type\":\"WebSite\",\"@id\":\"https:\/\/www.etf.fr\/#website\",\"url\":\"https:\/\/www.etf.fr\/\",\"name\":\"ETF\",\"description\":\"Your transport partner worldwide\",\"publisher\":{\"@id\":\"https:\/\/www.etf.fr\/#organization\"},\"potentialAction\":[{\"@type\":\"SearchAction\",\"target\":{\"@type\":\"EntryPoint\",\"urlTemplate\":\"https:\/\/www.etf.fr\/?s={search_term_string}\"},\"query-input\":{\"@type\":\"PropertyValueSpecification\",\"valueRequired\":true,\"valueName\":\"search_term_string\"}}],\"inLanguage\":\"en-US\"},{\"@type\":\"Organization\",\"@id\":\"https:\/\/www.etf.fr\/#organization\",\"name\":\"ETF\",\"url\":\"https:\/\/www.etf.fr\/\",\"logo\":{\"@type\":\"ImageObject\",\"inLanguage\":\"en-US\",\"@id\":\"https:\/\/www.etf.fr\/#\/schema\/logo\/image\/\",\"url\":\"https:\/\/www.etf.fr\/wp-content\/uploads\/2019\/03\/logo-ETF.png\",\"contentUrl\":\"https:\/\/www.etf.fr\/wp-content\/uploads\/2019\/03\/logo-ETF.png\",\"width\":272,\"height\":161,\"caption\":\"ETF\"},\"image\":{\"@id\":\"https:\/\/www.etf.fr\/#\/schema\/logo\/image\/\"}},{\"@type\":\"Person\",\"@id\":\"https:\/\/www.etf.fr\/#\/schema\/person\/b20334e710830573c2a3ba4ab9b7d679\",\"name\":\"chloe\",\"url\":\"https:\/\/www.etf.fr\/en\/author\/chloe\/\"}]}<\/script>\n<!-- \/ Yoast SEO plugin. -->","yoast_head_json":{"title":"Our employees take up the Cancer@Work sporting challenge once again - ETF","robots":{"index":"index","follow":"follow","max-snippet":"max-snippet:-1","max-image-preview":"max-image-preview:large","max-video-preview":"max-video-preview:-1"},"canonical":"https:\/\/www.etf.fr\/en\/health-and-safety\/les-collaborateurs-etf-relevent-a-nouveau-le-challenge-sportif-cancerwork\/","og_locale":"en_US","og_type":"article","og_title":"Our employees take up the Cancer@Work sporting challenge once again - ETF","og_description":"Since 2023, VINCI Construction has been a partner of Cancer@Work, an association that supports companies in promoting the inclusion of people with long-term illnesses. This initiative works to promote the integration and retention in employment of people affected by cancer or chronic illness.","og_url":"https:\/\/www.etf.fr\/en\/health-and-safety\/les-collaborateurs-etf-relevent-a-nouveau-le-challenge-sportif-cancerwork\/","og_site_name":"ETF","article_published_time":"2025-07-04T09:08:42+00:00","article_modified_time":"2025-08-25T10:16:22+00:00","og_image":[{"width":768,"height":1024,"url":"https:\/\/www.etf.fr\/wp-content\/uploads\/2025\/07\/1.jpg","type":"image\/jpeg"}],"author":"chloe","twitter_card":"summary_large_image","twitter_misc":{"Written by":"chloe","Est. reading time":"3 minutes"},"schema":{"@context":"https:\/\/schema.org","@graph":[{"@type":"Article","@id":"https:\/\/www.etf.fr\/en\/health-and-safety\/les-collaborateurs-etf-relevent-a-nouveau-le-challenge-sportif-cancerwork\/#article","isPartOf":{"@id":"https:\/\/www.etf.fr\/en\/health-and-safety\/les-collaborateurs-etf-relevent-a-nouveau-le-challenge-sportif-cancerwork\/"},"author":{"name":"chloe","@id":"https:\/\/www.etf.fr\/#\/schema\/person\/b20334e710830573c2a3ba4ab9b7d679"},"headline":"Our employees take up the Cancer@Work sporting challenge once again","datePublished":"2025-07-04T09:08:42+00:00","dateModified":"2025-08-25T10:16:22+00:00","mainEntityOfPage":{"@id":"https:\/\/www.etf.fr\/en\/health-and-safety\/les-collaborateurs-etf-relevent-a-nouveau-le-challenge-sportif-cancerwork\/"},"wordCount":206,"publisher":{"@id":"https:\/\/www.etf.fr\/#organization"},"image":{"@id":"https:\/\/www.etf.fr\/en\/health-and-safety\/les-collaborateurs-etf-relevent-a-nouveau-le-challenge-sportif-cancerwork\/#primaryimage"},"thumbnailUrl":"https:\/\/www.etf.fr\/wp-content\/uploads\/2025\/07\/1.jpg","articleSection":["Health and safety","Grands Projets Ferroviaires","ETF Academy","La Champenoise","Agence g\u00e9nie civil et signalisation ferroviaire","Agence Travaux M\u00e9canis\u00e9s","Agence Atlantique","Agence Nord","Agence Est","Agence IDF","Agence Sud Est","Agence Centre","Cat\u00e9naires et Energie","Agences Grands Projets Urbains","Suite Rapide Nationale","Agence Suite Rapide Zone Dense","ETF Services","Actualit\u00e9s","ETF Luxembourg"],"inLanguage":"en-US"},{"@type":"WebPage","@id":"https:\/\/www.etf.fr\/en\/health-and-safety\/les-collaborateurs-etf-relevent-a-nouveau-le-challenge-sportif-cancerwork\/","url":"https:\/\/www.etf.fr\/en\/health-and-safety\/les-collaborateurs-etf-relevent-a-nouveau-le-challenge-sportif-cancerwork\/","name":"Our employees take up the Cancer@Work sporting challenge once again - ETF","isPartOf":{"@id":"https:\/\/www.etf.fr\/#website"},"primaryImageOfPage":{"@id":"https:\/\/www.etf.fr\/en\/health-and-safety\/les-collaborateurs-etf-relevent-a-nouveau-le-challenge-sportif-cancerwork\/#primaryimage"},"image":{"@id":"https:\/\/www.etf.fr\/en\/health-and-safety\/les-collaborateurs-etf-relevent-a-nouveau-le-challenge-sportif-cancerwork\/#primaryimage"},"thumbnailUrl":"https:\/\/www.etf.fr\/wp-content\/uploads\/2025\/07\/1.jpg","datePublished":"2025-07-04T09:08:42+00:00","dateModified":"2025-08-25T10:16:22+00:00","breadcrumb":{"@id":"https:\/\/www.etf.fr\/en\/health-and-safety\/les-collaborateurs-etf-relevent-a-nouveau-le-challenge-sportif-cancerwork\/#breadcrumb"},"inLanguage":"en-US","potentialAction":[{"@type":"ReadAction","target":["https:\/\/www.etf.fr\/en\/health-and-safety\/les-collaborateurs-etf-relevent-a-nouveau-le-challenge-sportif-cancerwork\/"]}]},{"@type":"ImageObject","inLanguage":"en-US","@id":"https:\/\/www.etf.fr\/en\/health-and-safety\/les-collaborateurs-etf-relevent-a-nouveau-le-challenge-sportif-cancerwork\/#primaryimage","url":"https:\/\/www.etf.fr\/wp-content\/uploads\/2025\/07\/1.jpg","contentUrl":"https:\/\/www.etf.fr\/wp-content\/uploads\/2025\/07\/1.jpg","width":768,"height":1024},{"@type":"BreadcrumbList","@id":"https:\/\/www.etf.fr\/en\/health-and-safety\/les-collaborateurs-etf-relevent-a-nouveau-le-challenge-sportif-cancerwork\/#breadcrumb","itemListElement":[{"@type":"ListItem","position":1,"name":"Accueil","item":"https:\/\/www.etf.fr\/en\/"},{"@type":"ListItem","position":2,"name":"Our employees take up the Cancer@Work sporting challenge once again"}]},{"@type":"WebSite","@id":"https:\/\/www.etf.fr\/#website","url":"https:\/\/www.etf.fr\/","name":"ETF","description":"Your transport partner worldwide","publisher":{"@id":"https:\/\/www.etf.fr\/#organization"},"potentialAction":[{"@type":"SearchAction","target":{"@type":"EntryPoint","urlTemplate":"https:\/\/www.etf.fr\/?s={search_term_string}"},"query-input":{"@type":"PropertyValueSpecification","valueRequired":true,"valueName":"search_term_string"}}],"inLanguage":"en-US"},{"@type":"Organization","@id":"https:\/\/www.etf.fr\/#organization","name":"ETF","url":"https:\/\/www.etf.fr\/","logo":{"@type":"ImageObject","inLanguage":"en-US","@id":"https:\/\/www.etf.fr\/#\/schema\/logo\/image\/","url":"https:\/\/www.etf.fr\/wp-content\/uploads\/2019\/03\/logo-ETF.png","contentUrl":"https:\/\/www.etf.fr\/wp-content\/uploads\/2019\/03\/logo-ETF.png","width":272,"height":161,"caption":"ETF"},"image":{"@id":"https:\/\/www.etf.fr\/#\/schema\/logo\/image\/"}},{"@type":"Person","@id":"https:\/\/www.etf.fr\/#\/schema\/person\/b20334e710830573c2a3ba4ab9b7d679","name":"chloe","url":"https:\/\/www.etf.fr\/en\/author\/chloe\/"}]}},"_links":{"self":[{"href":"https:\/\/www.etf.fr\/en\/wp-json\/wp\/v2\/posts\/12087375","targetHints":{"allow":["GET"]}}],"collection":[{"href":"https:\/\/www.etf.fr\/en\/wp-json\/wp\/v2\/posts"}],"about":[{"href":"https:\/\/www.etf.fr\/en\/wp-json\/wp\/v2\/types\/post"}],"author":[{"embeddable":true,"href":"https:\/\/www.etf.fr\/en\/wp-json\/wp\/v2\/users\/239"}],"replies":[{"embeddable":true,"href":"https:\/\/www.etf.fr\/en\/wp-json\/wp\/v2\/comments?post=12087375"}],"version-history":[{"count":1,"href":"https:\/\/www.etf.fr\/en\/wp-json\/wp\/v2\/posts\/12087375\/revisions"}],"predecessor-version":[{"id":12087377,"href":"https:\/\/www.etf.fr\/en\/wp-json\/wp\/v2\/posts\/12087375\/revisions\/12087377"}],"wp:featuredmedia":[{"embeddable":true,"href":"https:\/\/www.etf.fr\/en\/wp-json\/wp\/v2\/media\/11330111"}],"wp:attachment":[{"href":"https:\/\/www.etf.fr\/en\/wp-json\/wp\/v2\/media?parent=12087375"}],"wp:term":[{"taxonomy":"category","embeddable":true,"href":"https:\/\/www.etf.fr\/en\/wp-json\/wp\/v2\/categories?post=12087375"},{"taxonomy":"post_tag","embeddable":true,"href":"https:\/\/www.etf.fr\/en\/wp-json\/wp\/v2\/tags?post=12087375"}],"curies":[{"name":"wp","href":"https:\/\/api.w.org\/{rel}","templated":true}]}}