{"id":12088470,"date":"2025-06-27T17:52:22","date_gmt":"2025-06-27T15:52:22","guid":{"rendered":"https:\/\/www.etf.fr\/uncategorized\/modernisation-du-technicentre-sud-est-europeen-presence-renouvelee-detf-sur-les-operations-de-remplacement\/"},"modified":"2025-08-25T13:55:43","modified_gmt":"2025-08-25T11:55:43","slug":"modernisation-du-technicentre-sud-est-europeen-presence-renouvelee-detf-sur-les-operations-de-remplacement","status":"publish","type":"post","link":"https:\/\/www.etf.fr\/en\/la-champenoise-en\/modernisation-du-technicentre-sud-est-europeen-presence-renouvelee-detf-sur-les-operations-de-remplacement\/","title":{"rendered":"Modernisation of the South East European Technical Centre"},"content":{"rendered":"\n<p>During two punch operations (weekend work), preceded by several weeks of preparation and finishing touches, our teams once again successfully put their expertise in organisation, logistics and production to the test in a highly constrained environment: railway technical centres.<\/p>\n\n\n\n<p>The project involved <strong>replacing track equipment (ADVs) and running <\/strong>track while minimising disruption to rail traffic and the operation of the technical centre, which remained in service throughout the works.<\/p>\n\n\n\n<p>The success of this operation depended on meticulous organisation and a thorough understanding of the site constraints:<\/p>\n\n\n\n<ul class=\"wp-block-list\">\n<li><strong>Assembly of track equipment and panels on site<\/strong> in advance, secure assembly area in the middle of a track platform in use<\/li>\n\n\n\n<li><strong>Installation using two excavators <\/strong>of the three ADV devices and track panels in a small work area<\/li>\n\n\n\n<li><strong>Welding, additional levelling and finishing<\/strong> during the second weekend with a focus on a clean final result<\/li>\n<\/ul>\n\n\n\n<p>In total, <strong>three sets of points and over 120 metres of track<\/strong> were upgraded in the heart of a major railway hub.<\/p>\n\n\n\n<h3 class=\"wp-block-heading\" id=\"un-chantier-mobilisant-toutes-les-expertises-ferroviaires-faisant-la-force-d\u2019etf\">A project mobilising all the railway expertise that makes ETF so strong<a href=\"https:\/\/vincic.sharepoint.com\/sites\/fr-one-etf\/SitePages\/Modernisation-du-technicentre-Sud-Est-Europ%C3%A9en---Pr%C3%A9sence-renouvel%C3%A9e-d%E2%80%99ETF-sur-les-op%C3%A9rations-de-remplacement.aspx#un-chantier-mobilisant-toutes-les-expertises-ferroviaires-faisant-la-force-d%E2%80%99etf\"><\/a><\/h3>\n\n\n\n<ul class=\"wp-block-list\">\n<li>Track (ETF Agence Centre)<\/li>\n\n\n\n<li>Catenary (ETF Cat\u00e9naire)<\/li>\n\n\n\n<li>Driving services &amp; Rail safety (ETF Services)<\/li>\n\n\n\n<li>Track reinforcement (ETF Agence Sud-Est &amp; Champenoise)<\/li>\n\n\n\n<li>Heavy machinery (ETF Travaux M\u00e9canis\u00e9s)<\/li>\n<\/ul>\n\n\n\n<figure class=\"wp-block-gallery has-nested-images columns-default is-cropped wp-block-gallery-1 is-layout-flex wp-block-gallery-is-layout-flex\">\n<figure class=\"wp-block-image size-full\"><img loading=\"lazy\" decoding=\"async\" width=\"1920\" height=\"2560\" data-id=\"11292297\" src=\"https:\/\/www.etf.fr\/wp-content\/uploads\/2025\/06\/WhatsApp-Image-2025-05-26-at-11.12.25-scaled.jpeg\" alt=\"\" class=\"wp-image-11292297\" srcset=\"https:\/\/www.etf.fr\/wp-content\/uploads\/2025\/06\/WhatsApp-Image-2025-05-26-at-11.12.25-scaled.jpeg 1920w, https:\/\/www.etf.fr\/wp-content\/uploads\/2025\/06\/WhatsApp-Image-2025-05-26-at-11.12.25-188x250.jpeg 188w, https:\/\/www.etf.fr\/wp-content\/uploads\/2025\/06\/WhatsApp-Image-2025-05-26-at-11.12.25-401x535.jpeg 401w, https:\/\/www.etf.fr\/wp-content\/uploads\/2025\/06\/WhatsApp-Image-2025-05-26-at-11.12.25-296x395.jpeg 296w, https:\/\/www.etf.fr\/wp-content\/uploads\/2025\/06\/WhatsApp-Image-2025-05-26-at-11.12.25-1152x1536.jpeg 1152w, https:\/\/www.etf.fr\/wp-content\/uploads\/2025\/06\/WhatsApp-Image-2025-05-26-at-11.12.25-1536x2048.jpeg 1536w\" sizes=\"auto, (max-width: 1920px) 100vw, 1920px\" \/><\/figure>\n\n\n\n<figure class=\"wp-block-image size-full\"><img loading=\"lazy\" decoding=\"async\" width=\"1920\" height=\"2560\" data-id=\"11292295\" src=\"https:\/\/www.etf.fr\/wp-content\/uploads\/2025\/06\/WhatsApp-Image-2025-05-26-at-11.12.25-4-scaled.jpeg\" alt=\"\" class=\"wp-image-11292295\" srcset=\"https:\/\/www.etf.fr\/wp-content\/uploads\/2025\/06\/WhatsApp-Image-2025-05-26-at-11.12.25-4-scaled.jpeg 1920w, https:\/\/www.etf.fr\/wp-content\/uploads\/2025\/06\/WhatsApp-Image-2025-05-26-at-11.12.25-4-188x250.jpeg 188w, https:\/\/www.etf.fr\/wp-content\/uploads\/2025\/06\/WhatsApp-Image-2025-05-26-at-11.12.25-4-401x535.jpeg 401w, https:\/\/www.etf.fr\/wp-content\/uploads\/2025\/06\/WhatsApp-Image-2025-05-26-at-11.12.25-4-296x395.jpeg 296w, https:\/\/www.etf.fr\/wp-content\/uploads\/2025\/06\/WhatsApp-Image-2025-05-26-at-11.12.25-4-1152x1536.jpeg 1152w, https:\/\/www.etf.fr\/wp-content\/uploads\/2025\/06\/WhatsApp-Image-2025-05-26-at-11.12.25-4-1536x2048.jpeg 1536w\" sizes=\"auto, (max-width: 1920px) 100vw, 1920px\" \/><\/figure>\n\n\n\n<figure class=\"wp-block-image size-full\"><img loading=\"lazy\" decoding=\"async\" width=\"1920\" height=\"2560\" data-id=\"11292293\" src=\"https:\/\/www.etf.fr\/wp-content\/uploads\/2025\/06\/WhatsApp-Image-2025-05-26-at-11.12.25-3-scaled.jpeg\" alt=\"\" class=\"wp-image-11292293\" srcset=\"https:\/\/www.etf.fr\/wp-content\/uploads\/2025\/06\/WhatsApp-Image-2025-05-26-at-11.12.25-3-scaled.jpeg 1920w, https:\/\/www.etf.fr\/wp-content\/uploads\/2025\/06\/WhatsApp-Image-2025-05-26-at-11.12.25-3-188x250.jpeg 188w, https:\/\/www.etf.fr\/wp-content\/uploads\/2025\/06\/WhatsApp-Image-2025-05-26-at-11.12.25-3-401x535.jpeg 401w, https:\/\/www.etf.fr\/wp-content\/uploads\/2025\/06\/WhatsApp-Image-2025-05-26-at-11.12.25-3-296x395.jpeg 296w, https:\/\/www.etf.fr\/wp-content\/uploads\/2025\/06\/WhatsApp-Image-2025-05-26-at-11.12.25-3-1152x1536.jpeg 1152w, https:\/\/www.etf.fr\/wp-content\/uploads\/2025\/06\/WhatsApp-Image-2025-05-26-at-11.12.25-3-1536x2048.jpeg 1536w\" sizes=\"auto, (max-width: 1920px) 100vw, 1920px\" \/><\/figure>\n\n\n\n<figure class=\"wp-block-image size-full\"><img loading=\"lazy\" decoding=\"async\" width=\"1920\" height=\"2560\" data-id=\"11292291\" src=\"https:\/\/www.etf.fr\/wp-content\/uploads\/2025\/06\/WhatsApp-Image-2025-05-26-at-11.12.24-1-scaled.jpeg\" alt=\"\" class=\"wp-image-11292291\" srcset=\"https:\/\/www.etf.fr\/wp-content\/uploads\/2025\/06\/WhatsApp-Image-2025-05-26-at-11.12.24-1-scaled.jpeg 1920w, https:\/\/www.etf.fr\/wp-content\/uploads\/2025\/06\/WhatsApp-Image-2025-05-26-at-11.12.24-1-188x250.jpeg 188w, https:\/\/www.etf.fr\/wp-content\/uploads\/2025\/06\/WhatsApp-Image-2025-05-26-at-11.12.24-1-401x535.jpeg 401w, https:\/\/www.etf.fr\/wp-content\/uploads\/2025\/06\/WhatsApp-Image-2025-05-26-at-11.12.24-1-296x395.jpeg 296w, https:\/\/www.etf.fr\/wp-content\/uploads\/2025\/06\/WhatsApp-Image-2025-05-26-at-11.12.24-1-1152x1536.jpeg 1152w, https:\/\/www.etf.fr\/wp-content\/uploads\/2025\/06\/WhatsApp-Image-2025-05-26-at-11.12.24-1-1536x2048.jpeg 1536w\" sizes=\"auto, (max-width: 1920px) 100vw, 1920px\" \/><\/figure>\n\n\n\n<figure class=\"wp-block-image size-full\"><img loading=\"lazy\" decoding=\"async\" width=\"1536\" height=\"2048\" data-id=\"11292289\" src=\"https:\/\/www.etf.fr\/wp-content\/uploads\/2025\/06\/WhatsApp-Image-2025-05-26-at-11.12.23.jpeg\" alt=\"\" class=\"wp-image-11292289\" srcset=\"https:\/\/www.etf.fr\/wp-content\/uploads\/2025\/06\/WhatsApp-Image-2025-05-26-at-11.12.23.jpeg 1536w, https:\/\/www.etf.fr\/wp-content\/uploads\/2025\/06\/WhatsApp-Image-2025-05-26-at-11.12.23-188x250.jpeg 188w, https:\/\/www.etf.fr\/wp-content\/uploads\/2025\/06\/WhatsApp-Image-2025-05-26-at-11.12.23-401x535.jpeg 401w, https:\/\/www.etf.fr\/wp-content\/uploads\/2025\/06\/WhatsApp-Image-2025-05-26-at-11.12.23-296x395.jpeg 296w, https:\/\/www.etf.fr\/wp-content\/uploads\/2025\/06\/WhatsApp-Image-2025-05-26-at-11.12.23-1152x1536.jpeg 1152w\" sizes=\"auto, (max-width: 1536px) 100vw, 1536px\" \/><\/figure>\n\n\n\n<figure class=\"wp-block-image size-full\"><img loading=\"lazy\" decoding=\"async\" width=\"2048\" height=\"1536\" data-id=\"11292287\" src=\"https:\/\/www.etf.fr\/wp-content\/uploads\/2025\/06\/WhatsApp-Image-2025-05-26-at-11.12.23-1.jpeg\" alt=\"\" class=\"wp-image-11292287\" srcset=\"https:\/\/www.etf.fr\/wp-content\/uploads\/2025\/06\/WhatsApp-Image-2025-05-26-at-11.12.23-1.jpeg 2048w, https:\/\/www.etf.fr\/wp-content\/uploads\/2025\/06\/WhatsApp-Image-2025-05-26-at-11.12.23-1-250x188.jpeg 250w, https:\/\/www.etf.fr\/wp-content\/uploads\/2025\/06\/WhatsApp-Image-2025-05-26-at-11.12.23-1-713x535.jpeg 713w, https:\/\/www.etf.fr\/wp-content\/uploads\/2025\/06\/WhatsApp-Image-2025-05-26-at-11.12.23-1-527x395.jpeg 527w, https:\/\/www.etf.fr\/wp-content\/uploads\/2025\/06\/WhatsApp-Image-2025-05-26-at-11.12.23-1-1536x1152.jpeg 1536w\" sizes=\"auto, (max-width: 2048px) 100vw, 2048px\" \/><\/figure>\n<\/figure>\n","protected":false},"excerpt":{"rendered":"<p>During two punch operations (weekend work), preceded by several weeks of preparation and finishing touches, our teams once again successfully&#8230;<\/p>\n","protected":false},"author":239,"featured_media":11292292,"comment_status":"closed","ping_status":"closed","sticky":false,"template":"","format":"standard","meta":{"_acf_changed":false,"footnotes":""},"categories":[196,198,203,194,190,191],"tags":[],"class_list":["post-12088470","post","type-post","status-publish","format-standard","has-post-thumbnail","hentry","category-la-champenoise-en","category-agence-travaux-en","category-agence-sud-est-en","category-agence-centre-en","category-etf-services-en","category-actualites-en"],"acf":[],"yoast_head":"<!-- This site is optimized with the Yoast SEO plugin v27.5 - https:\/\/yoast.com\/product\/yoast-seo-wordpress\/ -->\n<title>Modernisation of the South East European Technical Centre - ETF<\/title>\n<meta name=\"robots\" content=\"index, follow, max-snippet:-1, max-image-preview:large, max-video-preview:-1\" \/>\n<link rel=\"canonical\" href=\"https:\/\/www.etf.fr\/en\/la-champenoise-en\/modernisation-du-technicentre-sud-est-europeen-presence-renouvelee-detf-sur-les-operations-de-remplacement\/\" \/>\n<meta property=\"og:locale\" content=\"en_US\" \/>\n<meta property=\"og:type\" content=\"article\" \/>\n<meta property=\"og:title\" content=\"Modernisation of the South East European Technical Centre - ETF\" \/>\n<meta property=\"og:description\" content=\"During two punch operations (weekend work), preceded by several weeks of preparation and finishing touches, our teams once again successfully...\" \/>\n<meta property=\"og:url\" content=\"https:\/\/www.etf.fr\/en\/la-champenoise-en\/modernisation-du-technicentre-sud-est-europeen-presence-renouvelee-detf-sur-les-operations-de-remplacement\/\" \/>\n<meta property=\"og:site_name\" content=\"ETF\" \/>\n<meta property=\"article:published_time\" content=\"2025-06-27T15:52:22+00:00\" \/>\n<meta property=\"article:modified_time\" content=\"2025-08-25T11:55:43+00:00\" \/>\n<meta property=\"og:image\" content=\"https:\/\/www.etf.fr\/wp-content\/uploads\/2025\/06\/WhatsApp-Image-2025-05-26-at-11.12.24-1-scaled.jpeg\" \/>\n\t<meta property=\"og:image:width\" content=\"1920\" \/>\n\t<meta property=\"og:image:height\" content=\"2560\" \/>\n\t<meta property=\"og:image:type\" content=\"image\/jpeg\" \/>\n<meta name=\"author\" content=\"chloe\" \/>\n<meta name=\"twitter:card\" content=\"summary_large_image\" \/>\n<meta name=\"twitter:label1\" content=\"Written by\" \/>\n\t<meta name=\"twitter:data1\" content=\"chloe\" \/>\n\t<meta name=\"twitter:label2\" content=\"Est. reading time\" \/>\n\t<meta name=\"twitter:data2\" content=\"3 minutes\" \/>\n<script type=\"application\/ld+json\" class=\"yoast-schema-graph\">{\"@context\":\"https:\\\/\\\/schema.org\",\"@graph\":[{\"@type\":\"Article\",\"@id\":\"https:\\\/\\\/www.etf.fr\\\/en\\\/la-champenoise-en\\\/modernisation-du-technicentre-sud-est-europeen-presence-renouvelee-detf-sur-les-operations-de-remplacement\\\/#article\",\"isPartOf\":{\"@id\":\"https:\\\/\\\/www.etf.fr\\\/en\\\/la-champenoise-en\\\/modernisation-du-technicentre-sud-est-europeen-presence-renouvelee-detf-sur-les-operations-de-remplacement\\\/\"},\"author\":{\"name\":\"chloe\",\"@id\":\"https:\\\/\\\/www.etf.fr\\\/#\\\/schema\\\/person\\\/b20334e710830573c2a3ba4ab9b7d679\"},\"headline\":\"Modernisation of the South East European Technical Centre\",\"datePublished\":\"2025-06-27T15:52:22+00:00\",\"dateModified\":\"2025-08-25T11:55:43+00:00\",\"mainEntityOfPage\":{\"@id\":\"https:\\\/\\\/www.etf.fr\\\/en\\\/la-champenoise-en\\\/modernisation-du-technicentre-sud-est-europeen-presence-renouvelee-detf-sur-les-operations-de-remplacement\\\/\"},\"wordCount\":212,\"publisher\":{\"@id\":\"https:\\\/\\\/www.etf.fr\\\/#organization\"},\"image\":{\"@id\":\"https:\\\/\\\/www.etf.fr\\\/en\\\/la-champenoise-en\\\/modernisation-du-technicentre-sud-est-europeen-presence-renouvelee-detf-sur-les-operations-de-remplacement\\\/#primaryimage\"},\"thumbnailUrl\":\"https:\\\/\\\/www.etf.fr\\\/wp-content\\\/uploads\\\/2025\\\/06\\\/WhatsApp-Image-2025-05-26-at-11.12.24-1-scaled.jpeg\",\"articleSection\":[\"La Champenoise\",\"Agence Travaux M\u00e9canis\u00e9s\",\"Agence Sud Est\",\"Agence Centre\",\"ETF Services\",\"Actualit\u00e9s\"],\"inLanguage\":\"en-US\"},{\"@type\":\"WebPage\",\"@id\":\"https:\\\/\\\/www.etf.fr\\\/en\\\/la-champenoise-en\\\/modernisation-du-technicentre-sud-est-europeen-presence-renouvelee-detf-sur-les-operations-de-remplacement\\\/\",\"url\":\"https:\\\/\\\/www.etf.fr\\\/en\\\/la-champenoise-en\\\/modernisation-du-technicentre-sud-est-europeen-presence-renouvelee-detf-sur-les-operations-de-remplacement\\\/\",\"name\":\"Modernisation of the South East European Technical Centre - ETF\",\"isPartOf\":{\"@id\":\"https:\\\/\\\/www.etf.fr\\\/#website\"},\"primaryImageOfPage\":{\"@id\":\"https:\\\/\\\/www.etf.fr\\\/en\\\/la-champenoise-en\\\/modernisation-du-technicentre-sud-est-europeen-presence-renouvelee-detf-sur-les-operations-de-remplacement\\\/#primaryimage\"},\"image\":{\"@id\":\"https:\\\/\\\/www.etf.fr\\\/en\\\/la-champenoise-en\\\/modernisation-du-technicentre-sud-est-europeen-presence-renouvelee-detf-sur-les-operations-de-remplacement\\\/#primaryimage\"},\"thumbnailUrl\":\"https:\\\/\\\/www.etf.fr\\\/wp-content\\\/uploads\\\/2025\\\/06\\\/WhatsApp-Image-2025-05-26-at-11.12.24-1-scaled.jpeg\",\"datePublished\":\"2025-06-27T15:52:22+00:00\",\"dateModified\":\"2025-08-25T11:55:43+00:00\",\"breadcrumb\":{\"@id\":\"https:\\\/\\\/www.etf.fr\\\/en\\\/la-champenoise-en\\\/modernisation-du-technicentre-sud-est-europeen-presence-renouvelee-detf-sur-les-operations-de-remplacement\\\/#breadcrumb\"},\"inLanguage\":\"en-US\",\"potentialAction\":[{\"@type\":\"ReadAction\",\"target\":[\"https:\\\/\\\/www.etf.fr\\\/en\\\/la-champenoise-en\\\/modernisation-du-technicentre-sud-est-europeen-presence-renouvelee-detf-sur-les-operations-de-remplacement\\\/\"]}]},{\"@type\":\"ImageObject\",\"inLanguage\":\"en-US\",\"@id\":\"https:\\\/\\\/www.etf.fr\\\/en\\\/la-champenoise-en\\\/modernisation-du-technicentre-sud-est-europeen-presence-renouvelee-detf-sur-les-operations-de-remplacement\\\/#primaryimage\",\"url\":\"https:\\\/\\\/www.etf.fr\\\/wp-content\\\/uploads\\\/2025\\\/06\\\/WhatsApp-Image-2025-05-26-at-11.12.24-1-scaled.jpeg\",\"contentUrl\":\"https:\\\/\\\/www.etf.fr\\\/wp-content\\\/uploads\\\/2025\\\/06\\\/WhatsApp-Image-2025-05-26-at-11.12.24-1-scaled.jpeg\",\"width\":1920,\"height\":2560},{\"@type\":\"BreadcrumbList\",\"@id\":\"https:\\\/\\\/www.etf.fr\\\/en\\\/la-champenoise-en\\\/modernisation-du-technicentre-sud-est-europeen-presence-renouvelee-detf-sur-les-operations-de-remplacement\\\/#breadcrumb\",\"itemListElement\":[{\"@type\":\"ListItem\",\"position\":1,\"name\":\"Accueil\",\"item\":\"https:\\\/\\\/www.etf.fr\\\/en\\\/\"},{\"@type\":\"ListItem\",\"position\":2,\"name\":\"Modernisation of the South East European Technical Centre\"}]},{\"@type\":\"WebSite\",\"@id\":\"https:\\\/\\\/www.etf.fr\\\/#website\",\"url\":\"https:\\\/\\\/www.etf.fr\\\/\",\"name\":\"ETF\",\"description\":\"Your transport partner worldwide\",\"publisher\":{\"@id\":\"https:\\\/\\\/www.etf.fr\\\/#organization\"},\"potentialAction\":[{\"@type\":\"SearchAction\",\"target\":{\"@type\":\"EntryPoint\",\"urlTemplate\":\"https:\\\/\\\/www.etf.fr\\\/?s={search_term_string}\"},\"query-input\":{\"@type\":\"PropertyValueSpecification\",\"valueRequired\":true,\"valueName\":\"search_term_string\"}}],\"inLanguage\":\"en-US\"},{\"@type\":\"Organization\",\"@id\":\"https:\\\/\\\/www.etf.fr\\\/#organization\",\"name\":\"ETF\",\"url\":\"https:\\\/\\\/www.etf.fr\\\/\",\"logo\":{\"@type\":\"ImageObject\",\"inLanguage\":\"en-US\",\"@id\":\"https:\\\/\\\/www.etf.fr\\\/#\\\/schema\\\/logo\\\/image\\\/\",\"url\":\"https:\\\/\\\/www.etf.fr\\\/wp-content\\\/uploads\\\/2019\\\/03\\\/logo-ETF.png\",\"contentUrl\":\"https:\\\/\\\/www.etf.fr\\\/wp-content\\\/uploads\\\/2019\\\/03\\\/logo-ETF.png\",\"width\":272,\"height\":161,\"caption\":\"ETF\"},\"image\":{\"@id\":\"https:\\\/\\\/www.etf.fr\\\/#\\\/schema\\\/logo\\\/image\\\/\"}},{\"@type\":\"Person\",\"@id\":\"https:\\\/\\\/www.etf.fr\\\/#\\\/schema\\\/person\\\/b20334e710830573c2a3ba4ab9b7d679\",\"name\":\"chloe\",\"url\":\"https:\\\/\\\/www.etf.fr\\\/en\\\/author\\\/chloe\\\/\"}]}<\/script>\n<!-- \/ Yoast SEO plugin. -->","yoast_head_json":{"title":"Modernisation of the South East European Technical Centre - ETF","robots":{"index":"index","follow":"follow","max-snippet":"max-snippet:-1","max-image-preview":"max-image-preview:large","max-video-preview":"max-video-preview:-1"},"canonical":"https:\/\/www.etf.fr\/en\/la-champenoise-en\/modernisation-du-technicentre-sud-est-europeen-presence-renouvelee-detf-sur-les-operations-de-remplacement\/","og_locale":"en_US","og_type":"article","og_title":"Modernisation of the South East European Technical Centre - ETF","og_description":"During two punch operations (weekend work), preceded by several weeks of preparation and finishing touches, our teams once again successfully...","og_url":"https:\/\/www.etf.fr\/en\/la-champenoise-en\/modernisation-du-technicentre-sud-est-europeen-presence-renouvelee-detf-sur-les-operations-de-remplacement\/","og_site_name":"ETF","article_published_time":"2025-06-27T15:52:22+00:00","article_modified_time":"2025-08-25T11:55:43+00:00","og_image":[{"width":1920,"height":2560,"url":"https:\/\/www.etf.fr\/wp-content\/uploads\/2025\/06\/WhatsApp-Image-2025-05-26-at-11.12.24-1-scaled.jpeg","type":"image\/jpeg"}],"author":"chloe","twitter_card":"summary_large_image","twitter_misc":{"Written by":"chloe","Est. reading time":"3 minutes"},"schema":{"@context":"https:\/\/schema.org","@graph":[{"@type":"Article","@id":"https:\/\/www.etf.fr\/en\/la-champenoise-en\/modernisation-du-technicentre-sud-est-europeen-presence-renouvelee-detf-sur-les-operations-de-remplacement\/#article","isPartOf":{"@id":"https:\/\/www.etf.fr\/en\/la-champenoise-en\/modernisation-du-technicentre-sud-est-europeen-presence-renouvelee-detf-sur-les-operations-de-remplacement\/"},"author":{"name":"chloe","@id":"https:\/\/www.etf.fr\/#\/schema\/person\/b20334e710830573c2a3ba4ab9b7d679"},"headline":"Modernisation of the South East European Technical Centre","datePublished":"2025-06-27T15:52:22+00:00","dateModified":"2025-08-25T11:55:43+00:00","mainEntityOfPage":{"@id":"https:\/\/www.etf.fr\/en\/la-champenoise-en\/modernisation-du-technicentre-sud-est-europeen-presence-renouvelee-detf-sur-les-operations-de-remplacement\/"},"wordCount":212,"publisher":{"@id":"https:\/\/www.etf.fr\/#organization"},"image":{"@id":"https:\/\/www.etf.fr\/en\/la-champenoise-en\/modernisation-du-technicentre-sud-est-europeen-presence-renouvelee-detf-sur-les-operations-de-remplacement\/#primaryimage"},"thumbnailUrl":"https:\/\/www.etf.fr\/wp-content\/uploads\/2025\/06\/WhatsApp-Image-2025-05-26-at-11.12.24-1-scaled.jpeg","articleSection":["La Champenoise","Agence Travaux M\u00e9canis\u00e9s","Agence Sud Est","Agence Centre","ETF Services","Actualit\u00e9s"],"inLanguage":"en-US"},{"@type":"WebPage","@id":"https:\/\/www.etf.fr\/en\/la-champenoise-en\/modernisation-du-technicentre-sud-est-europeen-presence-renouvelee-detf-sur-les-operations-de-remplacement\/","url":"https:\/\/www.etf.fr\/en\/la-champenoise-en\/modernisation-du-technicentre-sud-est-europeen-presence-renouvelee-detf-sur-les-operations-de-remplacement\/","name":"Modernisation of the South East European Technical Centre - ETF","isPartOf":{"@id":"https:\/\/www.etf.fr\/#website"},"primaryImageOfPage":{"@id":"https:\/\/www.etf.fr\/en\/la-champenoise-en\/modernisation-du-technicentre-sud-est-europeen-presence-renouvelee-detf-sur-les-operations-de-remplacement\/#primaryimage"},"image":{"@id":"https:\/\/www.etf.fr\/en\/la-champenoise-en\/modernisation-du-technicentre-sud-est-europeen-presence-renouvelee-detf-sur-les-operations-de-remplacement\/#primaryimage"},"thumbnailUrl":"https:\/\/www.etf.fr\/wp-content\/uploads\/2025\/06\/WhatsApp-Image-2025-05-26-at-11.12.24-1-scaled.jpeg","datePublished":"2025-06-27T15:52:22+00:00","dateModified":"2025-08-25T11:55:43+00:00","breadcrumb":{"@id":"https:\/\/www.etf.fr\/en\/la-champenoise-en\/modernisation-du-technicentre-sud-est-europeen-presence-renouvelee-detf-sur-les-operations-de-remplacement\/#breadcrumb"},"inLanguage":"en-US","potentialAction":[{"@type":"ReadAction","target":["https:\/\/www.etf.fr\/en\/la-champenoise-en\/modernisation-du-technicentre-sud-est-europeen-presence-renouvelee-detf-sur-les-operations-de-remplacement\/"]}]},{"@type":"ImageObject","inLanguage":"en-US","@id":"https:\/\/www.etf.fr\/en\/la-champenoise-en\/modernisation-du-technicentre-sud-est-europeen-presence-renouvelee-detf-sur-les-operations-de-remplacement\/#primaryimage","url":"https:\/\/www.etf.fr\/wp-content\/uploads\/2025\/06\/WhatsApp-Image-2025-05-26-at-11.12.24-1-scaled.jpeg","contentUrl":"https:\/\/www.etf.fr\/wp-content\/uploads\/2025\/06\/WhatsApp-Image-2025-05-26-at-11.12.24-1-scaled.jpeg","width":1920,"height":2560},{"@type":"BreadcrumbList","@id":"https:\/\/www.etf.fr\/en\/la-champenoise-en\/modernisation-du-technicentre-sud-est-europeen-presence-renouvelee-detf-sur-les-operations-de-remplacement\/#breadcrumb","itemListElement":[{"@type":"ListItem","position":1,"name":"Accueil","item":"https:\/\/www.etf.fr\/en\/"},{"@type":"ListItem","position":2,"name":"Modernisation of the South East European Technical Centre"}]},{"@type":"WebSite","@id":"https:\/\/www.etf.fr\/#website","url":"https:\/\/www.etf.fr\/","name":"ETF","description":"Your transport partner worldwide","publisher":{"@id":"https:\/\/www.etf.fr\/#organization"},"potentialAction":[{"@type":"SearchAction","target":{"@type":"EntryPoint","urlTemplate":"https:\/\/www.etf.fr\/?s={search_term_string}"},"query-input":{"@type":"PropertyValueSpecification","valueRequired":true,"valueName":"search_term_string"}}],"inLanguage":"en-US"},{"@type":"Organization","@id":"https:\/\/www.etf.fr\/#organization","name":"ETF","url":"https:\/\/www.etf.fr\/","logo":{"@type":"ImageObject","inLanguage":"en-US","@id":"https:\/\/www.etf.fr\/#\/schema\/logo\/image\/","url":"https:\/\/www.etf.fr\/wp-content\/uploads\/2019\/03\/logo-ETF.png","contentUrl":"https:\/\/www.etf.fr\/wp-content\/uploads\/2019\/03\/logo-ETF.png","width":272,"height":161,"caption":"ETF"},"image":{"@id":"https:\/\/www.etf.fr\/#\/schema\/logo\/image\/"}},{"@type":"Person","@id":"https:\/\/www.etf.fr\/#\/schema\/person\/b20334e710830573c2a3ba4ab9b7d679","name":"chloe","url":"https:\/\/www.etf.fr\/en\/author\/chloe\/"}]}},"_links":{"self":[{"href":"https:\/\/www.etf.fr\/en\/wp-json\/wp\/v2\/posts\/12088470","targetHints":{"allow":["GET"]}}],"collection":[{"href":"https:\/\/www.etf.fr\/en\/wp-json\/wp\/v2\/posts"}],"about":[{"href":"https:\/\/www.etf.fr\/en\/wp-json\/wp\/v2\/types\/post"}],"author":[{"embeddable":true,"href":"https:\/\/www.etf.fr\/en\/wp-json\/wp\/v2\/users\/239"}],"replies":[{"embeddable":true,"href":"https:\/\/www.etf.fr\/en\/wp-json\/wp\/v2\/comments?post=12088470"}],"version-history":[{"count":1,"href":"https:\/\/www.etf.fr\/en\/wp-json\/wp\/v2\/posts\/12088470\/revisions"}],"predecessor-version":[{"id":12088472,"href":"https:\/\/www.etf.fr\/en\/wp-json\/wp\/v2\/posts\/12088470\/revisions\/12088472"}],"wp:featuredmedia":[{"embeddable":true,"href":"https:\/\/www.etf.fr\/en\/wp-json\/wp\/v2\/media\/11292292"}],"wp:attachment":[{"href":"https:\/\/www.etf.fr\/en\/wp-json\/wp\/v2\/media?parent=12088470"}],"wp:term":[{"taxonomy":"category","embeddable":true,"href":"https:\/\/www.etf.fr\/en\/wp-json\/wp\/v2\/categories?post=12088470"},{"taxonomy":"post_tag","embeddable":true,"href":"https:\/\/www.etf.fr\/en\/wp-json\/wp\/v2\/tags?post=12088470"}],"curies":[{"name":"wp","href":"https:\/\/api.w.org\/{rel}","templated":true}]}}