{"id":12088638,"date":"2025-06-11T07:28:20","date_gmt":"2025-06-11T05:28:20","guid":{"rendered":"https:\/\/www.etf.fr\/uncategorized\/etf-partenaire-du-challenge-centrale-lyon-2025\/"},"modified":"2025-08-25T14:10:59","modified_gmt":"2025-08-25T12:10:59","slug":"etf-partenaire-du-challenge-centrale-lyon-2025","status":"publish","type":"post","link":"https:\/\/www.etf.fr\/en\/employment-and-education\/etf-partenaire-du-challenge-centrale-lyon-2025\/","title":{"rendered":"ETF partners with the Centrale Lyon 2025 Challenge"},"content":{"rendered":"\n<h3 class=\"wp-block-heading\"><strong><strong>An inspiring conference on railway innovation<\/strong><\/strong><\/h3>\n\n\n\n<p>Intitul\u00e9e <strong>&#8220;L\u2019innovation ferroviaire sur de bons rails&#8221;<\/strong>, cette conf\u00e9rence organis\u00e9e en f\u00e9vrier a permis de pr\u00e9senter aux \u00e9tudiants les grands enjeux du ferroviaire de demain, les \u00e9volutions m\u00e9tiers et les opportunit\u00e9s professionnelles au sein d\u2019ETF.<\/p>\n\n\n\n<p>Three <strong>ETF experts<\/strong> came to share their experiences and insights:<\/p>\n\n\n\n<ul class=\"wp-block-list\">\n<li><strong>Laurent Fontaine<\/strong>, Regional Director, provided a strategic overview of project development at the regional level.<\/li>\n\n\n\n<li><strong>Beno\u00eet de Premare<\/strong>, Catenary Project Manager, detailed the technical challenges involved in modernising and electrifying lines.<\/li>\n\n\n\n<li><strong>Laura Martins Masso<\/strong>, Graduate Programme Site Supervisor, shared her experience as a young talent who joined ETF through our dedicated programme.<\/li>\n<\/ul>\n\n\n\n<p><\/p>\n\n\n\n<div class=\"wp-block-columns is-layout-flex wp-container-core-columns-is-layout-9d6595d7 wp-block-columns-is-layout-flex\">\n<div class=\"wp-block-column is-layout-flow wp-block-column-is-layout-flow\">\n<p><\/p>\n\n\n\n<h3 class=\"wp-block-heading\"><strong><strong>ETF partners with student sports challenge<\/strong><\/strong><\/h3>\n\n\n\n<p>March was marked by a major sporting event bringing together <strong>nearly 2,000 students across 23 disciplines<\/strong>. ETF was proud to support this initiative by sponsoring the <strong>women&#8217;s and men&#8217;s basketball tournaments<\/strong>, reflecting the values that drive us: <strong>team spirit, commitment and performance<\/strong>.<\/p>\n\n\n\n<p><\/p>\n\n\n\n<h3 class=\"wp-block-heading\"><strong><strong>An after-work event to continue the discussions<\/strong><\/strong><\/h3>\n\n\n\n<p>In May, a <strong>friendly after-work event<\/strong> brought together students, partners and ETF employees for a buffet dinner. This informal gathering provided an opportunity to continue the discussions begun during the conference, share experiences and inspire interest in <strong>careers in the railway industry<\/strong>.<\/p>\n\n\n\n<p>This partnership with the Challenge Centrale Lyon fully illustrates ETF&#8217;s commitment to <strong>involving itself in the training of future generations<\/strong> by building concrete bridges between the academic world and the realities of the field.<\/p>\n\n\n\n<p><\/p>\n\n\n\n<h3 class=\"wp-block-heading\"><strong><strong>Looking for an opportunity? Join ETF through a work-study programme, internship or graduate programme.<\/strong><\/strong><\/h3>\n\n\n\n<p>Are you a student or recent graduate looking to join a forward-thinking, meaningful and rewarding industry?<\/p>\n\n\n\n<p>Discover our work-study programmes, internships and graduate programme on <a href=\"https:\/\/jobs.etf.fr\/fr\/offres-d-emploi\/\">our careers page<\/a>.<\/p>\n\n\n<div class=\"wp-block-image\">\n<figure class=\"aligncenter size-large is-resized\"><img loading=\"lazy\" decoding=\"async\" width=\"640\" height=\"480\" src=\"https:\/\/www.etf.fr\/wp-content\/uploads\/2025\/06\/Photo3.jpg\" alt=\"\" class=\"wp-image-11064457\" style=\"width:429px;height:auto\" srcset=\"https:\/\/www.etf.fr\/wp-content\/uploads\/2025\/06\/Photo3.jpg 640w, https:\/\/www.etf.fr\/wp-content\/uploads\/2025\/06\/Photo3-250x188.jpg 250w, https:\/\/www.etf.fr\/wp-content\/uploads\/2025\/06\/Photo3-527x395.jpg 527w\" sizes=\"auto, (max-width: 640px) 100vw, 640px\" \/><\/figure>\n<\/div><\/div>\n\n\n\n<div class=\"wp-block-column is-layout-flow wp-block-column-is-layout-flow\">\n<figure class=\"wp-block-gallery has-nested-images columns-2 is-cropped wp-block-gallery-1 is-layout-flex wp-block-gallery-is-layout-flex\">\n<figure class=\"wp-block-image size-full\"><img loading=\"lazy\" decoding=\"async\" width=\"640\" height=\"480\" data-id=\"11064443\" src=\"https:\/\/www.etf.fr\/wp-content\/uploads\/2025\/06\/CCL_16.jpg\" alt=\"\" class=\"wp-image-11064443\" srcset=\"https:\/\/www.etf.fr\/wp-content\/uploads\/2025\/06\/CCL_16.jpg 640w, https:\/\/www.etf.fr\/wp-content\/uploads\/2025\/06\/CCL_16-250x188.jpg 250w, https:\/\/www.etf.fr\/wp-content\/uploads\/2025\/06\/CCL_16-527x395.jpg 527w\" sizes=\"auto, (max-width: 640px) 100vw, 640px\" \/><\/figure>\n\n\n\n<figure class=\"wp-block-image size-full\"><img loading=\"lazy\" decoding=\"async\" width=\"640\" height=\"480\" data-id=\"11064445\" src=\"https:\/\/www.etf.fr\/wp-content\/uploads\/2025\/06\/Photos-CCL_02.jpg\" alt=\"\" class=\"wp-image-11064445\" srcset=\"https:\/\/www.etf.fr\/wp-content\/uploads\/2025\/06\/Photos-CCL_02.jpg 640w, https:\/\/www.etf.fr\/wp-content\/uploads\/2025\/06\/Photos-CCL_02-250x188.jpg 250w, https:\/\/www.etf.fr\/wp-content\/uploads\/2025\/06\/Photos-CCL_02-527x395.jpg 527w\" sizes=\"auto, (max-width: 640px) 100vw, 640px\" \/><\/figure>\n\n\n\n<figure class=\"wp-block-image size-full\"><img loading=\"lazy\" decoding=\"async\" width=\"640\" height=\"480\" data-id=\"11064449\" src=\"https:\/\/www.etf.fr\/wp-content\/uploads\/2025\/06\/Photos-CCL_04.jpg\" alt=\"\" class=\"wp-image-11064449\" srcset=\"https:\/\/www.etf.fr\/wp-content\/uploads\/2025\/06\/Photos-CCL_04.jpg 640w, https:\/\/www.etf.fr\/wp-content\/uploads\/2025\/06\/Photos-CCL_04-250x188.jpg 250w, https:\/\/www.etf.fr\/wp-content\/uploads\/2025\/06\/Photos-CCL_04-527x395.jpg 527w\" sizes=\"auto, (max-width: 640px) 100vw, 640px\" \/><\/figure>\n\n\n\n<figure class=\"wp-block-image size-large\"><img loading=\"lazy\" decoding=\"async\" width=\"380\" height=\"535\" data-id=\"11064447\" src=\"https:\/\/www.etf.fr\/wp-content\/uploads\/2025\/06\/Photos-CCL_05-380x535.jpg\" alt=\"\" class=\"wp-image-11064447\" srcset=\"https:\/\/www.etf.fr\/wp-content\/uploads\/2025\/06\/Photos-CCL_05-380x535.jpg 380w, https:\/\/www.etf.fr\/wp-content\/uploads\/2025\/06\/Photos-CCL_05-177x250.jpg 177w, https:\/\/www.etf.fr\/wp-content\/uploads\/2025\/06\/Photos-CCL_05-280x395.jpg 280w, https:\/\/www.etf.fr\/wp-content\/uploads\/2025\/06\/Photos-CCL_05.jpg 454w\" sizes=\"auto, (max-width: 380px) 100vw, 380px\" \/><\/figure>\n\n\n\n<figure class=\"wp-block-image size-full\"><img loading=\"lazy\" decoding=\"async\" width=\"640\" height=\"480\" data-id=\"11064451\" src=\"https:\/\/www.etf.fr\/wp-content\/uploads\/2025\/06\/Photos-CCL_10.jpg\" alt=\"\" class=\"wp-image-11064451\" srcset=\"https:\/\/www.etf.fr\/wp-content\/uploads\/2025\/06\/Photos-CCL_10.jpg 640w, https:\/\/www.etf.fr\/wp-content\/uploads\/2025\/06\/Photos-CCL_10-250x188.jpg 250w, https:\/\/www.etf.fr\/wp-content\/uploads\/2025\/06\/Photos-CCL_10-527x395.jpg 527w\" sizes=\"auto, (max-width: 640px) 100vw, 640px\" \/><\/figure>\n\n\n\n<figure class=\"wp-block-image size-large\"><img loading=\"lazy\" decoding=\"async\" width=\"640\" height=\"480\" data-id=\"11064455\" src=\"https:\/\/www.etf.fr\/wp-content\/uploads\/2025\/06\/Photos-CCL_13.jpg\" alt=\"\" class=\"wp-image-11064455\" srcset=\"https:\/\/www.etf.fr\/wp-content\/uploads\/2025\/06\/Photos-CCL_13.jpg 640w, https:\/\/www.etf.fr\/wp-content\/uploads\/2025\/06\/Photos-CCL_13-250x188.jpg 250w, https:\/\/www.etf.fr\/wp-content\/uploads\/2025\/06\/Photos-CCL_13-527x395.jpg 527w\" sizes=\"auto, (max-width: 640px) 100vw, 640px\" \/><\/figure>\n<\/figure>\n\n\n\n<figure class=\"wp-block-gallery has-nested-images columns-default is-cropped wp-block-gallery-2 is-layout-flex wp-block-gallery-is-layout-flex\"><\/figure>\n<\/div>\n<\/div>\n\n\n\n<p><\/p>\n","protected":false},"excerpt":{"rendered":"<p>An inspiring conference on railway innovation Intitul\u00e9e &#8220;L\u2019innovation ferroviaire sur de bons rails&#8221;, cette conf\u00e9rence organis\u00e9e en f\u00e9vrier a permis&#8230;<\/p>\n","protected":false},"author":239,"featured_media":11064456,"comment_status":"closed","ping_status":"closed","sticky":false,"template":"","format":"standard","meta":{"_acf_changed":false,"footnotes":""},"categories":[229,196,203,191],"tags":[],"class_list":["post-12088638","post","type-post","status-publish","format-standard","has-post-thumbnail","hentry","category-employment-and-education","category-la-champenoise-en","category-agence-sud-est-en","category-actualites-en"],"acf":[],"yoast_head":"<!-- This site is optimized with the Yoast SEO plugin v27.5 - https:\/\/yoast.com\/product\/yoast-seo-wordpress\/ -->\n<title>ETF partners with the Centrale Lyon 2025 Challenge - ETF<\/title>\n<meta name=\"robots\" content=\"index, follow, max-snippet:-1, max-image-preview:large, max-video-preview:-1\" \/>\n<link rel=\"canonical\" href=\"https:\/\/www.etf.fr\/en\/employment-and-education\/etf-partenaire-du-challenge-centrale-lyon-2025\/\" \/>\n<meta property=\"og:locale\" content=\"en_US\" \/>\n<meta property=\"og:type\" content=\"article\" \/>\n<meta property=\"og:title\" content=\"ETF partners with the Centrale Lyon 2025 Challenge - ETF\" \/>\n<meta property=\"og:description\" content=\"An inspiring conference on railway innovation Intitul\u00e9e &#8220;L\u2019innovation ferroviaire sur de bons rails&#8221;, cette conf\u00e9rence organis\u00e9e en f\u00e9vrier a permis...\" \/>\n<meta property=\"og:url\" content=\"https:\/\/www.etf.fr\/en\/employment-and-education\/etf-partenaire-du-challenge-centrale-lyon-2025\/\" \/>\n<meta property=\"og:site_name\" content=\"ETF\" \/>\n<meta property=\"article:published_time\" content=\"2025-06-11T05:28:20+00:00\" \/>\n<meta property=\"article:modified_time\" content=\"2025-08-25T12:10:59+00:00\" \/>\n<meta property=\"og:image\" content=\"https:\/\/www.etf.fr\/wp-content\/uploads\/2025\/06\/Photos-CCL_13.jpg\" \/>\n\t<meta property=\"og:image:width\" content=\"640\" \/>\n\t<meta property=\"og:image:height\" content=\"480\" \/>\n\t<meta property=\"og:image:type\" content=\"image\/jpeg\" \/>\n<meta name=\"author\" content=\"chloe\" \/>\n<meta name=\"twitter:card\" content=\"summary_large_image\" \/>\n<meta name=\"twitter:label1\" content=\"Written by\" \/>\n\t<meta name=\"twitter:data1\" content=\"chloe\" \/>\n\t<meta name=\"twitter:label2\" content=\"Est. reading time\" \/>\n\t<meta name=\"twitter:data2\" content=\"4 minutes\" \/>\n<script type=\"application\/ld+json\" class=\"yoast-schema-graph\">{\"@context\":\"https:\\\/\\\/schema.org\",\"@graph\":[{\"@type\":\"Article\",\"@id\":\"https:\\\/\\\/www.etf.fr\\\/en\\\/employment-and-education\\\/etf-partenaire-du-challenge-centrale-lyon-2025\\\/#article\",\"isPartOf\":{\"@id\":\"https:\\\/\\\/www.etf.fr\\\/en\\\/employment-and-education\\\/etf-partenaire-du-challenge-centrale-lyon-2025\\\/\"},\"author\":{\"name\":\"chloe\",\"@id\":\"https:\\\/\\\/www.etf.fr\\\/#\\\/schema\\\/person\\\/b20334e710830573c2a3ba4ab9b7d679\"},\"headline\":\"ETF partners with the Centrale Lyon 2025 Challenge\",\"datePublished\":\"2025-06-11T05:28:20+00:00\",\"dateModified\":\"2025-08-25T12:10:59+00:00\",\"mainEntityOfPage\":{\"@id\":\"https:\\\/\\\/www.etf.fr\\\/en\\\/employment-and-education\\\/etf-partenaire-du-challenge-centrale-lyon-2025\\\/\"},\"wordCount\":291,\"publisher\":{\"@id\":\"https:\\\/\\\/www.etf.fr\\\/#organization\"},\"image\":{\"@id\":\"https:\\\/\\\/www.etf.fr\\\/en\\\/employment-and-education\\\/etf-partenaire-du-challenge-centrale-lyon-2025\\\/#primaryimage\"},\"thumbnailUrl\":\"https:\\\/\\\/www.etf.fr\\\/wp-content\\\/uploads\\\/2025\\\/06\\\/Photos-CCL_13.jpg\",\"articleSection\":[\"Employment and education\",\"La Champenoise\",\"Agence Sud Est\",\"Actualit\u00e9s\"],\"inLanguage\":\"en-US\"},{\"@type\":\"WebPage\",\"@id\":\"https:\\\/\\\/www.etf.fr\\\/en\\\/employment-and-education\\\/etf-partenaire-du-challenge-centrale-lyon-2025\\\/\",\"url\":\"https:\\\/\\\/www.etf.fr\\\/en\\\/employment-and-education\\\/etf-partenaire-du-challenge-centrale-lyon-2025\\\/\",\"name\":\"ETF partners with the Centrale Lyon 2025 Challenge - ETF\",\"isPartOf\":{\"@id\":\"https:\\\/\\\/www.etf.fr\\\/#website\"},\"primaryImageOfPage\":{\"@id\":\"https:\\\/\\\/www.etf.fr\\\/en\\\/employment-and-education\\\/etf-partenaire-du-challenge-centrale-lyon-2025\\\/#primaryimage\"},\"image\":{\"@id\":\"https:\\\/\\\/www.etf.fr\\\/en\\\/employment-and-education\\\/etf-partenaire-du-challenge-centrale-lyon-2025\\\/#primaryimage\"},\"thumbnailUrl\":\"https:\\\/\\\/www.etf.fr\\\/wp-content\\\/uploads\\\/2025\\\/06\\\/Photos-CCL_13.jpg\",\"datePublished\":\"2025-06-11T05:28:20+00:00\",\"dateModified\":\"2025-08-25T12:10:59+00:00\",\"breadcrumb\":{\"@id\":\"https:\\\/\\\/www.etf.fr\\\/en\\\/employment-and-education\\\/etf-partenaire-du-challenge-centrale-lyon-2025\\\/#breadcrumb\"},\"inLanguage\":\"en-US\",\"potentialAction\":[{\"@type\":\"ReadAction\",\"target\":[\"https:\\\/\\\/www.etf.fr\\\/en\\\/employment-and-education\\\/etf-partenaire-du-challenge-centrale-lyon-2025\\\/\"]}]},{\"@type\":\"ImageObject\",\"inLanguage\":\"en-US\",\"@id\":\"https:\\\/\\\/www.etf.fr\\\/en\\\/employment-and-education\\\/etf-partenaire-du-challenge-centrale-lyon-2025\\\/#primaryimage\",\"url\":\"https:\\\/\\\/www.etf.fr\\\/wp-content\\\/uploads\\\/2025\\\/06\\\/Photos-CCL_13.jpg\",\"contentUrl\":\"https:\\\/\\\/www.etf.fr\\\/wp-content\\\/uploads\\\/2025\\\/06\\\/Photos-CCL_13.jpg\",\"width\":640,\"height\":480},{\"@type\":\"BreadcrumbList\",\"@id\":\"https:\\\/\\\/www.etf.fr\\\/en\\\/employment-and-education\\\/etf-partenaire-du-challenge-centrale-lyon-2025\\\/#breadcrumb\",\"itemListElement\":[{\"@type\":\"ListItem\",\"position\":1,\"name\":\"Accueil\",\"item\":\"https:\\\/\\\/www.etf.fr\\\/en\\\/\"},{\"@type\":\"ListItem\",\"position\":2,\"name\":\"ETF partners with the Centrale Lyon 2025 Challenge\"}]},{\"@type\":\"WebSite\",\"@id\":\"https:\\\/\\\/www.etf.fr\\\/#website\",\"url\":\"https:\\\/\\\/www.etf.fr\\\/\",\"name\":\"ETF\",\"description\":\"Your transport partner worldwide\",\"publisher\":{\"@id\":\"https:\\\/\\\/www.etf.fr\\\/#organization\"},\"potentialAction\":[{\"@type\":\"SearchAction\",\"target\":{\"@type\":\"EntryPoint\",\"urlTemplate\":\"https:\\\/\\\/www.etf.fr\\\/?s={search_term_string}\"},\"query-input\":{\"@type\":\"PropertyValueSpecification\",\"valueRequired\":true,\"valueName\":\"search_term_string\"}}],\"inLanguage\":\"en-US\"},{\"@type\":\"Organization\",\"@id\":\"https:\\\/\\\/www.etf.fr\\\/#organization\",\"name\":\"ETF\",\"url\":\"https:\\\/\\\/www.etf.fr\\\/\",\"logo\":{\"@type\":\"ImageObject\",\"inLanguage\":\"en-US\",\"@id\":\"https:\\\/\\\/www.etf.fr\\\/#\\\/schema\\\/logo\\\/image\\\/\",\"url\":\"https:\\\/\\\/www.etf.fr\\\/wp-content\\\/uploads\\\/2019\\\/03\\\/logo-ETF.png\",\"contentUrl\":\"https:\\\/\\\/www.etf.fr\\\/wp-content\\\/uploads\\\/2019\\\/03\\\/logo-ETF.png\",\"width\":272,\"height\":161,\"caption\":\"ETF\"},\"image\":{\"@id\":\"https:\\\/\\\/www.etf.fr\\\/#\\\/schema\\\/logo\\\/image\\\/\"}},{\"@type\":\"Person\",\"@id\":\"https:\\\/\\\/www.etf.fr\\\/#\\\/schema\\\/person\\\/b20334e710830573c2a3ba4ab9b7d679\",\"name\":\"chloe\",\"url\":\"https:\\\/\\\/www.etf.fr\\\/en\\\/author\\\/chloe\\\/\"}]}<\/script>\n<!-- \/ Yoast SEO plugin. -->","yoast_head_json":{"title":"ETF partners with the Centrale Lyon 2025 Challenge - ETF","robots":{"index":"index","follow":"follow","max-snippet":"max-snippet:-1","max-image-preview":"max-image-preview:large","max-video-preview":"max-video-preview:-1"},"canonical":"https:\/\/www.etf.fr\/en\/employment-and-education\/etf-partenaire-du-challenge-centrale-lyon-2025\/","og_locale":"en_US","og_type":"article","og_title":"ETF partners with the Centrale Lyon 2025 Challenge - ETF","og_description":"An inspiring conference on railway innovation Intitul\u00e9e &#8220;L\u2019innovation ferroviaire sur de bons rails&#8221;, cette conf\u00e9rence organis\u00e9e en f\u00e9vrier a permis...","og_url":"https:\/\/www.etf.fr\/en\/employment-and-education\/etf-partenaire-du-challenge-centrale-lyon-2025\/","og_site_name":"ETF","article_published_time":"2025-06-11T05:28:20+00:00","article_modified_time":"2025-08-25T12:10:59+00:00","og_image":[{"width":640,"height":480,"url":"https:\/\/www.etf.fr\/wp-content\/uploads\/2025\/06\/Photos-CCL_13.jpg","type":"image\/jpeg"}],"author":"chloe","twitter_card":"summary_large_image","twitter_misc":{"Written by":"chloe","Est. reading time":"4 minutes"},"schema":{"@context":"https:\/\/schema.org","@graph":[{"@type":"Article","@id":"https:\/\/www.etf.fr\/en\/employment-and-education\/etf-partenaire-du-challenge-centrale-lyon-2025\/#article","isPartOf":{"@id":"https:\/\/www.etf.fr\/en\/employment-and-education\/etf-partenaire-du-challenge-centrale-lyon-2025\/"},"author":{"name":"chloe","@id":"https:\/\/www.etf.fr\/#\/schema\/person\/b20334e710830573c2a3ba4ab9b7d679"},"headline":"ETF partners with the Centrale Lyon 2025 Challenge","datePublished":"2025-06-11T05:28:20+00:00","dateModified":"2025-08-25T12:10:59+00:00","mainEntityOfPage":{"@id":"https:\/\/www.etf.fr\/en\/employment-and-education\/etf-partenaire-du-challenge-centrale-lyon-2025\/"},"wordCount":291,"publisher":{"@id":"https:\/\/www.etf.fr\/#organization"},"image":{"@id":"https:\/\/www.etf.fr\/en\/employment-and-education\/etf-partenaire-du-challenge-centrale-lyon-2025\/#primaryimage"},"thumbnailUrl":"https:\/\/www.etf.fr\/wp-content\/uploads\/2025\/06\/Photos-CCL_13.jpg","articleSection":["Employment and education","La Champenoise","Agence Sud Est","Actualit\u00e9s"],"inLanguage":"en-US"},{"@type":"WebPage","@id":"https:\/\/www.etf.fr\/en\/employment-and-education\/etf-partenaire-du-challenge-centrale-lyon-2025\/","url":"https:\/\/www.etf.fr\/en\/employment-and-education\/etf-partenaire-du-challenge-centrale-lyon-2025\/","name":"ETF partners with the Centrale Lyon 2025 Challenge - ETF","isPartOf":{"@id":"https:\/\/www.etf.fr\/#website"},"primaryImageOfPage":{"@id":"https:\/\/www.etf.fr\/en\/employment-and-education\/etf-partenaire-du-challenge-centrale-lyon-2025\/#primaryimage"},"image":{"@id":"https:\/\/www.etf.fr\/en\/employment-and-education\/etf-partenaire-du-challenge-centrale-lyon-2025\/#primaryimage"},"thumbnailUrl":"https:\/\/www.etf.fr\/wp-content\/uploads\/2025\/06\/Photos-CCL_13.jpg","datePublished":"2025-06-11T05:28:20+00:00","dateModified":"2025-08-25T12:10:59+00:00","breadcrumb":{"@id":"https:\/\/www.etf.fr\/en\/employment-and-education\/etf-partenaire-du-challenge-centrale-lyon-2025\/#breadcrumb"},"inLanguage":"en-US","potentialAction":[{"@type":"ReadAction","target":["https:\/\/www.etf.fr\/en\/employment-and-education\/etf-partenaire-du-challenge-centrale-lyon-2025\/"]}]},{"@type":"ImageObject","inLanguage":"en-US","@id":"https:\/\/www.etf.fr\/en\/employment-and-education\/etf-partenaire-du-challenge-centrale-lyon-2025\/#primaryimage","url":"https:\/\/www.etf.fr\/wp-content\/uploads\/2025\/06\/Photos-CCL_13.jpg","contentUrl":"https:\/\/www.etf.fr\/wp-content\/uploads\/2025\/06\/Photos-CCL_13.jpg","width":640,"height":480},{"@type":"BreadcrumbList","@id":"https:\/\/www.etf.fr\/en\/employment-and-education\/etf-partenaire-du-challenge-centrale-lyon-2025\/#breadcrumb","itemListElement":[{"@type":"ListItem","position":1,"name":"Accueil","item":"https:\/\/www.etf.fr\/en\/"},{"@type":"ListItem","position":2,"name":"ETF partners with the Centrale Lyon 2025 Challenge"}]},{"@type":"WebSite","@id":"https:\/\/www.etf.fr\/#website","url":"https:\/\/www.etf.fr\/","name":"ETF","description":"Your transport partner worldwide","publisher":{"@id":"https:\/\/www.etf.fr\/#organization"},"potentialAction":[{"@type":"SearchAction","target":{"@type":"EntryPoint","urlTemplate":"https:\/\/www.etf.fr\/?s={search_term_string}"},"query-input":{"@type":"PropertyValueSpecification","valueRequired":true,"valueName":"search_term_string"}}],"inLanguage":"en-US"},{"@type":"Organization","@id":"https:\/\/www.etf.fr\/#organization","name":"ETF","url":"https:\/\/www.etf.fr\/","logo":{"@type":"ImageObject","inLanguage":"en-US","@id":"https:\/\/www.etf.fr\/#\/schema\/logo\/image\/","url":"https:\/\/www.etf.fr\/wp-content\/uploads\/2019\/03\/logo-ETF.png","contentUrl":"https:\/\/www.etf.fr\/wp-content\/uploads\/2019\/03\/logo-ETF.png","width":272,"height":161,"caption":"ETF"},"image":{"@id":"https:\/\/www.etf.fr\/#\/schema\/logo\/image\/"}},{"@type":"Person","@id":"https:\/\/www.etf.fr\/#\/schema\/person\/b20334e710830573c2a3ba4ab9b7d679","name":"chloe","url":"https:\/\/www.etf.fr\/en\/author\/chloe\/"}]}},"_links":{"self":[{"href":"https:\/\/www.etf.fr\/en\/wp-json\/wp\/v2\/posts\/12088638","targetHints":{"allow":["GET"]}}],"collection":[{"href":"https:\/\/www.etf.fr\/en\/wp-json\/wp\/v2\/posts"}],"about":[{"href":"https:\/\/www.etf.fr\/en\/wp-json\/wp\/v2\/types\/post"}],"author":[{"embeddable":true,"href":"https:\/\/www.etf.fr\/en\/wp-json\/wp\/v2\/users\/239"}],"replies":[{"embeddable":true,"href":"https:\/\/www.etf.fr\/en\/wp-json\/wp\/v2\/comments?post=12088638"}],"version-history":[{"count":1,"href":"https:\/\/www.etf.fr\/en\/wp-json\/wp\/v2\/posts\/12088638\/revisions"}],"predecessor-version":[{"id":12088716,"href":"https:\/\/www.etf.fr\/en\/wp-json\/wp\/v2\/posts\/12088638\/revisions\/12088716"}],"wp:featuredmedia":[{"embeddable":true,"href":"https:\/\/www.etf.fr\/en\/wp-json\/wp\/v2\/media\/11064456"}],"wp:attachment":[{"href":"https:\/\/www.etf.fr\/en\/wp-json\/wp\/v2\/media?parent=12088638"}],"wp:term":[{"taxonomy":"category","embeddable":true,"href":"https:\/\/www.etf.fr\/en\/wp-json\/wp\/v2\/categories?post=12088638"},{"taxonomy":"post_tag","embeddable":true,"href":"https:\/\/www.etf.fr\/en\/wp-json\/wp\/v2\/tags?post=12088638"}],"curies":[{"name":"wp","href":"https:\/\/api.w.org\/{rel}","templated":true}]}}