{"id":12480504,"date":"2024-04-05T13:51:26","date_gmt":"2024-04-05T11:51:26","guid":{"rendered":"https:\/\/www.etf.fr\/uncategorized\/4-100eme-soudure-sur-la-ligne-15-sud-ouest-du-metro-parisien\/"},"modified":"2025-09-26T09:50:09","modified_gmt":"2025-09-26T07:50:09","slug":"4-100eme-soudure-sur-la-ligne-15-sud-ouest-du-metro-parisien","status":"publish","type":"post","link":"https:\/\/www.etf.fr\/en\/agences-grands-projets-transports-urbains-en\/4-100eme-soudure-sur-la-ligne-15-sud-ouest-du-metro-parisien\/","title":{"rendered":"4,100th weld on line 15 South West of the Paris Metro"},"content":{"rendered":"\n<p class=\"has-medium-font-size\"><strong><em><em><strong>On 3 April 2024, the ETF teams were proud to complete the final rail weld on Line 15 South-West in the presence of their client, La Soci\u00e9t\u00e9 des Grands Projets, local elected officials and the President of the \u00cele-de-France region, Val\u00e9rie Pecresse. This is a new milestone for Line 15 South, which is scheduled to enter service at the end of 2025. Along its 33 km, it will cross 22 municipalities and improve mobility for more than one million inhabitants.<\/strong><\/em><\/em><\/strong><\/p>\n\n\n\n<div class=\"wp-block-cover\" style=\"min-height:328px;aspect-ratio:unset;\"><img loading=\"lazy\" decoding=\"async\" width=\"1280\" height=\"853\" class=\"wp-block-cover__image-background wp-image-1612551\" alt=\"\" src=\"https:\/\/www.etf.fr\/wp-content\/uploads\/2024\/04\/229640-Gare-Clamart-derniere-soudure-de-rails-de-la-ligne-15-Sud-Bastien-Andre.jpg\" style=\"object-position:52% 33%\" data-object-fit=\"cover\" data-object-position=\"52% 33%\" srcset=\"https:\/\/www.etf.fr\/wp-content\/uploads\/2024\/04\/229640-Gare-Clamart-derniere-soudure-de-rails-de-la-ligne-15-Sud-Bastien-Andre.jpg 1280w, https:\/\/www.etf.fr\/wp-content\/uploads\/2024\/04\/229640-Gare-Clamart-derniere-soudure-de-rails-de-la-ligne-15-Sud-Bastien-Andre-250x167.jpg 250w, https:\/\/www.etf.fr\/wp-content\/uploads\/2024\/04\/229640-Gare-Clamart-derniere-soudure-de-rails-de-la-ligne-15-Sud-Bastien-Andre-803x535.jpg 803w, https:\/\/www.etf.fr\/wp-content\/uploads\/2024\/04\/229640-Gare-Clamart-derniere-soudure-de-rails-de-la-ligne-15-Sud-Bastien-Andre-593x395.jpg 593w\" sizes=\"auto, (max-width: 1280px) 100vw, 1280px\" \/><span aria-hidden=\"true\" class=\"wp-block-cover__background has-background-dim-0 has-background-dim\"><\/span><div class=\"wp-block-cover__inner-container is-layout-constrained wp-block-cover-is-layout-constrained\">\n<p class=\"has-text-align-center has-small-font-size\"><\/p>\n<\/div><\/div>\n\n\n\n<p class=\"has-medium-font-size\">This project began in January 2022. It involved equipping the railway infrastructure (tracks and overhead contact lines) along the 16.5 km section between the future Pont de S\u00e8vres and Les Ardoines stations. The work will be completed in mid-May 2024, but our teams will remain mobilised alongside their client until the line is commissioned.<\/p>\n\n\n\n<p class=\"has-medium-font-size\">In addition to working to develop rail mobility, ETF is committed to local employment. More than 36,000 hours have been completed in integration programmes thanks to local partners based in the municipalities through which our project passes.\u00a0<\/p>\n\n\n\n<div class=\"wp-block-media-text is-stacked-on-mobile is-image-fill-element\" style=\"grid-template-columns:34% auto\"><figure class=\"wp-block-media-text__media\"><img loading=\"lazy\" decoding=\"async\" width=\"357\" height=\"535\" src=\"https:\/\/www.etf.fr\/wp-content\/uploads\/2024\/04\/229652-Gare-Clamart-derniere-soudure-de-rails-de-la-ligne-15-Sud-Bastien-Andre-357x535.jpg\" alt=\"\" class=\"wp-image-1612553 size-full\" style=\"object-position:54% 55%\" srcset=\"https:\/\/www.etf.fr\/wp-content\/uploads\/2024\/04\/229652-Gare-Clamart-derniere-soudure-de-rails-de-la-ligne-15-Sud-Bastien-Andre-357x535.jpg 357w, https:\/\/www.etf.fr\/wp-content\/uploads\/2024\/04\/229652-Gare-Clamart-derniere-soudure-de-rails-de-la-ligne-15-Sud-Bastien-Andre-167x250.jpg 167w, https:\/\/www.etf.fr\/wp-content\/uploads\/2024\/04\/229652-Gare-Clamart-derniere-soudure-de-rails-de-la-ligne-15-Sud-Bastien-Andre-263x395.jpg 263w, https:\/\/www.etf.fr\/wp-content\/uploads\/2024\/04\/229652-Gare-Clamart-derniere-soudure-de-rails-de-la-ligne-15-Sud-Bastien-Andre.jpg 853w\" sizes=\"auto, (max-width: 357px) 100vw, 357px\" \/><\/figure><div class=\"wp-block-media-text__content\">\n<p>To successfully complete this major project, ETF was able to draw on the know-how and expertise of its employees in the Major Urban Projects and Catenary divisions, as well as on the synergy of the VINCI Group with the involvement of Mobility, a subsidiary of VINCI Energies.<\/p>\n\n\n\n<h4 class=\"wp-block-heading\">The project in figures<\/h4>\n\n\n\n<p>To successfully complete this major project, ETF was able to draw on the know-how and expertise of its employees in the Major Urban Projects and Catenary divisions, as well as on the synergy of the VINCI Group with the involvement of Mobility, a subsidiary of VINCI Energies.<\/p>\n\n\n\n<h4 class=\"wp-block-heading\">The project in figures<\/h4>\n\n\n\n<ul class=\"wp-block-list\">\n<li>4,200 tonnes of rail, three quarters of which is low-carbon <em>(made from recycled steel remelted in electric furnaces rather than gas furnaces)<\/em><\/li>\n\n\n\n<li>56,000 sleepers<\/li>\n\n\n\n<li>25,000 m3 of low-carbon concrete<\/li>\n\n\n\n<li>4,100 welds<\/li>\n<\/ul>\n<\/div><\/div>\n\n\n\n<div class=\"wp-block-columns is-layout-flex wp-container-core-columns-is-layout-9d6595d7 wp-block-columns-is-layout-flex\">\n<div class=\"wp-block-column is-layout-flow wp-block-column-is-layout-flow\">\n<div style=\"height:64px\" aria-hidden=\"true\" class=\"wp-block-spacer\"><\/div>\n<\/div>\n<\/div>\n\n\n\n<figure class=\"wp-block-gallery has-nested-images columns-4 is-cropped wp-block-gallery-1 is-layout-flex wp-block-gallery-is-layout-flex\">\n<figure class=\"wp-block-image size-full\"><a href=\"https:\/\/www.etf.fr\/wp-content\/uploads\/2024\/04\/229568-Gare-Clamart-derniere-soudure-de-rails-de-la-ligne-15-Sud-Bastien-Andre.jpg\" target=\"_blank\" rel=\"noopener\"><img loading=\"lazy\" decoding=\"async\" width=\"1280\" height=\"853\" data-id=\"1612531\" src=\"https:\/\/www.etf.fr\/wp-content\/uploads\/2024\/04\/229568-Gare-Clamart-derniere-soudure-de-rails-de-la-ligne-15-Sud-Bastien-Andre.jpg\" alt=\"\" class=\"wp-image-1612531\" srcset=\"https:\/\/www.etf.fr\/wp-content\/uploads\/2024\/04\/229568-Gare-Clamart-derniere-soudure-de-rails-de-la-ligne-15-Sud-Bastien-Andre.jpg 1280w, https:\/\/www.etf.fr\/wp-content\/uploads\/2024\/04\/229568-Gare-Clamart-derniere-soudure-de-rails-de-la-ligne-15-Sud-Bastien-Andre-250x167.jpg 250w, https:\/\/www.etf.fr\/wp-content\/uploads\/2024\/04\/229568-Gare-Clamart-derniere-soudure-de-rails-de-la-ligne-15-Sud-Bastien-Andre-803x535.jpg 803w, https:\/\/www.etf.fr\/wp-content\/uploads\/2024\/04\/229568-Gare-Clamart-derniere-soudure-de-rails-de-la-ligne-15-Sud-Bastien-Andre-593x395.jpg 593w\" sizes=\"auto, (max-width: 1280px) 100vw, 1280px\" \/><\/a><\/figure>\n\n\n\n<figure class=\"wp-block-image size-full\"><a href=\"https:\/\/www.etf.fr\/wp-content\/uploads\/2024\/04\/229562-Gare-Clamart-derniere-soudure-de-rails-de-la-ligne-15-Sud-Bastien-Andre.jpg\" target=\"_blank\" rel=\"noopener\"><img loading=\"lazy\" decoding=\"async\" width=\"1280\" height=\"853\" data-id=\"1612529\" src=\"https:\/\/www.etf.fr\/wp-content\/uploads\/2024\/04\/229562-Gare-Clamart-derniere-soudure-de-rails-de-la-ligne-15-Sud-Bastien-Andre.jpg\" alt=\"\" class=\"wp-image-1612529\" srcset=\"https:\/\/www.etf.fr\/wp-content\/uploads\/2024\/04\/229562-Gare-Clamart-derniere-soudure-de-rails-de-la-ligne-15-Sud-Bastien-Andre.jpg 1280w, https:\/\/www.etf.fr\/wp-content\/uploads\/2024\/04\/229562-Gare-Clamart-derniere-soudure-de-rails-de-la-ligne-15-Sud-Bastien-Andre-250x167.jpg 250w, https:\/\/www.etf.fr\/wp-content\/uploads\/2024\/04\/229562-Gare-Clamart-derniere-soudure-de-rails-de-la-ligne-15-Sud-Bastien-Andre-803x535.jpg 803w, https:\/\/www.etf.fr\/wp-content\/uploads\/2024\/04\/229562-Gare-Clamart-derniere-soudure-de-rails-de-la-ligne-15-Sud-Bastien-Andre-593x395.jpg 593w\" sizes=\"auto, (max-width: 1280px) 100vw, 1280px\" \/><\/a><\/figure>\n\n\n\n<figure class=\"wp-block-image size-full\"><a href=\"https:\/\/www.etf.fr\/wp-content\/uploads\/2024\/04\/229574-Gare-Clamart-derniere-soudure-de-rails-de-la-ligne-15-Sud-Bastien-Andre.jpg\" target=\"_blank\" rel=\"noopener\"><img loading=\"lazy\" decoding=\"async\" width=\"1280\" height=\"853\" data-id=\"1612532\" src=\"https:\/\/www.etf.fr\/wp-content\/uploads\/2024\/04\/229574-Gare-Clamart-derniere-soudure-de-rails-de-la-ligne-15-Sud-Bastien-Andre.jpg\" alt=\"\" class=\"wp-image-1612532\" srcset=\"https:\/\/www.etf.fr\/wp-content\/uploads\/2024\/04\/229574-Gare-Clamart-derniere-soudure-de-rails-de-la-ligne-15-Sud-Bastien-Andre.jpg 1280w, https:\/\/www.etf.fr\/wp-content\/uploads\/2024\/04\/229574-Gare-Clamart-derniere-soudure-de-rails-de-la-ligne-15-Sud-Bastien-Andre-250x167.jpg 250w, https:\/\/www.etf.fr\/wp-content\/uploads\/2024\/04\/229574-Gare-Clamart-derniere-soudure-de-rails-de-la-ligne-15-Sud-Bastien-Andre-803x535.jpg 803w, https:\/\/www.etf.fr\/wp-content\/uploads\/2024\/04\/229574-Gare-Clamart-derniere-soudure-de-rails-de-la-ligne-15-Sud-Bastien-Andre-593x395.jpg 593w\" sizes=\"auto, (max-width: 1280px) 100vw, 1280px\" \/><\/a><\/figure>\n\n\n\n<figure class=\"wp-block-image size-full\"><a href=\"https:\/\/www.etf.fr\/wp-content\/uploads\/2024\/04\/229580-Gare-Clamart-derniere-soudure-de-rails-de-la-ligne-15-Sud-Bastien-Andre.jpg\" target=\"_blank\" rel=\"noopener\"><img loading=\"lazy\" decoding=\"async\" width=\"1280\" height=\"853\" data-id=\"1612538\" src=\"https:\/\/www.etf.fr\/wp-content\/uploads\/2024\/04\/229580-Gare-Clamart-derniere-soudure-de-rails-de-la-ligne-15-Sud-Bastien-Andre.jpg\" alt=\"\" class=\"wp-image-1612538\" srcset=\"https:\/\/www.etf.fr\/wp-content\/uploads\/2024\/04\/229580-Gare-Clamart-derniere-soudure-de-rails-de-la-ligne-15-Sud-Bastien-Andre.jpg 1280w, https:\/\/www.etf.fr\/wp-content\/uploads\/2024\/04\/229580-Gare-Clamart-derniere-soudure-de-rails-de-la-ligne-15-Sud-Bastien-Andre-250x167.jpg 250w, https:\/\/www.etf.fr\/wp-content\/uploads\/2024\/04\/229580-Gare-Clamart-derniere-soudure-de-rails-de-la-ligne-15-Sud-Bastien-Andre-803x535.jpg 803w, https:\/\/www.etf.fr\/wp-content\/uploads\/2024\/04\/229580-Gare-Clamart-derniere-soudure-de-rails-de-la-ligne-15-Sud-Bastien-Andre-593x395.jpg 593w\" sizes=\"auto, (max-width: 1280px) 100vw, 1280px\" \/><\/a><\/figure>\n\n\n\n<figure class=\"wp-block-image size-full\"><a href=\"https:\/\/www.etf.fr\/wp-content\/uploads\/2024\/04\/229583-Gare-Clamart-derniere-soudure-de-rails-de-la-ligne-15-Sud-Bastien-Andre.jpg\" target=\"_blank\" rel=\"noopener\"><img loading=\"lazy\" decoding=\"async\" width=\"1280\" height=\"853\" data-id=\"1612537\" src=\"https:\/\/www.etf.fr\/wp-content\/uploads\/2024\/04\/229583-Gare-Clamart-derniere-soudure-de-rails-de-la-ligne-15-Sud-Bastien-Andre.jpg\" alt=\"\" class=\"wp-image-1612537\" srcset=\"https:\/\/www.etf.fr\/wp-content\/uploads\/2024\/04\/229583-Gare-Clamart-derniere-soudure-de-rails-de-la-ligne-15-Sud-Bastien-Andre.jpg 1280w, https:\/\/www.etf.fr\/wp-content\/uploads\/2024\/04\/229583-Gare-Clamart-derniere-soudure-de-rails-de-la-ligne-15-Sud-Bastien-Andre-250x167.jpg 250w, https:\/\/www.etf.fr\/wp-content\/uploads\/2024\/04\/229583-Gare-Clamart-derniere-soudure-de-rails-de-la-ligne-15-Sud-Bastien-Andre-803x535.jpg 803w, https:\/\/www.etf.fr\/wp-content\/uploads\/2024\/04\/229583-Gare-Clamart-derniere-soudure-de-rails-de-la-ligne-15-Sud-Bastien-Andre-593x395.jpg 593w\" sizes=\"auto, (max-width: 1280px) 100vw, 1280px\" \/><\/a><\/figure>\n\n\n\n<figure class=\"wp-block-image size-full\"><a href=\"https:\/\/www.etf.fr\/wp-content\/uploads\/2024\/04\/229595-Gare-Clamart-derniere-soudure-de-rails-de-la-ligne-15-Sud-Bastien-Andre.jpg\" target=\"_blank\" rel=\"noopener\"><img loading=\"lazy\" decoding=\"async\" width=\"1280\" height=\"853\" data-id=\"1612533\" src=\"https:\/\/www.etf.fr\/wp-content\/uploads\/2024\/04\/229595-Gare-Clamart-derniere-soudure-de-rails-de-la-ligne-15-Sud-Bastien-Andre.jpg\" alt=\"\" class=\"wp-image-1612533\" srcset=\"https:\/\/www.etf.fr\/wp-content\/uploads\/2024\/04\/229595-Gare-Clamart-derniere-soudure-de-rails-de-la-ligne-15-Sud-Bastien-Andre.jpg 1280w, https:\/\/www.etf.fr\/wp-content\/uploads\/2024\/04\/229595-Gare-Clamart-derniere-soudure-de-rails-de-la-ligne-15-Sud-Bastien-Andre-250x167.jpg 250w, https:\/\/www.etf.fr\/wp-content\/uploads\/2024\/04\/229595-Gare-Clamart-derniere-soudure-de-rails-de-la-ligne-15-Sud-Bastien-Andre-803x535.jpg 803w, https:\/\/www.etf.fr\/wp-content\/uploads\/2024\/04\/229595-Gare-Clamart-derniere-soudure-de-rails-de-la-ligne-15-Sud-Bastien-Andre-593x395.jpg 593w\" sizes=\"auto, (max-width: 1280px) 100vw, 1280px\" \/><\/a><\/figure>\n\n\n\n<figure class=\"wp-block-image size-full\"><a href=\"https:\/\/www.etf.fr\/wp-content\/uploads\/2024\/04\/229598-Gare-Clamart-derniere-soudure-de-rails-de-la-ligne-15-Sud-Bastien-Andre.jpg\" target=\"_blank\" rel=\"noopener\"><img loading=\"lazy\" decoding=\"async\" width=\"853\" height=\"1280\" data-id=\"1612541\" src=\"https:\/\/www.etf.fr\/wp-content\/uploads\/2024\/04\/229598-Gare-Clamart-derniere-soudure-de-rails-de-la-ligne-15-Sud-Bastien-Andre.jpg\" alt=\"\" class=\"wp-image-1612541\" srcset=\"https:\/\/www.etf.fr\/wp-content\/uploads\/2024\/04\/229598-Gare-Clamart-derniere-soudure-de-rails-de-la-ligne-15-Sud-Bastien-Andre.jpg 853w, https:\/\/www.etf.fr\/wp-content\/uploads\/2024\/04\/229598-Gare-Clamart-derniere-soudure-de-rails-de-la-ligne-15-Sud-Bastien-Andre-167x250.jpg 167w, https:\/\/www.etf.fr\/wp-content\/uploads\/2024\/04\/229598-Gare-Clamart-derniere-soudure-de-rails-de-la-ligne-15-Sud-Bastien-Andre-357x535.jpg 357w, https:\/\/www.etf.fr\/wp-content\/uploads\/2024\/04\/229598-Gare-Clamart-derniere-soudure-de-rails-de-la-ligne-15-Sud-Bastien-Andre-263x395.jpg 263w\" sizes=\"auto, (max-width: 853px) 100vw, 853px\" \/><\/a><\/figure>\n\n\n\n<figure class=\"wp-block-image size-full\"><a href=\"https:\/\/www.etf.fr\/wp-content\/uploads\/2024\/04\/229601-Gare-Clamart-derniere-soudure-de-rails-de-la-ligne-15-Sud-Bastien-Andre.jpg\" target=\"_blank\" rel=\"noopener\"><img loading=\"lazy\" decoding=\"async\" width=\"1280\" height=\"853\" data-id=\"1612545\" src=\"https:\/\/www.etf.fr\/wp-content\/uploads\/2024\/04\/229601-Gare-Clamart-derniere-soudure-de-rails-de-la-ligne-15-Sud-Bastien-Andre.jpg\" alt=\"\" class=\"wp-image-1612545\" srcset=\"https:\/\/www.etf.fr\/wp-content\/uploads\/2024\/04\/229601-Gare-Clamart-derniere-soudure-de-rails-de-la-ligne-15-Sud-Bastien-Andre.jpg 1280w, https:\/\/www.etf.fr\/wp-content\/uploads\/2024\/04\/229601-Gare-Clamart-derniere-soudure-de-rails-de-la-ligne-15-Sud-Bastien-Andre-250x167.jpg 250w, https:\/\/www.etf.fr\/wp-content\/uploads\/2024\/04\/229601-Gare-Clamart-derniere-soudure-de-rails-de-la-ligne-15-Sud-Bastien-Andre-803x535.jpg 803w, https:\/\/www.etf.fr\/wp-content\/uploads\/2024\/04\/229601-Gare-Clamart-derniere-soudure-de-rails-de-la-ligne-15-Sud-Bastien-Andre-593x395.jpg 593w\" sizes=\"auto, (max-width: 1280px) 100vw, 1280px\" \/><\/a><\/figure>\n\n\n\n<figure class=\"wp-block-image size-full\"><a href=\"https:\/\/www.etf.fr\/wp-content\/uploads\/2024\/04\/229643-Gare-Clamart-derniere-soudure-de-rails-de-la-ligne-15-Sud-Bastien-Andre.jpg\" target=\"_blank\" rel=\"noopener\"><img loading=\"lazy\" decoding=\"async\" width=\"1280\" height=\"853\" data-id=\"1612547\" src=\"https:\/\/www.etf.fr\/wp-content\/uploads\/2024\/04\/229643-Gare-Clamart-derniere-soudure-de-rails-de-la-ligne-15-Sud-Bastien-Andre.jpg\" alt=\"\" class=\"wp-image-1612547\" srcset=\"https:\/\/www.etf.fr\/wp-content\/uploads\/2024\/04\/229643-Gare-Clamart-derniere-soudure-de-rails-de-la-ligne-15-Sud-Bastien-Andre.jpg 1280w, https:\/\/www.etf.fr\/wp-content\/uploads\/2024\/04\/229643-Gare-Clamart-derniere-soudure-de-rails-de-la-ligne-15-Sud-Bastien-Andre-250x167.jpg 250w, https:\/\/www.etf.fr\/wp-content\/uploads\/2024\/04\/229643-Gare-Clamart-derniere-soudure-de-rails-de-la-ligne-15-Sud-Bastien-Andre-803x535.jpg 803w, https:\/\/www.etf.fr\/wp-content\/uploads\/2024\/04\/229643-Gare-Clamart-derniere-soudure-de-rails-de-la-ligne-15-Sud-Bastien-Andre-593x395.jpg 593w\" sizes=\"auto, (max-width: 1280px) 100vw, 1280px\" \/><\/a><\/figure>\n\n\n\n<figure class=\"wp-block-image size-full\"><a href=\"https:\/\/www.etf.fr\/wp-content\/uploads\/2024\/04\/229634-Gare-Clamart-derniere-soudure-de-rails-de-la-ligne-15-Sud-Bastien-Andre.jpg\" target=\"_blank\" rel=\"noopener\"><img loading=\"lazy\" decoding=\"async\" width=\"1280\" height=\"853\" data-id=\"1612549\" src=\"https:\/\/www.etf.fr\/wp-content\/uploads\/2024\/04\/229634-Gare-Clamart-derniere-soudure-de-rails-de-la-ligne-15-Sud-Bastien-Andre.jpg\" alt=\"\" class=\"wp-image-1612549\" srcset=\"https:\/\/www.etf.fr\/wp-content\/uploads\/2024\/04\/229634-Gare-Clamart-derniere-soudure-de-rails-de-la-ligne-15-Sud-Bastien-Andre.jpg 1280w, https:\/\/www.etf.fr\/wp-content\/uploads\/2024\/04\/229634-Gare-Clamart-derniere-soudure-de-rails-de-la-ligne-15-Sud-Bastien-Andre-250x167.jpg 250w, https:\/\/www.etf.fr\/wp-content\/uploads\/2024\/04\/229634-Gare-Clamart-derniere-soudure-de-rails-de-la-ligne-15-Sud-Bastien-Andre-803x535.jpg 803w, https:\/\/www.etf.fr\/wp-content\/uploads\/2024\/04\/229634-Gare-Clamart-derniere-soudure-de-rails-de-la-ligne-15-Sud-Bastien-Andre-593x395.jpg 593w\" sizes=\"auto, (max-width: 1280px) 100vw, 1280px\" \/><\/a><\/figure>\n<\/figure>\n\n\n\n<p><em>Photos : Soci\u00e9t\u00e9 des grands projets \/ Bastien Andr\u00e9<\/em><\/p>\n","protected":false},"excerpt":{"rendered":"<p>On 3 April 2024, the ETF teams were proud to complete the final rail weld on Line 15 South-West in the presence of their client, La Soci\u00e9t\u00e9 des Grands Projets, local elected officials and the President of the \u00cele-de-France region, Val\u00e9rie Pecresse. <\/p>\n","protected":false},"author":5,"featured_media":1612540,"comment_status":"closed","ping_status":"closed","sticky":false,"template":"","format":"standard","meta":{"_acf_changed":false,"footnotes":""},"categories":[192],"tags":[],"class_list":["post-12480504","post","type-post","status-publish","format-standard","has-post-thumbnail","hentry","category-agences-grands-projets-transports-urbains-en"],"acf":[],"yoast_head":"<!-- This site is optimized with the Yoast SEO plugin v27.5 - https:\/\/yoast.com\/product\/yoast-seo-wordpress\/ -->\n<title>4,100th weld on line 15 South West of the Paris Metro - ETF<\/title>\n<meta name=\"robots\" content=\"index, follow, max-snippet:-1, max-image-preview:large, max-video-preview:-1\" \/>\n<link rel=\"canonical\" href=\"https:\/\/www.etf.fr\/en\/agences-grands-projets-transports-urbains-en\/4-100eme-soudure-sur-la-ligne-15-sud-ouest-du-metro-parisien\/\" \/>\n<meta property=\"og:locale\" content=\"en_US\" \/>\n<meta property=\"og:type\" content=\"article\" \/>\n<meta property=\"og:title\" content=\"4,100th weld on line 15 South West of the Paris Metro - ETF\" \/>\n<meta property=\"og:description\" content=\"On 3 April 2024, the ETF teams were proud to complete the final rail weld on Line 15 South-West in the presence of their client, La Soci\u00e9t\u00e9 des Grands Projets, local elected officials and the President of the \u00cele-de-France region, Val\u00e9rie Pecresse.\" \/>\n<meta property=\"og:url\" content=\"https:\/\/www.etf.fr\/en\/agences-grands-projets-transports-urbains-en\/4-100eme-soudure-sur-la-ligne-15-sud-ouest-du-metro-parisien\/\" \/>\n<meta property=\"og:site_name\" content=\"ETF\" \/>\n<meta property=\"article:published_time\" content=\"2024-04-05T11:51:26+00:00\" \/>\n<meta property=\"article:modified_time\" content=\"2025-09-26T07:50:09+00:00\" \/>\n<meta property=\"og:image\" content=\"https:\/\/www.etf.fr\/wp-content\/uploads\/2024\/04\/229580-Gare-Clamart-derniere-soudure-de-rails-de-la-ligne-15-Sud-Bastien-Andre.jpg\" \/>\n\t<meta property=\"og:image:width\" content=\"1280\" \/>\n\t<meta property=\"og:image:height\" content=\"853\" \/>\n\t<meta property=\"og:image:type\" content=\"image\/jpeg\" \/>\n<meta name=\"author\" content=\"mathilde\" \/>\n<meta name=\"twitter:card\" content=\"summary_large_image\" \/>\n<meta name=\"twitter:label1\" content=\"Written by\" \/>\n\t<meta name=\"twitter:data1\" content=\"mathilde\" \/>\n\t<meta name=\"twitter:label2\" content=\"Est. reading time\" \/>\n\t<meta name=\"twitter:data2\" content=\"5 minutes\" \/>\n<script type=\"application\/ld+json\" class=\"yoast-schema-graph\">{\"@context\":\"https:\\\/\\\/schema.org\",\"@graph\":[{\"@type\":\"Article\",\"@id\":\"https:\\\/\\\/www.etf.fr\\\/en\\\/agences-grands-projets-transports-urbains-en\\\/4-100eme-soudure-sur-la-ligne-15-sud-ouest-du-metro-parisien\\\/#article\",\"isPartOf\":{\"@id\":\"https:\\\/\\\/www.etf.fr\\\/en\\\/agences-grands-projets-transports-urbains-en\\\/4-100eme-soudure-sur-la-ligne-15-sud-ouest-du-metro-parisien\\\/\"},\"author\":{\"name\":\"mathilde\",\"@id\":\"https:\\\/\\\/www.etf.fr\\\/#\\\/schema\\\/person\\\/161a2c149c1f701b263f97f54de35dbd\"},\"headline\":\"4,100th weld on line 15 South West of the Paris Metro\",\"datePublished\":\"2024-04-05T11:51:26+00:00\",\"dateModified\":\"2025-09-26T07:50:09+00:00\",\"mainEntityOfPage\":{\"@id\":\"https:\\\/\\\/www.etf.fr\\\/en\\\/agences-grands-projets-transports-urbains-en\\\/4-100eme-soudure-sur-la-ligne-15-sud-ouest-du-metro-parisien\\\/\"},\"wordCount\":310,\"publisher\":{\"@id\":\"https:\\\/\\\/www.etf.fr\\\/#organization\"},\"image\":{\"@id\":\"https:\\\/\\\/www.etf.fr\\\/en\\\/agences-grands-projets-transports-urbains-en\\\/4-100eme-soudure-sur-la-ligne-15-sud-ouest-du-metro-parisien\\\/#primaryimage\"},\"thumbnailUrl\":\"https:\\\/\\\/www.etf.fr\\\/wp-content\\\/uploads\\\/2024\\\/04\\\/229580-Gare-Clamart-derniere-soudure-de-rails-de-la-ligne-15-Sud-Bastien-Andre.jpg\",\"articleSection\":[\"Agences Grands Projets Urbains\"],\"inLanguage\":\"en-US\"},{\"@type\":\"WebPage\",\"@id\":\"https:\\\/\\\/www.etf.fr\\\/en\\\/agences-grands-projets-transports-urbains-en\\\/4-100eme-soudure-sur-la-ligne-15-sud-ouest-du-metro-parisien\\\/\",\"url\":\"https:\\\/\\\/www.etf.fr\\\/en\\\/agences-grands-projets-transports-urbains-en\\\/4-100eme-soudure-sur-la-ligne-15-sud-ouest-du-metro-parisien\\\/\",\"name\":\"4,100th weld on line 15 South West of the Paris Metro - ETF\",\"isPartOf\":{\"@id\":\"https:\\\/\\\/www.etf.fr\\\/#website\"},\"primaryImageOfPage\":{\"@id\":\"https:\\\/\\\/www.etf.fr\\\/en\\\/agences-grands-projets-transports-urbains-en\\\/4-100eme-soudure-sur-la-ligne-15-sud-ouest-du-metro-parisien\\\/#primaryimage\"},\"image\":{\"@id\":\"https:\\\/\\\/www.etf.fr\\\/en\\\/agences-grands-projets-transports-urbains-en\\\/4-100eme-soudure-sur-la-ligne-15-sud-ouest-du-metro-parisien\\\/#primaryimage\"},\"thumbnailUrl\":\"https:\\\/\\\/www.etf.fr\\\/wp-content\\\/uploads\\\/2024\\\/04\\\/229580-Gare-Clamart-derniere-soudure-de-rails-de-la-ligne-15-Sud-Bastien-Andre.jpg\",\"datePublished\":\"2024-04-05T11:51:26+00:00\",\"dateModified\":\"2025-09-26T07:50:09+00:00\",\"breadcrumb\":{\"@id\":\"https:\\\/\\\/www.etf.fr\\\/en\\\/agences-grands-projets-transports-urbains-en\\\/4-100eme-soudure-sur-la-ligne-15-sud-ouest-du-metro-parisien\\\/#breadcrumb\"},\"inLanguage\":\"en-US\",\"potentialAction\":[{\"@type\":\"ReadAction\",\"target\":[\"https:\\\/\\\/www.etf.fr\\\/en\\\/agences-grands-projets-transports-urbains-en\\\/4-100eme-soudure-sur-la-ligne-15-sud-ouest-du-metro-parisien\\\/\"]}]},{\"@type\":\"ImageObject\",\"inLanguage\":\"en-US\",\"@id\":\"https:\\\/\\\/www.etf.fr\\\/en\\\/agences-grands-projets-transports-urbains-en\\\/4-100eme-soudure-sur-la-ligne-15-sud-ouest-du-metro-parisien\\\/#primaryimage\",\"url\":\"https:\\\/\\\/www.etf.fr\\\/wp-content\\\/uploads\\\/2024\\\/04\\\/229580-Gare-Clamart-derniere-soudure-de-rails-de-la-ligne-15-Sud-Bastien-Andre.jpg\",\"contentUrl\":\"https:\\\/\\\/www.etf.fr\\\/wp-content\\\/uploads\\\/2024\\\/04\\\/229580-Gare-Clamart-derniere-soudure-de-rails-de-la-ligne-15-Sud-Bastien-Andre.jpg\",\"width\":1280,\"height\":853,\"caption\":\"Evement derni\u00e8re soudure de rail de la ligne 15 sud, Le 03\\\/04\\\/24 \u00e0 Malakoff, dans le chantier de la gare Clamart (FIVC)\"},{\"@type\":\"BreadcrumbList\",\"@id\":\"https:\\\/\\\/www.etf.fr\\\/en\\\/agences-grands-projets-transports-urbains-en\\\/4-100eme-soudure-sur-la-ligne-15-sud-ouest-du-metro-parisien\\\/#breadcrumb\",\"itemListElement\":[{\"@type\":\"ListItem\",\"position\":1,\"name\":\"Accueil\",\"item\":\"https:\\\/\\\/www.etf.fr\\\/en\\\/\"},{\"@type\":\"ListItem\",\"position\":2,\"name\":\"4,100th weld on line 15 South West of the Paris Metro\"}]},{\"@type\":\"WebSite\",\"@id\":\"https:\\\/\\\/www.etf.fr\\\/#website\",\"url\":\"https:\\\/\\\/www.etf.fr\\\/\",\"name\":\"ETF\",\"description\":\"Your transport partner worldwide\",\"publisher\":{\"@id\":\"https:\\\/\\\/www.etf.fr\\\/#organization\"},\"potentialAction\":[{\"@type\":\"SearchAction\",\"target\":{\"@type\":\"EntryPoint\",\"urlTemplate\":\"https:\\\/\\\/www.etf.fr\\\/?s={search_term_string}\"},\"query-input\":{\"@type\":\"PropertyValueSpecification\",\"valueRequired\":true,\"valueName\":\"search_term_string\"}}],\"inLanguage\":\"en-US\"},{\"@type\":\"Organization\",\"@id\":\"https:\\\/\\\/www.etf.fr\\\/#organization\",\"name\":\"ETF\",\"url\":\"https:\\\/\\\/www.etf.fr\\\/\",\"logo\":{\"@type\":\"ImageObject\",\"inLanguage\":\"en-US\",\"@id\":\"https:\\\/\\\/www.etf.fr\\\/#\\\/schema\\\/logo\\\/image\\\/\",\"url\":\"https:\\\/\\\/www.etf.fr\\\/wp-content\\\/uploads\\\/2019\\\/03\\\/logo-ETF.png\",\"contentUrl\":\"https:\\\/\\\/www.etf.fr\\\/wp-content\\\/uploads\\\/2019\\\/03\\\/logo-ETF.png\",\"width\":272,\"height\":161,\"caption\":\"ETF\"},\"image\":{\"@id\":\"https:\\\/\\\/www.etf.fr\\\/#\\\/schema\\\/logo\\\/image\\\/\"}},{\"@type\":\"Person\",\"@id\":\"https:\\\/\\\/www.etf.fr\\\/#\\\/schema\\\/person\\\/161a2c149c1f701b263f97f54de35dbd\",\"name\":\"mathilde\",\"url\":\"https:\\\/\\\/www.etf.fr\\\/en\\\/author\\\/mathilde\\\/\"}]}<\/script>\n<!-- \/ Yoast SEO plugin. -->","yoast_head_json":{"title":"4,100th weld on line 15 South West of the Paris Metro - ETF","robots":{"index":"index","follow":"follow","max-snippet":"max-snippet:-1","max-image-preview":"max-image-preview:large","max-video-preview":"max-video-preview:-1"},"canonical":"https:\/\/www.etf.fr\/en\/agences-grands-projets-transports-urbains-en\/4-100eme-soudure-sur-la-ligne-15-sud-ouest-du-metro-parisien\/","og_locale":"en_US","og_type":"article","og_title":"4,100th weld on line 15 South West of the Paris Metro - ETF","og_description":"On 3 April 2024, the ETF teams were proud to complete the final rail weld on Line 15 South-West in the presence of their client, La Soci\u00e9t\u00e9 des Grands Projets, local elected officials and the President of the \u00cele-de-France region, Val\u00e9rie Pecresse.","og_url":"https:\/\/www.etf.fr\/en\/agences-grands-projets-transports-urbains-en\/4-100eme-soudure-sur-la-ligne-15-sud-ouest-du-metro-parisien\/","og_site_name":"ETF","article_published_time":"2024-04-05T11:51:26+00:00","article_modified_time":"2025-09-26T07:50:09+00:00","og_image":[{"width":1280,"height":853,"url":"https:\/\/www.etf.fr\/wp-content\/uploads\/2024\/04\/229580-Gare-Clamart-derniere-soudure-de-rails-de-la-ligne-15-Sud-Bastien-Andre.jpg","type":"image\/jpeg"}],"author":"mathilde","twitter_card":"summary_large_image","twitter_misc":{"Written by":"mathilde","Est. reading time":"5 minutes"},"schema":{"@context":"https:\/\/schema.org","@graph":[{"@type":"Article","@id":"https:\/\/www.etf.fr\/en\/agences-grands-projets-transports-urbains-en\/4-100eme-soudure-sur-la-ligne-15-sud-ouest-du-metro-parisien\/#article","isPartOf":{"@id":"https:\/\/www.etf.fr\/en\/agences-grands-projets-transports-urbains-en\/4-100eme-soudure-sur-la-ligne-15-sud-ouest-du-metro-parisien\/"},"author":{"name":"mathilde","@id":"https:\/\/www.etf.fr\/#\/schema\/person\/161a2c149c1f701b263f97f54de35dbd"},"headline":"4,100th weld on line 15 South West of the Paris Metro","datePublished":"2024-04-05T11:51:26+00:00","dateModified":"2025-09-26T07:50:09+00:00","mainEntityOfPage":{"@id":"https:\/\/www.etf.fr\/en\/agences-grands-projets-transports-urbains-en\/4-100eme-soudure-sur-la-ligne-15-sud-ouest-du-metro-parisien\/"},"wordCount":310,"publisher":{"@id":"https:\/\/www.etf.fr\/#organization"},"image":{"@id":"https:\/\/www.etf.fr\/en\/agences-grands-projets-transports-urbains-en\/4-100eme-soudure-sur-la-ligne-15-sud-ouest-du-metro-parisien\/#primaryimage"},"thumbnailUrl":"https:\/\/www.etf.fr\/wp-content\/uploads\/2024\/04\/229580-Gare-Clamart-derniere-soudure-de-rails-de-la-ligne-15-Sud-Bastien-Andre.jpg","articleSection":["Agences Grands Projets Urbains"],"inLanguage":"en-US"},{"@type":"WebPage","@id":"https:\/\/www.etf.fr\/en\/agences-grands-projets-transports-urbains-en\/4-100eme-soudure-sur-la-ligne-15-sud-ouest-du-metro-parisien\/","url":"https:\/\/www.etf.fr\/en\/agences-grands-projets-transports-urbains-en\/4-100eme-soudure-sur-la-ligne-15-sud-ouest-du-metro-parisien\/","name":"4,100th weld on line 15 South West of the Paris Metro - ETF","isPartOf":{"@id":"https:\/\/www.etf.fr\/#website"},"primaryImageOfPage":{"@id":"https:\/\/www.etf.fr\/en\/agences-grands-projets-transports-urbains-en\/4-100eme-soudure-sur-la-ligne-15-sud-ouest-du-metro-parisien\/#primaryimage"},"image":{"@id":"https:\/\/www.etf.fr\/en\/agences-grands-projets-transports-urbains-en\/4-100eme-soudure-sur-la-ligne-15-sud-ouest-du-metro-parisien\/#primaryimage"},"thumbnailUrl":"https:\/\/www.etf.fr\/wp-content\/uploads\/2024\/04\/229580-Gare-Clamart-derniere-soudure-de-rails-de-la-ligne-15-Sud-Bastien-Andre.jpg","datePublished":"2024-04-05T11:51:26+00:00","dateModified":"2025-09-26T07:50:09+00:00","breadcrumb":{"@id":"https:\/\/www.etf.fr\/en\/agences-grands-projets-transports-urbains-en\/4-100eme-soudure-sur-la-ligne-15-sud-ouest-du-metro-parisien\/#breadcrumb"},"inLanguage":"en-US","potentialAction":[{"@type":"ReadAction","target":["https:\/\/www.etf.fr\/en\/agences-grands-projets-transports-urbains-en\/4-100eme-soudure-sur-la-ligne-15-sud-ouest-du-metro-parisien\/"]}]},{"@type":"ImageObject","inLanguage":"en-US","@id":"https:\/\/www.etf.fr\/en\/agences-grands-projets-transports-urbains-en\/4-100eme-soudure-sur-la-ligne-15-sud-ouest-du-metro-parisien\/#primaryimage","url":"https:\/\/www.etf.fr\/wp-content\/uploads\/2024\/04\/229580-Gare-Clamart-derniere-soudure-de-rails-de-la-ligne-15-Sud-Bastien-Andre.jpg","contentUrl":"https:\/\/www.etf.fr\/wp-content\/uploads\/2024\/04\/229580-Gare-Clamart-derniere-soudure-de-rails-de-la-ligne-15-Sud-Bastien-Andre.jpg","width":1280,"height":853,"caption":"Evement derni\u00e8re soudure de rail de la ligne 15 sud, Le 03\/04\/24 \u00e0 Malakoff, dans le chantier de la gare Clamart (FIVC)"},{"@type":"BreadcrumbList","@id":"https:\/\/www.etf.fr\/en\/agences-grands-projets-transports-urbains-en\/4-100eme-soudure-sur-la-ligne-15-sud-ouest-du-metro-parisien\/#breadcrumb","itemListElement":[{"@type":"ListItem","position":1,"name":"Accueil","item":"https:\/\/www.etf.fr\/en\/"},{"@type":"ListItem","position":2,"name":"4,100th weld on line 15 South West of the Paris Metro"}]},{"@type":"WebSite","@id":"https:\/\/www.etf.fr\/#website","url":"https:\/\/www.etf.fr\/","name":"ETF","description":"Your transport partner worldwide","publisher":{"@id":"https:\/\/www.etf.fr\/#organization"},"potentialAction":[{"@type":"SearchAction","target":{"@type":"EntryPoint","urlTemplate":"https:\/\/www.etf.fr\/?s={search_term_string}"},"query-input":{"@type":"PropertyValueSpecification","valueRequired":true,"valueName":"search_term_string"}}],"inLanguage":"en-US"},{"@type":"Organization","@id":"https:\/\/www.etf.fr\/#organization","name":"ETF","url":"https:\/\/www.etf.fr\/","logo":{"@type":"ImageObject","inLanguage":"en-US","@id":"https:\/\/www.etf.fr\/#\/schema\/logo\/image\/","url":"https:\/\/www.etf.fr\/wp-content\/uploads\/2019\/03\/logo-ETF.png","contentUrl":"https:\/\/www.etf.fr\/wp-content\/uploads\/2019\/03\/logo-ETF.png","width":272,"height":161,"caption":"ETF"},"image":{"@id":"https:\/\/www.etf.fr\/#\/schema\/logo\/image\/"}},{"@type":"Person","@id":"https:\/\/www.etf.fr\/#\/schema\/person\/161a2c149c1f701b263f97f54de35dbd","name":"mathilde","url":"https:\/\/www.etf.fr\/en\/author\/mathilde\/"}]}},"_links":{"self":[{"href":"https:\/\/www.etf.fr\/en\/wp-json\/wp\/v2\/posts\/12480504","targetHints":{"allow":["GET"]}}],"collection":[{"href":"https:\/\/www.etf.fr\/en\/wp-json\/wp\/v2\/posts"}],"about":[{"href":"https:\/\/www.etf.fr\/en\/wp-json\/wp\/v2\/types\/post"}],"author":[{"embeddable":true,"href":"https:\/\/www.etf.fr\/en\/wp-json\/wp\/v2\/users\/5"}],"replies":[{"embeddable":true,"href":"https:\/\/www.etf.fr\/en\/wp-json\/wp\/v2\/comments?post=12480504"}],"version-history":[{"count":1,"href":"https:\/\/www.etf.fr\/en\/wp-json\/wp\/v2\/posts\/12480504\/revisions"}],"predecessor-version":[{"id":12480506,"href":"https:\/\/www.etf.fr\/en\/wp-json\/wp\/v2\/posts\/12480504\/revisions\/12480506"}],"wp:featuredmedia":[{"embeddable":true,"href":"https:\/\/www.etf.fr\/en\/wp-json\/wp\/v2\/media\/1612540"}],"wp:attachment":[{"href":"https:\/\/www.etf.fr\/en\/wp-json\/wp\/v2\/media?parent=12480504"}],"wp:term":[{"taxonomy":"category","embeddable":true,"href":"https:\/\/www.etf.fr\/en\/wp-json\/wp\/v2\/categories?post=12480504"},{"taxonomy":"post_tag","embeddable":true,"href":"https:\/\/www.etf.fr\/en\/wp-json\/wp\/v2\/tags?post=12480504"}],"curies":[{"name":"wp","href":"https:\/\/api.w.org\/{rel}","templated":true}]}}