{"id":12480703,"date":"2024-05-04T12:05:00","date_gmt":"2024-05-04T10:05:00","guid":{"rendered":"https:\/\/www.etf.fr\/uncategorized\/la-collecte-solidaire-on-remplit-le-frigo-a-rencontre-un-immense-succes-chez-etf\/"},"modified":"2025-09-26T10:10:43","modified_gmt":"2025-09-26T08:10:43","slug":"la-collecte-solidaire-on-remplit-le-frigo-a-rencontre-un-immense-succes-chez-etf","status":"publish","type":"post","link":"https:\/\/www.etf.fr\/en\/employment-and-education\/la-collecte-solidaire-on-remplit-le-frigo-a-rencontre-un-immense-succes-chez-etf\/","title":{"rendered":"The \u2018On Remplit Le Frigo\u2019 charity collection was a huge success at ETF!"},"content":{"rendered":"\n<p class=\"has-black-color has-text-color has-link-color has-medium-font-size wp-elements-75c1b3ec454665b12b7a0394e4b2b61b\"><strong><em><em><strong>The second edition of this charity event, organised to support students in precarious situations, was a huge success in 2024, exceeding all our expectations.<\/strong><\/em><\/em><\/strong><a href=\"https:\/\/vincic.sharepoint.com\/sites\/fr-one-grands-projets-etf\/SitePages\/270-kilos-collect%C3%A9s-pour-la-deuxi%C3%A8me-%C3%A9dition-de-la-collecte-solidaire-!.aspx#la-deuxi%C3%A8me-%C3%A9dition-2024-de-cet-%C3%A9v%C3%A9nement-solidaire-organis%C3%A9-pour-soutenir-les-%C3%A9tudiants-en-situation-de-pr%C3%A9carit%C3%A9-a-connu-un-im\"><\/a><\/p>\n\n\n\n<div class=\"wp-block-columns is-layout-flex wp-container-core-columns-is-layout-9d6595d7 wp-block-columns-is-layout-flex\">\n<div class=\"wp-block-column is-layout-flow wp-block-column-is-layout-flow\">\n<p class=\"has-black-color has-text-color has-link-color has-medium-font-size wp-elements-c4df17cc44d6e74b38ab09afd1837c73\">An impressive total of <strong>280 kg<\/strong> of food was collected. Although the initial deadline was 5 April, donations continued to pour in beyond that date, demonstrating the commitment and generosity of our employees.<\/p>\n\n\n\n<h3 class=\"wp-block-heading\">A collective success<\/h3>\n\n\n\n<p>This remarkable result is the fruit of growing collective mobilisation and strengthened solidarity towards vulnerable students.<\/p>\n\n\n\n<p class=\"has-black-color has-text-color has-link-color has-medium-font-size wp-elements-e3029887bd78cd01738743652add9102\">In 2024, ETF&#8217;s headquarters in Rueil-Malmaison and the Cat\u00e9naire agency once again demonstrated their solidarity. The Beauchamp agencies were very active and FEROWAY committed itself to this cause.<\/p>\n<\/div>\n\n\n\n<div class=\"wp-block-column is-layout-flow wp-block-column-is-layout-flow\">\n<figure class=\"wp-block-image size-large\"><img loading=\"lazy\" decoding=\"async\" width=\"713\" height=\"535\" src=\"https:\/\/www.etf.fr\/wp-content\/uploads\/2024\/05\/PHOTO-2024-05-06-10-24-40-713x535.jpg\" alt=\"\" class=\"wp-image-2789746\" srcset=\"https:\/\/www.etf.fr\/wp-content\/uploads\/2024\/05\/PHOTO-2024-05-06-10-24-40-713x535.jpg 713w, https:\/\/www.etf.fr\/wp-content\/uploads\/2024\/05\/PHOTO-2024-05-06-10-24-40-250x188.jpg 250w, https:\/\/www.etf.fr\/wp-content\/uploads\/2024\/05\/PHOTO-2024-05-06-10-24-40-527x395.jpg 527w, https:\/\/www.etf.fr\/wp-content\/uploads\/2024\/05\/PHOTO-2024-05-06-10-24-40-1536x1152.jpg 1536w, https:\/\/www.etf.fr\/wp-content\/uploads\/2024\/05\/PHOTO-2024-05-06-10-24-40.jpg 1600w\" sizes=\"auto, (max-width: 713px) 100vw, 713px\" \/><\/figure>\n<\/div>\n<\/div>\n\n\n\n<div class=\"wp-block-columns is-layout-flex wp-container-core-columns-is-layout-9d6595d7 wp-block-columns-is-layout-flex\">\n<div class=\"wp-block-column is-layout-flow wp-block-column-is-layout-flow\"><\/div>\n<\/div>\n\n\n\n<div class=\"wp-block-columns is-layout-flex wp-container-core-columns-is-layout-9d6595d7 wp-block-columns-is-layout-flex\">\n<div class=\"wp-block-column is-layout-flow wp-block-column-is-layout-flow\">\n<figure class=\"wp-block-image size-large\"><img loading=\"lazy\" decoding=\"async\" width=\"436\" height=\"535\" src=\"https:\/\/www.etf.fr\/wp-content\/uploads\/2024\/05\/1-436x535.png\" alt=\"\" class=\"wp-image-2789411\" srcset=\"https:\/\/www.etf.fr\/wp-content\/uploads\/2024\/05\/1-436x535.png 436w, https:\/\/www.etf.fr\/wp-content\/uploads\/2024\/05\/1-204x250.png 204w, https:\/\/www.etf.fr\/wp-content\/uploads\/2024\/05\/1-322x395.png 322w, https:\/\/www.etf.fr\/wp-content\/uploads\/2024\/05\/1.png 1070w\" sizes=\"auto, (max-width: 436px) 100vw, 436px\" \/><\/figure>\n<\/div>\n\n\n\n<div class=\"wp-block-column is-layout-flow wp-block-column-is-layout-flow\">\n<figure class=\"wp-block-image size-large\"><img loading=\"lazy\" decoding=\"async\" width=\"436\" height=\"535\" src=\"https:\/\/www.etf.fr\/wp-content\/uploads\/2024\/05\/2-436x535.png\" alt=\"\" class=\"wp-image-2789563\" srcset=\"https:\/\/www.etf.fr\/wp-content\/uploads\/2024\/05\/2-436x535.png 436w, https:\/\/www.etf.fr\/wp-content\/uploads\/2024\/05\/2-204x250.png 204w, https:\/\/www.etf.fr\/wp-content\/uploads\/2024\/05\/2-322x395.png 322w, https:\/\/www.etf.fr\/wp-content\/uploads\/2024\/05\/2.png 1070w\" sizes=\"auto, (max-width: 436px) 100vw, 436px\" \/><\/figure>\n<\/div>\n\n\n\n<div class=\"wp-block-column is-layout-flow wp-block-column-is-layout-flow\">\n<figure class=\"wp-block-image size-large\"><img loading=\"lazy\" decoding=\"async\" width=\"1070\" height=\"1312\" src=\"https:\/\/www.etf.fr\/wp-content\/uploads\/2024\/05\/5-436x535.png\" alt=\"\" class=\"wp-image-2789575\" srcset=\"https:\/\/www.etf.fr\/wp-content\/uploads\/2024\/05\/5-436x535.png 436w, https:\/\/www.etf.fr\/wp-content\/uploads\/2024\/05\/5-204x250.png 204w, https:\/\/www.etf.fr\/wp-content\/uploads\/2024\/05\/5-322x395.png 322w, https:\/\/www.etf.fr\/wp-content\/uploads\/2024\/05\/5.png 1070w\" sizes=\"auto, (max-width: 1070px) 100vw, 1070px\" \/><\/figure>\n<\/div>\n<\/div>\n\n\n\n<div style=\"height:100px\" aria-hidden=\"true\" class=\"wp-block-spacer\"><\/div>\n\n\n\n<div class=\"wp-block-columns is-layout-flex wp-container-core-columns-is-layout-9d6595d7 wp-block-columns-is-layout-flex\">\n<div class=\"wp-block-column is-layout-flow wp-block-column-is-layout-flow\">\n<h3 class=\"wp-block-heading has-text-color has-link-color wp-elements-06f18e4f7f27de574fb6dfeae46c60e6\" id=\"zoom-sur-l-association\" style=\"color:#004488\">Focus on the association<\/h3>\n\n\n\n<p>We now hear from Charis, one of the founders of the association \u2018On Remplit Le Frigo\u2019 (We Fill the Fridge).<\/p>\n\n\n\n<p class=\"has-black-color has-text-color has-link-color has-medium-font-size wp-elements-f5d8120b6c44bc7e338d4aa931f92d45\">Read her account of the partnership between the association and ETF.<\/p>\n\n\n\n<figure class=\"wp-block-embed is-type-video is-provider-youtube wp-block-embed-youtube wp-embed-aspect-16-9 wp-has-aspect-ratio\"><div class=\"wp-block-embed__wrapper\">\n<div class=\"oembed\">\n\t<iframe loading=\"lazy\" title=\"ETF remplit \u00e0 nouveau le frigo des \u00e9tudiants\" width=\"500\" height=\"281\" src=\"https:\/\/www.youtube.com\/embed\/t7U0FN9IYV8?feature=oembed\" frameborder=\"0\" allow=\"accelerometer; autoplay; clipboard-write; encrypted-media; gyroscope; picture-in-picture; web-share\" referrerpolicy=\"strict-origin-when-cross-origin\" allowfullscreen><\/iframe><\/div>\n\n<\/div><\/figure>\n<\/div>\n\n\n\n<div class=\"wp-block-column is-layout-flow wp-block-column-is-layout-flow\">\n<h3 class=\"wp-block-heading has-text-color has-link-color wp-elements-71fb09dbcc2485be90f4f6de2aacab80\" id=\"un-engagement-soci\u00e9tal-renouvel\u00e9\" style=\"color:#004488\">A renewed commitment to society<\/h3>\n\n\n\n<p>We would like to express our sincere thanks to all the employees who contributed to the success of this collection, whether through their donations, their time or their logistical support.<\/p>\n\n\n\n<p class=\"has-black-color has-text-color has-link-color has-medium-font-size wp-elements-8b8853db11ba7b4a93c5ce4e0d5e662d\">It is thanks to their involvement that our values of mutual aid and empathy are manifested and put into practice within ETF and beyond.<\/p>\n<\/div>\n<\/div>\n","protected":false},"excerpt":{"rendered":"<p>The second edition of this charity event, organised to support students in precarious situations, was a huge success in 2024, exceeding all our expectations.<\/p>\n","protected":false},"author":239,"featured_media":2789747,"comment_status":"closed","ping_status":"closed","sticky":false,"template":"","format":"standard","meta":{"_acf_changed":false,"footnotes":""},"categories":[229,223,195,196,197,198,199,200,201,202,203,194,193,192,188,189,190,191],"tags":[],"class_list":["post-12480703","post","type-post","status-publish","format-standard","has-post-thumbnail","hentry","category-employment-and-education","category-grands-projets-ferroviaires-en","category-etf-academy-en","category-la-champenoise-en","category-agence-genie-civil-ferroviaire-en","category-agence-travaux-en","category-agence-atlantique-en","category-agence-nord-en","category-agence-est-en","category-agence-idf-en","category-agence-sud-est-en","category-agence-centre-en","category-catenaires-et-energie-en","category-agences-grands-projets-transports-urbains-en","category-suite-rapide-nationale-en","category-agence-srzd-en","category-etf-services-en","category-actualites-en"],"acf":[],"yoast_head":"<!-- This site is optimized with the Yoast SEO plugin v27.1.1 - https:\/\/yoast.com\/product\/yoast-seo-wordpress\/ -->\n<title>The \u2018On Remplit Le Frigo\u2019 charity collection was a huge success at ETF! - ETF<\/title>\n<meta name=\"robots\" content=\"index, follow, max-snippet:-1, max-image-preview:large, max-video-preview:-1\" \/>\n<link rel=\"canonical\" href=\"https:\/\/www.etf.fr\/en\/employment-and-education\/la-collecte-solidaire-on-remplit-le-frigo-a-rencontre-un-immense-succes-chez-etf\/\" \/>\n<meta property=\"og:locale\" content=\"en_US\" \/>\n<meta property=\"og:type\" content=\"article\" \/>\n<meta property=\"og:title\" content=\"The \u2018On Remplit Le Frigo\u2019 charity collection was a huge success at ETF! - ETF\" \/>\n<meta property=\"og:description\" content=\"The second edition of this charity event, organised to support students in precarious situations, was a huge success in 2024, exceeding all our expectations.\" \/>\n<meta property=\"og:url\" content=\"https:\/\/www.etf.fr\/en\/employment-and-education\/la-collecte-solidaire-on-remplit-le-frigo-a-rencontre-un-immense-succes-chez-etf\/\" \/>\n<meta property=\"og:site_name\" content=\"ETF\" \/>\n<meta property=\"article:published_time\" content=\"2024-05-04T10:05:00+00:00\" \/>\n<meta property=\"article:modified_time\" content=\"2025-09-26T08:10:43+00:00\" \/>\n<meta property=\"og:image\" content=\"https:\/\/www.etf.fr\/wp-content\/uploads\/2024\/05\/PHOTO-2024-05-06-10-24-40.jpg\" \/>\n\t<meta property=\"og:image:width\" content=\"1600\" \/>\n\t<meta property=\"og:image:height\" content=\"1200\" \/>\n\t<meta property=\"og:image:type\" content=\"image\/jpeg\" \/>\n<meta name=\"author\" content=\"chloe\" \/>\n<meta name=\"twitter:card\" content=\"summary_large_image\" \/>\n<meta name=\"twitter:label1\" content=\"Written by\" \/>\n\t<meta name=\"twitter:data1\" content=\"chloe\" \/>\n\t<meta name=\"twitter:label2\" content=\"Est. reading time\" \/>\n\t<meta name=\"twitter:data2\" content=\"3 minutes\" \/>\n<script type=\"application\/ld+json\" class=\"yoast-schema-graph\">{\"@context\":\"https:\/\/schema.org\",\"@graph\":[{\"@type\":\"Article\",\"@id\":\"https:\/\/www.etf.fr\/en\/employment-and-education\/la-collecte-solidaire-on-remplit-le-frigo-a-rencontre-un-immense-succes-chez-etf\/#article\",\"isPartOf\":{\"@id\":\"https:\/\/www.etf.fr\/en\/employment-and-education\/la-collecte-solidaire-on-remplit-le-frigo-a-rencontre-un-immense-succes-chez-etf\/\"},\"author\":{\"name\":\"chloe\",\"@id\":\"https:\/\/www.etf.fr\/#\/schema\/person\/b20334e710830573c2a3ba4ab9b7d679\"},\"headline\":\"The \u2018On Remplit Le Frigo\u2019 charity collection was a huge success at ETF!\",\"datePublished\":\"2024-05-04T10:05:00+00:00\",\"dateModified\":\"2025-09-26T08:10:43+00:00\",\"mainEntityOfPage\":{\"@id\":\"https:\/\/www.etf.fr\/en\/employment-and-education\/la-collecte-solidaire-on-remplit-le-frigo-a-rencontre-un-immense-succes-chez-etf\/\"},\"wordCount\":215,\"publisher\":{\"@id\":\"https:\/\/www.etf.fr\/#organization\"},\"image\":{\"@id\":\"https:\/\/www.etf.fr\/en\/employment-and-education\/la-collecte-solidaire-on-remplit-le-frigo-a-rencontre-un-immense-succes-chez-etf\/#primaryimage\"},\"thumbnailUrl\":\"https:\/\/www.etf.fr\/wp-content\/uploads\/2024\/05\/PHOTO-2024-05-06-10-24-40.jpg\",\"articleSection\":[\"Employment and education\",\"Grands Projets Ferroviaires\",\"ETF Academy\",\"La Champenoise\",\"Agence g\u00e9nie civil et signalisation ferroviaire\",\"Agence Travaux M\u00e9canis\u00e9s\",\"Agence Atlantique\",\"Agence Nord\",\"Agence Est\",\"Agence IDF\",\"Agence Sud Est\",\"Agence Centre\",\"Cat\u00e9naires et Energie\",\"Agences Grands Projets Urbains\",\"Suite Rapide Nationale\",\"Agence Suite Rapide Zone Dense\",\"ETF Services\",\"Actualit\u00e9s\"],\"inLanguage\":\"en-US\"},{\"@type\":\"WebPage\",\"@id\":\"https:\/\/www.etf.fr\/en\/employment-and-education\/la-collecte-solidaire-on-remplit-le-frigo-a-rencontre-un-immense-succes-chez-etf\/\",\"url\":\"https:\/\/www.etf.fr\/en\/employment-and-education\/la-collecte-solidaire-on-remplit-le-frigo-a-rencontre-un-immense-succes-chez-etf\/\",\"name\":\"The \u2018On Remplit Le Frigo\u2019 charity collection was a huge success at ETF! - ETF\",\"isPartOf\":{\"@id\":\"https:\/\/www.etf.fr\/#website\"},\"primaryImageOfPage\":{\"@id\":\"https:\/\/www.etf.fr\/en\/employment-and-education\/la-collecte-solidaire-on-remplit-le-frigo-a-rencontre-un-immense-succes-chez-etf\/#primaryimage\"},\"image\":{\"@id\":\"https:\/\/www.etf.fr\/en\/employment-and-education\/la-collecte-solidaire-on-remplit-le-frigo-a-rencontre-un-immense-succes-chez-etf\/#primaryimage\"},\"thumbnailUrl\":\"https:\/\/www.etf.fr\/wp-content\/uploads\/2024\/05\/PHOTO-2024-05-06-10-24-40.jpg\",\"datePublished\":\"2024-05-04T10:05:00+00:00\",\"dateModified\":\"2025-09-26T08:10:43+00:00\",\"breadcrumb\":{\"@id\":\"https:\/\/www.etf.fr\/en\/employment-and-education\/la-collecte-solidaire-on-remplit-le-frigo-a-rencontre-un-immense-succes-chez-etf\/#breadcrumb\"},\"inLanguage\":\"en-US\",\"potentialAction\":[{\"@type\":\"ReadAction\",\"target\":[\"https:\/\/www.etf.fr\/en\/employment-and-education\/la-collecte-solidaire-on-remplit-le-frigo-a-rencontre-un-immense-succes-chez-etf\/\"]}]},{\"@type\":\"ImageObject\",\"inLanguage\":\"en-US\",\"@id\":\"https:\/\/www.etf.fr\/en\/employment-and-education\/la-collecte-solidaire-on-remplit-le-frigo-a-rencontre-un-immense-succes-chez-etf\/#primaryimage\",\"url\":\"https:\/\/www.etf.fr\/wp-content\/uploads\/2024\/05\/PHOTO-2024-05-06-10-24-40.jpg\",\"contentUrl\":\"https:\/\/www.etf.fr\/wp-content\/uploads\/2024\/05\/PHOTO-2024-05-06-10-24-40.jpg\",\"width\":1600,\"height\":1200},{\"@type\":\"BreadcrumbList\",\"@id\":\"https:\/\/www.etf.fr\/en\/employment-and-education\/la-collecte-solidaire-on-remplit-le-frigo-a-rencontre-un-immense-succes-chez-etf\/#breadcrumb\",\"itemListElement\":[{\"@type\":\"ListItem\",\"position\":1,\"name\":\"Accueil\",\"item\":\"https:\/\/www.etf.fr\/en\/\"},{\"@type\":\"ListItem\",\"position\":2,\"name\":\"The \u2018On Remplit Le Frigo\u2019 charity collection was a huge success at ETF!\"}]},{\"@type\":\"WebSite\",\"@id\":\"https:\/\/www.etf.fr\/#website\",\"url\":\"https:\/\/www.etf.fr\/\",\"name\":\"ETF\",\"description\":\"Your transport partner worldwide\",\"publisher\":{\"@id\":\"https:\/\/www.etf.fr\/#organization\"},\"potentialAction\":[{\"@type\":\"SearchAction\",\"target\":{\"@type\":\"EntryPoint\",\"urlTemplate\":\"https:\/\/www.etf.fr\/?s={search_term_string}\"},\"query-input\":{\"@type\":\"PropertyValueSpecification\",\"valueRequired\":true,\"valueName\":\"search_term_string\"}}],\"inLanguage\":\"en-US\"},{\"@type\":\"Organization\",\"@id\":\"https:\/\/www.etf.fr\/#organization\",\"name\":\"ETF\",\"url\":\"https:\/\/www.etf.fr\/\",\"logo\":{\"@type\":\"ImageObject\",\"inLanguage\":\"en-US\",\"@id\":\"https:\/\/www.etf.fr\/#\/schema\/logo\/image\/\",\"url\":\"https:\/\/www.etf.fr\/wp-content\/uploads\/2019\/03\/logo-ETF.png\",\"contentUrl\":\"https:\/\/www.etf.fr\/wp-content\/uploads\/2019\/03\/logo-ETF.png\",\"width\":272,\"height\":161,\"caption\":\"ETF\"},\"image\":{\"@id\":\"https:\/\/www.etf.fr\/#\/schema\/logo\/image\/\"}},{\"@type\":\"Person\",\"@id\":\"https:\/\/www.etf.fr\/#\/schema\/person\/b20334e710830573c2a3ba4ab9b7d679\",\"name\":\"chloe\",\"url\":\"https:\/\/www.etf.fr\/en\/author\/chloe\/\"}]}<\/script>\n<!-- \/ Yoast SEO plugin. -->","yoast_head_json":{"title":"The \u2018On Remplit Le Frigo\u2019 charity collection was a huge success at ETF! - ETF","robots":{"index":"index","follow":"follow","max-snippet":"max-snippet:-1","max-image-preview":"max-image-preview:large","max-video-preview":"max-video-preview:-1"},"canonical":"https:\/\/www.etf.fr\/en\/employment-and-education\/la-collecte-solidaire-on-remplit-le-frigo-a-rencontre-un-immense-succes-chez-etf\/","og_locale":"en_US","og_type":"article","og_title":"The \u2018On Remplit Le Frigo\u2019 charity collection was a huge success at ETF! - ETF","og_description":"The second edition of this charity event, organised to support students in precarious situations, was a huge success in 2024, exceeding all our expectations.","og_url":"https:\/\/www.etf.fr\/en\/employment-and-education\/la-collecte-solidaire-on-remplit-le-frigo-a-rencontre-un-immense-succes-chez-etf\/","og_site_name":"ETF","article_published_time":"2024-05-04T10:05:00+00:00","article_modified_time":"2025-09-26T08:10:43+00:00","og_image":[{"width":1600,"height":1200,"url":"https:\/\/www.etf.fr\/wp-content\/uploads\/2024\/05\/PHOTO-2024-05-06-10-24-40.jpg","type":"image\/jpeg"}],"author":"chloe","twitter_card":"summary_large_image","twitter_misc":{"Written by":"chloe","Est. reading time":"3 minutes"},"schema":{"@context":"https:\/\/schema.org","@graph":[{"@type":"Article","@id":"https:\/\/www.etf.fr\/en\/employment-and-education\/la-collecte-solidaire-on-remplit-le-frigo-a-rencontre-un-immense-succes-chez-etf\/#article","isPartOf":{"@id":"https:\/\/www.etf.fr\/en\/employment-and-education\/la-collecte-solidaire-on-remplit-le-frigo-a-rencontre-un-immense-succes-chez-etf\/"},"author":{"name":"chloe","@id":"https:\/\/www.etf.fr\/#\/schema\/person\/b20334e710830573c2a3ba4ab9b7d679"},"headline":"The \u2018On Remplit Le Frigo\u2019 charity collection was a huge success at ETF!","datePublished":"2024-05-04T10:05:00+00:00","dateModified":"2025-09-26T08:10:43+00:00","mainEntityOfPage":{"@id":"https:\/\/www.etf.fr\/en\/employment-and-education\/la-collecte-solidaire-on-remplit-le-frigo-a-rencontre-un-immense-succes-chez-etf\/"},"wordCount":215,"publisher":{"@id":"https:\/\/www.etf.fr\/#organization"},"image":{"@id":"https:\/\/www.etf.fr\/en\/employment-and-education\/la-collecte-solidaire-on-remplit-le-frigo-a-rencontre-un-immense-succes-chez-etf\/#primaryimage"},"thumbnailUrl":"https:\/\/www.etf.fr\/wp-content\/uploads\/2024\/05\/PHOTO-2024-05-06-10-24-40.jpg","articleSection":["Employment and education","Grands Projets Ferroviaires","ETF Academy","La Champenoise","Agence g\u00e9nie civil et signalisation ferroviaire","Agence Travaux M\u00e9canis\u00e9s","Agence Atlantique","Agence Nord","Agence Est","Agence IDF","Agence Sud Est","Agence Centre","Cat\u00e9naires et Energie","Agences Grands Projets Urbains","Suite Rapide Nationale","Agence Suite Rapide Zone Dense","ETF Services","Actualit\u00e9s"],"inLanguage":"en-US"},{"@type":"WebPage","@id":"https:\/\/www.etf.fr\/en\/employment-and-education\/la-collecte-solidaire-on-remplit-le-frigo-a-rencontre-un-immense-succes-chez-etf\/","url":"https:\/\/www.etf.fr\/en\/employment-and-education\/la-collecte-solidaire-on-remplit-le-frigo-a-rencontre-un-immense-succes-chez-etf\/","name":"The \u2018On Remplit Le Frigo\u2019 charity collection was a huge success at ETF! - ETF","isPartOf":{"@id":"https:\/\/www.etf.fr\/#website"},"primaryImageOfPage":{"@id":"https:\/\/www.etf.fr\/en\/employment-and-education\/la-collecte-solidaire-on-remplit-le-frigo-a-rencontre-un-immense-succes-chez-etf\/#primaryimage"},"image":{"@id":"https:\/\/www.etf.fr\/en\/employment-and-education\/la-collecte-solidaire-on-remplit-le-frigo-a-rencontre-un-immense-succes-chez-etf\/#primaryimage"},"thumbnailUrl":"https:\/\/www.etf.fr\/wp-content\/uploads\/2024\/05\/PHOTO-2024-05-06-10-24-40.jpg","datePublished":"2024-05-04T10:05:00+00:00","dateModified":"2025-09-26T08:10:43+00:00","breadcrumb":{"@id":"https:\/\/www.etf.fr\/en\/employment-and-education\/la-collecte-solidaire-on-remplit-le-frigo-a-rencontre-un-immense-succes-chez-etf\/#breadcrumb"},"inLanguage":"en-US","potentialAction":[{"@type":"ReadAction","target":["https:\/\/www.etf.fr\/en\/employment-and-education\/la-collecte-solidaire-on-remplit-le-frigo-a-rencontre-un-immense-succes-chez-etf\/"]}]},{"@type":"ImageObject","inLanguage":"en-US","@id":"https:\/\/www.etf.fr\/en\/employment-and-education\/la-collecte-solidaire-on-remplit-le-frigo-a-rencontre-un-immense-succes-chez-etf\/#primaryimage","url":"https:\/\/www.etf.fr\/wp-content\/uploads\/2024\/05\/PHOTO-2024-05-06-10-24-40.jpg","contentUrl":"https:\/\/www.etf.fr\/wp-content\/uploads\/2024\/05\/PHOTO-2024-05-06-10-24-40.jpg","width":1600,"height":1200},{"@type":"BreadcrumbList","@id":"https:\/\/www.etf.fr\/en\/employment-and-education\/la-collecte-solidaire-on-remplit-le-frigo-a-rencontre-un-immense-succes-chez-etf\/#breadcrumb","itemListElement":[{"@type":"ListItem","position":1,"name":"Accueil","item":"https:\/\/www.etf.fr\/en\/"},{"@type":"ListItem","position":2,"name":"The \u2018On Remplit Le Frigo\u2019 charity collection was a huge success at ETF!"}]},{"@type":"WebSite","@id":"https:\/\/www.etf.fr\/#website","url":"https:\/\/www.etf.fr\/","name":"ETF","description":"Your transport partner worldwide","publisher":{"@id":"https:\/\/www.etf.fr\/#organization"},"potentialAction":[{"@type":"SearchAction","target":{"@type":"EntryPoint","urlTemplate":"https:\/\/www.etf.fr\/?s={search_term_string}"},"query-input":{"@type":"PropertyValueSpecification","valueRequired":true,"valueName":"search_term_string"}}],"inLanguage":"en-US"},{"@type":"Organization","@id":"https:\/\/www.etf.fr\/#organization","name":"ETF","url":"https:\/\/www.etf.fr\/","logo":{"@type":"ImageObject","inLanguage":"en-US","@id":"https:\/\/www.etf.fr\/#\/schema\/logo\/image\/","url":"https:\/\/www.etf.fr\/wp-content\/uploads\/2019\/03\/logo-ETF.png","contentUrl":"https:\/\/www.etf.fr\/wp-content\/uploads\/2019\/03\/logo-ETF.png","width":272,"height":161,"caption":"ETF"},"image":{"@id":"https:\/\/www.etf.fr\/#\/schema\/logo\/image\/"}},{"@type":"Person","@id":"https:\/\/www.etf.fr\/#\/schema\/person\/b20334e710830573c2a3ba4ab9b7d679","name":"chloe","url":"https:\/\/www.etf.fr\/en\/author\/chloe\/"}]}},"_links":{"self":[{"href":"https:\/\/www.etf.fr\/en\/wp-json\/wp\/v2\/posts\/12480703","targetHints":{"allow":["GET"]}}],"collection":[{"href":"https:\/\/www.etf.fr\/en\/wp-json\/wp\/v2\/posts"}],"about":[{"href":"https:\/\/www.etf.fr\/en\/wp-json\/wp\/v2\/types\/post"}],"author":[{"embeddable":true,"href":"https:\/\/www.etf.fr\/en\/wp-json\/wp\/v2\/users\/239"}],"replies":[{"embeddable":true,"href":"https:\/\/www.etf.fr\/en\/wp-json\/wp\/v2\/comments?post=12480703"}],"version-history":[{"count":1,"href":"https:\/\/www.etf.fr\/en\/wp-json\/wp\/v2\/posts\/12480703\/revisions"}],"predecessor-version":[{"id":12480763,"href":"https:\/\/www.etf.fr\/en\/wp-json\/wp\/v2\/posts\/12480703\/revisions\/12480763"}],"wp:featuredmedia":[{"embeddable":true,"href":"https:\/\/www.etf.fr\/en\/wp-json\/wp\/v2\/media\/2789747"}],"wp:attachment":[{"href":"https:\/\/www.etf.fr\/en\/wp-json\/wp\/v2\/media?parent=12480703"}],"wp:term":[{"taxonomy":"category","embeddable":true,"href":"https:\/\/www.etf.fr\/en\/wp-json\/wp\/v2\/categories?post=12480703"},{"taxonomy":"post_tag","embeddable":true,"href":"https:\/\/www.etf.fr\/en\/wp-json\/wp\/v2\/tags?post=12480703"}],"curies":[{"name":"wp","href":"https:\/\/api.w.org\/{rel}","templated":true}]}}