{"id":12481106,"date":"2023-10-27T16:57:55","date_gmt":"2023-10-27T14:57:55","guid":{"rendered":"https:\/\/www.etf.fr\/uncategorized\/programme-insertion-professionnelle-vinci\/"},"modified":"2025-09-26T10:56:09","modified_gmt":"2025-09-26T08:56:09","slug":"programme-insertion-professionnelle-vinci","status":"publish","type":"post","link":"https:\/\/www.etf.fr\/en\/agence-centre-en\/programme-insertion-professionnelle-vinci\/","title":{"rendered":"Working together to promote sustainable employment through VINCI&#8217;s ViE integration programme"},"content":{"rendered":"\n<p><strong><strong>Discover how VINCI&#8217;s ViE programme has boosted the career of Albert, a track layer at ETF, by promoting his professional development and offering him a supportive community in the railway sector.<\/strong><\/strong><\/p>\n\n\n\n<div class=\"wp-block-columns is-layout-flex wp-container-core-columns-is-layout-9d6595d7 wp-block-columns-is-layout-flex\">\n<div class=\"wp-block-column is-layout-flow wp-block-column-is-layout-flow\">\n<p>At ETF, we value the professional development of our employees. Discover the inspiring career path of Albert, a track layer at ETF&#8217;s Centre branch. His story testifies to the success and positive impact of the ViE programme, initiated by the VINCI group to promote social and professional integration.<\/p>\n\n\n\n<h3 class=\"wp-block-heading\"><strong>ViE: a tailor-made programme for employment<\/strong><\/h3>\n\n\n\n<p>VINCI Insertion Emploi (ViE) is actively committed to designing and implementing tailored solutions aimed at improving the employability of people who are distant from the labour market. This programme ensures smooth integration and thus helps to strengthen the social fabric within our professional community.<\/p>\n\n\n\n<h3 class=\"wp-block-heading\"><strong>Strengthening skills and a sense of belonging<\/strong><\/h3>\n\n\n\n<p>Thanks to ViE&#8217;s support, Albert was able to hone his professional skills and also joined a supportive and caring community within ETF. For him, ETF is not just a place of work, but a real family where the spirit of solidarity makes all the difference. \u2018I am very proud to belong to this big ETF family. For me, they are not just colleagues, they are family,\u2019 he says emotionally.<\/p>\n<\/div>\n\n\n\n<div class=\"wp-block-column is-layout-flow wp-block-column-is-layout-flow\">\n<p><\/p>\n\n\n\n<p><\/p>\n\n\n\n<h4 class=\"wp-block-heading has-text-align-center\">Discover the interview with Albert<\/h4>\n\n\n\n<figure class=\"wp-block-embed is-type-video is-provider-youtube wp-block-embed-youtube wp-embed-aspect-16-9 wp-has-aspect-ratio\"><div class=\"wp-block-embed__wrapper\">\n<div class=\"oembed\">\n\t<iframe loading=\"lazy\" title=\"Programme d&#039;insertion professionnelle  : Donner un nouvel \u00e9lan \u00e0 sa carri\u00e8re\" width=\"500\" height=\"281\" src=\"https:\/\/www.youtube.com\/embed\/gzabUZ76piw?feature=oembed\" frameborder=\"0\" allow=\"accelerometer; autoplay; clipboard-write; encrypted-media; gyroscope; picture-in-picture; web-share\" referrerpolicy=\"strict-origin-when-cross-origin\" allowfullscreen><\/iframe><\/div>\n\n<\/div><\/figure>\n\n\n\n<p class=\"has-text-align-center\">To find out more about the ViE professional integration programme, <a href=\"https:\/\/www.vinci-vie.fr\/\">click here<\/a>.<\/p>\n\n\n\n<p><\/p>\n<\/div>\n<\/div>\n","protected":false},"excerpt":{"rendered":"<p>Discover how VINCI&#8217;s ViE programme boosted the career of Albert, a track layer at ETF.<\/p>\n","protected":false},"author":239,"featured_media":7134896,"comment_status":"closed","ping_status":"closed","sticky":false,"template":"","format":"standard","meta":{"_acf_changed":false,"footnotes":""},"categories":[194],"tags":[],"class_list":["post-12481106","post","type-post","status-publish","format-standard","has-post-thumbnail","hentry","category-agence-centre-en"],"acf":[],"yoast_head":"<!-- This site is optimized with the Yoast SEO plugin v27.5 - https:\/\/yoast.com\/product\/yoast-seo-wordpress\/ -->\n<title>Le programme ViE de VINCI<\/title>\n<meta name=\"description\" content=\"D\u00e9couvrez comment le programme ViE de VINCI a propuls\u00e9 la carri\u00e8re professionnelle d&#039;Albert, poseur de voies ferr\u00e9es chez ETF.\" \/>\n<meta name=\"robots\" content=\"index, follow, max-snippet:-1, max-image-preview:large, max-video-preview:-1\" \/>\n<link rel=\"canonical\" href=\"https:\/\/www.etf.fr\/en\/agence-centre-en\/programme-insertion-professionnelle-vinci\/\" \/>\n<meta property=\"og:locale\" content=\"en_US\" \/>\n<meta property=\"og:type\" content=\"article\" \/>\n<meta property=\"og:title\" content=\"Le programme ViE de VINCI\" \/>\n<meta property=\"og:description\" content=\"D\u00e9couvrez comment le programme ViE de VINCI a propuls\u00e9 la carri\u00e8re professionnelle d&#039;Albert, poseur de voies ferr\u00e9es chez ETF.\" \/>\n<meta property=\"og:url\" content=\"https:\/\/www.etf.fr\/en\/agence-centre-en\/programme-insertion-professionnelle-vinci\/\" \/>\n<meta property=\"og:site_name\" content=\"ETF\" \/>\n<meta property=\"article:published_time\" content=\"2023-10-27T14:57:55+00:00\" \/>\n<meta property=\"article:modified_time\" content=\"2025-09-26T08:56:09+00:00\" \/>\n<meta property=\"og:image\" content=\"https:\/\/www.etf.fr\/wp-content\/uploads\/2023\/10\/albert.png\" \/>\n\t<meta property=\"og:image:width\" content=\"1747\" \/>\n\t<meta property=\"og:image:height\" content=\"1395\" \/>\n\t<meta property=\"og:image:type\" content=\"image\/png\" \/>\n<meta name=\"author\" content=\"chloe\" \/>\n<meta name=\"twitter:card\" content=\"summary_large_image\" \/>\n<meta name=\"twitter:label1\" content=\"Written by\" \/>\n\t<meta name=\"twitter:data1\" content=\"chloe\" \/>\n\t<meta name=\"twitter:label2\" content=\"Est. reading time\" \/>\n\t<meta name=\"twitter:data2\" content=\"2 minutes\" \/>\n<script type=\"application\/ld+json\" class=\"yoast-schema-graph\">{\"@context\":\"https:\\\/\\\/schema.org\",\"@graph\":[{\"@type\":\"Article\",\"@id\":\"https:\\\/\\\/www.etf.fr\\\/en\\\/agence-centre-en\\\/programme-insertion-professionnelle-vinci\\\/#article\",\"isPartOf\":{\"@id\":\"https:\\\/\\\/www.etf.fr\\\/en\\\/agence-centre-en\\\/programme-insertion-professionnelle-vinci\\\/\"},\"author\":{\"name\":\"chloe\",\"@id\":\"https:\\\/\\\/www.etf.fr\\\/#\\\/schema\\\/person\\\/b20334e710830573c2a3ba4ab9b7d679\"},\"headline\":\"Working together to promote sustainable employment through VINCI&#8217;s ViE integration programme\",\"datePublished\":\"2023-10-27T14:57:55+00:00\",\"dateModified\":\"2025-09-26T08:56:09+00:00\",\"mainEntityOfPage\":{\"@id\":\"https:\\\/\\\/www.etf.fr\\\/en\\\/agence-centre-en\\\/programme-insertion-professionnelle-vinci\\\/\"},\"wordCount\":238,\"publisher\":{\"@id\":\"https:\\\/\\\/www.etf.fr\\\/#organization\"},\"image\":{\"@id\":\"https:\\\/\\\/www.etf.fr\\\/en\\\/agence-centre-en\\\/programme-insertion-professionnelle-vinci\\\/#primaryimage\"},\"thumbnailUrl\":\"https:\\\/\\\/www.etf.fr\\\/wp-content\\\/uploads\\\/2023\\\/10\\\/albert.png\",\"articleSection\":[\"Agence Centre\"],\"inLanguage\":\"en-US\"},{\"@type\":\"WebPage\",\"@id\":\"https:\\\/\\\/www.etf.fr\\\/en\\\/agence-centre-en\\\/programme-insertion-professionnelle-vinci\\\/\",\"url\":\"https:\\\/\\\/www.etf.fr\\\/en\\\/agence-centre-en\\\/programme-insertion-professionnelle-vinci\\\/\",\"name\":\"Le programme ViE de VINCI\",\"isPartOf\":{\"@id\":\"https:\\\/\\\/www.etf.fr\\\/#website\"},\"primaryImageOfPage\":{\"@id\":\"https:\\\/\\\/www.etf.fr\\\/en\\\/agence-centre-en\\\/programme-insertion-professionnelle-vinci\\\/#primaryimage\"},\"image\":{\"@id\":\"https:\\\/\\\/www.etf.fr\\\/en\\\/agence-centre-en\\\/programme-insertion-professionnelle-vinci\\\/#primaryimage\"},\"thumbnailUrl\":\"https:\\\/\\\/www.etf.fr\\\/wp-content\\\/uploads\\\/2023\\\/10\\\/albert.png\",\"datePublished\":\"2023-10-27T14:57:55+00:00\",\"dateModified\":\"2025-09-26T08:56:09+00:00\",\"description\":\"D\u00e9couvrez comment le programme ViE de VINCI a propuls\u00e9 la carri\u00e8re professionnelle d'Albert, poseur de voies ferr\u00e9es chez ETF.\",\"breadcrumb\":{\"@id\":\"https:\\\/\\\/www.etf.fr\\\/en\\\/agence-centre-en\\\/programme-insertion-professionnelle-vinci\\\/#breadcrumb\"},\"inLanguage\":\"en-US\",\"potentialAction\":[{\"@type\":\"ReadAction\",\"target\":[\"https:\\\/\\\/www.etf.fr\\\/en\\\/agence-centre-en\\\/programme-insertion-professionnelle-vinci\\\/\"]}]},{\"@type\":\"ImageObject\",\"inLanguage\":\"en-US\",\"@id\":\"https:\\\/\\\/www.etf.fr\\\/en\\\/agence-centre-en\\\/programme-insertion-professionnelle-vinci\\\/#primaryimage\",\"url\":\"https:\\\/\\\/www.etf.fr\\\/wp-content\\\/uploads\\\/2023\\\/10\\\/albert.png\",\"contentUrl\":\"https:\\\/\\\/www.etf.fr\\\/wp-content\\\/uploads\\\/2023\\\/10\\\/albert.png\",\"width\":1747,\"height\":1395},{\"@type\":\"BreadcrumbList\",\"@id\":\"https:\\\/\\\/www.etf.fr\\\/en\\\/agence-centre-en\\\/programme-insertion-professionnelle-vinci\\\/#breadcrumb\",\"itemListElement\":[{\"@type\":\"ListItem\",\"position\":1,\"name\":\"Accueil\",\"item\":\"https:\\\/\\\/www.etf.fr\\\/en\\\/\"},{\"@type\":\"ListItem\",\"position\":2,\"name\":\"Working together to promote sustainable employment through VINCI&rsquo;s ViE integration programme\"}]},{\"@type\":\"WebSite\",\"@id\":\"https:\\\/\\\/www.etf.fr\\\/#website\",\"url\":\"https:\\\/\\\/www.etf.fr\\\/\",\"name\":\"ETF\",\"description\":\"Your transport partner worldwide\",\"publisher\":{\"@id\":\"https:\\\/\\\/www.etf.fr\\\/#organization\"},\"potentialAction\":[{\"@type\":\"SearchAction\",\"target\":{\"@type\":\"EntryPoint\",\"urlTemplate\":\"https:\\\/\\\/www.etf.fr\\\/?s={search_term_string}\"},\"query-input\":{\"@type\":\"PropertyValueSpecification\",\"valueRequired\":true,\"valueName\":\"search_term_string\"}}],\"inLanguage\":\"en-US\"},{\"@type\":\"Organization\",\"@id\":\"https:\\\/\\\/www.etf.fr\\\/#organization\",\"name\":\"ETF\",\"url\":\"https:\\\/\\\/www.etf.fr\\\/\",\"logo\":{\"@type\":\"ImageObject\",\"inLanguage\":\"en-US\",\"@id\":\"https:\\\/\\\/www.etf.fr\\\/#\\\/schema\\\/logo\\\/image\\\/\",\"url\":\"https:\\\/\\\/www.etf.fr\\\/wp-content\\\/uploads\\\/2019\\\/03\\\/logo-ETF.png\",\"contentUrl\":\"https:\\\/\\\/www.etf.fr\\\/wp-content\\\/uploads\\\/2019\\\/03\\\/logo-ETF.png\",\"width\":272,\"height\":161,\"caption\":\"ETF\"},\"image\":{\"@id\":\"https:\\\/\\\/www.etf.fr\\\/#\\\/schema\\\/logo\\\/image\\\/\"}},{\"@type\":\"Person\",\"@id\":\"https:\\\/\\\/www.etf.fr\\\/#\\\/schema\\\/person\\\/b20334e710830573c2a3ba4ab9b7d679\",\"name\":\"chloe\",\"url\":\"https:\\\/\\\/www.etf.fr\\\/en\\\/author\\\/chloe\\\/\"}]}<\/script>\n<!-- \/ Yoast SEO plugin. -->","yoast_head_json":{"title":"Le programme ViE de VINCI","description":"D\u00e9couvrez comment le programme ViE de VINCI a propuls\u00e9 la carri\u00e8re professionnelle d'Albert, poseur de voies ferr\u00e9es chez ETF.","robots":{"index":"index","follow":"follow","max-snippet":"max-snippet:-1","max-image-preview":"max-image-preview:large","max-video-preview":"max-video-preview:-1"},"canonical":"https:\/\/www.etf.fr\/en\/agence-centre-en\/programme-insertion-professionnelle-vinci\/","og_locale":"en_US","og_type":"article","og_title":"Le programme ViE de VINCI","og_description":"D\u00e9couvrez comment le programme ViE de VINCI a propuls\u00e9 la carri\u00e8re professionnelle d'Albert, poseur de voies ferr\u00e9es chez ETF.","og_url":"https:\/\/www.etf.fr\/en\/agence-centre-en\/programme-insertion-professionnelle-vinci\/","og_site_name":"ETF","article_published_time":"2023-10-27T14:57:55+00:00","article_modified_time":"2025-09-26T08:56:09+00:00","og_image":[{"width":1747,"height":1395,"url":"https:\/\/www.etf.fr\/wp-content\/uploads\/2023\/10\/albert.png","type":"image\/png"}],"author":"chloe","twitter_card":"summary_large_image","twitter_misc":{"Written by":"chloe","Est. reading time":"2 minutes"},"schema":{"@context":"https:\/\/schema.org","@graph":[{"@type":"Article","@id":"https:\/\/www.etf.fr\/en\/agence-centre-en\/programme-insertion-professionnelle-vinci\/#article","isPartOf":{"@id":"https:\/\/www.etf.fr\/en\/agence-centre-en\/programme-insertion-professionnelle-vinci\/"},"author":{"name":"chloe","@id":"https:\/\/www.etf.fr\/#\/schema\/person\/b20334e710830573c2a3ba4ab9b7d679"},"headline":"Working together to promote sustainable employment through VINCI&#8217;s ViE integration programme","datePublished":"2023-10-27T14:57:55+00:00","dateModified":"2025-09-26T08:56:09+00:00","mainEntityOfPage":{"@id":"https:\/\/www.etf.fr\/en\/agence-centre-en\/programme-insertion-professionnelle-vinci\/"},"wordCount":238,"publisher":{"@id":"https:\/\/www.etf.fr\/#organization"},"image":{"@id":"https:\/\/www.etf.fr\/en\/agence-centre-en\/programme-insertion-professionnelle-vinci\/#primaryimage"},"thumbnailUrl":"https:\/\/www.etf.fr\/wp-content\/uploads\/2023\/10\/albert.png","articleSection":["Agence Centre"],"inLanguage":"en-US"},{"@type":"WebPage","@id":"https:\/\/www.etf.fr\/en\/agence-centre-en\/programme-insertion-professionnelle-vinci\/","url":"https:\/\/www.etf.fr\/en\/agence-centre-en\/programme-insertion-professionnelle-vinci\/","name":"Le programme ViE de VINCI","isPartOf":{"@id":"https:\/\/www.etf.fr\/#website"},"primaryImageOfPage":{"@id":"https:\/\/www.etf.fr\/en\/agence-centre-en\/programme-insertion-professionnelle-vinci\/#primaryimage"},"image":{"@id":"https:\/\/www.etf.fr\/en\/agence-centre-en\/programme-insertion-professionnelle-vinci\/#primaryimage"},"thumbnailUrl":"https:\/\/www.etf.fr\/wp-content\/uploads\/2023\/10\/albert.png","datePublished":"2023-10-27T14:57:55+00:00","dateModified":"2025-09-26T08:56:09+00:00","description":"D\u00e9couvrez comment le programme ViE de VINCI a propuls\u00e9 la carri\u00e8re professionnelle d'Albert, poseur de voies ferr\u00e9es chez ETF.","breadcrumb":{"@id":"https:\/\/www.etf.fr\/en\/agence-centre-en\/programme-insertion-professionnelle-vinci\/#breadcrumb"},"inLanguage":"en-US","potentialAction":[{"@type":"ReadAction","target":["https:\/\/www.etf.fr\/en\/agence-centre-en\/programme-insertion-professionnelle-vinci\/"]}]},{"@type":"ImageObject","inLanguage":"en-US","@id":"https:\/\/www.etf.fr\/en\/agence-centre-en\/programme-insertion-professionnelle-vinci\/#primaryimage","url":"https:\/\/www.etf.fr\/wp-content\/uploads\/2023\/10\/albert.png","contentUrl":"https:\/\/www.etf.fr\/wp-content\/uploads\/2023\/10\/albert.png","width":1747,"height":1395},{"@type":"BreadcrumbList","@id":"https:\/\/www.etf.fr\/en\/agence-centre-en\/programme-insertion-professionnelle-vinci\/#breadcrumb","itemListElement":[{"@type":"ListItem","position":1,"name":"Accueil","item":"https:\/\/www.etf.fr\/en\/"},{"@type":"ListItem","position":2,"name":"Working together to promote sustainable employment through VINCI&rsquo;s ViE integration programme"}]},{"@type":"WebSite","@id":"https:\/\/www.etf.fr\/#website","url":"https:\/\/www.etf.fr\/","name":"ETF","description":"Your transport partner worldwide","publisher":{"@id":"https:\/\/www.etf.fr\/#organization"},"potentialAction":[{"@type":"SearchAction","target":{"@type":"EntryPoint","urlTemplate":"https:\/\/www.etf.fr\/?s={search_term_string}"},"query-input":{"@type":"PropertyValueSpecification","valueRequired":true,"valueName":"search_term_string"}}],"inLanguage":"en-US"},{"@type":"Organization","@id":"https:\/\/www.etf.fr\/#organization","name":"ETF","url":"https:\/\/www.etf.fr\/","logo":{"@type":"ImageObject","inLanguage":"en-US","@id":"https:\/\/www.etf.fr\/#\/schema\/logo\/image\/","url":"https:\/\/www.etf.fr\/wp-content\/uploads\/2019\/03\/logo-ETF.png","contentUrl":"https:\/\/www.etf.fr\/wp-content\/uploads\/2019\/03\/logo-ETF.png","width":272,"height":161,"caption":"ETF"},"image":{"@id":"https:\/\/www.etf.fr\/#\/schema\/logo\/image\/"}},{"@type":"Person","@id":"https:\/\/www.etf.fr\/#\/schema\/person\/b20334e710830573c2a3ba4ab9b7d679","name":"chloe","url":"https:\/\/www.etf.fr\/en\/author\/chloe\/"}]}},"_links":{"self":[{"href":"https:\/\/www.etf.fr\/en\/wp-json\/wp\/v2\/posts\/12481106","targetHints":{"allow":["GET"]}}],"collection":[{"href":"https:\/\/www.etf.fr\/en\/wp-json\/wp\/v2\/posts"}],"about":[{"href":"https:\/\/www.etf.fr\/en\/wp-json\/wp\/v2\/types\/post"}],"author":[{"embeddable":true,"href":"https:\/\/www.etf.fr\/en\/wp-json\/wp\/v2\/users\/239"}],"replies":[{"embeddable":true,"href":"https:\/\/www.etf.fr\/en\/wp-json\/wp\/v2\/comments?post=12481106"}],"version-history":[{"count":1,"href":"https:\/\/www.etf.fr\/en\/wp-json\/wp\/v2\/posts\/12481106\/revisions"}],"predecessor-version":[{"id":12481166,"href":"https:\/\/www.etf.fr\/en\/wp-json\/wp\/v2\/posts\/12481106\/revisions\/12481166"}],"wp:featuredmedia":[{"embeddable":true,"href":"https:\/\/www.etf.fr\/en\/wp-json\/wp\/v2\/media\/7134896"}],"wp:attachment":[{"href":"https:\/\/www.etf.fr\/en\/wp-json\/wp\/v2\/media?parent=12481106"}],"wp:term":[{"taxonomy":"category","embeddable":true,"href":"https:\/\/www.etf.fr\/en\/wp-json\/wp\/v2\/categories?post=12481106"},{"taxonomy":"post_tag","embeddable":true,"href":"https:\/\/www.etf.fr\/en\/wp-json\/wp\/v2\/tags?post=12481106"}],"curies":[{"name":"wp","href":"https:\/\/api.w.org\/{rel}","templated":true}]}}