{"id":12481168,"date":"2023-10-26T14:08:51","date_gmt":"2023-10-26T12:08:51","guid":{"rendered":"https:\/\/www.etf.fr\/uncategorized\/ligne-12-du-metro-parisien-etf-en-action-a-la-station-porte-de-la-chapelle\/"},"modified":"2025-09-26T10:58:29","modified_gmt":"2025-09-26T08:58:29","slug":"ligne-12-du-metro-parisien-etf-en-action-a-la-station-porte-de-la-chapelle","status":"publish","type":"post","link":"https:\/\/www.etf.fr\/en\/agence-idf-en\/ligne-12-du-metro-parisien-etf-en-action-a-la-station-porte-de-la-chapelle\/","title":{"rendered":"Removal and replacement of four sets of points on line 12"},"content":{"rendered":"\n<h3 class=\"wp-block-heading\">As part of the contract to extend line 12 of the Paris Metro, ETF successfully completed its last OCP of the summer season at Porte de la Chapelle station.<\/h3>\n\n\n\n<div class=\"wp-block-columns is-layout-flex wp-container-core-columns-is-layout-9d6595d7 wp-block-columns-is-layout-flex\">\n<div class=\"wp-block-column is-layout-flow wp-block-column-is-layout-flow\">\n<p>The aim of this extension to the Paris metro is to serve the urban redevelopment hub of La Plaine Saint-Denis and improve access to the municipality of Aubervilliers.<\/p>\n\n\n\n<p>To achieve this, our teams removed and replaced four sets of points.<\/p>\n\n\n\n<p>Our railway maintenance and construction team rallied together and rose to the challenge during the busy summer period, alongside several other major regeneration projects carried out simultaneously on other lines by our teams!<\/p>\n\n\n\n<p>The recent extension carried out by ETF also requires adjustments to the equipment at the end of the line, namely at Porte de la Chapelle and Front Populaire.<\/p>\n\n\n\n<p>This latest OCP, marking the successful conclusion of this contract, represents a significant milestone for our team.<\/p>\n\n\n\n<p>It guarantees the final configuration of the line for the operating teams, enabling them to manage it smoothly and optimally, without the need for specific monitoring measures.<\/p>\n<\/div>\n\n\n\n<div class=\"wp-block-column is-layout-flow wp-block-column-is-layout-flow\">\n<h4 class=\"wp-block-heading has-text-align-center\">Take a look behind the scenes at this construction site<\/h4>\n\n\n\n<figure class=\"wp-block-embed is-type-video is-provider-youtube wp-block-embed-youtube wp-embed-aspect-16-9 wp-has-aspect-ratio\"><div class=\"wp-block-embed__wrapper\">\n<div class=\"oembed\">\n\t<iframe loading=\"lazy\" title=\"Ligne 12 - Travaux d&#039;\u00e9t\u00e9 sur le r\u00e9seau RATP\" width=\"500\" height=\"281\" src=\"https:\/\/www.youtube.com\/embed\/mI93SgV-zHs?feature=oembed\" frameborder=\"0\" allow=\"accelerometer; autoplay; clipboard-write; encrypted-media; gyroscope; picture-in-picture; web-share\" referrerpolicy=\"strict-origin-when-cross-origin\" allowfullscreen><\/iframe><\/div>\n\n<\/div><\/figure>\n<\/div>\n<\/div>\n","protected":false},"excerpt":{"rendered":"<p>As part of the contract to extend line 12 of the Paris Metro, ETF successfully completed its last OCP of the summer season at Porte de la Chapelle station.<\/p>\n","protected":false},"author":239,"featured_media":109159,"comment_status":"closed","ping_status":"closed","sticky":false,"template":"","format":"standard","meta":{"_acf_changed":false,"footnotes":""},"categories":[202,191],"tags":[],"class_list":["post-12481168","post","type-post","status-publish","format-standard","has-post-thumbnail","hentry","category-agence-idf-en","category-actualites-en"],"acf":[],"yoast_head":"<!-- This site is optimized with the Yoast SEO plugin v27.5 - https:\/\/yoast.com\/product\/yoast-seo-wordpress\/ -->\n<title>Removal and replacement of four sets of points on line 12 - ETF<\/title>\n<meta name=\"robots\" content=\"index, follow, max-snippet:-1, max-image-preview:large, max-video-preview:-1\" \/>\n<link rel=\"canonical\" href=\"https:\/\/www.etf.fr\/en\/agence-idf-en\/ligne-12-du-metro-parisien-etf-en-action-a-la-station-porte-de-la-chapelle\/\" \/>\n<meta property=\"og:locale\" content=\"en_US\" \/>\n<meta property=\"og:type\" content=\"article\" \/>\n<meta property=\"og:title\" content=\"Removal and replacement of four sets of points on line 12 - ETF\" \/>\n<meta property=\"og:description\" content=\"As part of the contract to extend line 12 of the Paris Metro, ETF successfully completed its last OCP of the summer season at Porte de la Chapelle station.\" \/>\n<meta property=\"og:url\" content=\"https:\/\/www.etf.fr\/en\/agence-idf-en\/ligne-12-du-metro-parisien-etf-en-action-a-la-station-porte-de-la-chapelle\/\" \/>\n<meta property=\"og:site_name\" content=\"ETF\" \/>\n<meta property=\"article:published_time\" content=\"2023-10-26T12:08:51+00:00\" \/>\n<meta property=\"article:modified_time\" content=\"2025-09-26T08:58:29+00:00\" \/>\n<meta property=\"og:image\" content=\"https:\/\/www.etf.fr\/wp-content\/uploads\/2023\/10\/ligne12.png\" \/>\n\t<meta property=\"og:image:width\" content=\"551\" \/>\n\t<meta property=\"og:image:height\" content=\"454\" \/>\n\t<meta property=\"og:image:type\" content=\"image\/png\" \/>\n<meta name=\"author\" content=\"chloe\" \/>\n<meta name=\"twitter:card\" content=\"summary_large_image\" \/>\n<meta name=\"twitter:label1\" content=\"Written by\" \/>\n\t<meta name=\"twitter:data1\" content=\"chloe\" \/>\n\t<meta name=\"twitter:label2\" content=\"Est. reading time\" \/>\n\t<meta name=\"twitter:data2\" content=\"2 minutes\" \/>\n<script type=\"application\/ld+json\" class=\"yoast-schema-graph\">{\"@context\":\"https:\\\/\\\/schema.org\",\"@graph\":[{\"@type\":\"Article\",\"@id\":\"https:\\\/\\\/www.etf.fr\\\/en\\\/agence-idf-en\\\/ligne-12-du-metro-parisien-etf-en-action-a-la-station-porte-de-la-chapelle\\\/#article\",\"isPartOf\":{\"@id\":\"https:\\\/\\\/www.etf.fr\\\/en\\\/agence-idf-en\\\/ligne-12-du-metro-parisien-etf-en-action-a-la-station-porte-de-la-chapelle\\\/\"},\"author\":{\"name\":\"chloe\",\"@id\":\"https:\\\/\\\/www.etf.fr\\\/#\\\/schema\\\/person\\\/b20334e710830573c2a3ba4ab9b7d679\"},\"headline\":\"Removal and replacement of four sets of points on line 12\",\"datePublished\":\"2023-10-26T12:08:51+00:00\",\"dateModified\":\"2025-09-26T08:58:29+00:00\",\"mainEntityOfPage\":{\"@id\":\"https:\\\/\\\/www.etf.fr\\\/en\\\/agence-idf-en\\\/ligne-12-du-metro-parisien-etf-en-action-a-la-station-porte-de-la-chapelle\\\/\"},\"wordCount\":202,\"publisher\":{\"@id\":\"https:\\\/\\\/www.etf.fr\\\/#organization\"},\"image\":{\"@id\":\"https:\\\/\\\/www.etf.fr\\\/en\\\/agence-idf-en\\\/ligne-12-du-metro-parisien-etf-en-action-a-la-station-porte-de-la-chapelle\\\/#primaryimage\"},\"thumbnailUrl\":\"https:\\\/\\\/www.etf.fr\\\/wp-content\\\/uploads\\\/2023\\\/10\\\/ligne12.png\",\"articleSection\":[\"Agence IDF\",\"Actualit\u00e9s\"],\"inLanguage\":\"en-US\"},{\"@type\":\"WebPage\",\"@id\":\"https:\\\/\\\/www.etf.fr\\\/en\\\/agence-idf-en\\\/ligne-12-du-metro-parisien-etf-en-action-a-la-station-porte-de-la-chapelle\\\/\",\"url\":\"https:\\\/\\\/www.etf.fr\\\/en\\\/agence-idf-en\\\/ligne-12-du-metro-parisien-etf-en-action-a-la-station-porte-de-la-chapelle\\\/\",\"name\":\"Removal and replacement of four sets of points on line 12 - ETF\",\"isPartOf\":{\"@id\":\"https:\\\/\\\/www.etf.fr\\\/#website\"},\"primaryImageOfPage\":{\"@id\":\"https:\\\/\\\/www.etf.fr\\\/en\\\/agence-idf-en\\\/ligne-12-du-metro-parisien-etf-en-action-a-la-station-porte-de-la-chapelle\\\/#primaryimage\"},\"image\":{\"@id\":\"https:\\\/\\\/www.etf.fr\\\/en\\\/agence-idf-en\\\/ligne-12-du-metro-parisien-etf-en-action-a-la-station-porte-de-la-chapelle\\\/#primaryimage\"},\"thumbnailUrl\":\"https:\\\/\\\/www.etf.fr\\\/wp-content\\\/uploads\\\/2023\\\/10\\\/ligne12.png\",\"datePublished\":\"2023-10-26T12:08:51+00:00\",\"dateModified\":\"2025-09-26T08:58:29+00:00\",\"breadcrumb\":{\"@id\":\"https:\\\/\\\/www.etf.fr\\\/en\\\/agence-idf-en\\\/ligne-12-du-metro-parisien-etf-en-action-a-la-station-porte-de-la-chapelle\\\/#breadcrumb\"},\"inLanguage\":\"en-US\",\"potentialAction\":[{\"@type\":\"ReadAction\",\"target\":[\"https:\\\/\\\/www.etf.fr\\\/en\\\/agence-idf-en\\\/ligne-12-du-metro-parisien-etf-en-action-a-la-station-porte-de-la-chapelle\\\/\"]}]},{\"@type\":\"ImageObject\",\"inLanguage\":\"en-US\",\"@id\":\"https:\\\/\\\/www.etf.fr\\\/en\\\/agence-idf-en\\\/ligne-12-du-metro-parisien-etf-en-action-a-la-station-porte-de-la-chapelle\\\/#primaryimage\",\"url\":\"https:\\\/\\\/www.etf.fr\\\/wp-content\\\/uploads\\\/2023\\\/10\\\/ligne12.png\",\"contentUrl\":\"https:\\\/\\\/www.etf.fr\\\/wp-content\\\/uploads\\\/2023\\\/10\\\/ligne12.png\",\"width\":551,\"height\":454,\"caption\":\"TEST 3\"},{\"@type\":\"BreadcrumbList\",\"@id\":\"https:\\\/\\\/www.etf.fr\\\/en\\\/agence-idf-en\\\/ligne-12-du-metro-parisien-etf-en-action-a-la-station-porte-de-la-chapelle\\\/#breadcrumb\",\"itemListElement\":[{\"@type\":\"ListItem\",\"position\":1,\"name\":\"Accueil\",\"item\":\"https:\\\/\\\/www.etf.fr\\\/en\\\/\"},{\"@type\":\"ListItem\",\"position\":2,\"name\":\"Removal and replacement of four sets of points on line 12\"}]},{\"@type\":\"WebSite\",\"@id\":\"https:\\\/\\\/www.etf.fr\\\/#website\",\"url\":\"https:\\\/\\\/www.etf.fr\\\/\",\"name\":\"ETF\",\"description\":\"Your transport partner worldwide\",\"publisher\":{\"@id\":\"https:\\\/\\\/www.etf.fr\\\/#organization\"},\"potentialAction\":[{\"@type\":\"SearchAction\",\"target\":{\"@type\":\"EntryPoint\",\"urlTemplate\":\"https:\\\/\\\/www.etf.fr\\\/?s={search_term_string}\"},\"query-input\":{\"@type\":\"PropertyValueSpecification\",\"valueRequired\":true,\"valueName\":\"search_term_string\"}}],\"inLanguage\":\"en-US\"},{\"@type\":\"Organization\",\"@id\":\"https:\\\/\\\/www.etf.fr\\\/#organization\",\"name\":\"ETF\",\"url\":\"https:\\\/\\\/www.etf.fr\\\/\",\"logo\":{\"@type\":\"ImageObject\",\"inLanguage\":\"en-US\",\"@id\":\"https:\\\/\\\/www.etf.fr\\\/#\\\/schema\\\/logo\\\/image\\\/\",\"url\":\"https:\\\/\\\/www.etf.fr\\\/wp-content\\\/uploads\\\/2019\\\/03\\\/logo-ETF.png\",\"contentUrl\":\"https:\\\/\\\/www.etf.fr\\\/wp-content\\\/uploads\\\/2019\\\/03\\\/logo-ETF.png\",\"width\":272,\"height\":161,\"caption\":\"ETF\"},\"image\":{\"@id\":\"https:\\\/\\\/www.etf.fr\\\/#\\\/schema\\\/logo\\\/image\\\/\"}},{\"@type\":\"Person\",\"@id\":\"https:\\\/\\\/www.etf.fr\\\/#\\\/schema\\\/person\\\/b20334e710830573c2a3ba4ab9b7d679\",\"name\":\"chloe\",\"url\":\"https:\\\/\\\/www.etf.fr\\\/en\\\/author\\\/chloe\\\/\"}]}<\/script>\n<!-- \/ Yoast SEO plugin. -->","yoast_head_json":{"title":"Removal and replacement of four sets of points on line 12 - ETF","robots":{"index":"index","follow":"follow","max-snippet":"max-snippet:-1","max-image-preview":"max-image-preview:large","max-video-preview":"max-video-preview:-1"},"canonical":"https:\/\/www.etf.fr\/en\/agence-idf-en\/ligne-12-du-metro-parisien-etf-en-action-a-la-station-porte-de-la-chapelle\/","og_locale":"en_US","og_type":"article","og_title":"Removal and replacement of four sets of points on line 12 - ETF","og_description":"As part of the contract to extend line 12 of the Paris Metro, ETF successfully completed its last OCP of the summer season at Porte de la Chapelle station.","og_url":"https:\/\/www.etf.fr\/en\/agence-idf-en\/ligne-12-du-metro-parisien-etf-en-action-a-la-station-porte-de-la-chapelle\/","og_site_name":"ETF","article_published_time":"2023-10-26T12:08:51+00:00","article_modified_time":"2025-09-26T08:58:29+00:00","og_image":[{"width":551,"height":454,"url":"https:\/\/www.etf.fr\/wp-content\/uploads\/2023\/10\/ligne12.png","type":"image\/png"}],"author":"chloe","twitter_card":"summary_large_image","twitter_misc":{"Written by":"chloe","Est. reading time":"2 minutes"},"schema":{"@context":"https:\/\/schema.org","@graph":[{"@type":"Article","@id":"https:\/\/www.etf.fr\/en\/agence-idf-en\/ligne-12-du-metro-parisien-etf-en-action-a-la-station-porte-de-la-chapelle\/#article","isPartOf":{"@id":"https:\/\/www.etf.fr\/en\/agence-idf-en\/ligne-12-du-metro-parisien-etf-en-action-a-la-station-porte-de-la-chapelle\/"},"author":{"name":"chloe","@id":"https:\/\/www.etf.fr\/#\/schema\/person\/b20334e710830573c2a3ba4ab9b7d679"},"headline":"Removal and replacement of four sets of points on line 12","datePublished":"2023-10-26T12:08:51+00:00","dateModified":"2025-09-26T08:58:29+00:00","mainEntityOfPage":{"@id":"https:\/\/www.etf.fr\/en\/agence-idf-en\/ligne-12-du-metro-parisien-etf-en-action-a-la-station-porte-de-la-chapelle\/"},"wordCount":202,"publisher":{"@id":"https:\/\/www.etf.fr\/#organization"},"image":{"@id":"https:\/\/www.etf.fr\/en\/agence-idf-en\/ligne-12-du-metro-parisien-etf-en-action-a-la-station-porte-de-la-chapelle\/#primaryimage"},"thumbnailUrl":"https:\/\/www.etf.fr\/wp-content\/uploads\/2023\/10\/ligne12.png","articleSection":["Agence IDF","Actualit\u00e9s"],"inLanguage":"en-US"},{"@type":"WebPage","@id":"https:\/\/www.etf.fr\/en\/agence-idf-en\/ligne-12-du-metro-parisien-etf-en-action-a-la-station-porte-de-la-chapelle\/","url":"https:\/\/www.etf.fr\/en\/agence-idf-en\/ligne-12-du-metro-parisien-etf-en-action-a-la-station-porte-de-la-chapelle\/","name":"Removal and replacement of four sets of points on line 12 - ETF","isPartOf":{"@id":"https:\/\/www.etf.fr\/#website"},"primaryImageOfPage":{"@id":"https:\/\/www.etf.fr\/en\/agence-idf-en\/ligne-12-du-metro-parisien-etf-en-action-a-la-station-porte-de-la-chapelle\/#primaryimage"},"image":{"@id":"https:\/\/www.etf.fr\/en\/agence-idf-en\/ligne-12-du-metro-parisien-etf-en-action-a-la-station-porte-de-la-chapelle\/#primaryimage"},"thumbnailUrl":"https:\/\/www.etf.fr\/wp-content\/uploads\/2023\/10\/ligne12.png","datePublished":"2023-10-26T12:08:51+00:00","dateModified":"2025-09-26T08:58:29+00:00","breadcrumb":{"@id":"https:\/\/www.etf.fr\/en\/agence-idf-en\/ligne-12-du-metro-parisien-etf-en-action-a-la-station-porte-de-la-chapelle\/#breadcrumb"},"inLanguage":"en-US","potentialAction":[{"@type":"ReadAction","target":["https:\/\/www.etf.fr\/en\/agence-idf-en\/ligne-12-du-metro-parisien-etf-en-action-a-la-station-porte-de-la-chapelle\/"]}]},{"@type":"ImageObject","inLanguage":"en-US","@id":"https:\/\/www.etf.fr\/en\/agence-idf-en\/ligne-12-du-metro-parisien-etf-en-action-a-la-station-porte-de-la-chapelle\/#primaryimage","url":"https:\/\/www.etf.fr\/wp-content\/uploads\/2023\/10\/ligne12.png","contentUrl":"https:\/\/www.etf.fr\/wp-content\/uploads\/2023\/10\/ligne12.png","width":551,"height":454,"caption":"TEST 3"},{"@type":"BreadcrumbList","@id":"https:\/\/www.etf.fr\/en\/agence-idf-en\/ligne-12-du-metro-parisien-etf-en-action-a-la-station-porte-de-la-chapelle\/#breadcrumb","itemListElement":[{"@type":"ListItem","position":1,"name":"Accueil","item":"https:\/\/www.etf.fr\/en\/"},{"@type":"ListItem","position":2,"name":"Removal and replacement of four sets of points on line 12"}]},{"@type":"WebSite","@id":"https:\/\/www.etf.fr\/#website","url":"https:\/\/www.etf.fr\/","name":"ETF","description":"Your transport partner worldwide","publisher":{"@id":"https:\/\/www.etf.fr\/#organization"},"potentialAction":[{"@type":"SearchAction","target":{"@type":"EntryPoint","urlTemplate":"https:\/\/www.etf.fr\/?s={search_term_string}"},"query-input":{"@type":"PropertyValueSpecification","valueRequired":true,"valueName":"search_term_string"}}],"inLanguage":"en-US"},{"@type":"Organization","@id":"https:\/\/www.etf.fr\/#organization","name":"ETF","url":"https:\/\/www.etf.fr\/","logo":{"@type":"ImageObject","inLanguage":"en-US","@id":"https:\/\/www.etf.fr\/#\/schema\/logo\/image\/","url":"https:\/\/www.etf.fr\/wp-content\/uploads\/2019\/03\/logo-ETF.png","contentUrl":"https:\/\/www.etf.fr\/wp-content\/uploads\/2019\/03\/logo-ETF.png","width":272,"height":161,"caption":"ETF"},"image":{"@id":"https:\/\/www.etf.fr\/#\/schema\/logo\/image\/"}},{"@type":"Person","@id":"https:\/\/www.etf.fr\/#\/schema\/person\/b20334e710830573c2a3ba4ab9b7d679","name":"chloe","url":"https:\/\/www.etf.fr\/en\/author\/chloe\/"}]}},"_links":{"self":[{"href":"https:\/\/www.etf.fr\/en\/wp-json\/wp\/v2\/posts\/12481168","targetHints":{"allow":["GET"]}}],"collection":[{"href":"https:\/\/www.etf.fr\/en\/wp-json\/wp\/v2\/posts"}],"about":[{"href":"https:\/\/www.etf.fr\/en\/wp-json\/wp\/v2\/types\/post"}],"author":[{"embeddable":true,"href":"https:\/\/www.etf.fr\/en\/wp-json\/wp\/v2\/users\/239"}],"replies":[{"embeddable":true,"href":"https:\/\/www.etf.fr\/en\/wp-json\/wp\/v2\/comments?post=12481168"}],"version-history":[{"count":1,"href":"https:\/\/www.etf.fr\/en\/wp-json\/wp\/v2\/posts\/12481168\/revisions"}],"predecessor-version":[{"id":12481170,"href":"https:\/\/www.etf.fr\/en\/wp-json\/wp\/v2\/posts\/12481168\/revisions\/12481170"}],"wp:featuredmedia":[{"embeddable":true,"href":"https:\/\/www.etf.fr\/en\/wp-json\/wp\/v2\/media\/109159"}],"wp:attachment":[{"href":"https:\/\/www.etf.fr\/en\/wp-json\/wp\/v2\/media?parent=12481168"}],"wp:term":[{"taxonomy":"category","embeddable":true,"href":"https:\/\/www.etf.fr\/en\/wp-json\/wp\/v2\/categories?post=12481168"},{"taxonomy":"post_tag","embeddable":true,"href":"https:\/\/www.etf.fr\/en\/wp-json\/wp\/v2\/tags?post=12481168"}],"curies":[{"name":"wp","href":"https:\/\/api.w.org\/{rel}","templated":true}]}}