{"id":12481180,"date":"2023-10-02T15:57:22","date_gmt":"2023-10-02T13:57:22","guid":{"rendered":"https:\/\/www.etf.fr\/uncategorized\/etf-sur-le-front-pour-lacteur-majeur\/"},"modified":"2025-09-26T11:04:49","modified_gmt":"2025-09-26T09:04:49","slug":"etf-sur-le-front-pour-lacteur-majeur","status":"publish","type":"post","link":"https:\/\/www.etf.fr\/en\/agence-nord-en\/etf-sur-le-front-pour-lacteur-majeur\/","title":{"rendered":"AKIEM, a major player in rail leasing, launches construction of a rail maintenance workshop in Ostricourt, in the Hauts-de-France region"},"content":{"rendered":"\n<p><em><em>On 29 June in Ostricourt, our teams officially inaugurated the works by laying the first railway tracks.<\/em> <\/em><\/p>\n\n\n\n<div class=\"wp-block-columns is-layout-flex wp-container-core-columns-is-layout-9d6595d7 wp-block-columns-is-layout-flex\">\n<div class=\"wp-block-column is-layout-flow wp-block-column-is-layout-flow\">\n<p>A site visit was organised, highlighting a rail weld that symbolises the union of our forces for this ambitious project.<\/p>\n\n\n\n<h3 class=\"wp-block-heading\">Phase 1: Ballast Track &#8211; May to End of July 2023<\/h3>\n\n\n\n<p>Over the last few months, teams from ETF&#8217;s North agency have successfully completed the first phase of the project. This stage, which ran from May to the end of July 2023, was entirely dedicated to the ballast track. No less than 1,100 metres of ballast track were laid, accompanied by the installation of 10 track switches, including two three-way connections.<\/p>\n\n\n\n<h3 class=\"wp-block-heading\">Phase 2: Track Laying &#8211; Mid-October 2023 to March 2024<\/h3>\n\n\n\n<p>Currently on hold until mid-October 2023 to allow for the progress of the structural work, our project will resume with phase 2: track laying. This stage will continue until March 2024, marking a crucial step forward in the construction of our new workshop.<\/p>\n<\/div>\n\n\n\n<div class=\"wp-block-column is-layout-flow wp-block-column-is-layout-flow\">\n<figure class=\"wp-block-gallery has-nested-images columns-default is-cropped wp-block-gallery-1 is-layout-flex wp-block-gallery-is-layout-flex\">\n<figure class=\"wp-block-image size-medium\"><img loading=\"lazy\" decoding=\"async\" width=\"250\" height=\"204\" data-id=\"105210\" src=\"https:\/\/www.etf.fr\/wp-content\/uploads\/2023\/09\/27-Soudure-inaugurale-du-chantier-le-29-juin-5-250x204.png\" alt=\"\" class=\"wp-image-105210\" srcset=\"https:\/\/www.etf.fr\/wp-content\/uploads\/2023\/09\/27-Soudure-inaugurale-du-chantier-le-29-juin-5-250x204.png 250w, https:\/\/www.etf.fr\/wp-content\/uploads\/2023\/09\/27-Soudure-inaugurale-du-chantier-le-29-juin-5.png 293w\" sizes=\"auto, (max-width: 250px) 100vw, 250px\" \/><\/figure>\n\n\n\n<figure class=\"wp-block-image size-large\"><img decoding=\"async\" data-id=\"105523\" src=\"https:\/\/www.etf.fr\/wp-content\/uploads\/2023\/09\/36-Avancement-a-fin-juillet-\u2013-arret-de-chantier-jusque-mi-octobre-en-attendant-lavancement-du-gros-oeuvre-3.png\" alt=\"\" class=\"wp-image-105523\" \/><\/figure>\n\n\n\n<figure class=\"wp-block-image size-large\"><img decoding=\"async\" data-id=\"105516\" src=\"https:\/\/www.etf.fr\/wp-content\/uploads\/2023\/09\/36-Avancement-a-fin-juillet-\u2013-arret-de-chantier-jusque-mi-octobre-en-attendant-lavancement-du-gros-oeuvre2-3.png\" alt=\"\" class=\"wp-image-105516\" \/><\/figure>\n\n\n\n<figure class=\"wp-block-image size-large\"><img decoding=\"async\" data-id=\"105253\" src=\"https:\/\/www.etf.fr\/wp-content\/uploads\/2023\/09\/33-Avancement-a-la-mi-juillet-3-1-508x535.png\" alt=\"\" class=\"wp-image-105253\" \/><\/figure>\n\n\n\n<figure class=\"wp-block-image size-large\"><img loading=\"lazy\" decoding=\"async\" width=\"557\" height=\"367\" data-id=\"105175\" src=\"https:\/\/www.etf.fr\/wp-content\/uploads\/2023\/09\/33-Avancement-a-la-mi-juillet.png\" alt=\"\" class=\"wp-image-105175\" srcset=\"https:\/\/www.etf.fr\/wp-content\/uploads\/2023\/09\/33-Avancement-a-la-mi-juillet.png 557w, https:\/\/www.etf.fr\/wp-content\/uploads\/2023\/09\/33-Avancement-a-la-mi-juillet-250x165.png 250w\" sizes=\"auto, (max-width: 557px) 100vw, 557px\" \/><\/figure>\n<\/figure>\n<\/div>\n<\/div>\n\n\n\n<p><em><em>We would like to thank the entire team that made this event possible. The collaboration between ETF, Akiem, and the Ostricourt Town Council was essential to the realisation of this project.<\/em><\/em><\/p>\n","protected":false},"excerpt":{"rendered":"<p>On 29 June in Ostricourt, our teams officially inaugurated the works by laying the first railway tracks.<\/p>\n","protected":false},"author":239,"featured_media":105254,"comment_status":"closed","ping_status":"closed","sticky":false,"template":"","format":"standard","meta":{"_acf_changed":false,"footnotes":""},"categories":[200,191],"tags":[],"class_list":["post-12481180","post","type-post","status-publish","format-standard","has-post-thumbnail","hentry","category-agence-nord-en","category-actualites-en"],"acf":[],"yoast_head":"<!-- This site is optimized with the Yoast SEO plugin v27.5 - https:\/\/yoast.com\/product\/yoast-seo-wordpress\/ -->\n<title>ETF sur le front pour l&#039;acteur majeur du leasing ferroviaire<\/title>\n<meta name=\"description\" content=\"Le 29 juin \u00e0 Ostricourt, nos \u00e9quipes ont officiellement inaugur\u00e9 les travaux en posant les premi\u00e8res voies ferr\u00e9es.\" \/>\n<meta name=\"robots\" content=\"index, follow, max-snippet:-1, max-image-preview:large, max-video-preview:-1\" \/>\n<link rel=\"canonical\" href=\"https:\/\/www.etf.fr\/en\/agence-nord-en\/etf-sur-le-front-pour-lacteur-majeur\/\" \/>\n<meta property=\"og:locale\" content=\"en_US\" \/>\n<meta property=\"og:type\" content=\"article\" \/>\n<meta property=\"og:title\" content=\"ETF sur le front pour l&#039;acteur majeur du leasing ferroviaire\" \/>\n<meta property=\"og:description\" content=\"Le 29 juin \u00e0 Ostricourt, nos \u00e9quipes ont officiellement inaugur\u00e9 les travaux en posant les premi\u00e8res voies ferr\u00e9es.\" \/>\n<meta property=\"og:url\" content=\"https:\/\/www.etf.fr\/en\/agence-nord-en\/etf-sur-le-front-pour-lacteur-majeur\/\" \/>\n<meta property=\"og:site_name\" content=\"ETF\" \/>\n<meta property=\"article:published_time\" content=\"2023-10-02T13:57:22+00:00\" \/>\n<meta property=\"article:modified_time\" content=\"2025-09-26T09:04:49+00:00\" \/>\n<meta property=\"og:image\" content=\"https:\/\/www.etf.fr\/wp-content\/uploads\/2023\/09\/33-Avancement-a-la-mi-juillet-3-1.png\" \/>\n\t<meta property=\"og:image:width\" content=\"549\" \/>\n\t<meta property=\"og:image:height\" content=\"578\" \/>\n\t<meta property=\"og:image:type\" content=\"image\/png\" \/>\n<meta name=\"author\" content=\"chloe\" \/>\n<meta name=\"twitter:card\" content=\"summary_large_image\" \/>\n<meta name=\"twitter:label1\" content=\"Written by\" \/>\n\t<meta name=\"twitter:data1\" content=\"chloe\" \/>\n\t<meta name=\"twitter:label2\" content=\"Est. reading time\" \/>\n\t<meta name=\"twitter:data2\" content=\"3 minutes\" \/>\n<script type=\"application\/ld+json\" class=\"yoast-schema-graph\">{\"@context\":\"https:\\\/\\\/schema.org\",\"@graph\":[{\"@type\":\"Article\",\"@id\":\"https:\\\/\\\/www.etf.fr\\\/en\\\/agence-nord-en\\\/etf-sur-le-front-pour-lacteur-majeur\\\/#article\",\"isPartOf\":{\"@id\":\"https:\\\/\\\/www.etf.fr\\\/en\\\/agence-nord-en\\\/etf-sur-le-front-pour-lacteur-majeur\\\/\"},\"author\":{\"name\":\"chloe\",\"@id\":\"https:\\\/\\\/www.etf.fr\\\/#\\\/schema\\\/person\\\/b20334e710830573c2a3ba4ab9b7d679\"},\"headline\":\"AKIEM, a major player in rail leasing, launches construction of a rail maintenance workshop in Ostricourt, in the Hauts-de-France region\",\"datePublished\":\"2023-10-02T13:57:22+00:00\",\"dateModified\":\"2025-09-26T09:04:49+00:00\",\"mainEntityOfPage\":{\"@id\":\"https:\\\/\\\/www.etf.fr\\\/en\\\/agence-nord-en\\\/etf-sur-le-front-pour-lacteur-majeur\\\/\"},\"wordCount\":200,\"publisher\":{\"@id\":\"https:\\\/\\\/www.etf.fr\\\/#organization\"},\"image\":{\"@id\":\"https:\\\/\\\/www.etf.fr\\\/en\\\/agence-nord-en\\\/etf-sur-le-front-pour-lacteur-majeur\\\/#primaryimage\"},\"thumbnailUrl\":\"https:\\\/\\\/www.etf.fr\\\/wp-content\\\/uploads\\\/2023\\\/09\\\/33-Avancement-a-la-mi-juillet-3-1.png\",\"articleSection\":[\"Agence Nord\",\"Actualit\u00e9s\"],\"inLanguage\":\"en-US\"},{\"@type\":\"WebPage\",\"@id\":\"https:\\\/\\\/www.etf.fr\\\/en\\\/agence-nord-en\\\/etf-sur-le-front-pour-lacteur-majeur\\\/\",\"url\":\"https:\\\/\\\/www.etf.fr\\\/en\\\/agence-nord-en\\\/etf-sur-le-front-pour-lacteur-majeur\\\/\",\"name\":\"ETF sur le front pour l'acteur majeur du leasing ferroviaire\",\"isPartOf\":{\"@id\":\"https:\\\/\\\/www.etf.fr\\\/#website\"},\"primaryImageOfPage\":{\"@id\":\"https:\\\/\\\/www.etf.fr\\\/en\\\/agence-nord-en\\\/etf-sur-le-front-pour-lacteur-majeur\\\/#primaryimage\"},\"image\":{\"@id\":\"https:\\\/\\\/www.etf.fr\\\/en\\\/agence-nord-en\\\/etf-sur-le-front-pour-lacteur-majeur\\\/#primaryimage\"},\"thumbnailUrl\":\"https:\\\/\\\/www.etf.fr\\\/wp-content\\\/uploads\\\/2023\\\/09\\\/33-Avancement-a-la-mi-juillet-3-1.png\",\"datePublished\":\"2023-10-02T13:57:22+00:00\",\"dateModified\":\"2025-09-26T09:04:49+00:00\",\"description\":\"Le 29 juin \u00e0 Ostricourt, nos \u00e9quipes ont officiellement inaugur\u00e9 les travaux en posant les premi\u00e8res voies ferr\u00e9es.\",\"breadcrumb\":{\"@id\":\"https:\\\/\\\/www.etf.fr\\\/en\\\/agence-nord-en\\\/etf-sur-le-front-pour-lacteur-majeur\\\/#breadcrumb\"},\"inLanguage\":\"en-US\",\"potentialAction\":[{\"@type\":\"ReadAction\",\"target\":[\"https:\\\/\\\/www.etf.fr\\\/en\\\/agence-nord-en\\\/etf-sur-le-front-pour-lacteur-majeur\\\/\"]}]},{\"@type\":\"ImageObject\",\"inLanguage\":\"en-US\",\"@id\":\"https:\\\/\\\/www.etf.fr\\\/en\\\/agence-nord-en\\\/etf-sur-le-front-pour-lacteur-majeur\\\/#primaryimage\",\"url\":\"https:\\\/\\\/www.etf.fr\\\/wp-content\\\/uploads\\\/2023\\\/09\\\/33-Avancement-a-la-mi-juillet-3-1.png\",\"contentUrl\":\"https:\\\/\\\/www.etf.fr\\\/wp-content\\\/uploads\\\/2023\\\/09\\\/33-Avancement-a-la-mi-juillet-3-1.png\",\"width\":549,\"height\":578},{\"@type\":\"BreadcrumbList\",\"@id\":\"https:\\\/\\\/www.etf.fr\\\/en\\\/agence-nord-en\\\/etf-sur-le-front-pour-lacteur-majeur\\\/#breadcrumb\",\"itemListElement\":[{\"@type\":\"ListItem\",\"position\":1,\"name\":\"Accueil\",\"item\":\"https:\\\/\\\/www.etf.fr\\\/en\\\/\"},{\"@type\":\"ListItem\",\"position\":2,\"name\":\"AKIEM, a major player in rail leasing, launches construction of a rail maintenance workshop in Ostricourt, in the Hauts-de-France region\"}]},{\"@type\":\"WebSite\",\"@id\":\"https:\\\/\\\/www.etf.fr\\\/#website\",\"url\":\"https:\\\/\\\/www.etf.fr\\\/\",\"name\":\"ETF\",\"description\":\"Your transport partner worldwide\",\"publisher\":{\"@id\":\"https:\\\/\\\/www.etf.fr\\\/#organization\"},\"potentialAction\":[{\"@type\":\"SearchAction\",\"target\":{\"@type\":\"EntryPoint\",\"urlTemplate\":\"https:\\\/\\\/www.etf.fr\\\/?s={search_term_string}\"},\"query-input\":{\"@type\":\"PropertyValueSpecification\",\"valueRequired\":true,\"valueName\":\"search_term_string\"}}],\"inLanguage\":\"en-US\"},{\"@type\":\"Organization\",\"@id\":\"https:\\\/\\\/www.etf.fr\\\/#organization\",\"name\":\"ETF\",\"url\":\"https:\\\/\\\/www.etf.fr\\\/\",\"logo\":{\"@type\":\"ImageObject\",\"inLanguage\":\"en-US\",\"@id\":\"https:\\\/\\\/www.etf.fr\\\/#\\\/schema\\\/logo\\\/image\\\/\",\"url\":\"https:\\\/\\\/www.etf.fr\\\/wp-content\\\/uploads\\\/2019\\\/03\\\/logo-ETF.png\",\"contentUrl\":\"https:\\\/\\\/www.etf.fr\\\/wp-content\\\/uploads\\\/2019\\\/03\\\/logo-ETF.png\",\"width\":272,\"height\":161,\"caption\":\"ETF\"},\"image\":{\"@id\":\"https:\\\/\\\/www.etf.fr\\\/#\\\/schema\\\/logo\\\/image\\\/\"}},{\"@type\":\"Person\",\"@id\":\"https:\\\/\\\/www.etf.fr\\\/#\\\/schema\\\/person\\\/b20334e710830573c2a3ba4ab9b7d679\",\"name\":\"chloe\",\"url\":\"https:\\\/\\\/www.etf.fr\\\/en\\\/author\\\/chloe\\\/\"}]}<\/script>\n<!-- \/ Yoast SEO plugin. -->","yoast_head_json":{"title":"ETF sur le front pour l'acteur majeur du leasing ferroviaire","description":"Le 29 juin \u00e0 Ostricourt, nos \u00e9quipes ont officiellement inaugur\u00e9 les travaux en posant les premi\u00e8res voies ferr\u00e9es.","robots":{"index":"index","follow":"follow","max-snippet":"max-snippet:-1","max-image-preview":"max-image-preview:large","max-video-preview":"max-video-preview:-1"},"canonical":"https:\/\/www.etf.fr\/en\/agence-nord-en\/etf-sur-le-front-pour-lacteur-majeur\/","og_locale":"en_US","og_type":"article","og_title":"ETF sur le front pour l'acteur majeur du leasing ferroviaire","og_description":"Le 29 juin \u00e0 Ostricourt, nos \u00e9quipes ont officiellement inaugur\u00e9 les travaux en posant les premi\u00e8res voies ferr\u00e9es.","og_url":"https:\/\/www.etf.fr\/en\/agence-nord-en\/etf-sur-le-front-pour-lacteur-majeur\/","og_site_name":"ETF","article_published_time":"2023-10-02T13:57:22+00:00","article_modified_time":"2025-09-26T09:04:49+00:00","og_image":[{"width":549,"height":578,"url":"https:\/\/www.etf.fr\/wp-content\/uploads\/2023\/09\/33-Avancement-a-la-mi-juillet-3-1.png","type":"image\/png"}],"author":"chloe","twitter_card":"summary_large_image","twitter_misc":{"Written by":"chloe","Est. reading time":"3 minutes"},"schema":{"@context":"https:\/\/schema.org","@graph":[{"@type":"Article","@id":"https:\/\/www.etf.fr\/en\/agence-nord-en\/etf-sur-le-front-pour-lacteur-majeur\/#article","isPartOf":{"@id":"https:\/\/www.etf.fr\/en\/agence-nord-en\/etf-sur-le-front-pour-lacteur-majeur\/"},"author":{"name":"chloe","@id":"https:\/\/www.etf.fr\/#\/schema\/person\/b20334e710830573c2a3ba4ab9b7d679"},"headline":"AKIEM, a major player in rail leasing, launches construction of a rail maintenance workshop in Ostricourt, in the Hauts-de-France region","datePublished":"2023-10-02T13:57:22+00:00","dateModified":"2025-09-26T09:04:49+00:00","mainEntityOfPage":{"@id":"https:\/\/www.etf.fr\/en\/agence-nord-en\/etf-sur-le-front-pour-lacteur-majeur\/"},"wordCount":200,"publisher":{"@id":"https:\/\/www.etf.fr\/#organization"},"image":{"@id":"https:\/\/www.etf.fr\/en\/agence-nord-en\/etf-sur-le-front-pour-lacteur-majeur\/#primaryimage"},"thumbnailUrl":"https:\/\/www.etf.fr\/wp-content\/uploads\/2023\/09\/33-Avancement-a-la-mi-juillet-3-1.png","articleSection":["Agence Nord","Actualit\u00e9s"],"inLanguage":"en-US"},{"@type":"WebPage","@id":"https:\/\/www.etf.fr\/en\/agence-nord-en\/etf-sur-le-front-pour-lacteur-majeur\/","url":"https:\/\/www.etf.fr\/en\/agence-nord-en\/etf-sur-le-front-pour-lacteur-majeur\/","name":"ETF sur le front pour l'acteur majeur du leasing ferroviaire","isPartOf":{"@id":"https:\/\/www.etf.fr\/#website"},"primaryImageOfPage":{"@id":"https:\/\/www.etf.fr\/en\/agence-nord-en\/etf-sur-le-front-pour-lacteur-majeur\/#primaryimage"},"image":{"@id":"https:\/\/www.etf.fr\/en\/agence-nord-en\/etf-sur-le-front-pour-lacteur-majeur\/#primaryimage"},"thumbnailUrl":"https:\/\/www.etf.fr\/wp-content\/uploads\/2023\/09\/33-Avancement-a-la-mi-juillet-3-1.png","datePublished":"2023-10-02T13:57:22+00:00","dateModified":"2025-09-26T09:04:49+00:00","description":"Le 29 juin \u00e0 Ostricourt, nos \u00e9quipes ont officiellement inaugur\u00e9 les travaux en posant les premi\u00e8res voies ferr\u00e9es.","breadcrumb":{"@id":"https:\/\/www.etf.fr\/en\/agence-nord-en\/etf-sur-le-front-pour-lacteur-majeur\/#breadcrumb"},"inLanguage":"en-US","potentialAction":[{"@type":"ReadAction","target":["https:\/\/www.etf.fr\/en\/agence-nord-en\/etf-sur-le-front-pour-lacteur-majeur\/"]}]},{"@type":"ImageObject","inLanguage":"en-US","@id":"https:\/\/www.etf.fr\/en\/agence-nord-en\/etf-sur-le-front-pour-lacteur-majeur\/#primaryimage","url":"https:\/\/www.etf.fr\/wp-content\/uploads\/2023\/09\/33-Avancement-a-la-mi-juillet-3-1.png","contentUrl":"https:\/\/www.etf.fr\/wp-content\/uploads\/2023\/09\/33-Avancement-a-la-mi-juillet-3-1.png","width":549,"height":578},{"@type":"BreadcrumbList","@id":"https:\/\/www.etf.fr\/en\/agence-nord-en\/etf-sur-le-front-pour-lacteur-majeur\/#breadcrumb","itemListElement":[{"@type":"ListItem","position":1,"name":"Accueil","item":"https:\/\/www.etf.fr\/en\/"},{"@type":"ListItem","position":2,"name":"AKIEM, a major player in rail leasing, launches construction of a rail maintenance workshop in Ostricourt, in the Hauts-de-France region"}]},{"@type":"WebSite","@id":"https:\/\/www.etf.fr\/#website","url":"https:\/\/www.etf.fr\/","name":"ETF","description":"Your transport partner worldwide","publisher":{"@id":"https:\/\/www.etf.fr\/#organization"},"potentialAction":[{"@type":"SearchAction","target":{"@type":"EntryPoint","urlTemplate":"https:\/\/www.etf.fr\/?s={search_term_string}"},"query-input":{"@type":"PropertyValueSpecification","valueRequired":true,"valueName":"search_term_string"}}],"inLanguage":"en-US"},{"@type":"Organization","@id":"https:\/\/www.etf.fr\/#organization","name":"ETF","url":"https:\/\/www.etf.fr\/","logo":{"@type":"ImageObject","inLanguage":"en-US","@id":"https:\/\/www.etf.fr\/#\/schema\/logo\/image\/","url":"https:\/\/www.etf.fr\/wp-content\/uploads\/2019\/03\/logo-ETF.png","contentUrl":"https:\/\/www.etf.fr\/wp-content\/uploads\/2019\/03\/logo-ETF.png","width":272,"height":161,"caption":"ETF"},"image":{"@id":"https:\/\/www.etf.fr\/#\/schema\/logo\/image\/"}},{"@type":"Person","@id":"https:\/\/www.etf.fr\/#\/schema\/person\/b20334e710830573c2a3ba4ab9b7d679","name":"chloe","url":"https:\/\/www.etf.fr\/en\/author\/chloe\/"}]}},"_links":{"self":[{"href":"https:\/\/www.etf.fr\/en\/wp-json\/wp\/v2\/posts\/12481180","targetHints":{"allow":["GET"]}}],"collection":[{"href":"https:\/\/www.etf.fr\/en\/wp-json\/wp\/v2\/posts"}],"about":[{"href":"https:\/\/www.etf.fr\/en\/wp-json\/wp\/v2\/types\/post"}],"author":[{"embeddable":true,"href":"https:\/\/www.etf.fr\/en\/wp-json\/wp\/v2\/users\/239"}],"replies":[{"embeddable":true,"href":"https:\/\/www.etf.fr\/en\/wp-json\/wp\/v2\/comments?post=12481180"}],"version-history":[{"count":1,"href":"https:\/\/www.etf.fr\/en\/wp-json\/wp\/v2\/posts\/12481180\/revisions"}],"predecessor-version":[{"id":12481182,"href":"https:\/\/www.etf.fr\/en\/wp-json\/wp\/v2\/posts\/12481180\/revisions\/12481182"}],"wp:featuredmedia":[{"embeddable":true,"href":"https:\/\/www.etf.fr\/en\/wp-json\/wp\/v2\/media\/105254"}],"wp:attachment":[{"href":"https:\/\/www.etf.fr\/en\/wp-json\/wp\/v2\/media?parent=12481180"}],"wp:term":[{"taxonomy":"category","embeddable":true,"href":"https:\/\/www.etf.fr\/en\/wp-json\/wp\/v2\/categories?post=12481180"},{"taxonomy":"post_tag","embeddable":true,"href":"https:\/\/www.etf.fr\/en\/wp-json\/wp\/v2\/tags?post=12481180"}],"curies":[{"name":"wp","href":"https:\/\/api.w.org\/{rel}","templated":true}]}}