{"id":12481242,"date":"2023-09-30T14:25:00","date_gmt":"2023-09-30T12:25:00","guid":{"rendered":"https:\/\/www.etf.fr\/uncategorized\/familyday-chez-etf-un-evenement-memorable\/"},"modified":"2025-09-26T11:06:23","modified_gmt":"2025-09-26T09:06:23","slug":"familyday-chez-etf-un-evenement-memorable","status":"publish","type":"post","link":"https:\/\/www.etf.fr\/en\/grands-projets-ferroviaires-en\/familyday-chez-etf-un-evenement-memorable\/","title":{"rendered":"#FamilyDay at ETF: a memorable event"},"content":{"rendered":"\n<p><strong><strong>On 30 September, we proudly welcomed our employees and their families to celebrate the first edition of #FamilyDay at the Beauchamp site. This unique event brought together many employees from our agencies, some of whom travelled from afar, highlighting the solidarity and conviviality of everyone involved.<\/strong><\/strong><\/p>\n\n\n\n<div class=\"wp-block-columns is-layout-flex wp-container-core-columns-is-layout-9d6595d7 wp-block-columns-is-layout-flex\">\n<div class=\"wp-block-column is-layout-flow wp-block-column-is-layout-flow\">\n<h3 class=\"wp-block-heading\"><strong>U<\/strong><strong>A day full of discoveries<\/strong><\/h3>\n\n\n\n<p>Several activities punctuated the day, allowing families to discover the world of railways and the profession of a member of their family:<\/p>\n\n\n\n<ul class=\"wp-block-list\">\n<li>Workshop tour<\/li>\n\n\n\n<li>Fun discovery of the railway<\/li>\n\n\n\n<li>Activities and games for children<\/li>\n\n\n\n<li>Food stands<\/li>\n\n\n\n<li>Distribution of gifts and much more.<\/li>\n<\/ul>\n\n\n\n<p>Everyone&#8217;s smiles and enthusiasm lit up the event. Thank you to our volunteers who worked tirelessly to give participants an unforgettable experience.<\/p>\n\n\n\n<h3 class=\"wp-block-heading\"><strong>See you next year!<\/strong><\/h3>\n\n\n\n<p>Building on the success of this first edition, ETF is already planning a second #FamilyDay next year. This annual event will undoubtedly become a tradition that everyone looks forward to.<\/p>\n<\/div>\n\n\n\n<div class=\"wp-block-column is-layout-flow wp-block-column-is-layout-flow\">\n<figure class=\"wp-block-gallery has-nested-images columns-default is-cropped wp-block-gallery-1 is-layout-flex wp-block-gallery-is-layout-flex\">\n<figure class=\"wp-block-image size-large\"><img decoding=\"async\" data-id=\"115425\" src=\"https:\/\/www.etf.fr\/wp-content\/uploads\/2023\/12\/Family-Day1-436x535.png\" alt=\"\" class=\"wp-image-115425\" \/><\/figure>\n\n\n\n<figure class=\"wp-block-image size-large\"><img loading=\"lazy\" decoding=\"async\" width=\"600\" height=\"535\" data-id=\"115423\" src=\"https:\/\/www.etf.fr\/wp-content\/uploads\/2023\/12\/Family-Day2-600x535.jpg\" alt=\"\" class=\"wp-image-115423\" srcset=\"https:\/\/www.etf.fr\/wp-content\/uploads\/2023\/12\/Family-Day2-600x535.jpg 600w, https:\/\/www.etf.fr\/wp-content\/uploads\/2023\/12\/Family-Day2-250x223.jpg 250w, https:\/\/www.etf.fr\/wp-content\/uploads\/2023\/12\/Family-Day2-443x395.jpg 443w, https:\/\/www.etf.fr\/wp-content\/uploads\/2023\/12\/Family-Day2-1536x1370.jpg 1536w, https:\/\/www.etf.fr\/wp-content\/uploads\/2023\/12\/Family-Day2-2048x1827.jpg 2048w\" sizes=\"auto, (max-width: 600px) 100vw, 600px\" \/><\/figure>\n\n\n\n<figure class=\"wp-block-image size-large\"><img decoding=\"async\" data-id=\"115446\" src=\"https:\/\/www.etf.fr\/wp-content\/uploads\/2023\/12\/Family-Day4-1-953x535.jpg\" alt=\"\" class=\"wp-image-115446\" \/><\/figure>\n\n\n\n<figure class=\"wp-block-image size-large\"><img decoding=\"async\" data-id=\"115435\" src=\"https:\/\/www.etf.fr\/wp-content\/uploads\/2023\/12\/Family-Day6-953x535.png\" alt=\"\" class=\"wp-image-115435\" \/><\/figure>\n<\/figure>\n<\/div>\n<\/div>\n\n\n\n<figure class=\"wp-block-gallery has-nested-images columns-default is-cropped wp-block-gallery-2 is-layout-flex wp-block-gallery-is-layout-flex\">\n<figure class=\"wp-block-image size-large\"><img decoding=\"async\" data-id=\"115442\" src=\"https:\/\/www.etf.fr\/wp-content\/uploads\/2023\/12\/Family-Day3-1-953x535.png\" alt=\"\" class=\"wp-image-115442\" \/><\/figure>\n\n\n\n<figure class=\"wp-block-image size-large\"><img decoding=\"async\" data-id=\"115440\" src=\"https:\/\/www.etf.fr\/wp-content\/uploads\/2023\/12\/Family-Day5-1-953x535.jpg\" alt=\"\" class=\"wp-image-115440\" \/><\/figure>\n<\/figure>\n\n\n\n<p><\/p>\n","protected":false},"excerpt":{"rendered":"<p>On 30 September, we proudly welcomed our employees and their families to celebrate the first edition of #FamilyDay at the Beauchamp site. This unique event brought together many employees from our agencies, some of whom travelled from afar, highlighting the solidarity and conviviality of everyone involved.<\/p>\n","protected":false},"author":239,"featured_media":115438,"comment_status":"closed","ping_status":"closed","sticky":false,"template":"","format":"standard","meta":{"_acf_changed":false,"footnotes":""},"categories":[223,195,196,197,198,199,200,201,202,203,194,193,192,188,189,190,191],"tags":[],"class_list":["post-12481242","post","type-post","status-publish","format-standard","has-post-thumbnail","hentry","category-grands-projets-ferroviaires-en","category-etf-academy-en","category-la-champenoise-en","category-agence-genie-civil-ferroviaire-en","category-agence-travaux-en","category-agence-atlantique-en","category-agence-nord-en","category-agence-est-en","category-agence-idf-en","category-agence-sud-est-en","category-agence-centre-en","category-catenaires-et-energie-en","category-agences-grands-projets-transports-urbains-en","category-suite-rapide-nationale-en","category-agence-srzd-en","category-etf-services-en","category-actualites-en"],"acf":[],"yoast_head":"<!-- This site is optimized with the Yoast SEO plugin v27.5 - https:\/\/yoast.com\/product\/yoast-seo-wordpress\/ -->\n<title>#FamilyDay at ETF: a memorable event - ETF<\/title>\n<meta name=\"robots\" content=\"index, follow, max-snippet:-1, max-image-preview:large, max-video-preview:-1\" \/>\n<link rel=\"canonical\" href=\"https:\/\/www.etf.fr\/en\/grands-projets-ferroviaires-en\/familyday-chez-etf-un-evenement-memorable\/\" \/>\n<meta property=\"og:locale\" content=\"en_US\" \/>\n<meta property=\"og:type\" content=\"article\" \/>\n<meta property=\"og:title\" content=\"#FamilyDay at ETF: a memorable event - ETF\" \/>\n<meta property=\"og:description\" content=\"On 30 September, we proudly welcomed our employees and their families to celebrate the first edition of #FamilyDay at the Beauchamp site. This unique event brought together many employees from our agencies, some of whom travelled from afar, highlighting the solidarity and conviviality of everyone involved.\" \/>\n<meta property=\"og:url\" content=\"https:\/\/www.etf.fr\/en\/grands-projets-ferroviaires-en\/familyday-chez-etf-un-evenement-memorable\/\" \/>\n<meta property=\"og:site_name\" content=\"ETF\" \/>\n<meta property=\"article:published_time\" content=\"2023-09-30T12:25:00+00:00\" \/>\n<meta property=\"article:modified_time\" content=\"2025-09-26T09:06:23+00:00\" \/>\n<meta property=\"og:image\" content=\"https:\/\/www.etf.fr\/wp-content\/uploads\/2023\/12\/Family-Day1-1-436x535.png\" \/>\n\t<meta property=\"og:image:width\" content=\"436\" \/>\n\t<meta property=\"og:image:height\" content=\"535\" \/>\n\t<meta property=\"og:image:type\" content=\"image\/png\" \/>\n<meta name=\"author\" content=\"chloe\" \/>\n<meta name=\"twitter:card\" content=\"summary_large_image\" \/>\n<meta name=\"twitter:label1\" content=\"Written by\" \/>\n\t<meta name=\"twitter:data1\" content=\"chloe\" \/>\n\t<meta name=\"twitter:label2\" content=\"Est. reading time\" \/>\n\t<meta name=\"twitter:data2\" content=\"3 minutes\" \/>\n<script type=\"application\/ld+json\" class=\"yoast-schema-graph\">{\"@context\":\"https:\\\/\\\/schema.org\",\"@graph\":[{\"@type\":\"Article\",\"@id\":\"https:\\\/\\\/www.etf.fr\\\/en\\\/grands-projets-ferroviaires-en\\\/familyday-chez-etf-un-evenement-memorable\\\/#article\",\"isPartOf\":{\"@id\":\"https:\\\/\\\/www.etf.fr\\\/en\\\/grands-projets-ferroviaires-en\\\/familyday-chez-etf-un-evenement-memorable\\\/\"},\"author\":{\"name\":\"chloe\",\"@id\":\"https:\\\/\\\/www.etf.fr\\\/#\\\/schema\\\/person\\\/b20334e710830573c2a3ba4ab9b7d679\"},\"headline\":\"#FamilyDay at ETF: a memorable event\",\"datePublished\":\"2023-09-30T12:25:00+00:00\",\"dateModified\":\"2025-09-26T09:06:23+00:00\",\"mainEntityOfPage\":{\"@id\":\"https:\\\/\\\/www.etf.fr\\\/en\\\/grands-projets-ferroviaires-en\\\/familyday-chez-etf-un-evenement-memorable\\\/\"},\"wordCount\":155,\"publisher\":{\"@id\":\"https:\\\/\\\/www.etf.fr\\\/#organization\"},\"image\":{\"@id\":\"https:\\\/\\\/www.etf.fr\\\/en\\\/grands-projets-ferroviaires-en\\\/familyday-chez-etf-un-evenement-memorable\\\/#primaryimage\"},\"thumbnailUrl\":\"https:\\\/\\\/www.etf.fr\\\/wp-content\\\/uploads\\\/2023\\\/12\\\/Family-Day1-1.png\",\"articleSection\":[\"Grands Projets Ferroviaires\",\"ETF Academy\",\"La Champenoise\",\"Agence g\u00e9nie civil et signalisation ferroviaire\",\"Agence Travaux M\u00e9canis\u00e9s\",\"Agence Atlantique\",\"Agence Nord\",\"Agence Est\",\"Agence IDF\",\"Agence Sud Est\",\"Agence Centre\",\"Cat\u00e9naires et Energie\",\"Agences Grands Projets Urbains\",\"Suite Rapide Nationale\",\"Agence Suite Rapide Zone Dense\",\"ETF Services\",\"Actualit\u00e9s\"],\"inLanguage\":\"en-US\"},{\"@type\":\"WebPage\",\"@id\":\"https:\\\/\\\/www.etf.fr\\\/en\\\/grands-projets-ferroviaires-en\\\/familyday-chez-etf-un-evenement-memorable\\\/\",\"url\":\"https:\\\/\\\/www.etf.fr\\\/en\\\/grands-projets-ferroviaires-en\\\/familyday-chez-etf-un-evenement-memorable\\\/\",\"name\":\"#FamilyDay at ETF: a memorable event - ETF\",\"isPartOf\":{\"@id\":\"https:\\\/\\\/www.etf.fr\\\/#website\"},\"primaryImageOfPage\":{\"@id\":\"https:\\\/\\\/www.etf.fr\\\/en\\\/grands-projets-ferroviaires-en\\\/familyday-chez-etf-un-evenement-memorable\\\/#primaryimage\"},\"image\":{\"@id\":\"https:\\\/\\\/www.etf.fr\\\/en\\\/grands-projets-ferroviaires-en\\\/familyday-chez-etf-un-evenement-memorable\\\/#primaryimage\"},\"thumbnailUrl\":\"https:\\\/\\\/www.etf.fr\\\/wp-content\\\/uploads\\\/2023\\\/12\\\/Family-Day1-1.png\",\"datePublished\":\"2023-09-30T12:25:00+00:00\",\"dateModified\":\"2025-09-26T09:06:23+00:00\",\"breadcrumb\":{\"@id\":\"https:\\\/\\\/www.etf.fr\\\/en\\\/grands-projets-ferroviaires-en\\\/familyday-chez-etf-un-evenement-memorable\\\/#breadcrumb\"},\"inLanguage\":\"en-US\",\"potentialAction\":[{\"@type\":\"ReadAction\",\"target\":[\"https:\\\/\\\/www.etf.fr\\\/en\\\/grands-projets-ferroviaires-en\\\/familyday-chez-etf-un-evenement-memorable\\\/\"]}]},{\"@type\":\"ImageObject\",\"inLanguage\":\"en-US\",\"@id\":\"https:\\\/\\\/www.etf.fr\\\/en\\\/grands-projets-ferroviaires-en\\\/familyday-chez-etf-un-evenement-memorable\\\/#primaryimage\",\"url\":\"https:\\\/\\\/www.etf.fr\\\/wp-content\\\/uploads\\\/2023\\\/12\\\/Family-Day1-1.png\",\"contentUrl\":\"https:\\\/\\\/www.etf.fr\\\/wp-content\\\/uploads\\\/2023\\\/12\\\/Family-Day1-1.png\",\"width\":1070,\"height\":1312},{\"@type\":\"BreadcrumbList\",\"@id\":\"https:\\\/\\\/www.etf.fr\\\/en\\\/grands-projets-ferroviaires-en\\\/familyday-chez-etf-un-evenement-memorable\\\/#breadcrumb\",\"itemListElement\":[{\"@type\":\"ListItem\",\"position\":1,\"name\":\"Accueil\",\"item\":\"https:\\\/\\\/www.etf.fr\\\/en\\\/\"},{\"@type\":\"ListItem\",\"position\":2,\"name\":\"#FamilyDay at ETF: a memorable event\"}]},{\"@type\":\"WebSite\",\"@id\":\"https:\\\/\\\/www.etf.fr\\\/#website\",\"url\":\"https:\\\/\\\/www.etf.fr\\\/\",\"name\":\"ETF\",\"description\":\"Your transport partner worldwide\",\"publisher\":{\"@id\":\"https:\\\/\\\/www.etf.fr\\\/#organization\"},\"potentialAction\":[{\"@type\":\"SearchAction\",\"target\":{\"@type\":\"EntryPoint\",\"urlTemplate\":\"https:\\\/\\\/www.etf.fr\\\/?s={search_term_string}\"},\"query-input\":{\"@type\":\"PropertyValueSpecification\",\"valueRequired\":true,\"valueName\":\"search_term_string\"}}],\"inLanguage\":\"en-US\"},{\"@type\":\"Organization\",\"@id\":\"https:\\\/\\\/www.etf.fr\\\/#organization\",\"name\":\"ETF\",\"url\":\"https:\\\/\\\/www.etf.fr\\\/\",\"logo\":{\"@type\":\"ImageObject\",\"inLanguage\":\"en-US\",\"@id\":\"https:\\\/\\\/www.etf.fr\\\/#\\\/schema\\\/logo\\\/image\\\/\",\"url\":\"https:\\\/\\\/www.etf.fr\\\/wp-content\\\/uploads\\\/2019\\\/03\\\/logo-ETF.png\",\"contentUrl\":\"https:\\\/\\\/www.etf.fr\\\/wp-content\\\/uploads\\\/2019\\\/03\\\/logo-ETF.png\",\"width\":272,\"height\":161,\"caption\":\"ETF\"},\"image\":{\"@id\":\"https:\\\/\\\/www.etf.fr\\\/#\\\/schema\\\/logo\\\/image\\\/\"}},{\"@type\":\"Person\",\"@id\":\"https:\\\/\\\/www.etf.fr\\\/#\\\/schema\\\/person\\\/b20334e710830573c2a3ba4ab9b7d679\",\"name\":\"chloe\",\"url\":\"https:\\\/\\\/www.etf.fr\\\/en\\\/author\\\/chloe\\\/\"}]}<\/script>\n<!-- \/ Yoast SEO plugin. -->","yoast_head_json":{"title":"#FamilyDay at ETF: a memorable event - ETF","robots":{"index":"index","follow":"follow","max-snippet":"max-snippet:-1","max-image-preview":"max-image-preview:large","max-video-preview":"max-video-preview:-1"},"canonical":"https:\/\/www.etf.fr\/en\/grands-projets-ferroviaires-en\/familyday-chez-etf-un-evenement-memorable\/","og_locale":"en_US","og_type":"article","og_title":"#FamilyDay at ETF: a memorable event - ETF","og_description":"On 30 September, we proudly welcomed our employees and their families to celebrate the first edition of #FamilyDay at the Beauchamp site. This unique event brought together many employees from our agencies, some of whom travelled from afar, highlighting the solidarity and conviviality of everyone involved.","og_url":"https:\/\/www.etf.fr\/en\/grands-projets-ferroviaires-en\/familyday-chez-etf-un-evenement-memorable\/","og_site_name":"ETF","article_published_time":"2023-09-30T12:25:00+00:00","article_modified_time":"2025-09-26T09:06:23+00:00","og_image":[{"width":436,"height":535,"url":"https:\/\/www.etf.fr\/wp-content\/uploads\/2023\/12\/Family-Day1-1-436x535.png","type":"image\/png"}],"author":"chloe","twitter_card":"summary_large_image","twitter_misc":{"Written by":"chloe","Est. reading time":"3 minutes"},"schema":{"@context":"https:\/\/schema.org","@graph":[{"@type":"Article","@id":"https:\/\/www.etf.fr\/en\/grands-projets-ferroviaires-en\/familyday-chez-etf-un-evenement-memorable\/#article","isPartOf":{"@id":"https:\/\/www.etf.fr\/en\/grands-projets-ferroviaires-en\/familyday-chez-etf-un-evenement-memorable\/"},"author":{"name":"chloe","@id":"https:\/\/www.etf.fr\/#\/schema\/person\/b20334e710830573c2a3ba4ab9b7d679"},"headline":"#FamilyDay at ETF: a memorable event","datePublished":"2023-09-30T12:25:00+00:00","dateModified":"2025-09-26T09:06:23+00:00","mainEntityOfPage":{"@id":"https:\/\/www.etf.fr\/en\/grands-projets-ferroviaires-en\/familyday-chez-etf-un-evenement-memorable\/"},"wordCount":155,"publisher":{"@id":"https:\/\/www.etf.fr\/#organization"},"image":{"@id":"https:\/\/www.etf.fr\/en\/grands-projets-ferroviaires-en\/familyday-chez-etf-un-evenement-memorable\/#primaryimage"},"thumbnailUrl":"https:\/\/www.etf.fr\/wp-content\/uploads\/2023\/12\/Family-Day1-1.png","articleSection":["Grands Projets Ferroviaires","ETF Academy","La Champenoise","Agence g\u00e9nie civil et signalisation ferroviaire","Agence Travaux M\u00e9canis\u00e9s","Agence Atlantique","Agence Nord","Agence Est","Agence IDF","Agence Sud Est","Agence Centre","Cat\u00e9naires et Energie","Agences Grands Projets Urbains","Suite Rapide Nationale","Agence Suite Rapide Zone Dense","ETF Services","Actualit\u00e9s"],"inLanguage":"en-US"},{"@type":"WebPage","@id":"https:\/\/www.etf.fr\/en\/grands-projets-ferroviaires-en\/familyday-chez-etf-un-evenement-memorable\/","url":"https:\/\/www.etf.fr\/en\/grands-projets-ferroviaires-en\/familyday-chez-etf-un-evenement-memorable\/","name":"#FamilyDay at ETF: a memorable event - ETF","isPartOf":{"@id":"https:\/\/www.etf.fr\/#website"},"primaryImageOfPage":{"@id":"https:\/\/www.etf.fr\/en\/grands-projets-ferroviaires-en\/familyday-chez-etf-un-evenement-memorable\/#primaryimage"},"image":{"@id":"https:\/\/www.etf.fr\/en\/grands-projets-ferroviaires-en\/familyday-chez-etf-un-evenement-memorable\/#primaryimage"},"thumbnailUrl":"https:\/\/www.etf.fr\/wp-content\/uploads\/2023\/12\/Family-Day1-1.png","datePublished":"2023-09-30T12:25:00+00:00","dateModified":"2025-09-26T09:06:23+00:00","breadcrumb":{"@id":"https:\/\/www.etf.fr\/en\/grands-projets-ferroviaires-en\/familyday-chez-etf-un-evenement-memorable\/#breadcrumb"},"inLanguage":"en-US","potentialAction":[{"@type":"ReadAction","target":["https:\/\/www.etf.fr\/en\/grands-projets-ferroviaires-en\/familyday-chez-etf-un-evenement-memorable\/"]}]},{"@type":"ImageObject","inLanguage":"en-US","@id":"https:\/\/www.etf.fr\/en\/grands-projets-ferroviaires-en\/familyday-chez-etf-un-evenement-memorable\/#primaryimage","url":"https:\/\/www.etf.fr\/wp-content\/uploads\/2023\/12\/Family-Day1-1.png","contentUrl":"https:\/\/www.etf.fr\/wp-content\/uploads\/2023\/12\/Family-Day1-1.png","width":1070,"height":1312},{"@type":"BreadcrumbList","@id":"https:\/\/www.etf.fr\/en\/grands-projets-ferroviaires-en\/familyday-chez-etf-un-evenement-memorable\/#breadcrumb","itemListElement":[{"@type":"ListItem","position":1,"name":"Accueil","item":"https:\/\/www.etf.fr\/en\/"},{"@type":"ListItem","position":2,"name":"#FamilyDay at ETF: a memorable event"}]},{"@type":"WebSite","@id":"https:\/\/www.etf.fr\/#website","url":"https:\/\/www.etf.fr\/","name":"ETF","description":"Your transport partner worldwide","publisher":{"@id":"https:\/\/www.etf.fr\/#organization"},"potentialAction":[{"@type":"SearchAction","target":{"@type":"EntryPoint","urlTemplate":"https:\/\/www.etf.fr\/?s={search_term_string}"},"query-input":{"@type":"PropertyValueSpecification","valueRequired":true,"valueName":"search_term_string"}}],"inLanguage":"en-US"},{"@type":"Organization","@id":"https:\/\/www.etf.fr\/#organization","name":"ETF","url":"https:\/\/www.etf.fr\/","logo":{"@type":"ImageObject","inLanguage":"en-US","@id":"https:\/\/www.etf.fr\/#\/schema\/logo\/image\/","url":"https:\/\/www.etf.fr\/wp-content\/uploads\/2019\/03\/logo-ETF.png","contentUrl":"https:\/\/www.etf.fr\/wp-content\/uploads\/2019\/03\/logo-ETF.png","width":272,"height":161,"caption":"ETF"},"image":{"@id":"https:\/\/www.etf.fr\/#\/schema\/logo\/image\/"}},{"@type":"Person","@id":"https:\/\/www.etf.fr\/#\/schema\/person\/b20334e710830573c2a3ba4ab9b7d679","name":"chloe","url":"https:\/\/www.etf.fr\/en\/author\/chloe\/"}]}},"_links":{"self":[{"href":"https:\/\/www.etf.fr\/en\/wp-json\/wp\/v2\/posts\/12481242","targetHints":{"allow":["GET"]}}],"collection":[{"href":"https:\/\/www.etf.fr\/en\/wp-json\/wp\/v2\/posts"}],"about":[{"href":"https:\/\/www.etf.fr\/en\/wp-json\/wp\/v2\/types\/post"}],"author":[{"embeddable":true,"href":"https:\/\/www.etf.fr\/en\/wp-json\/wp\/v2\/users\/239"}],"replies":[{"embeddable":true,"href":"https:\/\/www.etf.fr\/en\/wp-json\/wp\/v2\/comments?post=12481242"}],"version-history":[{"count":1,"href":"https:\/\/www.etf.fr\/en\/wp-json\/wp\/v2\/posts\/12481242\/revisions"}],"predecessor-version":[{"id":12481244,"href":"https:\/\/www.etf.fr\/en\/wp-json\/wp\/v2\/posts\/12481242\/revisions\/12481244"}],"wp:featuredmedia":[{"embeddable":true,"href":"https:\/\/www.etf.fr\/en\/wp-json\/wp\/v2\/media\/115438"}],"wp:attachment":[{"href":"https:\/\/www.etf.fr\/en\/wp-json\/wp\/v2\/media?parent=12481242"}],"wp:term":[{"taxonomy":"category","embeddable":true,"href":"https:\/\/www.etf.fr\/en\/wp-json\/wp\/v2\/categories?post=12481242"},{"taxonomy":"post_tag","embeddable":true,"href":"https:\/\/www.etf.fr\/en\/wp-json\/wp\/v2\/tags?post=12481242"}],"curies":[{"name":"wp","href":"https:\/\/api.w.org\/{rel}","templated":true}]}}