{"id":12481316,"date":"2023-08-16T13:58:51","date_gmt":"2023-08-16T11:58:51","guid":{"rendered":"https:\/\/www.etf.fr\/uncategorized\/ocp-a-la-station-porte-de-la-villette-de-la-ligne-7-du-metro-parisien\/"},"modified":"2025-09-26T11:16:03","modified_gmt":"2025-09-26T09:16:03","slug":"ocp-a-la-station-porte-de-la-villette-de-la-ligne-7-du-metro-parisien","status":"publish","type":"post","link":"https:\/\/www.etf.fr\/en\/agence-idf-en\/ocp-a-la-station-porte-de-la-villette-de-la-ligne-7-du-metro-parisien\/","title":{"rendered":"OCP at Porte de La Villette station on line 7 of the Paris Metro"},"content":{"rendered":"\n<h3 class=\"wp-block-heading\">A new step in our commitment to sustainable mobility and the modernisation of transport infrastructure in Paris on the RATP network!<\/h3>\n\n\n\n<div class=\"wp-block-columns is-layout-flex wp-container-core-columns-is-layout-9d6595d7 wp-block-columns-is-layout-flex\">\n<div class=\"wp-block-column is-layout-flow wp-block-column-is-layout-flow\">\n<p>In this fourth episode, discover the hard work of our ETF teams over six days and seven nights to replace three sets of track equipment. These components are the backbone of the Paris transport network, ensuring the mobility of millions of passengers.<\/p>\n\n\n\n<p>This operation once again demonstrates our commitment to excellence and our ability to carry out complex projects within tight deadlines. In addition, there was an additional challenge: the site was located near the La Villette workshop, which plays an essential role in the smooth running of the Paris public transport network, helping to ensure the mobility of the city&#8217;s residents and visitors. We would like to warmly thank all the ETF teams for their dedication.<\/p>\n\n\n\n<p>The RATP&#8217;s renewed confidence in ETF is the result of yet another fruitful collaboration&#8230;<\/p>\n<\/div>\n\n\n\n<div class=\"wp-block-column is-layout-flow wp-block-column-is-layout-flow\">\n<h4 class=\"wp-block-heading has-text-align-center\">Take a look behind the scenes of this project<\/h4>\n\n\n\n<figure class=\"wp-block-embed is-type-video is-provider-youtube wp-block-embed-youtube wp-embed-aspect-16-9 wp-has-aspect-ratio\"><div class=\"wp-block-embed__wrapper\">\n<div class=\"oembed\">\n\t<iframe loading=\"lazy\" title=\"Ligne 7 - Travaux d&#039;\u00e9t\u00e9 sur le r\u00e9seau RATP\" width=\"500\" height=\"281\" src=\"https:\/\/www.youtube.com\/embed\/F2chz0QBXw0?feature=oembed\" frameborder=\"0\" allow=\"accelerometer; autoplay; clipboard-write; encrypted-media; gyroscope; picture-in-picture; web-share\" referrerpolicy=\"strict-origin-when-cross-origin\" allowfullscreen><\/iframe><\/div>\n\n<\/div><\/figure>\n<\/div>\n<\/div>\n","protected":false},"excerpt":{"rendered":"<p>A new step in our commitment to sustainable mobility and the modernisation of transport infrastructure in Paris on the RATP network!<\/p>\n","protected":false},"author":239,"featured_media":115408,"comment_status":"closed","ping_status":"closed","sticky":false,"template":"","format":"standard","meta":{"_acf_changed":false,"footnotes":""},"categories":[202,191],"tags":[],"class_list":["post-12481316","post","type-post","status-publish","format-standard","has-post-thumbnail","hentry","category-agence-idf-en","category-actualites-en"],"acf":[],"yoast_head":"<!-- This site is optimized with the Yoast SEO plugin v27.5 - https:\/\/yoast.com\/product\/yoast-seo-wordpress\/ -->\n<title>OCP at Porte de La Villette station on line 7 of the Paris Metro - ETF<\/title>\n<meta name=\"robots\" content=\"index, follow, max-snippet:-1, max-image-preview:large, max-video-preview:-1\" \/>\n<link rel=\"canonical\" href=\"https:\/\/www.etf.fr\/en\/agence-idf-en\/ocp-a-la-station-porte-de-la-villette-de-la-ligne-7-du-metro-parisien\/\" \/>\n<meta property=\"og:locale\" content=\"en_US\" \/>\n<meta property=\"og:type\" content=\"article\" \/>\n<meta property=\"og:title\" content=\"OCP at Porte de La Villette station on line 7 of the Paris Metro - ETF\" \/>\n<meta property=\"og:description\" content=\"A new step in our commitment to sustainable mobility and the modernisation of transport infrastructure in Paris on the RATP network!\" \/>\n<meta property=\"og:url\" content=\"https:\/\/www.etf.fr\/en\/agence-idf-en\/ocp-a-la-station-porte-de-la-villette-de-la-ligne-7-du-metro-parisien\/\" \/>\n<meta property=\"og:site_name\" content=\"ETF\" \/>\n<meta property=\"article:published_time\" content=\"2023-08-16T11:58:51+00:00\" \/>\n<meta property=\"article:modified_time\" content=\"2025-09-26T09:16:03+00:00\" \/>\n<meta property=\"og:image\" content=\"https:\/\/www.etf.fr\/wp-content\/uploads\/2023\/12\/ligne-7.png\" \/>\n\t<meta property=\"og:image:width\" content=\"1214\" \/>\n\t<meta property=\"og:image:height\" content=\"601\" \/>\n\t<meta property=\"og:image:type\" content=\"image\/png\" \/>\n<meta name=\"author\" content=\"chloe\" \/>\n<meta name=\"twitter:card\" content=\"summary_large_image\" \/>\n<meta name=\"twitter:label1\" content=\"Written by\" \/>\n\t<meta name=\"twitter:data1\" content=\"chloe\" \/>\n\t<meta name=\"twitter:label2\" content=\"Est. reading time\" \/>\n\t<meta name=\"twitter:data2\" content=\"2 minutes\" \/>\n<script type=\"application\/ld+json\" class=\"yoast-schema-graph\">{\"@context\":\"https:\\\/\\\/schema.org\",\"@graph\":[{\"@type\":\"Article\",\"@id\":\"https:\\\/\\\/www.etf.fr\\\/en\\\/agence-idf-en\\\/ocp-a-la-station-porte-de-la-villette-de-la-ligne-7-du-metro-parisien\\\/#article\",\"isPartOf\":{\"@id\":\"https:\\\/\\\/www.etf.fr\\\/en\\\/agence-idf-en\\\/ocp-a-la-station-porte-de-la-villette-de-la-ligne-7-du-metro-parisien\\\/\"},\"author\":{\"name\":\"chloe\",\"@id\":\"https:\\\/\\\/www.etf.fr\\\/#\\\/schema\\\/person\\\/b20334e710830573c2a3ba4ab9b7d679\"},\"headline\":\"OCP at Porte de La Villette station on line 7 of the Paris Metro\",\"datePublished\":\"2023-08-16T11:58:51+00:00\",\"dateModified\":\"2025-09-26T09:16:03+00:00\",\"mainEntityOfPage\":{\"@id\":\"https:\\\/\\\/www.etf.fr\\\/en\\\/agence-idf-en\\\/ocp-a-la-station-porte-de-la-villette-de-la-ligne-7-du-metro-parisien\\\/\"},\"wordCount\":183,\"publisher\":{\"@id\":\"https:\\\/\\\/www.etf.fr\\\/#organization\"},\"image\":{\"@id\":\"https:\\\/\\\/www.etf.fr\\\/en\\\/agence-idf-en\\\/ocp-a-la-station-porte-de-la-villette-de-la-ligne-7-du-metro-parisien\\\/#primaryimage\"},\"thumbnailUrl\":\"https:\\\/\\\/www.etf.fr\\\/wp-content\\\/uploads\\\/2023\\\/12\\\/ligne-7.png\",\"articleSection\":[\"Agence IDF\",\"Actualit\u00e9s\"],\"inLanguage\":\"en-US\"},{\"@type\":\"WebPage\",\"@id\":\"https:\\\/\\\/www.etf.fr\\\/en\\\/agence-idf-en\\\/ocp-a-la-station-porte-de-la-villette-de-la-ligne-7-du-metro-parisien\\\/\",\"url\":\"https:\\\/\\\/www.etf.fr\\\/en\\\/agence-idf-en\\\/ocp-a-la-station-porte-de-la-villette-de-la-ligne-7-du-metro-parisien\\\/\",\"name\":\"OCP at Porte de La Villette station on line 7 of the Paris Metro - ETF\",\"isPartOf\":{\"@id\":\"https:\\\/\\\/www.etf.fr\\\/#website\"},\"primaryImageOfPage\":{\"@id\":\"https:\\\/\\\/www.etf.fr\\\/en\\\/agence-idf-en\\\/ocp-a-la-station-porte-de-la-villette-de-la-ligne-7-du-metro-parisien\\\/#primaryimage\"},\"image\":{\"@id\":\"https:\\\/\\\/www.etf.fr\\\/en\\\/agence-idf-en\\\/ocp-a-la-station-porte-de-la-villette-de-la-ligne-7-du-metro-parisien\\\/#primaryimage\"},\"thumbnailUrl\":\"https:\\\/\\\/www.etf.fr\\\/wp-content\\\/uploads\\\/2023\\\/12\\\/ligne-7.png\",\"datePublished\":\"2023-08-16T11:58:51+00:00\",\"dateModified\":\"2025-09-26T09:16:03+00:00\",\"breadcrumb\":{\"@id\":\"https:\\\/\\\/www.etf.fr\\\/en\\\/agence-idf-en\\\/ocp-a-la-station-porte-de-la-villette-de-la-ligne-7-du-metro-parisien\\\/#breadcrumb\"},\"inLanguage\":\"en-US\",\"potentialAction\":[{\"@type\":\"ReadAction\",\"target\":[\"https:\\\/\\\/www.etf.fr\\\/en\\\/agence-idf-en\\\/ocp-a-la-station-porte-de-la-villette-de-la-ligne-7-du-metro-parisien\\\/\"]}]},{\"@type\":\"ImageObject\",\"inLanguage\":\"en-US\",\"@id\":\"https:\\\/\\\/www.etf.fr\\\/en\\\/agence-idf-en\\\/ocp-a-la-station-porte-de-la-villette-de-la-ligne-7-du-metro-parisien\\\/#primaryimage\",\"url\":\"https:\\\/\\\/www.etf.fr\\\/wp-content\\\/uploads\\\/2023\\\/12\\\/ligne-7.png\",\"contentUrl\":\"https:\\\/\\\/www.etf.fr\\\/wp-content\\\/uploads\\\/2023\\\/12\\\/ligne-7.png\",\"width\":1214,\"height\":601},{\"@type\":\"BreadcrumbList\",\"@id\":\"https:\\\/\\\/www.etf.fr\\\/en\\\/agence-idf-en\\\/ocp-a-la-station-porte-de-la-villette-de-la-ligne-7-du-metro-parisien\\\/#breadcrumb\",\"itemListElement\":[{\"@type\":\"ListItem\",\"position\":1,\"name\":\"Accueil\",\"item\":\"https:\\\/\\\/www.etf.fr\\\/en\\\/\"},{\"@type\":\"ListItem\",\"position\":2,\"name\":\"OCP at Porte de La Villette station on line 7 of the Paris Metro\"}]},{\"@type\":\"WebSite\",\"@id\":\"https:\\\/\\\/www.etf.fr\\\/#website\",\"url\":\"https:\\\/\\\/www.etf.fr\\\/\",\"name\":\"ETF\",\"description\":\"Your transport partner worldwide\",\"publisher\":{\"@id\":\"https:\\\/\\\/www.etf.fr\\\/#organization\"},\"potentialAction\":[{\"@type\":\"SearchAction\",\"target\":{\"@type\":\"EntryPoint\",\"urlTemplate\":\"https:\\\/\\\/www.etf.fr\\\/?s={search_term_string}\"},\"query-input\":{\"@type\":\"PropertyValueSpecification\",\"valueRequired\":true,\"valueName\":\"search_term_string\"}}],\"inLanguage\":\"en-US\"},{\"@type\":\"Organization\",\"@id\":\"https:\\\/\\\/www.etf.fr\\\/#organization\",\"name\":\"ETF\",\"url\":\"https:\\\/\\\/www.etf.fr\\\/\",\"logo\":{\"@type\":\"ImageObject\",\"inLanguage\":\"en-US\",\"@id\":\"https:\\\/\\\/www.etf.fr\\\/#\\\/schema\\\/logo\\\/image\\\/\",\"url\":\"https:\\\/\\\/www.etf.fr\\\/wp-content\\\/uploads\\\/2019\\\/03\\\/logo-ETF.png\",\"contentUrl\":\"https:\\\/\\\/www.etf.fr\\\/wp-content\\\/uploads\\\/2019\\\/03\\\/logo-ETF.png\",\"width\":272,\"height\":161,\"caption\":\"ETF\"},\"image\":{\"@id\":\"https:\\\/\\\/www.etf.fr\\\/#\\\/schema\\\/logo\\\/image\\\/\"}},{\"@type\":\"Person\",\"@id\":\"https:\\\/\\\/www.etf.fr\\\/#\\\/schema\\\/person\\\/b20334e710830573c2a3ba4ab9b7d679\",\"name\":\"chloe\",\"url\":\"https:\\\/\\\/www.etf.fr\\\/en\\\/author\\\/chloe\\\/\"}]}<\/script>\n<!-- \/ Yoast SEO plugin. -->","yoast_head_json":{"title":"OCP at Porte de La Villette station on line 7 of the Paris Metro - ETF","robots":{"index":"index","follow":"follow","max-snippet":"max-snippet:-1","max-image-preview":"max-image-preview:large","max-video-preview":"max-video-preview:-1"},"canonical":"https:\/\/www.etf.fr\/en\/agence-idf-en\/ocp-a-la-station-porte-de-la-villette-de-la-ligne-7-du-metro-parisien\/","og_locale":"en_US","og_type":"article","og_title":"OCP at Porte de La Villette station on line 7 of the Paris Metro - ETF","og_description":"A new step in our commitment to sustainable mobility and the modernisation of transport infrastructure in Paris on the RATP network!","og_url":"https:\/\/www.etf.fr\/en\/agence-idf-en\/ocp-a-la-station-porte-de-la-villette-de-la-ligne-7-du-metro-parisien\/","og_site_name":"ETF","article_published_time":"2023-08-16T11:58:51+00:00","article_modified_time":"2025-09-26T09:16:03+00:00","og_image":[{"width":1214,"height":601,"url":"https:\/\/www.etf.fr\/wp-content\/uploads\/2023\/12\/ligne-7.png","type":"image\/png"}],"author":"chloe","twitter_card":"summary_large_image","twitter_misc":{"Written by":"chloe","Est. reading time":"2 minutes"},"schema":{"@context":"https:\/\/schema.org","@graph":[{"@type":"Article","@id":"https:\/\/www.etf.fr\/en\/agence-idf-en\/ocp-a-la-station-porte-de-la-villette-de-la-ligne-7-du-metro-parisien\/#article","isPartOf":{"@id":"https:\/\/www.etf.fr\/en\/agence-idf-en\/ocp-a-la-station-porte-de-la-villette-de-la-ligne-7-du-metro-parisien\/"},"author":{"name":"chloe","@id":"https:\/\/www.etf.fr\/#\/schema\/person\/b20334e710830573c2a3ba4ab9b7d679"},"headline":"OCP at Porte de La Villette station on line 7 of the Paris Metro","datePublished":"2023-08-16T11:58:51+00:00","dateModified":"2025-09-26T09:16:03+00:00","mainEntityOfPage":{"@id":"https:\/\/www.etf.fr\/en\/agence-idf-en\/ocp-a-la-station-porte-de-la-villette-de-la-ligne-7-du-metro-parisien\/"},"wordCount":183,"publisher":{"@id":"https:\/\/www.etf.fr\/#organization"},"image":{"@id":"https:\/\/www.etf.fr\/en\/agence-idf-en\/ocp-a-la-station-porte-de-la-villette-de-la-ligne-7-du-metro-parisien\/#primaryimage"},"thumbnailUrl":"https:\/\/www.etf.fr\/wp-content\/uploads\/2023\/12\/ligne-7.png","articleSection":["Agence IDF","Actualit\u00e9s"],"inLanguage":"en-US"},{"@type":"WebPage","@id":"https:\/\/www.etf.fr\/en\/agence-idf-en\/ocp-a-la-station-porte-de-la-villette-de-la-ligne-7-du-metro-parisien\/","url":"https:\/\/www.etf.fr\/en\/agence-idf-en\/ocp-a-la-station-porte-de-la-villette-de-la-ligne-7-du-metro-parisien\/","name":"OCP at Porte de La Villette station on line 7 of the Paris Metro - ETF","isPartOf":{"@id":"https:\/\/www.etf.fr\/#website"},"primaryImageOfPage":{"@id":"https:\/\/www.etf.fr\/en\/agence-idf-en\/ocp-a-la-station-porte-de-la-villette-de-la-ligne-7-du-metro-parisien\/#primaryimage"},"image":{"@id":"https:\/\/www.etf.fr\/en\/agence-idf-en\/ocp-a-la-station-porte-de-la-villette-de-la-ligne-7-du-metro-parisien\/#primaryimage"},"thumbnailUrl":"https:\/\/www.etf.fr\/wp-content\/uploads\/2023\/12\/ligne-7.png","datePublished":"2023-08-16T11:58:51+00:00","dateModified":"2025-09-26T09:16:03+00:00","breadcrumb":{"@id":"https:\/\/www.etf.fr\/en\/agence-idf-en\/ocp-a-la-station-porte-de-la-villette-de-la-ligne-7-du-metro-parisien\/#breadcrumb"},"inLanguage":"en-US","potentialAction":[{"@type":"ReadAction","target":["https:\/\/www.etf.fr\/en\/agence-idf-en\/ocp-a-la-station-porte-de-la-villette-de-la-ligne-7-du-metro-parisien\/"]}]},{"@type":"ImageObject","inLanguage":"en-US","@id":"https:\/\/www.etf.fr\/en\/agence-idf-en\/ocp-a-la-station-porte-de-la-villette-de-la-ligne-7-du-metro-parisien\/#primaryimage","url":"https:\/\/www.etf.fr\/wp-content\/uploads\/2023\/12\/ligne-7.png","contentUrl":"https:\/\/www.etf.fr\/wp-content\/uploads\/2023\/12\/ligne-7.png","width":1214,"height":601},{"@type":"BreadcrumbList","@id":"https:\/\/www.etf.fr\/en\/agence-idf-en\/ocp-a-la-station-porte-de-la-villette-de-la-ligne-7-du-metro-parisien\/#breadcrumb","itemListElement":[{"@type":"ListItem","position":1,"name":"Accueil","item":"https:\/\/www.etf.fr\/en\/"},{"@type":"ListItem","position":2,"name":"OCP at Porte de La Villette station on line 7 of the Paris Metro"}]},{"@type":"WebSite","@id":"https:\/\/www.etf.fr\/#website","url":"https:\/\/www.etf.fr\/","name":"ETF","description":"Your transport partner worldwide","publisher":{"@id":"https:\/\/www.etf.fr\/#organization"},"potentialAction":[{"@type":"SearchAction","target":{"@type":"EntryPoint","urlTemplate":"https:\/\/www.etf.fr\/?s={search_term_string}"},"query-input":{"@type":"PropertyValueSpecification","valueRequired":true,"valueName":"search_term_string"}}],"inLanguage":"en-US"},{"@type":"Organization","@id":"https:\/\/www.etf.fr\/#organization","name":"ETF","url":"https:\/\/www.etf.fr\/","logo":{"@type":"ImageObject","inLanguage":"en-US","@id":"https:\/\/www.etf.fr\/#\/schema\/logo\/image\/","url":"https:\/\/www.etf.fr\/wp-content\/uploads\/2019\/03\/logo-ETF.png","contentUrl":"https:\/\/www.etf.fr\/wp-content\/uploads\/2019\/03\/logo-ETF.png","width":272,"height":161,"caption":"ETF"},"image":{"@id":"https:\/\/www.etf.fr\/#\/schema\/logo\/image\/"}},{"@type":"Person","@id":"https:\/\/www.etf.fr\/#\/schema\/person\/b20334e710830573c2a3ba4ab9b7d679","name":"chloe","url":"https:\/\/www.etf.fr\/en\/author\/chloe\/"}]}},"_links":{"self":[{"href":"https:\/\/www.etf.fr\/en\/wp-json\/wp\/v2\/posts\/12481316","targetHints":{"allow":["GET"]}}],"collection":[{"href":"https:\/\/www.etf.fr\/en\/wp-json\/wp\/v2\/posts"}],"about":[{"href":"https:\/\/www.etf.fr\/en\/wp-json\/wp\/v2\/types\/post"}],"author":[{"embeddable":true,"href":"https:\/\/www.etf.fr\/en\/wp-json\/wp\/v2\/users\/239"}],"replies":[{"embeddable":true,"href":"https:\/\/www.etf.fr\/en\/wp-json\/wp\/v2\/comments?post=12481316"}],"version-history":[{"count":1,"href":"https:\/\/www.etf.fr\/en\/wp-json\/wp\/v2\/posts\/12481316\/revisions"}],"predecessor-version":[{"id":12481318,"href":"https:\/\/www.etf.fr\/en\/wp-json\/wp\/v2\/posts\/12481316\/revisions\/12481318"}],"wp:featuredmedia":[{"embeddable":true,"href":"https:\/\/www.etf.fr\/en\/wp-json\/wp\/v2\/media\/115408"}],"wp:attachment":[{"href":"https:\/\/www.etf.fr\/en\/wp-json\/wp\/v2\/media?parent=12481316"}],"wp:term":[{"taxonomy":"category","embeddable":true,"href":"https:\/\/www.etf.fr\/en\/wp-json\/wp\/v2\/categories?post=12481316"},{"taxonomy":"post_tag","embeddable":true,"href":"https:\/\/www.etf.fr\/en\/wp-json\/wp\/v2\/tags?post=12481316"}],"curies":[{"name":"wp","href":"https:\/\/api.w.org\/{rel}","templated":true}]}}