{"id":12481324,"date":"2023-08-02T12:01:23","date_gmt":"2023-08-02T10:01:23","guid":{"rendered":"https:\/\/www.etf.fr\/uncategorized\/refection-de-la-plateforme-beton-sur-la-ligne-3a-du-tramway\/"},"modified":"2025-09-26T11:19:45","modified_gmt":"2025-09-26T09:19:45","slug":"refection-de-la-plateforme-beton-sur-la-ligne-3a-du-tramway","status":"publish","type":"post","link":"https:\/\/www.etf.fr\/en\/agence-idf-en\/refection-de-la-plateforme-beton-sur-la-ligne-3a-du-tramway\/","title":{"rendered":"Renovation of the concrete platform on tram line 3A"},"content":{"rendered":"\n<h3 class=\"wp-block-heading\">After two operations in the tunnels of lines 1 and 3bis of the Paris Metro, the ETF teams come out into the daylight to work on tram line 3A.<\/h3>\n\n\n\n<div class=\"wp-block-columns is-layout-flex wp-container-core-columns-is-layout-9d6595d7 wp-block-columns-is-layout-flex\">\n<div class=\"wp-block-column is-layout-flow wp-block-column-is-layout-flow\">\n<p>The aim of this work? To ensure the long-term viability of this line by repairing the concrete platform at the Porte de Vincennes stop.<\/p>\n\n\n\n<p>Safety and precision were essential to complete the work without interrupting traffic on the adjacent track and without compromising the metro tunnel located just below.<\/p>\n\n\n\n<p>A big thank you to our client <a href=\"https:\/\/www.linkedin.com\/company\/ratp\/\">RATPgroup<\/a> for renewing their trust in us on this project, and congratulations to all our employees who work tirelessly to contribute to the sustainable mobility of thousands of passengers.<\/p>\n<\/div>\n\n\n\n<div class=\"wp-block-column is-layout-flow wp-block-column-is-layout-flow\">\n<h4 class=\"wp-block-heading has-text-align-center\">Take a look behind the scenes at this construction site<\/h4>\n\n\n\n<figure class=\"wp-block-embed is-type-video is-provider-youtube wp-block-embed-youtube wp-embed-aspect-16-9 wp-has-aspect-ratio\"><div class=\"wp-block-embed__wrapper\">\n<div class=\"oembed\">\n\t<iframe loading=\"lazy\" title=\"Tramway 3A - Travaux d&#039;\u00e9t\u00e9 sur le r\u00e9seau RATP\" width=\"500\" height=\"281\" src=\"https:\/\/www.youtube.com\/embed\/UiA5d-X5Qd0?feature=oembed\" frameborder=\"0\" allow=\"accelerometer; autoplay; clipboard-write; encrypted-media; gyroscope; picture-in-picture; web-share\" referrerpolicy=\"strict-origin-when-cross-origin\" allowfullscreen><\/iframe><\/div>\n\n<\/div><\/figure>\n<\/div>\n<\/div>\n","protected":false},"excerpt":{"rendered":"<p>After two operations in the tunnels of lines 1 and 3bis of the Paris Metro, the ETF teams come out into the daylight to work on tram line 3A.<\/p>\n","protected":false},"author":239,"featured_media":115377,"comment_status":"closed","ping_status":"closed","sticky":false,"template":"","format":"standard","meta":{"_acf_changed":false,"footnotes":""},"categories":[202,191],"tags":[],"class_list":["post-12481324","post","type-post","status-publish","format-standard","has-post-thumbnail","hentry","category-agence-idf-en","category-actualites-en"],"acf":[],"yoast_head":"<!-- This site is optimized with the Yoast SEO plugin v27.5 - https:\/\/yoast.com\/product\/yoast-seo-wordpress\/ -->\n<title>Renovation of the concrete platform on tram line 3A - ETF<\/title>\n<meta name=\"robots\" content=\"index, follow, max-snippet:-1, max-image-preview:large, max-video-preview:-1\" \/>\n<link rel=\"canonical\" href=\"https:\/\/www.etf.fr\/en\/agence-idf-en\/refection-de-la-plateforme-beton-sur-la-ligne-3a-du-tramway\/\" \/>\n<meta property=\"og:locale\" content=\"en_US\" \/>\n<meta property=\"og:type\" content=\"article\" \/>\n<meta property=\"og:title\" content=\"Renovation of the concrete platform on tram line 3A - ETF\" \/>\n<meta property=\"og:description\" content=\"After two operations in the tunnels of lines 1 and 3bis of the Paris Metro, the ETF teams come out into the daylight to work on tram line 3A.\" \/>\n<meta property=\"og:url\" content=\"https:\/\/www.etf.fr\/en\/agence-idf-en\/refection-de-la-plateforme-beton-sur-la-ligne-3a-du-tramway\/\" \/>\n<meta property=\"og:site_name\" content=\"ETF\" \/>\n<meta property=\"article:published_time\" content=\"2023-08-02T10:01:23+00:00\" \/>\n<meta property=\"article:modified_time\" content=\"2025-09-26T09:19:45+00:00\" \/>\n<meta property=\"og:image\" content=\"https:\/\/www.etf.fr\/wp-content\/uploads\/2023\/12\/LIGNE-TRAM.png\" \/>\n\t<meta property=\"og:image:width\" content=\"1132\" \/>\n\t<meta property=\"og:image:height\" content=\"644\" \/>\n\t<meta property=\"og:image:type\" content=\"image\/png\" \/>\n<meta name=\"author\" content=\"chloe\" \/>\n<meta name=\"twitter:card\" content=\"summary_large_image\" \/>\n<meta name=\"twitter:label1\" content=\"Written by\" \/>\n\t<meta name=\"twitter:data1\" content=\"chloe\" \/>\n\t<meta name=\"twitter:label2\" content=\"Est. reading time\" \/>\n\t<meta name=\"twitter:data2\" content=\"1 minute\" \/>\n<script type=\"application\/ld+json\" class=\"yoast-schema-graph\">{\"@context\":\"https:\\\/\\\/schema.org\",\"@graph\":[{\"@type\":\"Article\",\"@id\":\"https:\\\/\\\/www.etf.fr\\\/en\\\/agence-idf-en\\\/refection-de-la-plateforme-beton-sur-la-ligne-3a-du-tramway\\\/#article\",\"isPartOf\":{\"@id\":\"https:\\\/\\\/www.etf.fr\\\/en\\\/agence-idf-en\\\/refection-de-la-plateforme-beton-sur-la-ligne-3a-du-tramway\\\/\"},\"author\":{\"name\":\"chloe\",\"@id\":\"https:\\\/\\\/www.etf.fr\\\/#\\\/schema\\\/person\\\/b20334e710830573c2a3ba4ab9b7d679\"},\"headline\":\"Renovation of the concrete platform on tram line 3A\",\"datePublished\":\"2023-08-02T10:01:23+00:00\",\"dateModified\":\"2025-09-26T09:19:45+00:00\",\"mainEntityOfPage\":{\"@id\":\"https:\\\/\\\/www.etf.fr\\\/en\\\/agence-idf-en\\\/refection-de-la-plateforme-beton-sur-la-ligne-3a-du-tramway\\\/\"},\"wordCount\":141,\"publisher\":{\"@id\":\"https:\\\/\\\/www.etf.fr\\\/#organization\"},\"image\":{\"@id\":\"https:\\\/\\\/www.etf.fr\\\/en\\\/agence-idf-en\\\/refection-de-la-plateforme-beton-sur-la-ligne-3a-du-tramway\\\/#primaryimage\"},\"thumbnailUrl\":\"https:\\\/\\\/www.etf.fr\\\/wp-content\\\/uploads\\\/2023\\\/12\\\/LIGNE-TRAM.png\",\"articleSection\":[\"Agence IDF\",\"Actualit\u00e9s\"],\"inLanguage\":\"en-US\"},{\"@type\":\"WebPage\",\"@id\":\"https:\\\/\\\/www.etf.fr\\\/en\\\/agence-idf-en\\\/refection-de-la-plateforme-beton-sur-la-ligne-3a-du-tramway\\\/\",\"url\":\"https:\\\/\\\/www.etf.fr\\\/en\\\/agence-idf-en\\\/refection-de-la-plateforme-beton-sur-la-ligne-3a-du-tramway\\\/\",\"name\":\"Renovation of the concrete platform on tram line 3A - ETF\",\"isPartOf\":{\"@id\":\"https:\\\/\\\/www.etf.fr\\\/#website\"},\"primaryImageOfPage\":{\"@id\":\"https:\\\/\\\/www.etf.fr\\\/en\\\/agence-idf-en\\\/refection-de-la-plateforme-beton-sur-la-ligne-3a-du-tramway\\\/#primaryimage\"},\"image\":{\"@id\":\"https:\\\/\\\/www.etf.fr\\\/en\\\/agence-idf-en\\\/refection-de-la-plateforme-beton-sur-la-ligne-3a-du-tramway\\\/#primaryimage\"},\"thumbnailUrl\":\"https:\\\/\\\/www.etf.fr\\\/wp-content\\\/uploads\\\/2023\\\/12\\\/LIGNE-TRAM.png\",\"datePublished\":\"2023-08-02T10:01:23+00:00\",\"dateModified\":\"2025-09-26T09:19:45+00:00\",\"breadcrumb\":{\"@id\":\"https:\\\/\\\/www.etf.fr\\\/en\\\/agence-idf-en\\\/refection-de-la-plateforme-beton-sur-la-ligne-3a-du-tramway\\\/#breadcrumb\"},\"inLanguage\":\"en-US\",\"potentialAction\":[{\"@type\":\"ReadAction\",\"target\":[\"https:\\\/\\\/www.etf.fr\\\/en\\\/agence-idf-en\\\/refection-de-la-plateforme-beton-sur-la-ligne-3a-du-tramway\\\/\"]}]},{\"@type\":\"ImageObject\",\"inLanguage\":\"en-US\",\"@id\":\"https:\\\/\\\/www.etf.fr\\\/en\\\/agence-idf-en\\\/refection-de-la-plateforme-beton-sur-la-ligne-3a-du-tramway\\\/#primaryimage\",\"url\":\"https:\\\/\\\/www.etf.fr\\\/wp-content\\\/uploads\\\/2023\\\/12\\\/LIGNE-TRAM.png\",\"contentUrl\":\"https:\\\/\\\/www.etf.fr\\\/wp-content\\\/uploads\\\/2023\\\/12\\\/LIGNE-TRAM.png\",\"width\":1132,\"height\":644},{\"@type\":\"BreadcrumbList\",\"@id\":\"https:\\\/\\\/www.etf.fr\\\/en\\\/agence-idf-en\\\/refection-de-la-plateforme-beton-sur-la-ligne-3a-du-tramway\\\/#breadcrumb\",\"itemListElement\":[{\"@type\":\"ListItem\",\"position\":1,\"name\":\"Accueil\",\"item\":\"https:\\\/\\\/www.etf.fr\\\/en\\\/\"},{\"@type\":\"ListItem\",\"position\":2,\"name\":\"Renovation of the concrete platform on tram line 3A\"}]},{\"@type\":\"WebSite\",\"@id\":\"https:\\\/\\\/www.etf.fr\\\/#website\",\"url\":\"https:\\\/\\\/www.etf.fr\\\/\",\"name\":\"ETF\",\"description\":\"Your transport partner worldwide\",\"publisher\":{\"@id\":\"https:\\\/\\\/www.etf.fr\\\/#organization\"},\"potentialAction\":[{\"@type\":\"SearchAction\",\"target\":{\"@type\":\"EntryPoint\",\"urlTemplate\":\"https:\\\/\\\/www.etf.fr\\\/?s={search_term_string}\"},\"query-input\":{\"@type\":\"PropertyValueSpecification\",\"valueRequired\":true,\"valueName\":\"search_term_string\"}}],\"inLanguage\":\"en-US\"},{\"@type\":\"Organization\",\"@id\":\"https:\\\/\\\/www.etf.fr\\\/#organization\",\"name\":\"ETF\",\"url\":\"https:\\\/\\\/www.etf.fr\\\/\",\"logo\":{\"@type\":\"ImageObject\",\"inLanguage\":\"en-US\",\"@id\":\"https:\\\/\\\/www.etf.fr\\\/#\\\/schema\\\/logo\\\/image\\\/\",\"url\":\"https:\\\/\\\/www.etf.fr\\\/wp-content\\\/uploads\\\/2019\\\/03\\\/logo-ETF.png\",\"contentUrl\":\"https:\\\/\\\/www.etf.fr\\\/wp-content\\\/uploads\\\/2019\\\/03\\\/logo-ETF.png\",\"width\":272,\"height\":161,\"caption\":\"ETF\"},\"image\":{\"@id\":\"https:\\\/\\\/www.etf.fr\\\/#\\\/schema\\\/logo\\\/image\\\/\"}},{\"@type\":\"Person\",\"@id\":\"https:\\\/\\\/www.etf.fr\\\/#\\\/schema\\\/person\\\/b20334e710830573c2a3ba4ab9b7d679\",\"name\":\"chloe\",\"url\":\"https:\\\/\\\/www.etf.fr\\\/en\\\/author\\\/chloe\\\/\"}]}<\/script>\n<!-- \/ Yoast SEO plugin. -->","yoast_head_json":{"title":"Renovation of the concrete platform on tram line 3A - ETF","robots":{"index":"index","follow":"follow","max-snippet":"max-snippet:-1","max-image-preview":"max-image-preview:large","max-video-preview":"max-video-preview:-1"},"canonical":"https:\/\/www.etf.fr\/en\/agence-idf-en\/refection-de-la-plateforme-beton-sur-la-ligne-3a-du-tramway\/","og_locale":"en_US","og_type":"article","og_title":"Renovation of the concrete platform on tram line 3A - ETF","og_description":"After two operations in the tunnels of lines 1 and 3bis of the Paris Metro, the ETF teams come out into the daylight to work on tram line 3A.","og_url":"https:\/\/www.etf.fr\/en\/agence-idf-en\/refection-de-la-plateforme-beton-sur-la-ligne-3a-du-tramway\/","og_site_name":"ETF","article_published_time":"2023-08-02T10:01:23+00:00","article_modified_time":"2025-09-26T09:19:45+00:00","og_image":[{"width":1132,"height":644,"url":"https:\/\/www.etf.fr\/wp-content\/uploads\/2023\/12\/LIGNE-TRAM.png","type":"image\/png"}],"author":"chloe","twitter_card":"summary_large_image","twitter_misc":{"Written by":"chloe","Est. reading time":"1 minute"},"schema":{"@context":"https:\/\/schema.org","@graph":[{"@type":"Article","@id":"https:\/\/www.etf.fr\/en\/agence-idf-en\/refection-de-la-plateforme-beton-sur-la-ligne-3a-du-tramway\/#article","isPartOf":{"@id":"https:\/\/www.etf.fr\/en\/agence-idf-en\/refection-de-la-plateforme-beton-sur-la-ligne-3a-du-tramway\/"},"author":{"name":"chloe","@id":"https:\/\/www.etf.fr\/#\/schema\/person\/b20334e710830573c2a3ba4ab9b7d679"},"headline":"Renovation of the concrete platform on tram line 3A","datePublished":"2023-08-02T10:01:23+00:00","dateModified":"2025-09-26T09:19:45+00:00","mainEntityOfPage":{"@id":"https:\/\/www.etf.fr\/en\/agence-idf-en\/refection-de-la-plateforme-beton-sur-la-ligne-3a-du-tramway\/"},"wordCount":141,"publisher":{"@id":"https:\/\/www.etf.fr\/#organization"},"image":{"@id":"https:\/\/www.etf.fr\/en\/agence-idf-en\/refection-de-la-plateforme-beton-sur-la-ligne-3a-du-tramway\/#primaryimage"},"thumbnailUrl":"https:\/\/www.etf.fr\/wp-content\/uploads\/2023\/12\/LIGNE-TRAM.png","articleSection":["Agence IDF","Actualit\u00e9s"],"inLanguage":"en-US"},{"@type":"WebPage","@id":"https:\/\/www.etf.fr\/en\/agence-idf-en\/refection-de-la-plateforme-beton-sur-la-ligne-3a-du-tramway\/","url":"https:\/\/www.etf.fr\/en\/agence-idf-en\/refection-de-la-plateforme-beton-sur-la-ligne-3a-du-tramway\/","name":"Renovation of the concrete platform on tram line 3A - ETF","isPartOf":{"@id":"https:\/\/www.etf.fr\/#website"},"primaryImageOfPage":{"@id":"https:\/\/www.etf.fr\/en\/agence-idf-en\/refection-de-la-plateforme-beton-sur-la-ligne-3a-du-tramway\/#primaryimage"},"image":{"@id":"https:\/\/www.etf.fr\/en\/agence-idf-en\/refection-de-la-plateforme-beton-sur-la-ligne-3a-du-tramway\/#primaryimage"},"thumbnailUrl":"https:\/\/www.etf.fr\/wp-content\/uploads\/2023\/12\/LIGNE-TRAM.png","datePublished":"2023-08-02T10:01:23+00:00","dateModified":"2025-09-26T09:19:45+00:00","breadcrumb":{"@id":"https:\/\/www.etf.fr\/en\/agence-idf-en\/refection-de-la-plateforme-beton-sur-la-ligne-3a-du-tramway\/#breadcrumb"},"inLanguage":"en-US","potentialAction":[{"@type":"ReadAction","target":["https:\/\/www.etf.fr\/en\/agence-idf-en\/refection-de-la-plateforme-beton-sur-la-ligne-3a-du-tramway\/"]}]},{"@type":"ImageObject","inLanguage":"en-US","@id":"https:\/\/www.etf.fr\/en\/agence-idf-en\/refection-de-la-plateforme-beton-sur-la-ligne-3a-du-tramway\/#primaryimage","url":"https:\/\/www.etf.fr\/wp-content\/uploads\/2023\/12\/LIGNE-TRAM.png","contentUrl":"https:\/\/www.etf.fr\/wp-content\/uploads\/2023\/12\/LIGNE-TRAM.png","width":1132,"height":644},{"@type":"BreadcrumbList","@id":"https:\/\/www.etf.fr\/en\/agence-idf-en\/refection-de-la-plateforme-beton-sur-la-ligne-3a-du-tramway\/#breadcrumb","itemListElement":[{"@type":"ListItem","position":1,"name":"Accueil","item":"https:\/\/www.etf.fr\/en\/"},{"@type":"ListItem","position":2,"name":"Renovation of the concrete platform on tram line 3A"}]},{"@type":"WebSite","@id":"https:\/\/www.etf.fr\/#website","url":"https:\/\/www.etf.fr\/","name":"ETF","description":"Your transport partner worldwide","publisher":{"@id":"https:\/\/www.etf.fr\/#organization"},"potentialAction":[{"@type":"SearchAction","target":{"@type":"EntryPoint","urlTemplate":"https:\/\/www.etf.fr\/?s={search_term_string}"},"query-input":{"@type":"PropertyValueSpecification","valueRequired":true,"valueName":"search_term_string"}}],"inLanguage":"en-US"},{"@type":"Organization","@id":"https:\/\/www.etf.fr\/#organization","name":"ETF","url":"https:\/\/www.etf.fr\/","logo":{"@type":"ImageObject","inLanguage":"en-US","@id":"https:\/\/www.etf.fr\/#\/schema\/logo\/image\/","url":"https:\/\/www.etf.fr\/wp-content\/uploads\/2019\/03\/logo-ETF.png","contentUrl":"https:\/\/www.etf.fr\/wp-content\/uploads\/2019\/03\/logo-ETF.png","width":272,"height":161,"caption":"ETF"},"image":{"@id":"https:\/\/www.etf.fr\/#\/schema\/logo\/image\/"}},{"@type":"Person","@id":"https:\/\/www.etf.fr\/#\/schema\/person\/b20334e710830573c2a3ba4ab9b7d679","name":"chloe","url":"https:\/\/www.etf.fr\/en\/author\/chloe\/"}]}},"_links":{"self":[{"href":"https:\/\/www.etf.fr\/en\/wp-json\/wp\/v2\/posts\/12481324","targetHints":{"allow":["GET"]}}],"collection":[{"href":"https:\/\/www.etf.fr\/en\/wp-json\/wp\/v2\/posts"}],"about":[{"href":"https:\/\/www.etf.fr\/en\/wp-json\/wp\/v2\/types\/post"}],"author":[{"embeddable":true,"href":"https:\/\/www.etf.fr\/en\/wp-json\/wp\/v2\/users\/239"}],"replies":[{"embeddable":true,"href":"https:\/\/www.etf.fr\/en\/wp-json\/wp\/v2\/comments?post=12481324"}],"version-history":[{"count":1,"href":"https:\/\/www.etf.fr\/en\/wp-json\/wp\/v2\/posts\/12481324\/revisions"}],"predecessor-version":[{"id":12481326,"href":"https:\/\/www.etf.fr\/en\/wp-json\/wp\/v2\/posts\/12481324\/revisions\/12481326"}],"wp:featuredmedia":[{"embeddable":true,"href":"https:\/\/www.etf.fr\/en\/wp-json\/wp\/v2\/media\/115377"}],"wp:attachment":[{"href":"https:\/\/www.etf.fr\/en\/wp-json\/wp\/v2\/media?parent=12481324"}],"wp:term":[{"taxonomy":"category","embeddable":true,"href":"https:\/\/www.etf.fr\/en\/wp-json\/wp\/v2\/categories?post=12481324"},{"taxonomy":"post_tag","embeddable":true,"href":"https:\/\/www.etf.fr\/en\/wp-json\/wp\/v2\/tags?post=12481324"}],"curies":[{"name":"wp","href":"https:\/\/api.w.org\/{rel}","templated":true}]}}