{"id":12481328,"date":"2023-07-12T11:40:18","date_gmt":"2023-07-12T09:40:18","guid":{"rendered":"https:\/\/www.etf.fr\/uncategorized\/renouvellement-dun-appareil-de-voie-sur-la-ligne-1-du-metro-parisien\/"},"modified":"2025-09-26T11:21:45","modified_gmt":"2025-09-26T09:21:45","slug":"renouvellement-dun-appareil-de-voie-sur-la-ligne-1-du-metro-parisien","status":"publish","type":"post","link":"https:\/\/www.etf.fr\/en\/agence-idf-en\/renouvellement-dun-appareil-de-voie-sur-la-ligne-1-du-metro-parisien\/","title":{"rendered":"Renewal of a track device on Line 1 of the Paris Metro"},"content":{"rendered":"\n<h3 class=\"wp-block-heading\">The RATP has renewed its confidence in ETF, entrusting it with a Coup de Poing Operation (OCP) on line 1 at Gare de Lyon station.<\/h3>\n\n\n\n<div class=\"wp-block-columns is-layout-flex wp-container-core-columns-is-layout-9d6595d7 wp-block-columns-is-layout-flex\">\n<div class=\"wp-block-column is-layout-flow wp-block-column-is-layout-flow\">\n<p>During the line closure between Nation and Ch\u00e2telet from 16 to 22 May, nearly 40 ETF and RATP employees worked day and night to complete the renewal of the track equipment.<\/p>\n\n\n\n<p>The track is vital to the smooth operation of line 1, and thanks to our close collaboration with RATP, we were able to complete this project efficiently and safely. This success demonstrates the strength of our partnership and our shared commitment to providing quality service to public transport users.<\/p>\n\n\n\n<p>We would like to extend our warmest thanks to all ETF and RATP employees who participated in this operation. Their expertise, dedication and professionalism made it possible to complete this renewal within the allotted time frame.<\/p>\n\n\n\n<p>We will continue to work hand in hand with RATP to develop and improve transport infrastructure, highlighting our expertise and commitment to excellence.<\/p>\n<\/div>\n\n\n\n<div class=\"wp-block-column is-layout-flow wp-block-column-is-layout-flow\">\n<h4 class=\"wp-block-heading has-text-align-center\">Take a look behind the scenes at this construction site<\/h4>\n\n\n\n<figure class=\"wp-block-embed is-type-video is-provider-youtube wp-block-embed-youtube wp-embed-aspect-16-9 wp-has-aspect-ratio\"><div class=\"wp-block-embed__wrapper\">\n<div class=\"oembed\">\n\t<iframe loading=\"lazy\" title=\"Ligne 1 - Travaux d&#039;\u00e9t\u00e9 sur le r\u00e9seau RATP\" width=\"500\" height=\"281\" src=\"https:\/\/www.youtube.com\/embed\/9clyun5k4Ic?start=12&#038;feature=oembed\" frameborder=\"0\" allow=\"accelerometer; autoplay; clipboard-write; encrypted-media; gyroscope; picture-in-picture; web-share\" referrerpolicy=\"strict-origin-when-cross-origin\" allowfullscreen><\/iframe><\/div>\n\n<\/div><\/figure>\n<\/div>\n<\/div>\n","protected":false},"excerpt":{"rendered":"<p>The RATP has renewed its confidence in ETF, entrusting it with a Coup de Poing Operation (OCP) on line 1 at Gare de Lyon station.<\/p>\n","protected":false},"author":239,"featured_media":115356,"comment_status":"closed","ping_status":"closed","sticky":false,"template":"","format":"standard","meta":{"_acf_changed":false,"footnotes":""},"categories":[202,191],"tags":[],"class_list":["post-12481328","post","type-post","status-publish","format-standard","has-post-thumbnail","hentry","category-agence-idf-en","category-actualites-en"],"acf":[],"yoast_head":"<!-- This site is optimized with the Yoast SEO plugin v27.5 - https:\/\/yoast.com\/product\/yoast-seo-wordpress\/ -->\n<title>Renewal of a track device on Line 1 of the Paris Metro - ETF<\/title>\n<meta name=\"robots\" content=\"index, follow, max-snippet:-1, max-image-preview:large, max-video-preview:-1\" \/>\n<link rel=\"canonical\" href=\"https:\/\/www.etf.fr\/en\/agence-idf-en\/renouvellement-dun-appareil-de-voie-sur-la-ligne-1-du-metro-parisien\/\" \/>\n<meta property=\"og:locale\" content=\"en_US\" \/>\n<meta property=\"og:type\" content=\"article\" \/>\n<meta property=\"og:title\" content=\"Renewal of a track device on Line 1 of the Paris Metro - ETF\" \/>\n<meta property=\"og:description\" content=\"The RATP has renewed its confidence in ETF, entrusting it with a Coup de Poing Operation (OCP) on line 1 at Gare de Lyon station.\" \/>\n<meta property=\"og:url\" content=\"https:\/\/www.etf.fr\/en\/agence-idf-en\/renouvellement-dun-appareil-de-voie-sur-la-ligne-1-du-metro-parisien\/\" \/>\n<meta property=\"og:site_name\" content=\"ETF\" \/>\n<meta property=\"article:published_time\" content=\"2023-07-12T09:40:18+00:00\" \/>\n<meta property=\"article:modified_time\" content=\"2025-09-26T09:21:45+00:00\" \/>\n<meta property=\"og:image\" content=\"https:\/\/www.etf.fr\/wp-content\/uploads\/2023\/12\/ligne-1-1111x535.png\" \/>\n\t<meta property=\"og:image:width\" content=\"1111\" \/>\n\t<meta property=\"og:image:height\" content=\"535\" \/>\n\t<meta property=\"og:image:type\" content=\"image\/png\" \/>\n<meta name=\"author\" content=\"chloe\" \/>\n<meta name=\"twitter:card\" content=\"summary_large_image\" \/>\n<meta name=\"twitter:label1\" content=\"Written by\" \/>\n\t<meta name=\"twitter:data1\" content=\"chloe\" \/>\n\t<meta name=\"twitter:label2\" content=\"Est. reading time\" \/>\n\t<meta name=\"twitter:data2\" content=\"2 minutes\" \/>\n<script type=\"application\/ld+json\" class=\"yoast-schema-graph\">{\"@context\":\"https:\\\/\\\/schema.org\",\"@graph\":[{\"@type\":\"Article\",\"@id\":\"https:\\\/\\\/www.etf.fr\\\/en\\\/agence-idf-en\\\/renouvellement-dun-appareil-de-voie-sur-la-ligne-1-du-metro-parisien\\\/#article\",\"isPartOf\":{\"@id\":\"https:\\\/\\\/www.etf.fr\\\/en\\\/agence-idf-en\\\/renouvellement-dun-appareil-de-voie-sur-la-ligne-1-du-metro-parisien\\\/\"},\"author\":{\"name\":\"chloe\",\"@id\":\"https:\\\/\\\/www.etf.fr\\\/#\\\/schema\\\/person\\\/b20334e710830573c2a3ba4ab9b7d679\"},\"headline\":\"Renewal of a track device on Line 1 of the Paris Metro\",\"datePublished\":\"2023-07-12T09:40:18+00:00\",\"dateModified\":\"2025-09-26T09:21:45+00:00\",\"mainEntityOfPage\":{\"@id\":\"https:\\\/\\\/www.etf.fr\\\/en\\\/agence-idf-en\\\/renouvellement-dun-appareil-de-voie-sur-la-ligne-1-du-metro-parisien\\\/\"},\"wordCount\":193,\"publisher\":{\"@id\":\"https:\\\/\\\/www.etf.fr\\\/#organization\"},\"image\":{\"@id\":\"https:\\\/\\\/www.etf.fr\\\/en\\\/agence-idf-en\\\/renouvellement-dun-appareil-de-voie-sur-la-ligne-1-du-metro-parisien\\\/#primaryimage\"},\"thumbnailUrl\":\"https:\\\/\\\/www.etf.fr\\\/wp-content\\\/uploads\\\/2023\\\/12\\\/ligne-1.png\",\"articleSection\":[\"Agence IDF\",\"Actualit\u00e9s\"],\"inLanguage\":\"en-US\"},{\"@type\":\"WebPage\",\"@id\":\"https:\\\/\\\/www.etf.fr\\\/en\\\/agence-idf-en\\\/renouvellement-dun-appareil-de-voie-sur-la-ligne-1-du-metro-parisien\\\/\",\"url\":\"https:\\\/\\\/www.etf.fr\\\/en\\\/agence-idf-en\\\/renouvellement-dun-appareil-de-voie-sur-la-ligne-1-du-metro-parisien\\\/\",\"name\":\"Renewal of a track device on Line 1 of the Paris Metro - ETF\",\"isPartOf\":{\"@id\":\"https:\\\/\\\/www.etf.fr\\\/#website\"},\"primaryImageOfPage\":{\"@id\":\"https:\\\/\\\/www.etf.fr\\\/en\\\/agence-idf-en\\\/renouvellement-dun-appareil-de-voie-sur-la-ligne-1-du-metro-parisien\\\/#primaryimage\"},\"image\":{\"@id\":\"https:\\\/\\\/www.etf.fr\\\/en\\\/agence-idf-en\\\/renouvellement-dun-appareil-de-voie-sur-la-ligne-1-du-metro-parisien\\\/#primaryimage\"},\"thumbnailUrl\":\"https:\\\/\\\/www.etf.fr\\\/wp-content\\\/uploads\\\/2023\\\/12\\\/ligne-1.png\",\"datePublished\":\"2023-07-12T09:40:18+00:00\",\"dateModified\":\"2025-09-26T09:21:45+00:00\",\"breadcrumb\":{\"@id\":\"https:\\\/\\\/www.etf.fr\\\/en\\\/agence-idf-en\\\/renouvellement-dun-appareil-de-voie-sur-la-ligne-1-du-metro-parisien\\\/#breadcrumb\"},\"inLanguage\":\"en-US\",\"potentialAction\":[{\"@type\":\"ReadAction\",\"target\":[\"https:\\\/\\\/www.etf.fr\\\/en\\\/agence-idf-en\\\/renouvellement-dun-appareil-de-voie-sur-la-ligne-1-du-metro-parisien\\\/\"]}]},{\"@type\":\"ImageObject\",\"inLanguage\":\"en-US\",\"@id\":\"https:\\\/\\\/www.etf.fr\\\/en\\\/agence-idf-en\\\/renouvellement-dun-appareil-de-voie-sur-la-ligne-1-du-metro-parisien\\\/#primaryimage\",\"url\":\"https:\\\/\\\/www.etf.fr\\\/wp-content\\\/uploads\\\/2023\\\/12\\\/ligne-1.png\",\"contentUrl\":\"https:\\\/\\\/www.etf.fr\\\/wp-content\\\/uploads\\\/2023\\\/12\\\/ligne-1.png\",\"width\":1691,\"height\":814},{\"@type\":\"BreadcrumbList\",\"@id\":\"https:\\\/\\\/www.etf.fr\\\/en\\\/agence-idf-en\\\/renouvellement-dun-appareil-de-voie-sur-la-ligne-1-du-metro-parisien\\\/#breadcrumb\",\"itemListElement\":[{\"@type\":\"ListItem\",\"position\":1,\"name\":\"Accueil\",\"item\":\"https:\\\/\\\/www.etf.fr\\\/en\\\/\"},{\"@type\":\"ListItem\",\"position\":2,\"name\":\"Renewal of a track device on Line 1 of the Paris Metro\"}]},{\"@type\":\"WebSite\",\"@id\":\"https:\\\/\\\/www.etf.fr\\\/#website\",\"url\":\"https:\\\/\\\/www.etf.fr\\\/\",\"name\":\"ETF\",\"description\":\"Your transport partner worldwide\",\"publisher\":{\"@id\":\"https:\\\/\\\/www.etf.fr\\\/#organization\"},\"potentialAction\":[{\"@type\":\"SearchAction\",\"target\":{\"@type\":\"EntryPoint\",\"urlTemplate\":\"https:\\\/\\\/www.etf.fr\\\/?s={search_term_string}\"},\"query-input\":{\"@type\":\"PropertyValueSpecification\",\"valueRequired\":true,\"valueName\":\"search_term_string\"}}],\"inLanguage\":\"en-US\"},{\"@type\":\"Organization\",\"@id\":\"https:\\\/\\\/www.etf.fr\\\/#organization\",\"name\":\"ETF\",\"url\":\"https:\\\/\\\/www.etf.fr\\\/\",\"logo\":{\"@type\":\"ImageObject\",\"inLanguage\":\"en-US\",\"@id\":\"https:\\\/\\\/www.etf.fr\\\/#\\\/schema\\\/logo\\\/image\\\/\",\"url\":\"https:\\\/\\\/www.etf.fr\\\/wp-content\\\/uploads\\\/2019\\\/03\\\/logo-ETF.png\",\"contentUrl\":\"https:\\\/\\\/www.etf.fr\\\/wp-content\\\/uploads\\\/2019\\\/03\\\/logo-ETF.png\",\"width\":272,\"height\":161,\"caption\":\"ETF\"},\"image\":{\"@id\":\"https:\\\/\\\/www.etf.fr\\\/#\\\/schema\\\/logo\\\/image\\\/\"}},{\"@type\":\"Person\",\"@id\":\"https:\\\/\\\/www.etf.fr\\\/#\\\/schema\\\/person\\\/b20334e710830573c2a3ba4ab9b7d679\",\"name\":\"chloe\",\"url\":\"https:\\\/\\\/www.etf.fr\\\/en\\\/author\\\/chloe\\\/\"}]}<\/script>\n<!-- \/ Yoast SEO plugin. -->","yoast_head_json":{"title":"Renewal of a track device on Line 1 of the Paris Metro - ETF","robots":{"index":"index","follow":"follow","max-snippet":"max-snippet:-1","max-image-preview":"max-image-preview:large","max-video-preview":"max-video-preview:-1"},"canonical":"https:\/\/www.etf.fr\/en\/agence-idf-en\/renouvellement-dun-appareil-de-voie-sur-la-ligne-1-du-metro-parisien\/","og_locale":"en_US","og_type":"article","og_title":"Renewal of a track device on Line 1 of the Paris Metro - ETF","og_description":"The RATP has renewed its confidence in ETF, entrusting it with a Coup de Poing Operation (OCP) on line 1 at Gare de Lyon station.","og_url":"https:\/\/www.etf.fr\/en\/agence-idf-en\/renouvellement-dun-appareil-de-voie-sur-la-ligne-1-du-metro-parisien\/","og_site_name":"ETF","article_published_time":"2023-07-12T09:40:18+00:00","article_modified_time":"2025-09-26T09:21:45+00:00","og_image":[{"width":1111,"height":535,"url":"https:\/\/www.etf.fr\/wp-content\/uploads\/2023\/12\/ligne-1-1111x535.png","type":"image\/png"}],"author":"chloe","twitter_card":"summary_large_image","twitter_misc":{"Written by":"chloe","Est. reading time":"2 minutes"},"schema":{"@context":"https:\/\/schema.org","@graph":[{"@type":"Article","@id":"https:\/\/www.etf.fr\/en\/agence-idf-en\/renouvellement-dun-appareil-de-voie-sur-la-ligne-1-du-metro-parisien\/#article","isPartOf":{"@id":"https:\/\/www.etf.fr\/en\/agence-idf-en\/renouvellement-dun-appareil-de-voie-sur-la-ligne-1-du-metro-parisien\/"},"author":{"name":"chloe","@id":"https:\/\/www.etf.fr\/#\/schema\/person\/b20334e710830573c2a3ba4ab9b7d679"},"headline":"Renewal of a track device on Line 1 of the Paris Metro","datePublished":"2023-07-12T09:40:18+00:00","dateModified":"2025-09-26T09:21:45+00:00","mainEntityOfPage":{"@id":"https:\/\/www.etf.fr\/en\/agence-idf-en\/renouvellement-dun-appareil-de-voie-sur-la-ligne-1-du-metro-parisien\/"},"wordCount":193,"publisher":{"@id":"https:\/\/www.etf.fr\/#organization"},"image":{"@id":"https:\/\/www.etf.fr\/en\/agence-idf-en\/renouvellement-dun-appareil-de-voie-sur-la-ligne-1-du-metro-parisien\/#primaryimage"},"thumbnailUrl":"https:\/\/www.etf.fr\/wp-content\/uploads\/2023\/12\/ligne-1.png","articleSection":["Agence IDF","Actualit\u00e9s"],"inLanguage":"en-US"},{"@type":"WebPage","@id":"https:\/\/www.etf.fr\/en\/agence-idf-en\/renouvellement-dun-appareil-de-voie-sur-la-ligne-1-du-metro-parisien\/","url":"https:\/\/www.etf.fr\/en\/agence-idf-en\/renouvellement-dun-appareil-de-voie-sur-la-ligne-1-du-metro-parisien\/","name":"Renewal of a track device on Line 1 of the Paris Metro - ETF","isPartOf":{"@id":"https:\/\/www.etf.fr\/#website"},"primaryImageOfPage":{"@id":"https:\/\/www.etf.fr\/en\/agence-idf-en\/renouvellement-dun-appareil-de-voie-sur-la-ligne-1-du-metro-parisien\/#primaryimage"},"image":{"@id":"https:\/\/www.etf.fr\/en\/agence-idf-en\/renouvellement-dun-appareil-de-voie-sur-la-ligne-1-du-metro-parisien\/#primaryimage"},"thumbnailUrl":"https:\/\/www.etf.fr\/wp-content\/uploads\/2023\/12\/ligne-1.png","datePublished":"2023-07-12T09:40:18+00:00","dateModified":"2025-09-26T09:21:45+00:00","breadcrumb":{"@id":"https:\/\/www.etf.fr\/en\/agence-idf-en\/renouvellement-dun-appareil-de-voie-sur-la-ligne-1-du-metro-parisien\/#breadcrumb"},"inLanguage":"en-US","potentialAction":[{"@type":"ReadAction","target":["https:\/\/www.etf.fr\/en\/agence-idf-en\/renouvellement-dun-appareil-de-voie-sur-la-ligne-1-du-metro-parisien\/"]}]},{"@type":"ImageObject","inLanguage":"en-US","@id":"https:\/\/www.etf.fr\/en\/agence-idf-en\/renouvellement-dun-appareil-de-voie-sur-la-ligne-1-du-metro-parisien\/#primaryimage","url":"https:\/\/www.etf.fr\/wp-content\/uploads\/2023\/12\/ligne-1.png","contentUrl":"https:\/\/www.etf.fr\/wp-content\/uploads\/2023\/12\/ligne-1.png","width":1691,"height":814},{"@type":"BreadcrumbList","@id":"https:\/\/www.etf.fr\/en\/agence-idf-en\/renouvellement-dun-appareil-de-voie-sur-la-ligne-1-du-metro-parisien\/#breadcrumb","itemListElement":[{"@type":"ListItem","position":1,"name":"Accueil","item":"https:\/\/www.etf.fr\/en\/"},{"@type":"ListItem","position":2,"name":"Renewal of a track device on Line 1 of the Paris Metro"}]},{"@type":"WebSite","@id":"https:\/\/www.etf.fr\/#website","url":"https:\/\/www.etf.fr\/","name":"ETF","description":"Your transport partner worldwide","publisher":{"@id":"https:\/\/www.etf.fr\/#organization"},"potentialAction":[{"@type":"SearchAction","target":{"@type":"EntryPoint","urlTemplate":"https:\/\/www.etf.fr\/?s={search_term_string}"},"query-input":{"@type":"PropertyValueSpecification","valueRequired":true,"valueName":"search_term_string"}}],"inLanguage":"en-US"},{"@type":"Organization","@id":"https:\/\/www.etf.fr\/#organization","name":"ETF","url":"https:\/\/www.etf.fr\/","logo":{"@type":"ImageObject","inLanguage":"en-US","@id":"https:\/\/www.etf.fr\/#\/schema\/logo\/image\/","url":"https:\/\/www.etf.fr\/wp-content\/uploads\/2019\/03\/logo-ETF.png","contentUrl":"https:\/\/www.etf.fr\/wp-content\/uploads\/2019\/03\/logo-ETF.png","width":272,"height":161,"caption":"ETF"},"image":{"@id":"https:\/\/www.etf.fr\/#\/schema\/logo\/image\/"}},{"@type":"Person","@id":"https:\/\/www.etf.fr\/#\/schema\/person\/b20334e710830573c2a3ba4ab9b7d679","name":"chloe","url":"https:\/\/www.etf.fr\/en\/author\/chloe\/"}]}},"_links":{"self":[{"href":"https:\/\/www.etf.fr\/en\/wp-json\/wp\/v2\/posts\/12481328","targetHints":{"allow":["GET"]}}],"collection":[{"href":"https:\/\/www.etf.fr\/en\/wp-json\/wp\/v2\/posts"}],"about":[{"href":"https:\/\/www.etf.fr\/en\/wp-json\/wp\/v2\/types\/post"}],"author":[{"embeddable":true,"href":"https:\/\/www.etf.fr\/en\/wp-json\/wp\/v2\/users\/239"}],"replies":[{"embeddable":true,"href":"https:\/\/www.etf.fr\/en\/wp-json\/wp\/v2\/comments?post=12481328"}],"version-history":[{"count":1,"href":"https:\/\/www.etf.fr\/en\/wp-json\/wp\/v2\/posts\/12481328\/revisions"}],"predecessor-version":[{"id":12481388,"href":"https:\/\/www.etf.fr\/en\/wp-json\/wp\/v2\/posts\/12481328\/revisions\/12481388"}],"wp:featuredmedia":[{"embeddable":true,"href":"https:\/\/www.etf.fr\/en\/wp-json\/wp\/v2\/media\/115356"}],"wp:attachment":[{"href":"https:\/\/www.etf.fr\/en\/wp-json\/wp\/v2\/media?parent=12481328"}],"wp:term":[{"taxonomy":"category","embeddable":true,"href":"https:\/\/www.etf.fr\/en\/wp-json\/wp\/v2\/categories?post=12481328"},{"taxonomy":"post_tag","embeddable":true,"href":"https:\/\/www.etf.fr\/en\/wp-json\/wp\/v2\/tags?post=12481328"}],"curies":[{"name":"wp","href":"https:\/\/api.w.org\/{rel}","templated":true}]}}