{"id":12481538,"date":"2023-06-03T16:29:00","date_gmt":"2023-06-03T14:29:00","guid":{"rendered":"https:\/\/www.etf.fr\/uncategorized\/etf-se-mobilise-pour-lassociation-on-remplit-le-frigo\/"},"modified":"2025-09-26T11:43:13","modified_gmt":"2025-09-26T09:43:13","slug":"etf-se-mobilise-pour-lassociation-on-remplit-le-frigo","status":"publish","type":"post","link":"https:\/\/www.etf.fr\/en\/grands-projets-ferroviaires-en\/etf-se-mobilise-pour-lassociation-on-remplit-le-frigo\/","title":{"rendered":"ETF rallies behind the charity \u2018On Remplit Le Frigo\u2019 (We Fill the Fridge)"},"content":{"rendered":"\n<p><em><strong><em><strong>In partnership with CHANTIERS ET TERRITOIRES SOLIDAIRES and the VINCI ENDOWMENT FUND FOR GREATER PARIS, this solidarity initiative aims to support students in need by collecting food and hygiene products.<\/strong><\/em><\/strong><\/em><\/p>\n\n\n\n<div class=\"wp-block-columns is-layout-flex wp-container-core-columns-is-layout-9d6595d7 wp-block-columns-is-layout-flex\">\n<div class=\"wp-block-column is-layout-flow wp-block-column-is-layout-flow\">\n<h3 class=\"wp-block-heading\"><strong>Illustration of Corporate Social Responsibility<\/strong><\/h3>\n\n\n\n<p>This act of solidarity towards the most vulnerable members of society is a fine illustration of Corporate Social Responsibility. ETF is thus demonstrating its commitment to the community and the environment.<\/p>\n\n\n\n<h3 class=\"wp-block-heading\"><strong>160 kg of food collected and financial support<\/strong><\/h3>\n\n\n\n<p>Proud and grateful for the commitment of our employees, we managed to collect 160 kg of food. This gesture of solidarity was complemented by a financial donation from the company, which enabled the purchase of fruit and vegetables. This initiative provided support to 250 beneficiaries during a special distribution that took place on Saturday 3 June 2023 in the 19th arrondissement of Paris. We were also delighted to receive contributions from the Cat\u00e9naire and <a href=\"https:\/\/www.linkedin.com\/company\/sogea-satom\/\">Sogea-Satom<\/a> teams.<\/p>\n<\/div>\n\n\n\n<div class=\"wp-block-column is-layout-flow wp-block-column-is-layout-flow\">\n<p><\/p>\n\n\n\n<p><\/p>\n\n\n\n<h4 class=\"wp-block-heading has-text-align-center\">Discover this solidarity initiative in video format<\/h4>\n\n\n\n<figure class=\"wp-block-embed is-type-video is-provider-youtube wp-block-embed-youtube wp-embed-aspect-16-9 wp-has-aspect-ratio\"><div class=\"wp-block-embed__wrapper\">\n<div class=\"oembed\">\n\t<iframe loading=\"lazy\" title=\"160 kg de denr\u00e9es collect\u00e9es pour l&#039;association &quot;On remplit le frigo&quot;\" width=\"500\" height=\"281\" src=\"https:\/\/www.youtube.com\/embed\/rCJYr_6ApDU?feature=oembed\" frameborder=\"0\" allow=\"accelerometer; autoplay; clipboard-write; encrypted-media; gyroscope; picture-in-picture; web-share\" referrerpolicy=\"strict-origin-when-cross-origin\" allowfullscreen><\/iframe><\/div>\n\n<\/div><\/figure>\n<\/div>\n<\/div>\n\n\n\n<p>We would like to thank all the staff who helped organise the event, whether through their logistical support, collecting donations or helping with distribution. Your involvement was essential to the success of this charitable initiative. Let us continue to show solidarity in our future actions.<\/p>\n","protected":false},"excerpt":{"rendered":"<p>A solidarity initiative aimed at supporting students in precarious situations.<\/p>\n","protected":false},"author":239,"featured_media":111979,"comment_status":"closed","ping_status":"closed","sticky":false,"template":"","format":"standard","meta":{"_acf_changed":false,"footnotes":""},"categories":[223,195,196,197,198,199,200,201,202,203,194,193,192,188,189,190,187,119],"tags":[],"class_list":["post-12481538","post","type-post","status-publish","format-standard","has-post-thumbnail","hentry","category-grands-projets-ferroviaires-en","category-etf-academy-en","category-la-champenoise-en","category-agence-genie-civil-ferroviaire-en","category-agence-travaux-en","category-agence-atlantique-en","category-agence-nord-en","category-agence-est-en","category-agence-idf-en","category-agence-sud-est-en","category-agence-centre-en","category-catenaires-et-energie-en","category-agences-grands-projets-transports-urbains-en","category-suite-rapide-nationale-en","category-agence-srzd-en","category-etf-services-en","category-etf-luxembourg-en","category-international-en"],"acf":[],"yoast_head":"<!-- This site is optimized with the Yoast SEO plugin v27.5 - https:\/\/yoast.com\/product\/yoast-seo-wordpress\/ -->\n<title>ETF se mobilise pour l&#039;association &quot;On Remplit Le Frigo&quot;<\/title>\n<meta name=\"description\" content=\"Cette initiative solidaire vise \u00e0 soutenir les \u00e9tudiants en pr\u00e9carit\u00e9, en collectant des denr\u00e9es alimentaires et des produits d&#039;hygi\u00e8ne.\" \/>\n<meta name=\"robots\" content=\"index, follow, max-snippet:-1, max-image-preview:large, max-video-preview:-1\" \/>\n<link rel=\"canonical\" href=\"https:\/\/www.etf.fr\/en\/grands-projets-ferroviaires-en\/etf-se-mobilise-pour-lassociation-on-remplit-le-frigo\/\" \/>\n<meta property=\"og:locale\" content=\"en_US\" \/>\n<meta property=\"og:type\" content=\"article\" \/>\n<meta property=\"og:title\" content=\"ETF se mobilise pour l&#039;association &quot;On Remplit Le Frigo&quot;\" \/>\n<meta property=\"og:description\" content=\"Cette initiative solidaire vise \u00e0 soutenir les \u00e9tudiants en pr\u00e9carit\u00e9, en collectant des denr\u00e9es alimentaires et des produits d&#039;hygi\u00e8ne.\" \/>\n<meta property=\"og:url\" content=\"https:\/\/www.etf.fr\/en\/grands-projets-ferroviaires-en\/etf-se-mobilise-pour-lassociation-on-remplit-le-frigo\/\" \/>\n<meta property=\"og:site_name\" content=\"ETF\" \/>\n<meta property=\"article:published_time\" content=\"2023-06-03T14:29:00+00:00\" \/>\n<meta property=\"article:modified_time\" content=\"2025-09-26T09:43:13+00:00\" \/>\n<meta property=\"og:image\" content=\"https:\/\/www.etf.fr\/wp-content\/uploads\/2023\/11\/on-remplit-le-frigo.png\" \/>\n\t<meta property=\"og:image:width\" content=\"618\" \/>\n\t<meta property=\"og:image:height\" content=\"300\" \/>\n\t<meta property=\"og:image:type\" content=\"image\/png\" \/>\n<meta name=\"author\" content=\"chloe\" \/>\n<meta name=\"twitter:card\" content=\"summary_large_image\" \/>\n<meta name=\"twitter:label1\" content=\"Written by\" \/>\n\t<meta name=\"twitter:data1\" content=\"chloe\" \/>\n\t<meta name=\"twitter:label2\" content=\"Est. reading time\" \/>\n\t<meta name=\"twitter:data2\" content=\"2 minutes\" \/>\n<script type=\"application\/ld+json\" class=\"yoast-schema-graph\">{\"@context\":\"https:\\\/\\\/schema.org\",\"@graph\":[{\"@type\":\"Article\",\"@id\":\"https:\\\/\\\/www.etf.fr\\\/en\\\/grands-projets-ferroviaires-en\\\/etf-se-mobilise-pour-lassociation-on-remplit-le-frigo\\\/#article\",\"isPartOf\":{\"@id\":\"https:\\\/\\\/www.etf.fr\\\/en\\\/grands-projets-ferroviaires-en\\\/etf-se-mobilise-pour-lassociation-on-remplit-le-frigo\\\/\"},\"author\":{\"name\":\"chloe\",\"@id\":\"https:\\\/\\\/www.etf.fr\\\/#\\\/schema\\\/person\\\/b20334e710830573c2a3ba4ab9b7d679\"},\"headline\":\"ETF rallies behind the charity \u2018On Remplit Le Frigo\u2019 (We Fill the Fridge)\",\"datePublished\":\"2023-06-03T14:29:00+00:00\",\"dateModified\":\"2025-09-26T09:43:13+00:00\",\"mainEntityOfPage\":{\"@id\":\"https:\\\/\\\/www.etf.fr\\\/en\\\/grands-projets-ferroviaires-en\\\/etf-se-mobilise-pour-lassociation-on-remplit-le-frigo\\\/\"},\"wordCount\":216,\"publisher\":{\"@id\":\"https:\\\/\\\/www.etf.fr\\\/#organization\"},\"image\":{\"@id\":\"https:\\\/\\\/www.etf.fr\\\/en\\\/grands-projets-ferroviaires-en\\\/etf-se-mobilise-pour-lassociation-on-remplit-le-frigo\\\/#primaryimage\"},\"thumbnailUrl\":\"https:\\\/\\\/www.etf.fr\\\/wp-content\\\/uploads\\\/2023\\\/11\\\/on-remplit-le-frigo.png\",\"articleSection\":[\"Grands Projets Ferroviaires\",\"ETF Academy\",\"La Champenoise\",\"Agence g\u00e9nie civil et signalisation ferroviaire\",\"Agence Travaux M\u00e9canis\u00e9s\",\"Agence Atlantique\",\"Agence Nord\",\"Agence Est\",\"Agence IDF\",\"Agence Sud Est\",\"Agence Centre\",\"Cat\u00e9naires et Energie\",\"Agences Grands Projets Urbains\",\"Suite Rapide Nationale\",\"Agence Suite Rapide Zone Dense\",\"ETF Services\",\"ETF Luxembourg\",\"International\"],\"inLanguage\":\"en-US\"},{\"@type\":\"WebPage\",\"@id\":\"https:\\\/\\\/www.etf.fr\\\/en\\\/grands-projets-ferroviaires-en\\\/etf-se-mobilise-pour-lassociation-on-remplit-le-frigo\\\/\",\"url\":\"https:\\\/\\\/www.etf.fr\\\/en\\\/grands-projets-ferroviaires-en\\\/etf-se-mobilise-pour-lassociation-on-remplit-le-frigo\\\/\",\"name\":\"ETF se mobilise pour l'association \\\"On Remplit Le Frigo\\\"\",\"isPartOf\":{\"@id\":\"https:\\\/\\\/www.etf.fr\\\/#website\"},\"primaryImageOfPage\":{\"@id\":\"https:\\\/\\\/www.etf.fr\\\/en\\\/grands-projets-ferroviaires-en\\\/etf-se-mobilise-pour-lassociation-on-remplit-le-frigo\\\/#primaryimage\"},\"image\":{\"@id\":\"https:\\\/\\\/www.etf.fr\\\/en\\\/grands-projets-ferroviaires-en\\\/etf-se-mobilise-pour-lassociation-on-remplit-le-frigo\\\/#primaryimage\"},\"thumbnailUrl\":\"https:\\\/\\\/www.etf.fr\\\/wp-content\\\/uploads\\\/2023\\\/11\\\/on-remplit-le-frigo.png\",\"datePublished\":\"2023-06-03T14:29:00+00:00\",\"dateModified\":\"2025-09-26T09:43:13+00:00\",\"description\":\"Cette initiative solidaire vise \u00e0 soutenir les \u00e9tudiants en pr\u00e9carit\u00e9, en collectant des denr\u00e9es alimentaires et des produits d'hygi\u00e8ne.\",\"breadcrumb\":{\"@id\":\"https:\\\/\\\/www.etf.fr\\\/en\\\/grands-projets-ferroviaires-en\\\/etf-se-mobilise-pour-lassociation-on-remplit-le-frigo\\\/#breadcrumb\"},\"inLanguage\":\"en-US\",\"potentialAction\":[{\"@type\":\"ReadAction\",\"target\":[\"https:\\\/\\\/www.etf.fr\\\/en\\\/grands-projets-ferroviaires-en\\\/etf-se-mobilise-pour-lassociation-on-remplit-le-frigo\\\/\"]}]},{\"@type\":\"ImageObject\",\"inLanguage\":\"en-US\",\"@id\":\"https:\\\/\\\/www.etf.fr\\\/en\\\/grands-projets-ferroviaires-en\\\/etf-se-mobilise-pour-lassociation-on-remplit-le-frigo\\\/#primaryimage\",\"url\":\"https:\\\/\\\/www.etf.fr\\\/wp-content\\\/uploads\\\/2023\\\/11\\\/on-remplit-le-frigo.png\",\"contentUrl\":\"https:\\\/\\\/www.etf.fr\\\/wp-content\\\/uploads\\\/2023\\\/11\\\/on-remplit-le-frigo.png\",\"width\":618,\"height\":300},{\"@type\":\"BreadcrumbList\",\"@id\":\"https:\\\/\\\/www.etf.fr\\\/en\\\/grands-projets-ferroviaires-en\\\/etf-se-mobilise-pour-lassociation-on-remplit-le-frigo\\\/#breadcrumb\",\"itemListElement\":[{\"@type\":\"ListItem\",\"position\":1,\"name\":\"Accueil\",\"item\":\"https:\\\/\\\/www.etf.fr\\\/en\\\/\"},{\"@type\":\"ListItem\",\"position\":2,\"name\":\"ETF rallies behind the charity \u2018On Remplit Le Frigo\u2019 (We Fill the Fridge)\"}]},{\"@type\":\"WebSite\",\"@id\":\"https:\\\/\\\/www.etf.fr\\\/#website\",\"url\":\"https:\\\/\\\/www.etf.fr\\\/\",\"name\":\"ETF\",\"description\":\"Your transport partner worldwide\",\"publisher\":{\"@id\":\"https:\\\/\\\/www.etf.fr\\\/#organization\"},\"potentialAction\":[{\"@type\":\"SearchAction\",\"target\":{\"@type\":\"EntryPoint\",\"urlTemplate\":\"https:\\\/\\\/www.etf.fr\\\/?s={search_term_string}\"},\"query-input\":{\"@type\":\"PropertyValueSpecification\",\"valueRequired\":true,\"valueName\":\"search_term_string\"}}],\"inLanguage\":\"en-US\"},{\"@type\":\"Organization\",\"@id\":\"https:\\\/\\\/www.etf.fr\\\/#organization\",\"name\":\"ETF\",\"url\":\"https:\\\/\\\/www.etf.fr\\\/\",\"logo\":{\"@type\":\"ImageObject\",\"inLanguage\":\"en-US\",\"@id\":\"https:\\\/\\\/www.etf.fr\\\/#\\\/schema\\\/logo\\\/image\\\/\",\"url\":\"https:\\\/\\\/www.etf.fr\\\/wp-content\\\/uploads\\\/2019\\\/03\\\/logo-ETF.png\",\"contentUrl\":\"https:\\\/\\\/www.etf.fr\\\/wp-content\\\/uploads\\\/2019\\\/03\\\/logo-ETF.png\",\"width\":272,\"height\":161,\"caption\":\"ETF\"},\"image\":{\"@id\":\"https:\\\/\\\/www.etf.fr\\\/#\\\/schema\\\/logo\\\/image\\\/\"}},{\"@type\":\"Person\",\"@id\":\"https:\\\/\\\/www.etf.fr\\\/#\\\/schema\\\/person\\\/b20334e710830573c2a3ba4ab9b7d679\",\"name\":\"chloe\",\"url\":\"https:\\\/\\\/www.etf.fr\\\/en\\\/author\\\/chloe\\\/\"}]}<\/script>\n<!-- \/ Yoast SEO plugin. -->","yoast_head_json":{"title":"ETF se mobilise pour l'association \"On Remplit Le Frigo\"","description":"Cette initiative solidaire vise \u00e0 soutenir les \u00e9tudiants en pr\u00e9carit\u00e9, en collectant des denr\u00e9es alimentaires et des produits d'hygi\u00e8ne.","robots":{"index":"index","follow":"follow","max-snippet":"max-snippet:-1","max-image-preview":"max-image-preview:large","max-video-preview":"max-video-preview:-1"},"canonical":"https:\/\/www.etf.fr\/en\/grands-projets-ferroviaires-en\/etf-se-mobilise-pour-lassociation-on-remplit-le-frigo\/","og_locale":"en_US","og_type":"article","og_title":"ETF se mobilise pour l'association \"On Remplit Le Frigo\"","og_description":"Cette initiative solidaire vise \u00e0 soutenir les \u00e9tudiants en pr\u00e9carit\u00e9, en collectant des denr\u00e9es alimentaires et des produits d'hygi\u00e8ne.","og_url":"https:\/\/www.etf.fr\/en\/grands-projets-ferroviaires-en\/etf-se-mobilise-pour-lassociation-on-remplit-le-frigo\/","og_site_name":"ETF","article_published_time":"2023-06-03T14:29:00+00:00","article_modified_time":"2025-09-26T09:43:13+00:00","og_image":[{"width":618,"height":300,"url":"https:\/\/www.etf.fr\/wp-content\/uploads\/2023\/11\/on-remplit-le-frigo.png","type":"image\/png"}],"author":"chloe","twitter_card":"summary_large_image","twitter_misc":{"Written by":"chloe","Est. reading time":"2 minutes"},"schema":{"@context":"https:\/\/schema.org","@graph":[{"@type":"Article","@id":"https:\/\/www.etf.fr\/en\/grands-projets-ferroviaires-en\/etf-se-mobilise-pour-lassociation-on-remplit-le-frigo\/#article","isPartOf":{"@id":"https:\/\/www.etf.fr\/en\/grands-projets-ferroviaires-en\/etf-se-mobilise-pour-lassociation-on-remplit-le-frigo\/"},"author":{"name":"chloe","@id":"https:\/\/www.etf.fr\/#\/schema\/person\/b20334e710830573c2a3ba4ab9b7d679"},"headline":"ETF rallies behind the charity \u2018On Remplit Le Frigo\u2019 (We Fill the Fridge)","datePublished":"2023-06-03T14:29:00+00:00","dateModified":"2025-09-26T09:43:13+00:00","mainEntityOfPage":{"@id":"https:\/\/www.etf.fr\/en\/grands-projets-ferroviaires-en\/etf-se-mobilise-pour-lassociation-on-remplit-le-frigo\/"},"wordCount":216,"publisher":{"@id":"https:\/\/www.etf.fr\/#organization"},"image":{"@id":"https:\/\/www.etf.fr\/en\/grands-projets-ferroviaires-en\/etf-se-mobilise-pour-lassociation-on-remplit-le-frigo\/#primaryimage"},"thumbnailUrl":"https:\/\/www.etf.fr\/wp-content\/uploads\/2023\/11\/on-remplit-le-frigo.png","articleSection":["Grands Projets Ferroviaires","ETF Academy","La Champenoise","Agence g\u00e9nie civil et signalisation ferroviaire","Agence Travaux M\u00e9canis\u00e9s","Agence Atlantique","Agence Nord","Agence Est","Agence IDF","Agence Sud Est","Agence Centre","Cat\u00e9naires et Energie","Agences Grands Projets Urbains","Suite Rapide Nationale","Agence Suite Rapide Zone Dense","ETF Services","ETF Luxembourg","International"],"inLanguage":"en-US"},{"@type":"WebPage","@id":"https:\/\/www.etf.fr\/en\/grands-projets-ferroviaires-en\/etf-se-mobilise-pour-lassociation-on-remplit-le-frigo\/","url":"https:\/\/www.etf.fr\/en\/grands-projets-ferroviaires-en\/etf-se-mobilise-pour-lassociation-on-remplit-le-frigo\/","name":"ETF se mobilise pour l'association \"On Remplit Le Frigo\"","isPartOf":{"@id":"https:\/\/www.etf.fr\/#website"},"primaryImageOfPage":{"@id":"https:\/\/www.etf.fr\/en\/grands-projets-ferroviaires-en\/etf-se-mobilise-pour-lassociation-on-remplit-le-frigo\/#primaryimage"},"image":{"@id":"https:\/\/www.etf.fr\/en\/grands-projets-ferroviaires-en\/etf-se-mobilise-pour-lassociation-on-remplit-le-frigo\/#primaryimage"},"thumbnailUrl":"https:\/\/www.etf.fr\/wp-content\/uploads\/2023\/11\/on-remplit-le-frigo.png","datePublished":"2023-06-03T14:29:00+00:00","dateModified":"2025-09-26T09:43:13+00:00","description":"Cette initiative solidaire vise \u00e0 soutenir les \u00e9tudiants en pr\u00e9carit\u00e9, en collectant des denr\u00e9es alimentaires et des produits d'hygi\u00e8ne.","breadcrumb":{"@id":"https:\/\/www.etf.fr\/en\/grands-projets-ferroviaires-en\/etf-se-mobilise-pour-lassociation-on-remplit-le-frigo\/#breadcrumb"},"inLanguage":"en-US","potentialAction":[{"@type":"ReadAction","target":["https:\/\/www.etf.fr\/en\/grands-projets-ferroviaires-en\/etf-se-mobilise-pour-lassociation-on-remplit-le-frigo\/"]}]},{"@type":"ImageObject","inLanguage":"en-US","@id":"https:\/\/www.etf.fr\/en\/grands-projets-ferroviaires-en\/etf-se-mobilise-pour-lassociation-on-remplit-le-frigo\/#primaryimage","url":"https:\/\/www.etf.fr\/wp-content\/uploads\/2023\/11\/on-remplit-le-frigo.png","contentUrl":"https:\/\/www.etf.fr\/wp-content\/uploads\/2023\/11\/on-remplit-le-frigo.png","width":618,"height":300},{"@type":"BreadcrumbList","@id":"https:\/\/www.etf.fr\/en\/grands-projets-ferroviaires-en\/etf-se-mobilise-pour-lassociation-on-remplit-le-frigo\/#breadcrumb","itemListElement":[{"@type":"ListItem","position":1,"name":"Accueil","item":"https:\/\/www.etf.fr\/en\/"},{"@type":"ListItem","position":2,"name":"ETF rallies behind the charity \u2018On Remplit Le Frigo\u2019 (We Fill the Fridge)"}]},{"@type":"WebSite","@id":"https:\/\/www.etf.fr\/#website","url":"https:\/\/www.etf.fr\/","name":"ETF","description":"Your transport partner worldwide","publisher":{"@id":"https:\/\/www.etf.fr\/#organization"},"potentialAction":[{"@type":"SearchAction","target":{"@type":"EntryPoint","urlTemplate":"https:\/\/www.etf.fr\/?s={search_term_string}"},"query-input":{"@type":"PropertyValueSpecification","valueRequired":true,"valueName":"search_term_string"}}],"inLanguage":"en-US"},{"@type":"Organization","@id":"https:\/\/www.etf.fr\/#organization","name":"ETF","url":"https:\/\/www.etf.fr\/","logo":{"@type":"ImageObject","inLanguage":"en-US","@id":"https:\/\/www.etf.fr\/#\/schema\/logo\/image\/","url":"https:\/\/www.etf.fr\/wp-content\/uploads\/2019\/03\/logo-ETF.png","contentUrl":"https:\/\/www.etf.fr\/wp-content\/uploads\/2019\/03\/logo-ETF.png","width":272,"height":161,"caption":"ETF"},"image":{"@id":"https:\/\/www.etf.fr\/#\/schema\/logo\/image\/"}},{"@type":"Person","@id":"https:\/\/www.etf.fr\/#\/schema\/person\/b20334e710830573c2a3ba4ab9b7d679","name":"chloe","url":"https:\/\/www.etf.fr\/en\/author\/chloe\/"}]}},"_links":{"self":[{"href":"https:\/\/www.etf.fr\/en\/wp-json\/wp\/v2\/posts\/12481538","targetHints":{"allow":["GET"]}}],"collection":[{"href":"https:\/\/www.etf.fr\/en\/wp-json\/wp\/v2\/posts"}],"about":[{"href":"https:\/\/www.etf.fr\/en\/wp-json\/wp\/v2\/types\/post"}],"author":[{"embeddable":true,"href":"https:\/\/www.etf.fr\/en\/wp-json\/wp\/v2\/users\/239"}],"replies":[{"embeddable":true,"href":"https:\/\/www.etf.fr\/en\/wp-json\/wp\/v2\/comments?post=12481538"}],"version-history":[{"count":1,"href":"https:\/\/www.etf.fr\/en\/wp-json\/wp\/v2\/posts\/12481538\/revisions"}],"predecessor-version":[{"id":12481540,"href":"https:\/\/www.etf.fr\/en\/wp-json\/wp\/v2\/posts\/12481538\/revisions\/12481540"}],"wp:featuredmedia":[{"embeddable":true,"href":"https:\/\/www.etf.fr\/en\/wp-json\/wp\/v2\/media\/111979"}],"wp:attachment":[{"href":"https:\/\/www.etf.fr\/en\/wp-json\/wp\/v2\/media?parent=12481538"}],"wp:term":[{"taxonomy":"category","embeddable":true,"href":"https:\/\/www.etf.fr\/en\/wp-json\/wp\/v2\/categories?post=12481538"},{"taxonomy":"post_tag","embeddable":true,"href":"https:\/\/www.etf.fr\/en\/wp-json\/wp\/v2\/tags?post=12481538"}],"curies":[{"name":"wp","href":"https:\/\/api.w.org\/{rel}","templated":true}]}}