{"id":12481551,"date":"2023-04-24T11:17:56","date_gmt":"2023-04-24T09:17:56","guid":{"rendered":"https:\/\/www.etf.fr\/uncategorized\/les-extensions-de-la-ligne-3-du-tramway-a-marseille-en-bonnes-voies\/"},"modified":"2025-09-26T11:48:53","modified_gmt":"2025-09-26T09:48:53","slug":"les-extensions-de-la-ligne-3-du-tramway-a-marseille-en-bonnes-voies","status":"publish","type":"post","link":"https:\/\/www.etf.fr\/en\/agences-grands-projets-transports-urbains-en\/les-extensions-de-la-ligne-3-du-tramway-a-marseille-en-bonnes-voies\/","title":{"rendered":"Extensions to tram line 3 in Marseille are well underway"},"content":{"rendered":"\n<div style=\"height:28px\" aria-hidden=\"true\" class=\"wp-block-spacer\"><\/div>\n\n\n\n<h3 class=\"wp-block-heading\">In the north&#8230;<\/h3>\n\n\n\n<p>Concrete work on the first few metres has begun under the Arenc viaduct. The construction site, which began on Rue du March\u00e9, will extend to the Capitaine G\u00e8ze transport hub. This will create a new 1.8-kilometre section and three new stations.<\/p>\n\n\n\n<h3 class=\"wp-block-heading\">In the south<\/h3>\n\n\n\n<p>A second section of the project is also underway on Boulevard Schl\u0153sing. 4.4 kilometres of track will be laid to create nine new stations. These include the Ste-Marguerite Dromel station near the maintenance and storage site (SMR), which will complete the service to the iconic Stade du V\u00e9lodrome.<\/p>\n\n\n\n<p>On this project, the operational teams are carrying out:<\/p>\n\n\n\n<ul class=\"wp-block-list\">\n<li>Track and switch installation work,<\/li>\n\n\n\n<li>Mineral and vegetation covering of the platform<\/li>\n\n\n\n<li>Connection to the existing line.<\/li>\n<\/ul>\n\n\n\n<p>Several types of installation will be used along the line to ensure harmony with the surrounding environment. In particular, floating slab installation will be used to protect homes from vibrations caused by passing trains.<\/p>\n\n\n\n<p><strong>These extensions are among the fifteen priority projects in the mobility section of the Marseille en Grand plan. They represent a real renaissance for the neighbourhoods concerned and an important lever to help decarbonise the city, ultimately saving up to 9,000 tonnes of greenhouse gases. The line is expected to enter service in 2025.<\/strong><strong>e pour 2025.<\/strong><\/p>\n","protected":false},"excerpt":{"rendered":"<p>Following the symbolic laying of the first rail on 7 February 2023 by the president of the Aix-Marseille-Provence Metropolis, ETF teams are mobilising on two fronts!<\/p>\n","protected":false},"author":5,"featured_media":84736,"comment_status":"closed","ping_status":"closed","sticky":false,"template":"","format":"standard","meta":{"_acf_changed":false,"footnotes":""},"categories":[192],"tags":[],"class_list":["post-12481551","post","type-post","status-publish","format-standard","has-post-thumbnail","hentry","category-agences-grands-projets-transports-urbains-en"],"acf":[],"yoast_head":"<!-- This site is optimized with the Yoast SEO plugin v27.5 - https:\/\/yoast.com\/product\/yoast-seo-wordpress\/ -->\n<title>Extensions to tram line 3 in Marseille are well underway - ETF<\/title>\n<meta name=\"description\" content=\"Apr\u00e8s la pose du premier rail par la pr\u00e9sidente de la M\u00e9tropole Aix-Marseille-Provence, ETF se mobilise sur deux fonts de travaux !\u00a0\" \/>\n<meta name=\"robots\" content=\"index, follow, max-snippet:-1, max-image-preview:large, max-video-preview:-1\" \/>\n<link rel=\"canonical\" href=\"https:\/\/www.etf.fr\/en\/agences-grands-projets-transports-urbains-en\/les-extensions-de-la-ligne-3-du-tramway-a-marseille-en-bonnes-voies\/\" \/>\n<meta property=\"og:locale\" content=\"en_US\" \/>\n<meta property=\"og:type\" content=\"article\" \/>\n<meta property=\"og:title\" content=\"Extensions to tram line 3 in Marseille are well underway - ETF\" \/>\n<meta property=\"og:description\" content=\"Apr\u00e8s la pose du premier rail par la pr\u00e9sidente de la M\u00e9tropole Aix-Marseille-Provence, ETF se mobilise sur deux fonts de travaux !\u00a0\" \/>\n<meta property=\"og:url\" content=\"https:\/\/www.etf.fr\/en\/agences-grands-projets-transports-urbains-en\/les-extensions-de-la-ligne-3-du-tramway-a-marseille-en-bonnes-voies\/\" \/>\n<meta property=\"og:site_name\" content=\"ETF\" \/>\n<meta property=\"article:published_time\" content=\"2023-04-24T09:17:56+00:00\" \/>\n<meta property=\"article:modified_time\" content=\"2025-09-26T09:48:53+00:00\" \/>\n<meta property=\"og:image\" content=\"https:\/\/www.etf.fr\/wp-content\/uploads\/2023\/04\/ETF-travaux-Marseille-5.jpg\" \/>\n\t<meta property=\"og:image:width\" content=\"2560\" \/>\n\t<meta property=\"og:image:height\" content=\"2067\" \/>\n\t<meta property=\"og:image:type\" content=\"image\/jpeg\" \/>\n<meta name=\"author\" content=\"mathilde\" \/>\n<meta name=\"twitter:card\" content=\"summary_large_image\" \/>\n<meta name=\"twitter:label1\" content=\"Written by\" \/>\n\t<meta name=\"twitter:data1\" content=\"mathilde\" \/>\n\t<meta name=\"twitter:label2\" content=\"Est. reading time\" \/>\n\t<meta name=\"twitter:data2\" content=\"2 minutes\" \/>\n<script type=\"application\/ld+json\" class=\"yoast-schema-graph\">{\"@context\":\"https:\\\/\\\/schema.org\",\"@graph\":[{\"@type\":\"Article\",\"@id\":\"https:\\\/\\\/www.etf.fr\\\/en\\\/agences-grands-projets-transports-urbains-en\\\/les-extensions-de-la-ligne-3-du-tramway-a-marseille-en-bonnes-voies\\\/#article\",\"isPartOf\":{\"@id\":\"https:\\\/\\\/www.etf.fr\\\/en\\\/agences-grands-projets-transports-urbains-en\\\/les-extensions-de-la-ligne-3-du-tramway-a-marseille-en-bonnes-voies\\\/\"},\"author\":{\"name\":\"mathilde\",\"@id\":\"https:\\\/\\\/www.etf.fr\\\/#\\\/schema\\\/person\\\/161a2c149c1f701b263f97f54de35dbd\"},\"headline\":\"Extensions to tram line 3 in Marseille are well underway\",\"datePublished\":\"2023-04-24T09:17:56+00:00\",\"dateModified\":\"2025-09-26T09:48:53+00:00\",\"mainEntityOfPage\":{\"@id\":\"https:\\\/\\\/www.etf.fr\\\/en\\\/agences-grands-projets-transports-urbains-en\\\/les-extensions-de-la-ligne-3-du-tramway-a-marseille-en-bonnes-voies\\\/\"},\"wordCount\":220,\"publisher\":{\"@id\":\"https:\\\/\\\/www.etf.fr\\\/#organization\"},\"image\":{\"@id\":\"https:\\\/\\\/www.etf.fr\\\/en\\\/agences-grands-projets-transports-urbains-en\\\/les-extensions-de-la-ligne-3-du-tramway-a-marseille-en-bonnes-voies\\\/#primaryimage\"},\"thumbnailUrl\":\"https:\\\/\\\/www.etf.fr\\\/wp-content\\\/uploads\\\/2023\\\/04\\\/ETF-travaux-Marseille-5.jpg\",\"articleSection\":[\"Agences Grands Projets Urbains\"],\"inLanguage\":\"en-US\"},{\"@type\":\"WebPage\",\"@id\":\"https:\\\/\\\/www.etf.fr\\\/en\\\/agences-grands-projets-transports-urbains-en\\\/les-extensions-de-la-ligne-3-du-tramway-a-marseille-en-bonnes-voies\\\/\",\"url\":\"https:\\\/\\\/www.etf.fr\\\/en\\\/agences-grands-projets-transports-urbains-en\\\/les-extensions-de-la-ligne-3-du-tramway-a-marseille-en-bonnes-voies\\\/\",\"name\":\"Extensions to tram line 3 in Marseille are well underway - ETF\",\"isPartOf\":{\"@id\":\"https:\\\/\\\/www.etf.fr\\\/#website\"},\"primaryImageOfPage\":{\"@id\":\"https:\\\/\\\/www.etf.fr\\\/en\\\/agences-grands-projets-transports-urbains-en\\\/les-extensions-de-la-ligne-3-du-tramway-a-marseille-en-bonnes-voies\\\/#primaryimage\"},\"image\":{\"@id\":\"https:\\\/\\\/www.etf.fr\\\/en\\\/agences-grands-projets-transports-urbains-en\\\/les-extensions-de-la-ligne-3-du-tramway-a-marseille-en-bonnes-voies\\\/#primaryimage\"},\"thumbnailUrl\":\"https:\\\/\\\/www.etf.fr\\\/wp-content\\\/uploads\\\/2023\\\/04\\\/ETF-travaux-Marseille-5.jpg\",\"datePublished\":\"2023-04-24T09:17:56+00:00\",\"dateModified\":\"2025-09-26T09:48:53+00:00\",\"description\":\"Apr\u00e8s la pose du premier rail par la pr\u00e9sidente de la M\u00e9tropole Aix-Marseille-Provence, ETF se mobilise sur deux fonts de travaux !\u00a0\",\"breadcrumb\":{\"@id\":\"https:\\\/\\\/www.etf.fr\\\/en\\\/agences-grands-projets-transports-urbains-en\\\/les-extensions-de-la-ligne-3-du-tramway-a-marseille-en-bonnes-voies\\\/#breadcrumb\"},\"inLanguage\":\"en-US\",\"potentialAction\":[{\"@type\":\"ReadAction\",\"target\":[\"https:\\\/\\\/www.etf.fr\\\/en\\\/agences-grands-projets-transports-urbains-en\\\/les-extensions-de-la-ligne-3-du-tramway-a-marseille-en-bonnes-voies\\\/\"]}]},{\"@type\":\"ImageObject\",\"inLanguage\":\"en-US\",\"@id\":\"https:\\\/\\\/www.etf.fr\\\/en\\\/agences-grands-projets-transports-urbains-en\\\/les-extensions-de-la-ligne-3-du-tramway-a-marseille-en-bonnes-voies\\\/#primaryimage\",\"url\":\"https:\\\/\\\/www.etf.fr\\\/wp-content\\\/uploads\\\/2023\\\/04\\\/ETF-travaux-Marseille-5.jpg\",\"contentUrl\":\"https:\\\/\\\/www.etf.fr\\\/wp-content\\\/uploads\\\/2023\\\/04\\\/ETF-travaux-Marseille-5.jpg\",\"width\":2560,\"height\":2067},{\"@type\":\"BreadcrumbList\",\"@id\":\"https:\\\/\\\/www.etf.fr\\\/en\\\/agences-grands-projets-transports-urbains-en\\\/les-extensions-de-la-ligne-3-du-tramway-a-marseille-en-bonnes-voies\\\/#breadcrumb\",\"itemListElement\":[{\"@type\":\"ListItem\",\"position\":1,\"name\":\"Accueil\",\"item\":\"https:\\\/\\\/www.etf.fr\\\/en\\\/\"},{\"@type\":\"ListItem\",\"position\":2,\"name\":\"Extensions to tram line 3 in Marseille are well underway\"}]},{\"@type\":\"WebSite\",\"@id\":\"https:\\\/\\\/www.etf.fr\\\/#website\",\"url\":\"https:\\\/\\\/www.etf.fr\\\/\",\"name\":\"ETF\",\"description\":\"Your transport partner worldwide\",\"publisher\":{\"@id\":\"https:\\\/\\\/www.etf.fr\\\/#organization\"},\"potentialAction\":[{\"@type\":\"SearchAction\",\"target\":{\"@type\":\"EntryPoint\",\"urlTemplate\":\"https:\\\/\\\/www.etf.fr\\\/?s={search_term_string}\"},\"query-input\":{\"@type\":\"PropertyValueSpecification\",\"valueRequired\":true,\"valueName\":\"search_term_string\"}}],\"inLanguage\":\"en-US\"},{\"@type\":\"Organization\",\"@id\":\"https:\\\/\\\/www.etf.fr\\\/#organization\",\"name\":\"ETF\",\"url\":\"https:\\\/\\\/www.etf.fr\\\/\",\"logo\":{\"@type\":\"ImageObject\",\"inLanguage\":\"en-US\",\"@id\":\"https:\\\/\\\/www.etf.fr\\\/#\\\/schema\\\/logo\\\/image\\\/\",\"url\":\"https:\\\/\\\/www.etf.fr\\\/wp-content\\\/uploads\\\/2019\\\/03\\\/logo-ETF.png\",\"contentUrl\":\"https:\\\/\\\/www.etf.fr\\\/wp-content\\\/uploads\\\/2019\\\/03\\\/logo-ETF.png\",\"width\":272,\"height\":161,\"caption\":\"ETF\"},\"image\":{\"@id\":\"https:\\\/\\\/www.etf.fr\\\/#\\\/schema\\\/logo\\\/image\\\/\"}},{\"@type\":\"Person\",\"@id\":\"https:\\\/\\\/www.etf.fr\\\/#\\\/schema\\\/person\\\/161a2c149c1f701b263f97f54de35dbd\",\"name\":\"mathilde\",\"url\":\"https:\\\/\\\/www.etf.fr\\\/en\\\/author\\\/mathilde\\\/\"}]}<\/script>\n<!-- \/ Yoast SEO plugin. -->","yoast_head_json":{"title":"Extensions to tram line 3 in Marseille are well underway - ETF","description":"Apr\u00e8s la pose du premier rail par la pr\u00e9sidente de la M\u00e9tropole Aix-Marseille-Provence, ETF se mobilise sur deux fonts de travaux !\u00a0","robots":{"index":"index","follow":"follow","max-snippet":"max-snippet:-1","max-image-preview":"max-image-preview:large","max-video-preview":"max-video-preview:-1"},"canonical":"https:\/\/www.etf.fr\/en\/agences-grands-projets-transports-urbains-en\/les-extensions-de-la-ligne-3-du-tramway-a-marseille-en-bonnes-voies\/","og_locale":"en_US","og_type":"article","og_title":"Extensions to tram line 3 in Marseille are well underway - ETF","og_description":"Apr\u00e8s la pose du premier rail par la pr\u00e9sidente de la M\u00e9tropole Aix-Marseille-Provence, ETF se mobilise sur deux fonts de travaux !\u00a0","og_url":"https:\/\/www.etf.fr\/en\/agences-grands-projets-transports-urbains-en\/les-extensions-de-la-ligne-3-du-tramway-a-marseille-en-bonnes-voies\/","og_site_name":"ETF","article_published_time":"2023-04-24T09:17:56+00:00","article_modified_time":"2025-09-26T09:48:53+00:00","og_image":[{"width":2560,"height":2067,"url":"https:\/\/www.etf.fr\/wp-content\/uploads\/2023\/04\/ETF-travaux-Marseille-5.jpg","type":"image\/jpeg"}],"author":"mathilde","twitter_card":"summary_large_image","twitter_misc":{"Written by":"mathilde","Est. reading time":"2 minutes"},"schema":{"@context":"https:\/\/schema.org","@graph":[{"@type":"Article","@id":"https:\/\/www.etf.fr\/en\/agences-grands-projets-transports-urbains-en\/les-extensions-de-la-ligne-3-du-tramway-a-marseille-en-bonnes-voies\/#article","isPartOf":{"@id":"https:\/\/www.etf.fr\/en\/agences-grands-projets-transports-urbains-en\/les-extensions-de-la-ligne-3-du-tramway-a-marseille-en-bonnes-voies\/"},"author":{"name":"mathilde","@id":"https:\/\/www.etf.fr\/#\/schema\/person\/161a2c149c1f701b263f97f54de35dbd"},"headline":"Extensions to tram line 3 in Marseille are well underway","datePublished":"2023-04-24T09:17:56+00:00","dateModified":"2025-09-26T09:48:53+00:00","mainEntityOfPage":{"@id":"https:\/\/www.etf.fr\/en\/agences-grands-projets-transports-urbains-en\/les-extensions-de-la-ligne-3-du-tramway-a-marseille-en-bonnes-voies\/"},"wordCount":220,"publisher":{"@id":"https:\/\/www.etf.fr\/#organization"},"image":{"@id":"https:\/\/www.etf.fr\/en\/agences-grands-projets-transports-urbains-en\/les-extensions-de-la-ligne-3-du-tramway-a-marseille-en-bonnes-voies\/#primaryimage"},"thumbnailUrl":"https:\/\/www.etf.fr\/wp-content\/uploads\/2023\/04\/ETF-travaux-Marseille-5.jpg","articleSection":["Agences Grands Projets Urbains"],"inLanguage":"en-US"},{"@type":"WebPage","@id":"https:\/\/www.etf.fr\/en\/agences-grands-projets-transports-urbains-en\/les-extensions-de-la-ligne-3-du-tramway-a-marseille-en-bonnes-voies\/","url":"https:\/\/www.etf.fr\/en\/agences-grands-projets-transports-urbains-en\/les-extensions-de-la-ligne-3-du-tramway-a-marseille-en-bonnes-voies\/","name":"Extensions to tram line 3 in Marseille are well underway - ETF","isPartOf":{"@id":"https:\/\/www.etf.fr\/#website"},"primaryImageOfPage":{"@id":"https:\/\/www.etf.fr\/en\/agences-grands-projets-transports-urbains-en\/les-extensions-de-la-ligne-3-du-tramway-a-marseille-en-bonnes-voies\/#primaryimage"},"image":{"@id":"https:\/\/www.etf.fr\/en\/agences-grands-projets-transports-urbains-en\/les-extensions-de-la-ligne-3-du-tramway-a-marseille-en-bonnes-voies\/#primaryimage"},"thumbnailUrl":"https:\/\/www.etf.fr\/wp-content\/uploads\/2023\/04\/ETF-travaux-Marseille-5.jpg","datePublished":"2023-04-24T09:17:56+00:00","dateModified":"2025-09-26T09:48:53+00:00","description":"Apr\u00e8s la pose du premier rail par la pr\u00e9sidente de la M\u00e9tropole Aix-Marseille-Provence, ETF se mobilise sur deux fonts de travaux !\u00a0","breadcrumb":{"@id":"https:\/\/www.etf.fr\/en\/agences-grands-projets-transports-urbains-en\/les-extensions-de-la-ligne-3-du-tramway-a-marseille-en-bonnes-voies\/#breadcrumb"},"inLanguage":"en-US","potentialAction":[{"@type":"ReadAction","target":["https:\/\/www.etf.fr\/en\/agences-grands-projets-transports-urbains-en\/les-extensions-de-la-ligne-3-du-tramway-a-marseille-en-bonnes-voies\/"]}]},{"@type":"ImageObject","inLanguage":"en-US","@id":"https:\/\/www.etf.fr\/en\/agences-grands-projets-transports-urbains-en\/les-extensions-de-la-ligne-3-du-tramway-a-marseille-en-bonnes-voies\/#primaryimage","url":"https:\/\/www.etf.fr\/wp-content\/uploads\/2023\/04\/ETF-travaux-Marseille-5.jpg","contentUrl":"https:\/\/www.etf.fr\/wp-content\/uploads\/2023\/04\/ETF-travaux-Marseille-5.jpg","width":2560,"height":2067},{"@type":"BreadcrumbList","@id":"https:\/\/www.etf.fr\/en\/agences-grands-projets-transports-urbains-en\/les-extensions-de-la-ligne-3-du-tramway-a-marseille-en-bonnes-voies\/#breadcrumb","itemListElement":[{"@type":"ListItem","position":1,"name":"Accueil","item":"https:\/\/www.etf.fr\/en\/"},{"@type":"ListItem","position":2,"name":"Extensions to tram line 3 in Marseille are well underway"}]},{"@type":"WebSite","@id":"https:\/\/www.etf.fr\/#website","url":"https:\/\/www.etf.fr\/","name":"ETF","description":"Your transport partner worldwide","publisher":{"@id":"https:\/\/www.etf.fr\/#organization"},"potentialAction":[{"@type":"SearchAction","target":{"@type":"EntryPoint","urlTemplate":"https:\/\/www.etf.fr\/?s={search_term_string}"},"query-input":{"@type":"PropertyValueSpecification","valueRequired":true,"valueName":"search_term_string"}}],"inLanguage":"en-US"},{"@type":"Organization","@id":"https:\/\/www.etf.fr\/#organization","name":"ETF","url":"https:\/\/www.etf.fr\/","logo":{"@type":"ImageObject","inLanguage":"en-US","@id":"https:\/\/www.etf.fr\/#\/schema\/logo\/image\/","url":"https:\/\/www.etf.fr\/wp-content\/uploads\/2019\/03\/logo-ETF.png","contentUrl":"https:\/\/www.etf.fr\/wp-content\/uploads\/2019\/03\/logo-ETF.png","width":272,"height":161,"caption":"ETF"},"image":{"@id":"https:\/\/www.etf.fr\/#\/schema\/logo\/image\/"}},{"@type":"Person","@id":"https:\/\/www.etf.fr\/#\/schema\/person\/161a2c149c1f701b263f97f54de35dbd","name":"mathilde","url":"https:\/\/www.etf.fr\/en\/author\/mathilde\/"}]}},"_links":{"self":[{"href":"https:\/\/www.etf.fr\/en\/wp-json\/wp\/v2\/posts\/12481551","targetHints":{"allow":["GET"]}}],"collection":[{"href":"https:\/\/www.etf.fr\/en\/wp-json\/wp\/v2\/posts"}],"about":[{"href":"https:\/\/www.etf.fr\/en\/wp-json\/wp\/v2\/types\/post"}],"author":[{"embeddable":true,"href":"https:\/\/www.etf.fr\/en\/wp-json\/wp\/v2\/users\/5"}],"replies":[{"embeddable":true,"href":"https:\/\/www.etf.fr\/en\/wp-json\/wp\/v2\/comments?post=12481551"}],"version-history":[{"count":1,"href":"https:\/\/www.etf.fr\/en\/wp-json\/wp\/v2\/posts\/12481551\/revisions"}],"predecessor-version":[{"id":12481553,"href":"https:\/\/www.etf.fr\/en\/wp-json\/wp\/v2\/posts\/12481551\/revisions\/12481553"}],"wp:featuredmedia":[{"embeddable":true,"href":"https:\/\/www.etf.fr\/en\/wp-json\/wp\/v2\/media\/84736"}],"wp:attachment":[{"href":"https:\/\/www.etf.fr\/en\/wp-json\/wp\/v2\/media?parent=12481551"}],"wp:term":[{"taxonomy":"category","embeddable":true,"href":"https:\/\/www.etf.fr\/en\/wp-json\/wp\/v2\/categories?post=12481551"},{"taxonomy":"post_tag","embeddable":true,"href":"https:\/\/www.etf.fr\/en\/wp-json\/wp\/v2\/tags?post=12481551"}],"curies":[{"name":"wp","href":"https:\/\/api.w.org\/{rel}","templated":true}]}}