{"id":12481555,"date":"2023-04-19T15:15:00","date_gmt":"2023-04-19T13:15:00","guid":{"rendered":"https:\/\/www.etf.fr\/uncategorized\/etf-se-mobilise-pour-le-climat-avec-latelier-la-fresque-du-climat\/"},"modified":"2025-09-26T11:50:41","modified_gmt":"2025-09-26T09:50:41","slug":"etf-se-mobilise-pour-le-climat-avec-latelier-la-fresque-du-climat","status":"publish","type":"post","link":"https:\/\/www.etf.fr\/en\/agence-travaux-en\/etf-se-mobilise-pour-le-climat-avec-latelier-la-fresque-du-climat\/","title":{"rendered":"ETF takes action for the climate through the \u2018La Fresque du Climat\u2019 workshop"},"content":{"rendered":"\n<p><strong><strong>ETF is committed to raising awareness about climate change with its very first \u2018La Fresque du Climat\u2019 workshop, launched by the Equipment Maintenance Agency on 31 March.<\/strong><\/strong><\/p>\n\n\n\n<div class=\"wp-block-columns is-layout-flex wp-container-core-columns-is-layout-9d6595d7 wp-block-columns-is-layout-flex\">\n<div class=\"wp-block-column is-layout-flow wp-block-column-is-layout-flow\">\n<h3 class=\"wp-block-heading\"><strong>Environmental impact analysis: reflection and solutions<\/strong><\/h3>\n\n\n\n<p>Beyond its mission to raise awareness, \u2018La Fresque du Climat\u2019 enabled the agency team to conduct an in-depth analysis of its own environmental impact. This collective reflection paved the way for exploring concrete solutions to reduce our carbon footprint.<\/p>\n\n\n\n<h3 class=\"wp-block-heading\"><strong>Engaging our employees in a common goal<\/strong><\/h3>\n\n\n\n<p>This initiative has enabled us to involve our employees more closely in our ambitious goal of carbon neutrality at ETF and within the VINCI Group. Their commitment and involvement are essential to achieving this goal, together!<\/p>\n\n\n\n<p><\/p>\n<\/div>\n\n\n\n<div class=\"wp-block-column is-layout-flow wp-block-column-is-layout-flow\">\n<figure class=\"wp-block-gallery has-nested-images columns-default is-cropped wp-block-gallery-1 is-layout-flex wp-block-gallery-is-layout-flex\">\n<figure class=\"wp-block-image size-large\"><img loading=\"lazy\" decoding=\"async\" width=\"713\" height=\"535\" data-id=\"113094\" src=\"https:\/\/www.etf.fr\/wp-content\/uploads\/2023\/12\/IMG-20230412-WA0000-713x535.jpg\" alt=\"\" class=\"wp-image-113094\" srcset=\"https:\/\/www.etf.fr\/wp-content\/uploads\/2023\/12\/IMG-20230412-WA0000-713x535.jpg 713w, https:\/\/www.etf.fr\/wp-content\/uploads\/2023\/12\/IMG-20230412-WA0000-250x188.jpg 250w, https:\/\/www.etf.fr\/wp-content\/uploads\/2023\/12\/IMG-20230412-WA0000-527x395.jpg 527w, https:\/\/www.etf.fr\/wp-content\/uploads\/2023\/12\/IMG-20230412-WA0000-1536x1152.jpg 1536w, https:\/\/www.etf.fr\/wp-content\/uploads\/2023\/12\/IMG-20230412-WA0000.jpg 2048w\" sizes=\"auto, (max-width: 713px) 100vw, 713px\" \/><\/figure>\n\n\n\n<figure class=\"wp-block-image size-large\"><img loading=\"lazy\" decoding=\"async\" width=\"713\" height=\"535\" data-id=\"113102\" src=\"https:\/\/www.etf.fr\/wp-content\/uploads\/2023\/12\/IMG-20230412-WA0001-713x535.jpg\" alt=\"\" class=\"wp-image-113102\" srcset=\"https:\/\/www.etf.fr\/wp-content\/uploads\/2023\/12\/IMG-20230412-WA0001-713x535.jpg 713w, https:\/\/www.etf.fr\/wp-content\/uploads\/2023\/12\/IMG-20230412-WA0001-250x188.jpg 250w, https:\/\/www.etf.fr\/wp-content\/uploads\/2023\/12\/IMG-20230412-WA0001-527x395.jpg 527w, https:\/\/www.etf.fr\/wp-content\/uploads\/2023\/12\/IMG-20230412-WA0001-1536x1152.jpg 1536w, https:\/\/www.etf.fr\/wp-content\/uploads\/2023\/12\/IMG-20230412-WA0001.jpg 2048w\" sizes=\"auto, (max-width: 713px) 100vw, 713px\" \/><\/figure>\n\n\n\n<figure class=\"wp-block-image size-large\"><img loading=\"lazy\" decoding=\"async\" width=\"713\" height=\"535\" data-id=\"113106\" src=\"https:\/\/www.etf.fr\/wp-content\/uploads\/2023\/12\/IMG-20230412-WA0003-713x535.jpg\" alt=\"\" class=\"wp-image-113106\" srcset=\"https:\/\/www.etf.fr\/wp-content\/uploads\/2023\/12\/IMG-20230412-WA0003-713x535.jpg 713w, https:\/\/www.etf.fr\/wp-content\/uploads\/2023\/12\/IMG-20230412-WA0003-250x188.jpg 250w, https:\/\/www.etf.fr\/wp-content\/uploads\/2023\/12\/IMG-20230412-WA0003-527x395.jpg 527w, https:\/\/www.etf.fr\/wp-content\/uploads\/2023\/12\/IMG-20230412-WA0003-1536x1152.jpg 1536w, https:\/\/www.etf.fr\/wp-content\/uploads\/2023\/12\/IMG-20230412-WA0003.jpg 2048w\" sizes=\"auto, (max-width: 713px) 100vw, 713px\" \/><\/figure>\n\n\n\n<figure class=\"wp-block-image size-large\"><img loading=\"lazy\" decoding=\"async\" width=\"713\" height=\"535\" data-id=\"113104\" src=\"https:\/\/www.etf.fr\/wp-content\/uploads\/2023\/12\/IMG_20230403_095422-713x535.jpg\" alt=\"\" class=\"wp-image-113104\" srcset=\"https:\/\/www.etf.fr\/wp-content\/uploads\/2023\/12\/IMG_20230403_095422-713x535.jpg 713w, https:\/\/www.etf.fr\/wp-content\/uploads\/2023\/12\/IMG_20230403_095422-250x188.jpg 250w, https:\/\/www.etf.fr\/wp-content\/uploads\/2023\/12\/IMG_20230403_095422-527x395.jpg 527w, https:\/\/www.etf.fr\/wp-content\/uploads\/2023\/12\/IMG_20230403_095422.jpg 1024w\" sizes=\"auto, (max-width: 713px) 100vw, 713px\" \/><\/figure>\n\n\n\n<figure class=\"wp-block-image size-large\"><img loading=\"lazy\" decoding=\"async\" width=\"401\" height=\"535\" data-id=\"113098\" src=\"https:\/\/www.etf.fr\/wp-content\/uploads\/2023\/12\/IMG_20230403_095420-401x535.jpg\" alt=\"\" class=\"wp-image-113098\" srcset=\"https:\/\/www.etf.fr\/wp-content\/uploads\/2023\/12\/IMG_20230403_095420-401x535.jpg 401w, https:\/\/www.etf.fr\/wp-content\/uploads\/2023\/12\/IMG_20230403_095420-188x250.jpg 188w, https:\/\/www.etf.fr\/wp-content\/uploads\/2023\/12\/IMG_20230403_095420-296x395.jpg 296w, https:\/\/www.etf.fr\/wp-content\/uploads\/2023\/12\/IMG_20230403_095420.jpg 768w\" sizes=\"auto, (max-width: 401px) 100vw, 401px\" \/><\/figure>\n\n\n\n<figure class=\"wp-block-image size-large\"><img loading=\"lazy\" decoding=\"async\" width=\"713\" height=\"535\" data-id=\"113096\" src=\"https:\/\/www.etf.fr\/wp-content\/uploads\/2023\/12\/IMG_20230403_095416-713x535.jpg\" alt=\"\" class=\"wp-image-113096\" srcset=\"https:\/\/www.etf.fr\/wp-content\/uploads\/2023\/12\/IMG_20230403_095416-713x535.jpg 713w, https:\/\/www.etf.fr\/wp-content\/uploads\/2023\/12\/IMG_20230403_095416-250x188.jpg 250w, https:\/\/www.etf.fr\/wp-content\/uploads\/2023\/12\/IMG_20230403_095416-527x395.jpg 527w, https:\/\/www.etf.fr\/wp-content\/uploads\/2023\/12\/IMG_20230403_095416.jpg 1024w\" sizes=\"auto, (max-width: 713px) 100vw, 713px\" \/><\/figure>\n<\/figure>\n\n\n\n<p><\/p>\n<\/div>\n<\/div>\n","protected":false},"excerpt":{"rendered":"<p>ETF tackles a technical challenge on the North-South extension project for metro line 14.<\/p>\n","protected":false},"author":239,"featured_media":113097,"comment_status":"closed","ping_status":"closed","sticky":false,"template":"","format":"standard","meta":{"_acf_changed":false,"footnotes":""},"categories":[198,191],"tags":[],"class_list":["post-12481555","post","type-post","status-publish","format-standard","has-post-thumbnail","hentry","category-agence-travaux-en","category-actualites-en"],"acf":[],"yoast_head":"<!-- This site is optimized with the Yoast SEO plugin v27.5 - https:\/\/yoast.com\/product\/yoast-seo-wordpress\/ -->\n<title>ETF se mobilise pour le climat avec l&#039;atelier &quot;La Fresque du Climat&quot;<\/title>\n<meta name=\"description\" content=\"L&#039;Agence Maintenance Mat\u00e9riel d&#039;ETF a particip\u00e9 \u00e0 un atelier de sensibilisation au changement climatique\" \/>\n<meta name=\"robots\" content=\"index, follow, max-snippet:-1, max-image-preview:large, max-video-preview:-1\" \/>\n<link rel=\"canonical\" href=\"https:\/\/www.etf.fr\/en\/agence-travaux-en\/etf-se-mobilise-pour-le-climat-avec-latelier-la-fresque-du-climat\/\" \/>\n<meta property=\"og:locale\" content=\"en_US\" \/>\n<meta property=\"og:type\" content=\"article\" \/>\n<meta property=\"og:title\" content=\"ETF se mobilise pour le climat avec l&#039;atelier &quot;La Fresque du Climat&quot;\" \/>\n<meta property=\"og:description\" content=\"L&#039;Agence Maintenance Mat\u00e9riel d&#039;ETF a particip\u00e9 \u00e0 un atelier de sensibilisation au changement climatique\" \/>\n<meta property=\"og:url\" content=\"https:\/\/www.etf.fr\/en\/agence-travaux-en\/etf-se-mobilise-pour-le-climat-avec-latelier-la-fresque-du-climat\/\" \/>\n<meta property=\"og:site_name\" content=\"ETF\" \/>\n<meta property=\"article:published_time\" content=\"2023-04-19T13:15:00+00:00\" \/>\n<meta property=\"article:modified_time\" content=\"2025-09-26T09:50:41+00:00\" \/>\n<meta property=\"og:image\" content=\"https:\/\/www.etf.fr\/wp-content\/uploads\/2023\/12\/IMG_20230403_095416.jpg\" \/>\n\t<meta property=\"og:image:width\" content=\"1024\" \/>\n\t<meta property=\"og:image:height\" content=\"768\" \/>\n\t<meta property=\"og:image:type\" content=\"image\/jpeg\" \/>\n<meta name=\"author\" content=\"chloe\" \/>\n<meta name=\"twitter:card\" content=\"summary_large_image\" \/>\n<meta name=\"twitter:label1\" content=\"Written by\" \/>\n\t<meta name=\"twitter:data1\" content=\"chloe\" \/>\n\t<meta name=\"twitter:label2\" content=\"Est. reading time\" \/>\n\t<meta name=\"twitter:data2\" content=\"2 minutes\" \/>\n<script type=\"application\/ld+json\" class=\"yoast-schema-graph\">{\"@context\":\"https:\\\/\\\/schema.org\",\"@graph\":[{\"@type\":\"Article\",\"@id\":\"https:\\\/\\\/www.etf.fr\\\/en\\\/agence-travaux-en\\\/etf-se-mobilise-pour-le-climat-avec-latelier-la-fresque-du-climat\\\/#article\",\"isPartOf\":{\"@id\":\"https:\\\/\\\/www.etf.fr\\\/en\\\/agence-travaux-en\\\/etf-se-mobilise-pour-le-climat-avec-latelier-la-fresque-du-climat\\\/\"},\"author\":{\"name\":\"chloe\",\"@id\":\"https:\\\/\\\/www.etf.fr\\\/#\\\/schema\\\/person\\\/b20334e710830573c2a3ba4ab9b7d679\"},\"headline\":\"ETF takes action for the climate through the \u2018La Fresque du Climat\u2019 workshop\",\"datePublished\":\"2023-04-19T13:15:00+00:00\",\"dateModified\":\"2025-09-26T09:50:41+00:00\",\"mainEntityOfPage\":{\"@id\":\"https:\\\/\\\/www.etf.fr\\\/en\\\/agence-travaux-en\\\/etf-se-mobilise-pour-le-climat-avec-latelier-la-fresque-du-climat\\\/\"},\"wordCount\":127,\"publisher\":{\"@id\":\"https:\\\/\\\/www.etf.fr\\\/#organization\"},\"image\":{\"@id\":\"https:\\\/\\\/www.etf.fr\\\/en\\\/agence-travaux-en\\\/etf-se-mobilise-pour-le-climat-avec-latelier-la-fresque-du-climat\\\/#primaryimage\"},\"thumbnailUrl\":\"https:\\\/\\\/www.etf.fr\\\/wp-content\\\/uploads\\\/2023\\\/12\\\/IMG_20230403_095416.jpg\",\"articleSection\":[\"Agence Travaux M\u00e9canis\u00e9s\",\"Actualit\u00e9s\"],\"inLanguage\":\"en-US\"},{\"@type\":\"WebPage\",\"@id\":\"https:\\\/\\\/www.etf.fr\\\/en\\\/agence-travaux-en\\\/etf-se-mobilise-pour-le-climat-avec-latelier-la-fresque-du-climat\\\/\",\"url\":\"https:\\\/\\\/www.etf.fr\\\/en\\\/agence-travaux-en\\\/etf-se-mobilise-pour-le-climat-avec-latelier-la-fresque-du-climat\\\/\",\"name\":\"ETF se mobilise pour le climat avec l'atelier \\\"La Fresque du Climat\\\"\",\"isPartOf\":{\"@id\":\"https:\\\/\\\/www.etf.fr\\\/#website\"},\"primaryImageOfPage\":{\"@id\":\"https:\\\/\\\/www.etf.fr\\\/en\\\/agence-travaux-en\\\/etf-se-mobilise-pour-le-climat-avec-latelier-la-fresque-du-climat\\\/#primaryimage\"},\"image\":{\"@id\":\"https:\\\/\\\/www.etf.fr\\\/en\\\/agence-travaux-en\\\/etf-se-mobilise-pour-le-climat-avec-latelier-la-fresque-du-climat\\\/#primaryimage\"},\"thumbnailUrl\":\"https:\\\/\\\/www.etf.fr\\\/wp-content\\\/uploads\\\/2023\\\/12\\\/IMG_20230403_095416.jpg\",\"datePublished\":\"2023-04-19T13:15:00+00:00\",\"dateModified\":\"2025-09-26T09:50:41+00:00\",\"description\":\"L'Agence Maintenance Mat\u00e9riel d'ETF a particip\u00e9 \u00e0 un atelier de sensibilisation au changement climatique\",\"breadcrumb\":{\"@id\":\"https:\\\/\\\/www.etf.fr\\\/en\\\/agence-travaux-en\\\/etf-se-mobilise-pour-le-climat-avec-latelier-la-fresque-du-climat\\\/#breadcrumb\"},\"inLanguage\":\"en-US\",\"potentialAction\":[{\"@type\":\"ReadAction\",\"target\":[\"https:\\\/\\\/www.etf.fr\\\/en\\\/agence-travaux-en\\\/etf-se-mobilise-pour-le-climat-avec-latelier-la-fresque-du-climat\\\/\"]}]},{\"@type\":\"ImageObject\",\"inLanguage\":\"en-US\",\"@id\":\"https:\\\/\\\/www.etf.fr\\\/en\\\/agence-travaux-en\\\/etf-se-mobilise-pour-le-climat-avec-latelier-la-fresque-du-climat\\\/#primaryimage\",\"url\":\"https:\\\/\\\/www.etf.fr\\\/wp-content\\\/uploads\\\/2023\\\/12\\\/IMG_20230403_095416.jpg\",\"contentUrl\":\"https:\\\/\\\/www.etf.fr\\\/wp-content\\\/uploads\\\/2023\\\/12\\\/IMG_20230403_095416.jpg\",\"width\":1024,\"height\":768},{\"@type\":\"BreadcrumbList\",\"@id\":\"https:\\\/\\\/www.etf.fr\\\/en\\\/agence-travaux-en\\\/etf-se-mobilise-pour-le-climat-avec-latelier-la-fresque-du-climat\\\/#breadcrumb\",\"itemListElement\":[{\"@type\":\"ListItem\",\"position\":1,\"name\":\"Accueil\",\"item\":\"https:\\\/\\\/www.etf.fr\\\/en\\\/\"},{\"@type\":\"ListItem\",\"position\":2,\"name\":\"ETF takes action for the climate through the \u2018La Fresque du Climat\u2019 workshop\"}]},{\"@type\":\"WebSite\",\"@id\":\"https:\\\/\\\/www.etf.fr\\\/#website\",\"url\":\"https:\\\/\\\/www.etf.fr\\\/\",\"name\":\"ETF\",\"description\":\"Your transport partner worldwide\",\"publisher\":{\"@id\":\"https:\\\/\\\/www.etf.fr\\\/#organization\"},\"potentialAction\":[{\"@type\":\"SearchAction\",\"target\":{\"@type\":\"EntryPoint\",\"urlTemplate\":\"https:\\\/\\\/www.etf.fr\\\/?s={search_term_string}\"},\"query-input\":{\"@type\":\"PropertyValueSpecification\",\"valueRequired\":true,\"valueName\":\"search_term_string\"}}],\"inLanguage\":\"en-US\"},{\"@type\":\"Organization\",\"@id\":\"https:\\\/\\\/www.etf.fr\\\/#organization\",\"name\":\"ETF\",\"url\":\"https:\\\/\\\/www.etf.fr\\\/\",\"logo\":{\"@type\":\"ImageObject\",\"inLanguage\":\"en-US\",\"@id\":\"https:\\\/\\\/www.etf.fr\\\/#\\\/schema\\\/logo\\\/image\\\/\",\"url\":\"https:\\\/\\\/www.etf.fr\\\/wp-content\\\/uploads\\\/2019\\\/03\\\/logo-ETF.png\",\"contentUrl\":\"https:\\\/\\\/www.etf.fr\\\/wp-content\\\/uploads\\\/2019\\\/03\\\/logo-ETF.png\",\"width\":272,\"height\":161,\"caption\":\"ETF\"},\"image\":{\"@id\":\"https:\\\/\\\/www.etf.fr\\\/#\\\/schema\\\/logo\\\/image\\\/\"}},{\"@type\":\"Person\",\"@id\":\"https:\\\/\\\/www.etf.fr\\\/#\\\/schema\\\/person\\\/b20334e710830573c2a3ba4ab9b7d679\",\"name\":\"chloe\",\"url\":\"https:\\\/\\\/www.etf.fr\\\/en\\\/author\\\/chloe\\\/\"}]}<\/script>\n<!-- \/ Yoast SEO plugin. -->","yoast_head_json":{"title":"ETF se mobilise pour le climat avec l'atelier \"La Fresque du Climat\"","description":"L'Agence Maintenance Mat\u00e9riel d'ETF a particip\u00e9 \u00e0 un atelier de sensibilisation au changement climatique","robots":{"index":"index","follow":"follow","max-snippet":"max-snippet:-1","max-image-preview":"max-image-preview:large","max-video-preview":"max-video-preview:-1"},"canonical":"https:\/\/www.etf.fr\/en\/agence-travaux-en\/etf-se-mobilise-pour-le-climat-avec-latelier-la-fresque-du-climat\/","og_locale":"en_US","og_type":"article","og_title":"ETF se mobilise pour le climat avec l'atelier \"La Fresque du Climat\"","og_description":"L'Agence Maintenance Mat\u00e9riel d'ETF a particip\u00e9 \u00e0 un atelier de sensibilisation au changement climatique","og_url":"https:\/\/www.etf.fr\/en\/agence-travaux-en\/etf-se-mobilise-pour-le-climat-avec-latelier-la-fresque-du-climat\/","og_site_name":"ETF","article_published_time":"2023-04-19T13:15:00+00:00","article_modified_time":"2025-09-26T09:50:41+00:00","og_image":[{"width":1024,"height":768,"url":"https:\/\/www.etf.fr\/wp-content\/uploads\/2023\/12\/IMG_20230403_095416.jpg","type":"image\/jpeg"}],"author":"chloe","twitter_card":"summary_large_image","twitter_misc":{"Written by":"chloe","Est. reading time":"2 minutes"},"schema":{"@context":"https:\/\/schema.org","@graph":[{"@type":"Article","@id":"https:\/\/www.etf.fr\/en\/agence-travaux-en\/etf-se-mobilise-pour-le-climat-avec-latelier-la-fresque-du-climat\/#article","isPartOf":{"@id":"https:\/\/www.etf.fr\/en\/agence-travaux-en\/etf-se-mobilise-pour-le-climat-avec-latelier-la-fresque-du-climat\/"},"author":{"name":"chloe","@id":"https:\/\/www.etf.fr\/#\/schema\/person\/b20334e710830573c2a3ba4ab9b7d679"},"headline":"ETF takes action for the climate through the \u2018La Fresque du Climat\u2019 workshop","datePublished":"2023-04-19T13:15:00+00:00","dateModified":"2025-09-26T09:50:41+00:00","mainEntityOfPage":{"@id":"https:\/\/www.etf.fr\/en\/agence-travaux-en\/etf-se-mobilise-pour-le-climat-avec-latelier-la-fresque-du-climat\/"},"wordCount":127,"publisher":{"@id":"https:\/\/www.etf.fr\/#organization"},"image":{"@id":"https:\/\/www.etf.fr\/en\/agence-travaux-en\/etf-se-mobilise-pour-le-climat-avec-latelier-la-fresque-du-climat\/#primaryimage"},"thumbnailUrl":"https:\/\/www.etf.fr\/wp-content\/uploads\/2023\/12\/IMG_20230403_095416.jpg","articleSection":["Agence Travaux M\u00e9canis\u00e9s","Actualit\u00e9s"],"inLanguage":"en-US"},{"@type":"WebPage","@id":"https:\/\/www.etf.fr\/en\/agence-travaux-en\/etf-se-mobilise-pour-le-climat-avec-latelier-la-fresque-du-climat\/","url":"https:\/\/www.etf.fr\/en\/agence-travaux-en\/etf-se-mobilise-pour-le-climat-avec-latelier-la-fresque-du-climat\/","name":"ETF se mobilise pour le climat avec l'atelier \"La Fresque du Climat\"","isPartOf":{"@id":"https:\/\/www.etf.fr\/#website"},"primaryImageOfPage":{"@id":"https:\/\/www.etf.fr\/en\/agence-travaux-en\/etf-se-mobilise-pour-le-climat-avec-latelier-la-fresque-du-climat\/#primaryimage"},"image":{"@id":"https:\/\/www.etf.fr\/en\/agence-travaux-en\/etf-se-mobilise-pour-le-climat-avec-latelier-la-fresque-du-climat\/#primaryimage"},"thumbnailUrl":"https:\/\/www.etf.fr\/wp-content\/uploads\/2023\/12\/IMG_20230403_095416.jpg","datePublished":"2023-04-19T13:15:00+00:00","dateModified":"2025-09-26T09:50:41+00:00","description":"L'Agence Maintenance Mat\u00e9riel d'ETF a particip\u00e9 \u00e0 un atelier de sensibilisation au changement climatique","breadcrumb":{"@id":"https:\/\/www.etf.fr\/en\/agence-travaux-en\/etf-se-mobilise-pour-le-climat-avec-latelier-la-fresque-du-climat\/#breadcrumb"},"inLanguage":"en-US","potentialAction":[{"@type":"ReadAction","target":["https:\/\/www.etf.fr\/en\/agence-travaux-en\/etf-se-mobilise-pour-le-climat-avec-latelier-la-fresque-du-climat\/"]}]},{"@type":"ImageObject","inLanguage":"en-US","@id":"https:\/\/www.etf.fr\/en\/agence-travaux-en\/etf-se-mobilise-pour-le-climat-avec-latelier-la-fresque-du-climat\/#primaryimage","url":"https:\/\/www.etf.fr\/wp-content\/uploads\/2023\/12\/IMG_20230403_095416.jpg","contentUrl":"https:\/\/www.etf.fr\/wp-content\/uploads\/2023\/12\/IMG_20230403_095416.jpg","width":1024,"height":768},{"@type":"BreadcrumbList","@id":"https:\/\/www.etf.fr\/en\/agence-travaux-en\/etf-se-mobilise-pour-le-climat-avec-latelier-la-fresque-du-climat\/#breadcrumb","itemListElement":[{"@type":"ListItem","position":1,"name":"Accueil","item":"https:\/\/www.etf.fr\/en\/"},{"@type":"ListItem","position":2,"name":"ETF takes action for the climate through the \u2018La Fresque du Climat\u2019 workshop"}]},{"@type":"WebSite","@id":"https:\/\/www.etf.fr\/#website","url":"https:\/\/www.etf.fr\/","name":"ETF","description":"Your transport partner worldwide","publisher":{"@id":"https:\/\/www.etf.fr\/#organization"},"potentialAction":[{"@type":"SearchAction","target":{"@type":"EntryPoint","urlTemplate":"https:\/\/www.etf.fr\/?s={search_term_string}"},"query-input":{"@type":"PropertyValueSpecification","valueRequired":true,"valueName":"search_term_string"}}],"inLanguage":"en-US"},{"@type":"Organization","@id":"https:\/\/www.etf.fr\/#organization","name":"ETF","url":"https:\/\/www.etf.fr\/","logo":{"@type":"ImageObject","inLanguage":"en-US","@id":"https:\/\/www.etf.fr\/#\/schema\/logo\/image\/","url":"https:\/\/www.etf.fr\/wp-content\/uploads\/2019\/03\/logo-ETF.png","contentUrl":"https:\/\/www.etf.fr\/wp-content\/uploads\/2019\/03\/logo-ETF.png","width":272,"height":161,"caption":"ETF"},"image":{"@id":"https:\/\/www.etf.fr\/#\/schema\/logo\/image\/"}},{"@type":"Person","@id":"https:\/\/www.etf.fr\/#\/schema\/person\/b20334e710830573c2a3ba4ab9b7d679","name":"chloe","url":"https:\/\/www.etf.fr\/en\/author\/chloe\/"}]}},"_links":{"self":[{"href":"https:\/\/www.etf.fr\/en\/wp-json\/wp\/v2\/posts\/12481555","targetHints":{"allow":["GET"]}}],"collection":[{"href":"https:\/\/www.etf.fr\/en\/wp-json\/wp\/v2\/posts"}],"about":[{"href":"https:\/\/www.etf.fr\/en\/wp-json\/wp\/v2\/types\/post"}],"author":[{"embeddable":true,"href":"https:\/\/www.etf.fr\/en\/wp-json\/wp\/v2\/users\/239"}],"replies":[{"embeddable":true,"href":"https:\/\/www.etf.fr\/en\/wp-json\/wp\/v2\/comments?post=12481555"}],"version-history":[{"count":1,"href":"https:\/\/www.etf.fr\/en\/wp-json\/wp\/v2\/posts\/12481555\/revisions"}],"predecessor-version":[{"id":12481615,"href":"https:\/\/www.etf.fr\/en\/wp-json\/wp\/v2\/posts\/12481555\/revisions\/12481615"}],"wp:featuredmedia":[{"embeddable":true,"href":"https:\/\/www.etf.fr\/en\/wp-json\/wp\/v2\/media\/113097"}],"wp:attachment":[{"href":"https:\/\/www.etf.fr\/en\/wp-json\/wp\/v2\/media?parent=12481555"}],"wp:term":[{"taxonomy":"category","embeddable":true,"href":"https:\/\/www.etf.fr\/en\/wp-json\/wp\/v2\/categories?post=12481555"},{"taxonomy":"post_tag","embeddable":true,"href":"https:\/\/www.etf.fr\/en\/wp-json\/wp\/v2\/tags?post=12481555"}],"curies":[{"name":"wp","href":"https:\/\/api.w.org\/{rel}","templated":true}]}}