{"id":12481686,"date":"2023-03-14T11:52:35","date_gmt":"2023-03-14T10:52:35","guid":{"rendered":"https:\/\/www.etf.fr\/uncategorized\/la-formation-au-service-de-la-prevention\/"},"modified":"2025-09-26T12:01:19","modified_gmt":"2025-09-26T10:01:19","slug":"la-formation-au-service-de-la-prevention","status":"publish","type":"post","link":"https:\/\/www.etf.fr\/en\/agence-nord-en\/la-formation-au-service-de-la-prevention\/","title":{"rendered":"Training for prevention"},"content":{"rendered":"\n<p><\/p>\n\n\n\n<p>At ETF&#8217;s North agency, operational and management teams came together to participate in safety and environmental awareness training. Over two days, they attended five workshops combining fun games, role-playing and discussions. Organised between January and February 2023, a quieter period in terms of operational activity, these sessions brought together a total of nearly 160 employees.<\/p>\n\n\n\n<div style=\"height:35px\" aria-hidden=\"true\" class=\"wp-block-spacer\"><\/div>\n\n\n\n<div class=\"wp-block-columns is-layout-flex wp-container-core-columns-is-layout-9d6595d7 wp-block-columns-is-layout-flex\">\n<div class=\"wp-block-column is-layout-flow wp-block-column-is-layout-flow\" style=\"flex-basis:50%\">\n<h4 class=\"wp-block-heading has-vivid-red-color has-text-color\">Fire risk awareness workshop<\/h4>\n\n\n\n<p>The teams first attended a theoretical training session on fire risk and the first steps to take. Thanks to a mobile fire unit that recreated a fire outbreak, participants were then able to carry out a fire extinguishing exercise on a real fire.<\/p>\n\n\n\n<p>Beyond the professional context, this workshop also raised employees&#8217; awareness of the risks of domestic fires and taught them the correct actions to take.<\/p>\n\n\n\n<figure class=\"wp-block-gallery has-nested-images columns-default is-cropped wp-block-gallery-1 is-layout-flex wp-block-gallery-is-layout-flex\">\n<figure class=\"wp-block-image size-large is-style-default\"><a href=\"https:\/\/www.etf.fr\/wp-content\/uploads\/2023\/03\/Rouen-Incendie-1.jpeg\"><img loading=\"lazy\" decoding=\"async\" width=\"1134\" height=\"2016\" data-id=\"81753\" src=\"https:\/\/www.etf.fr\/wp-content\/uploads\/2023\/03\/Rouen-Incendie-1.jpeg\" alt=\"\" class=\"wp-image-81753\" srcset=\"https:\/\/www.etf.fr\/wp-content\/uploads\/2023\/03\/Rouen-Incendie-1.jpeg 1134w, https:\/\/www.etf.fr\/wp-content\/uploads\/2023\/03\/Rouen-Incendie-1-141x250.jpeg 141w, https:\/\/www.etf.fr\/wp-content\/uploads\/2023\/03\/Rouen-Incendie-1-301x535.jpeg 301w, https:\/\/www.etf.fr\/wp-content\/uploads\/2023\/03\/Rouen-Incendie-1-222x395.jpeg 222w, https:\/\/www.etf.fr\/wp-content\/uploads\/2023\/03\/Rouen-Incendie-1-864x1536.jpeg 864w\" sizes=\"auto, (max-width: 1134px) 100vw, 1134px\" \/><\/a><\/figure>\n\n\n\n<figure class=\"wp-block-image size-large is-style-default\"><a href=\"https:\/\/www.etf.fr\/wp-content\/uploads\/2023\/03\/Lens-Incendie-4.jpeg\"><img loading=\"lazy\" decoding=\"async\" width=\"2000\" height=\"900\" data-id=\"81749\" src=\"https:\/\/www.etf.fr\/wp-content\/uploads\/2023\/03\/Lens-Incendie-4.jpeg\" alt=\"\" class=\"wp-image-81749\" srcset=\"https:\/\/www.etf.fr\/wp-content\/uploads\/2023\/03\/Lens-Incendie-4.jpeg 2000w, https:\/\/www.etf.fr\/wp-content\/uploads\/2023\/03\/Lens-Incendie-4-250x113.jpeg 250w, https:\/\/www.etf.fr\/wp-content\/uploads\/2023\/03\/Lens-Incendie-4-1189x535.jpeg 1189w, https:\/\/www.etf.fr\/wp-content\/uploads\/2023\/03\/Lens-Incendie-4-800x360.jpeg 800w, https:\/\/www.etf.fr\/wp-content\/uploads\/2023\/03\/Lens-Incendie-4-1536x691.jpeg 1536w\" sizes=\"auto, (max-width: 2000px) 100vw, 2000px\" \/><\/a><\/figure>\n\n\n\n<figure class=\"wp-block-image size-large is-style-default\"><a href=\"https:\/\/www.etf.fr\/wp-content\/uploads\/2023\/03\/Lens-Incendie-1.jpeg\"><img loading=\"lazy\" decoding=\"async\" width=\"1200\" height=\"1600\" data-id=\"81746\" src=\"https:\/\/www.etf.fr\/wp-content\/uploads\/2023\/03\/Lens-Incendie-1.jpeg\" alt=\"\" class=\"wp-image-81746\" srcset=\"https:\/\/www.etf.fr\/wp-content\/uploads\/2023\/03\/Lens-Incendie-1.jpeg 1200w, https:\/\/www.etf.fr\/wp-content\/uploads\/2023\/03\/Lens-Incendie-1-188x250.jpeg 188w, https:\/\/www.etf.fr\/wp-content\/uploads\/2023\/03\/Lens-Incendie-1-401x535.jpeg 401w, https:\/\/www.etf.fr\/wp-content\/uploads\/2023\/03\/Lens-Incendie-1-296x395.jpeg 296w, https:\/\/www.etf.fr\/wp-content\/uploads\/2023\/03\/Lens-Incendie-1-1152x1536.jpeg 1152w\" sizes=\"auto, (max-width: 1200px) 100vw, 1200px\" \/><\/a><\/figure>\n<\/figure>\n\n\n\n<hr class=\"wp-block-separator has-alpha-channel-opacity\" \/>\n\n\n\n<h4 class=\"wp-block-heading has-vivid-red-color has-text-color\" id=\"atelier-de-sensibilisation-aux-tms-(troubles-musculo-squelettiques)-et-rps-(risques-psychosociaux)\"><strong>Workshop to raise awareness of MSDs<\/strong><em> (musculoskeletal disorders)<\/em><strong> and psychosocial risks<\/strong><em>(PSRs)<\/em><\/h4>\n\n\n\n<p>This workshop took the form of a board game in which two teams competed against each other on questions related to MSDs and PSRs. The answers and discussions helped participants correct their everyday movements and postures, thereby improving their quality of life at work, maintaining muscle tone and enabling better sleep and rest.<\/p>\n\n\n\n<figure class=\"wp-block-gallery has-nested-images columns-1 is-cropped wp-block-gallery-2 is-layout-flex wp-block-gallery-is-layout-flex\">\n<figure class=\"wp-block-image size-large is-style-default\"><a href=\"https:\/\/www.etf.fr\/wp-content\/uploads\/2023\/03\/Claye-TMS-3.jpeg\"><img loading=\"lazy\" decoding=\"async\" width=\"1600\" height=\"720\" data-id=\"81757\" src=\"https:\/\/www.etf.fr\/wp-content\/uploads\/2023\/03\/Claye-TMS-3.jpeg\" alt=\"\" class=\"wp-image-81757\" srcset=\"https:\/\/www.etf.fr\/wp-content\/uploads\/2023\/03\/Claye-TMS-3.jpeg 1600w, https:\/\/www.etf.fr\/wp-content\/uploads\/2023\/03\/Claye-TMS-3-250x113.jpeg 250w, https:\/\/www.etf.fr\/wp-content\/uploads\/2023\/03\/Claye-TMS-3-1189x535.jpeg 1189w, https:\/\/www.etf.fr\/wp-content\/uploads\/2023\/03\/Claye-TMS-3-800x360.jpeg 800w, https:\/\/www.etf.fr\/wp-content\/uploads\/2023\/03\/Claye-TMS-3-1536x691.jpeg 1536w\" sizes=\"auto, (max-width: 1600px) 100vw, 1600px\" \/><\/a><\/figure>\n\n\n\n<figure class=\"wp-block-image size-large is-style-default\"><a href=\"https:\/\/www.etf.fr\/wp-content\/uploads\/2023\/03\/Dunkerque-TMS-3.jpeg\"><img loading=\"lazy\" decoding=\"async\" width=\"1600\" height=\"720\" data-id=\"81759\" src=\"https:\/\/www.etf.fr\/wp-content\/uploads\/2023\/03\/Dunkerque-TMS-3.jpeg\" alt=\"\" class=\"wp-image-81759\" srcset=\"https:\/\/www.etf.fr\/wp-content\/uploads\/2023\/03\/Dunkerque-TMS-3.jpeg 1600w, https:\/\/www.etf.fr\/wp-content\/uploads\/2023\/03\/Dunkerque-TMS-3-250x113.jpeg 250w, https:\/\/www.etf.fr\/wp-content\/uploads\/2023\/03\/Dunkerque-TMS-3-1189x535.jpeg 1189w, https:\/\/www.etf.fr\/wp-content\/uploads\/2023\/03\/Dunkerque-TMS-3-800x360.jpeg 800w, https:\/\/www.etf.fr\/wp-content\/uploads\/2023\/03\/Dunkerque-TMS-3-1536x691.jpeg 1536w\" sizes=\"auto, (max-width: 1600px) 100vw, 1600px\" \/><\/a><\/figure>\n<\/figure>\n\n\n\n<hr class=\"wp-block-separator has-alpha-channel-opacity\" \/>\n\n\n\n<h4 class=\"wp-block-heading has-vivid-red-color has-text-color\" id=\"atelier-de-sensibilisation-\u00e0-la-consommation-de-substances-psychoactives\"><strong>Workshop to raise awareness about psychoactive substance use<\/strong><\/h4>\n\n\n\n<p>The aim of this workshop was to provide information about the types of psychoactive substances and their consequences. It was also an opportunity to remind participants that regular testing can be carried out.<\/p>\n\n\n\n<figure class=\"wp-block-gallery has-nested-images columns-1 is-cropped wp-block-gallery-3 is-layout-flex wp-block-gallery-is-layout-flex\">\n<figure class=\"wp-block-image size-large is-style-default\"><a href=\"https:\/\/www.etf.fr\/wp-content\/uploads\/2023\/03\/Dunkerque-PS-2.jpeg\"><img loading=\"lazy\" decoding=\"async\" width=\"1189\" height=\"535\" data-id=\"81771\" src=\"https:\/\/www.etf.fr\/wp-content\/uploads\/2023\/03\/Dunkerque-PS-2-1189x535.jpeg\" alt=\"\" class=\"wp-image-81771\" srcset=\"https:\/\/www.etf.fr\/wp-content\/uploads\/2023\/03\/Dunkerque-PS-2-1189x535.jpeg 1189w, https:\/\/www.etf.fr\/wp-content\/uploads\/2023\/03\/Dunkerque-PS-2-250x113.jpeg 250w, https:\/\/www.etf.fr\/wp-content\/uploads\/2023\/03\/Dunkerque-PS-2-800x360.jpeg 800w, https:\/\/www.etf.fr\/wp-content\/uploads\/2023\/03\/Dunkerque-PS-2-1536x691.jpeg 1536w, https:\/\/www.etf.fr\/wp-content\/uploads\/2023\/03\/Dunkerque-PS-2.jpeg 2000w\" sizes=\"auto, (max-width: 1189px) 100vw, 1189px\" \/><\/a><\/figure>\n\n\n\n<figure class=\"wp-block-image size-large is-style-default\"><a href=\"https:\/\/www.etf.fr\/wp-content\/uploads\/2023\/03\/Lens-PS-2.jpeg\"><img loading=\"lazy\" decoding=\"async\" width=\"1189\" height=\"535\" data-id=\"81770\" src=\"https:\/\/www.etf.fr\/wp-content\/uploads\/2023\/03\/Lens-PS-2-1189x535.jpeg\" alt=\"\" class=\"wp-image-81770\" srcset=\"https:\/\/www.etf.fr\/wp-content\/uploads\/2023\/03\/Lens-PS-2-1189x535.jpeg 1189w, https:\/\/www.etf.fr\/wp-content\/uploads\/2023\/03\/Lens-PS-2-250x113.jpeg 250w, https:\/\/www.etf.fr\/wp-content\/uploads\/2023\/03\/Lens-PS-2-800x360.jpeg 800w, https:\/\/www.etf.fr\/wp-content\/uploads\/2023\/03\/Lens-PS-2-1536x691.jpeg 1536w, https:\/\/www.etf.fr\/wp-content\/uploads\/2023\/03\/Lens-PS-2.jpeg 2000w\" sizes=\"auto, (max-width: 1189px) 100vw, 1189px\" \/><\/a><\/figure>\n<\/figure>\n<\/div>\n\n\n\n<div class=\"wp-block-column is-layout-flow wp-block-column-is-layout-flow\" style=\"flex-basis:50%\">\n<h4 class=\"wp-block-heading has-vivid-red-color has-text-color\">Eco-driving awareness workshop<\/h4>\n\n\n\n<p>Thanks to an eco-driving simulator, our employees were able to (re)learn the basics and benefits of smoother, more environmentally friendly driving. After completing one session driving as they normally would and a second session applying eco-driving rules, employees saw an average reduction of 1L\/100km<\/p>\n\n\n\n<p>Whether in their personal or professional lives, adopting this driving style reduces the risk of road accidents and saves on fuel costs.<\/p>\n\n\n\n<figure class=\"wp-block-gallery has-nested-images columns-default is-cropped wp-block-gallery-4 is-layout-flex wp-block-gallery-is-layout-flex\">\n<figure class=\"wp-block-image size-large is-style-default\"><a href=\"https:\/\/www.etf.fr\/wp-content\/uploads\/2023\/03\/Dunkerque-Ecoconduite-1.jpeg\"><img loading=\"lazy\" decoding=\"async\" width=\"2000\" height=\"900\" data-id=\"81761\" src=\"https:\/\/www.etf.fr\/wp-content\/uploads\/2023\/03\/Dunkerque-Ecoconduite-1.jpeg\" alt=\"\" class=\"wp-image-81761\" srcset=\"https:\/\/www.etf.fr\/wp-content\/uploads\/2023\/03\/Dunkerque-Ecoconduite-1.jpeg 2000w, https:\/\/www.etf.fr\/wp-content\/uploads\/2023\/03\/Dunkerque-Ecoconduite-1-250x113.jpeg 250w, https:\/\/www.etf.fr\/wp-content\/uploads\/2023\/03\/Dunkerque-Ecoconduite-1-1189x535.jpeg 1189w, https:\/\/www.etf.fr\/wp-content\/uploads\/2023\/03\/Dunkerque-Ecoconduite-1-800x360.jpeg 800w, https:\/\/www.etf.fr\/wp-content\/uploads\/2023\/03\/Dunkerque-Ecoconduite-1-1536x691.jpeg 1536w\" sizes=\"auto, (max-width: 2000px) 100vw, 2000px\" \/><\/a><\/figure>\n\n\n\n<figure class=\"wp-block-image size-large is-style-default\"><a href=\"https:\/\/www.etf.fr\/wp-content\/uploads\/2023\/03\/Rouen-Ecoconduite-3-1.jpeg\"><img loading=\"lazy\" decoding=\"async\" width=\"1134\" height=\"2016\" data-id=\"81764\" src=\"https:\/\/www.etf.fr\/wp-content\/uploads\/2023\/03\/Rouen-Ecoconduite-3-1.jpeg\" alt=\"\" class=\"wp-image-81764\" srcset=\"https:\/\/www.etf.fr\/wp-content\/uploads\/2023\/03\/Rouen-Ecoconduite-3-1.jpeg 1134w, https:\/\/www.etf.fr\/wp-content\/uploads\/2023\/03\/Rouen-Ecoconduite-3-1-141x250.jpeg 141w, https:\/\/www.etf.fr\/wp-content\/uploads\/2023\/03\/Rouen-Ecoconduite-3-1-301x535.jpeg 301w, https:\/\/www.etf.fr\/wp-content\/uploads\/2023\/03\/Rouen-Ecoconduite-3-1-222x395.jpeg 222w, https:\/\/www.etf.fr\/wp-content\/uploads\/2023\/03\/Rouen-Ecoconduite-3-1-864x1536.jpeg 864w\" sizes=\"auto, (max-width: 1134px) 100vw, 1134px\" \/><\/a><\/figure>\n<\/figure>\n\n\n\n<hr class=\"wp-block-separator has-alpha-channel-opacity\" \/>\n\n\n\n<h4 class=\"wp-block-heading has-vivid-red-color has-text-color\">Workshop to raise awareness of the correct use of PPE<\/h4>\n\n\n\n<p>PPE is mandatory on all our construction sites and back-end bases. Each specific task requires specific PPE. Teams took part in a quiz asking them to match the right protective equipment to the right task.<\/p>\n\n\n\n<figure class=\"wp-block-gallery has-nested-images columns-1 is-cropped wp-block-gallery-5 is-layout-flex wp-block-gallery-is-layout-flex\">\n<figure class=\"wp-block-image size-large is-style-default\"><a href=\"https:\/\/www.etf.fr\/wp-content\/uploads\/2023\/03\/Dunkerque-EPI-4.jpeg\"><img loading=\"lazy\" decoding=\"async\" width=\"2000\" height=\"900\" data-id=\"81768\" src=\"https:\/\/www.etf.fr\/wp-content\/uploads\/2023\/03\/Dunkerque-EPI-4.jpeg\" alt=\"\" class=\"wp-image-81768\" srcset=\"https:\/\/www.etf.fr\/wp-content\/uploads\/2023\/03\/Dunkerque-EPI-4.jpeg 2000w, https:\/\/www.etf.fr\/wp-content\/uploads\/2023\/03\/Dunkerque-EPI-4-250x113.jpeg 250w, https:\/\/www.etf.fr\/wp-content\/uploads\/2023\/03\/Dunkerque-EPI-4-1189x535.jpeg 1189w, https:\/\/www.etf.fr\/wp-content\/uploads\/2023\/03\/Dunkerque-EPI-4-800x360.jpeg 800w, https:\/\/www.etf.fr\/wp-content\/uploads\/2023\/03\/Dunkerque-EPI-4-1536x691.jpeg 1536w\" sizes=\"auto, (max-width: 2000px) 100vw, 2000px\" \/><\/a><\/figure>\n\n\n\n<figure class=\"wp-block-image size-large is-style-default\"><a href=\"https:\/\/www.etf.fr\/wp-content\/uploads\/2023\/03\/Lens-EPI-3.jpeg\"><img loading=\"lazy\" decoding=\"async\" width=\"2000\" height=\"900\" data-id=\"81766\" src=\"https:\/\/www.etf.fr\/wp-content\/uploads\/2023\/03\/Lens-EPI-3.jpeg\" alt=\"\" class=\"wp-image-81766\" srcset=\"https:\/\/www.etf.fr\/wp-content\/uploads\/2023\/03\/Lens-EPI-3.jpeg 2000w, https:\/\/www.etf.fr\/wp-content\/uploads\/2023\/03\/Lens-EPI-3-250x113.jpeg 250w, https:\/\/www.etf.fr\/wp-content\/uploads\/2023\/03\/Lens-EPI-3-1189x535.jpeg 1189w, https:\/\/www.etf.fr\/wp-content\/uploads\/2023\/03\/Lens-EPI-3-800x360.jpeg 800w, https:\/\/www.etf.fr\/wp-content\/uploads\/2023\/03\/Lens-EPI-3-1536x691.jpeg 1536w\" sizes=\"auto, (max-width: 2000px) 100vw, 2000px\" \/><\/a><\/figure>\n<\/figure>\n<\/div>\n<\/div>\n","protected":false},"excerpt":{"rendered":"<p>At ETF&#8217;s Northern Agency, operational and supervisory teams gathered to participate in safety and environmental awareness training.<\/p>\n","protected":false},"author":5,"featured_media":81750,"comment_status":"closed","ping_status":"closed","sticky":false,"template":"","format":"standard","meta":{"_acf_changed":false,"footnotes":""},"categories":[200],"tags":[],"class_list":["post-12481686","post","type-post","status-publish","format-standard","has-post-thumbnail","hentry","category-agence-nord-en"],"acf":[],"yoast_head":"<!-- This site is optimized with the Yoast SEO plugin v27.5 - https:\/\/yoast.com\/product\/yoast-seo-wordpress\/ -->\n<title>Training for prevention - ETF<\/title>\n<meta name=\"description\" content=\"Les \u00e9quipes d&#039;ETF se sont r\u00e9unies pour participer \u00e0 une formation de sensibilisation \u00e0 la s\u00e9curit\u00e9 et \u00e0 l\u2019environnement.\" \/>\n<meta name=\"robots\" content=\"index, follow, max-snippet:-1, max-image-preview:large, max-video-preview:-1\" \/>\n<link rel=\"canonical\" href=\"https:\/\/www.etf.fr\/en\/agence-nord-en\/la-formation-au-service-de-la-prevention\/\" \/>\n<meta property=\"og:locale\" content=\"en_US\" \/>\n<meta property=\"og:type\" content=\"article\" \/>\n<meta property=\"og:title\" content=\"Training for prevention - ETF\" \/>\n<meta property=\"og:description\" content=\"Les \u00e9quipes d&#039;ETF se sont r\u00e9unies pour participer \u00e0 une formation de sensibilisation \u00e0 la s\u00e9curit\u00e9 et \u00e0 l\u2019environnement.\" \/>\n<meta property=\"og:url\" content=\"https:\/\/www.etf.fr\/en\/agence-nord-en\/la-formation-au-service-de-la-prevention\/\" \/>\n<meta property=\"og:site_name\" content=\"ETF\" \/>\n<meta property=\"article:published_time\" content=\"2023-03-14T10:52:35+00:00\" \/>\n<meta property=\"article:modified_time\" content=\"2025-09-26T10:01:19+00:00\" \/>\n<meta property=\"og:image\" content=\"https:\/\/www.etf.fr\/wp-content\/uploads\/2023\/03\/Lens-Incendie-4.jpeg\" \/>\n\t<meta property=\"og:image:width\" content=\"2000\" \/>\n\t<meta property=\"og:image:height\" content=\"900\" \/>\n\t<meta property=\"og:image:type\" content=\"image\/jpeg\" \/>\n<meta name=\"author\" content=\"mathilde\" \/>\n<meta name=\"twitter:card\" content=\"summary_large_image\" \/>\n<meta name=\"twitter:label1\" content=\"Written by\" \/>\n\t<meta name=\"twitter:data1\" content=\"mathilde\" \/>\n\t<meta name=\"twitter:label2\" content=\"Est. reading time\" \/>\n\t<meta name=\"twitter:data2\" content=\"5 minutes\" \/>\n<script type=\"application\/ld+json\" class=\"yoast-schema-graph\">{\"@context\":\"https:\\\/\\\/schema.org\",\"@graph\":[{\"@type\":\"Article\",\"@id\":\"https:\\\/\\\/www.etf.fr\\\/en\\\/agence-nord-en\\\/la-formation-au-service-de-la-prevention\\\/#article\",\"isPartOf\":{\"@id\":\"https:\\\/\\\/www.etf.fr\\\/en\\\/agence-nord-en\\\/la-formation-au-service-de-la-prevention\\\/\"},\"author\":{\"name\":\"mathilde\",\"@id\":\"https:\\\/\\\/www.etf.fr\\\/#\\\/schema\\\/person\\\/161a2c149c1f701b263f97f54de35dbd\"},\"headline\":\"Training for prevention\",\"datePublished\":\"2023-03-14T10:52:35+00:00\",\"dateModified\":\"2025-09-26T10:01:19+00:00\",\"mainEntityOfPage\":{\"@id\":\"https:\\\/\\\/www.etf.fr\\\/en\\\/agence-nord-en\\\/la-formation-au-service-de-la-prevention\\\/\"},\"wordCount\":349,\"publisher\":{\"@id\":\"https:\\\/\\\/www.etf.fr\\\/#organization\"},\"image\":{\"@id\":\"https:\\\/\\\/www.etf.fr\\\/en\\\/agence-nord-en\\\/la-formation-au-service-de-la-prevention\\\/#primaryimage\"},\"thumbnailUrl\":\"https:\\\/\\\/www.etf.fr\\\/wp-content\\\/uploads\\\/2023\\\/03\\\/Lens-Incendie-4.jpeg\",\"articleSection\":[\"Agence Nord\"],\"inLanguage\":\"en-US\"},{\"@type\":\"WebPage\",\"@id\":\"https:\\\/\\\/www.etf.fr\\\/en\\\/agence-nord-en\\\/la-formation-au-service-de-la-prevention\\\/\",\"url\":\"https:\\\/\\\/www.etf.fr\\\/en\\\/agence-nord-en\\\/la-formation-au-service-de-la-prevention\\\/\",\"name\":\"Training for prevention - ETF\",\"isPartOf\":{\"@id\":\"https:\\\/\\\/www.etf.fr\\\/#website\"},\"primaryImageOfPage\":{\"@id\":\"https:\\\/\\\/www.etf.fr\\\/en\\\/agence-nord-en\\\/la-formation-au-service-de-la-prevention\\\/#primaryimage\"},\"image\":{\"@id\":\"https:\\\/\\\/www.etf.fr\\\/en\\\/agence-nord-en\\\/la-formation-au-service-de-la-prevention\\\/#primaryimage\"},\"thumbnailUrl\":\"https:\\\/\\\/www.etf.fr\\\/wp-content\\\/uploads\\\/2023\\\/03\\\/Lens-Incendie-4.jpeg\",\"datePublished\":\"2023-03-14T10:52:35+00:00\",\"dateModified\":\"2025-09-26T10:01:19+00:00\",\"description\":\"Les \u00e9quipes d'ETF se sont r\u00e9unies pour participer \u00e0 une formation de sensibilisation \u00e0 la s\u00e9curit\u00e9 et \u00e0 l\u2019environnement.\",\"breadcrumb\":{\"@id\":\"https:\\\/\\\/www.etf.fr\\\/en\\\/agence-nord-en\\\/la-formation-au-service-de-la-prevention\\\/#breadcrumb\"},\"inLanguage\":\"en-US\",\"potentialAction\":[{\"@type\":\"ReadAction\",\"target\":[\"https:\\\/\\\/www.etf.fr\\\/en\\\/agence-nord-en\\\/la-formation-au-service-de-la-prevention\\\/\"]}]},{\"@type\":\"ImageObject\",\"inLanguage\":\"en-US\",\"@id\":\"https:\\\/\\\/www.etf.fr\\\/en\\\/agence-nord-en\\\/la-formation-au-service-de-la-prevention\\\/#primaryimage\",\"url\":\"https:\\\/\\\/www.etf.fr\\\/wp-content\\\/uploads\\\/2023\\\/03\\\/Lens-Incendie-4.jpeg\",\"contentUrl\":\"https:\\\/\\\/www.etf.fr\\\/wp-content\\\/uploads\\\/2023\\\/03\\\/Lens-Incendie-4.jpeg\",\"width\":2000,\"height\":900},{\"@type\":\"BreadcrumbList\",\"@id\":\"https:\\\/\\\/www.etf.fr\\\/en\\\/agence-nord-en\\\/la-formation-au-service-de-la-prevention\\\/#breadcrumb\",\"itemListElement\":[{\"@type\":\"ListItem\",\"position\":1,\"name\":\"Accueil\",\"item\":\"https:\\\/\\\/www.etf.fr\\\/en\\\/\"},{\"@type\":\"ListItem\",\"position\":2,\"name\":\"Training for prevention\"}]},{\"@type\":\"WebSite\",\"@id\":\"https:\\\/\\\/www.etf.fr\\\/#website\",\"url\":\"https:\\\/\\\/www.etf.fr\\\/\",\"name\":\"ETF\",\"description\":\"Your transport partner worldwide\",\"publisher\":{\"@id\":\"https:\\\/\\\/www.etf.fr\\\/#organization\"},\"potentialAction\":[{\"@type\":\"SearchAction\",\"target\":{\"@type\":\"EntryPoint\",\"urlTemplate\":\"https:\\\/\\\/www.etf.fr\\\/?s={search_term_string}\"},\"query-input\":{\"@type\":\"PropertyValueSpecification\",\"valueRequired\":true,\"valueName\":\"search_term_string\"}}],\"inLanguage\":\"en-US\"},{\"@type\":\"Organization\",\"@id\":\"https:\\\/\\\/www.etf.fr\\\/#organization\",\"name\":\"ETF\",\"url\":\"https:\\\/\\\/www.etf.fr\\\/\",\"logo\":{\"@type\":\"ImageObject\",\"inLanguage\":\"en-US\",\"@id\":\"https:\\\/\\\/www.etf.fr\\\/#\\\/schema\\\/logo\\\/image\\\/\",\"url\":\"https:\\\/\\\/www.etf.fr\\\/wp-content\\\/uploads\\\/2019\\\/03\\\/logo-ETF.png\",\"contentUrl\":\"https:\\\/\\\/www.etf.fr\\\/wp-content\\\/uploads\\\/2019\\\/03\\\/logo-ETF.png\",\"width\":272,\"height\":161,\"caption\":\"ETF\"},\"image\":{\"@id\":\"https:\\\/\\\/www.etf.fr\\\/#\\\/schema\\\/logo\\\/image\\\/\"}},{\"@type\":\"Person\",\"@id\":\"https:\\\/\\\/www.etf.fr\\\/#\\\/schema\\\/person\\\/161a2c149c1f701b263f97f54de35dbd\",\"name\":\"mathilde\",\"url\":\"https:\\\/\\\/www.etf.fr\\\/en\\\/author\\\/mathilde\\\/\"}]}<\/script>\n<!-- \/ Yoast SEO plugin. -->","yoast_head_json":{"title":"Training for prevention - ETF","description":"Les \u00e9quipes d'ETF se sont r\u00e9unies pour participer \u00e0 une formation de sensibilisation \u00e0 la s\u00e9curit\u00e9 et \u00e0 l\u2019environnement.","robots":{"index":"index","follow":"follow","max-snippet":"max-snippet:-1","max-image-preview":"max-image-preview:large","max-video-preview":"max-video-preview:-1"},"canonical":"https:\/\/www.etf.fr\/en\/agence-nord-en\/la-formation-au-service-de-la-prevention\/","og_locale":"en_US","og_type":"article","og_title":"Training for prevention - ETF","og_description":"Les \u00e9quipes d'ETF se sont r\u00e9unies pour participer \u00e0 une formation de sensibilisation \u00e0 la s\u00e9curit\u00e9 et \u00e0 l\u2019environnement.","og_url":"https:\/\/www.etf.fr\/en\/agence-nord-en\/la-formation-au-service-de-la-prevention\/","og_site_name":"ETF","article_published_time":"2023-03-14T10:52:35+00:00","article_modified_time":"2025-09-26T10:01:19+00:00","og_image":[{"width":2000,"height":900,"url":"https:\/\/www.etf.fr\/wp-content\/uploads\/2023\/03\/Lens-Incendie-4.jpeg","type":"image\/jpeg"}],"author":"mathilde","twitter_card":"summary_large_image","twitter_misc":{"Written by":"mathilde","Est. reading time":"5 minutes"},"schema":{"@context":"https:\/\/schema.org","@graph":[{"@type":"Article","@id":"https:\/\/www.etf.fr\/en\/agence-nord-en\/la-formation-au-service-de-la-prevention\/#article","isPartOf":{"@id":"https:\/\/www.etf.fr\/en\/agence-nord-en\/la-formation-au-service-de-la-prevention\/"},"author":{"name":"mathilde","@id":"https:\/\/www.etf.fr\/#\/schema\/person\/161a2c149c1f701b263f97f54de35dbd"},"headline":"Training for prevention","datePublished":"2023-03-14T10:52:35+00:00","dateModified":"2025-09-26T10:01:19+00:00","mainEntityOfPage":{"@id":"https:\/\/www.etf.fr\/en\/agence-nord-en\/la-formation-au-service-de-la-prevention\/"},"wordCount":349,"publisher":{"@id":"https:\/\/www.etf.fr\/#organization"},"image":{"@id":"https:\/\/www.etf.fr\/en\/agence-nord-en\/la-formation-au-service-de-la-prevention\/#primaryimage"},"thumbnailUrl":"https:\/\/www.etf.fr\/wp-content\/uploads\/2023\/03\/Lens-Incendie-4.jpeg","articleSection":["Agence Nord"],"inLanguage":"en-US"},{"@type":"WebPage","@id":"https:\/\/www.etf.fr\/en\/agence-nord-en\/la-formation-au-service-de-la-prevention\/","url":"https:\/\/www.etf.fr\/en\/agence-nord-en\/la-formation-au-service-de-la-prevention\/","name":"Training for prevention - ETF","isPartOf":{"@id":"https:\/\/www.etf.fr\/#website"},"primaryImageOfPage":{"@id":"https:\/\/www.etf.fr\/en\/agence-nord-en\/la-formation-au-service-de-la-prevention\/#primaryimage"},"image":{"@id":"https:\/\/www.etf.fr\/en\/agence-nord-en\/la-formation-au-service-de-la-prevention\/#primaryimage"},"thumbnailUrl":"https:\/\/www.etf.fr\/wp-content\/uploads\/2023\/03\/Lens-Incendie-4.jpeg","datePublished":"2023-03-14T10:52:35+00:00","dateModified":"2025-09-26T10:01:19+00:00","description":"Les \u00e9quipes d'ETF se sont r\u00e9unies pour participer \u00e0 une formation de sensibilisation \u00e0 la s\u00e9curit\u00e9 et \u00e0 l\u2019environnement.","breadcrumb":{"@id":"https:\/\/www.etf.fr\/en\/agence-nord-en\/la-formation-au-service-de-la-prevention\/#breadcrumb"},"inLanguage":"en-US","potentialAction":[{"@type":"ReadAction","target":["https:\/\/www.etf.fr\/en\/agence-nord-en\/la-formation-au-service-de-la-prevention\/"]}]},{"@type":"ImageObject","inLanguage":"en-US","@id":"https:\/\/www.etf.fr\/en\/agence-nord-en\/la-formation-au-service-de-la-prevention\/#primaryimage","url":"https:\/\/www.etf.fr\/wp-content\/uploads\/2023\/03\/Lens-Incendie-4.jpeg","contentUrl":"https:\/\/www.etf.fr\/wp-content\/uploads\/2023\/03\/Lens-Incendie-4.jpeg","width":2000,"height":900},{"@type":"BreadcrumbList","@id":"https:\/\/www.etf.fr\/en\/agence-nord-en\/la-formation-au-service-de-la-prevention\/#breadcrumb","itemListElement":[{"@type":"ListItem","position":1,"name":"Accueil","item":"https:\/\/www.etf.fr\/en\/"},{"@type":"ListItem","position":2,"name":"Training for prevention"}]},{"@type":"WebSite","@id":"https:\/\/www.etf.fr\/#website","url":"https:\/\/www.etf.fr\/","name":"ETF","description":"Your transport partner worldwide","publisher":{"@id":"https:\/\/www.etf.fr\/#organization"},"potentialAction":[{"@type":"SearchAction","target":{"@type":"EntryPoint","urlTemplate":"https:\/\/www.etf.fr\/?s={search_term_string}"},"query-input":{"@type":"PropertyValueSpecification","valueRequired":true,"valueName":"search_term_string"}}],"inLanguage":"en-US"},{"@type":"Organization","@id":"https:\/\/www.etf.fr\/#organization","name":"ETF","url":"https:\/\/www.etf.fr\/","logo":{"@type":"ImageObject","inLanguage":"en-US","@id":"https:\/\/www.etf.fr\/#\/schema\/logo\/image\/","url":"https:\/\/www.etf.fr\/wp-content\/uploads\/2019\/03\/logo-ETF.png","contentUrl":"https:\/\/www.etf.fr\/wp-content\/uploads\/2019\/03\/logo-ETF.png","width":272,"height":161,"caption":"ETF"},"image":{"@id":"https:\/\/www.etf.fr\/#\/schema\/logo\/image\/"}},{"@type":"Person","@id":"https:\/\/www.etf.fr\/#\/schema\/person\/161a2c149c1f701b263f97f54de35dbd","name":"mathilde","url":"https:\/\/www.etf.fr\/en\/author\/mathilde\/"}]}},"_links":{"self":[{"href":"https:\/\/www.etf.fr\/en\/wp-json\/wp\/v2\/posts\/12481686","targetHints":{"allow":["GET"]}}],"collection":[{"href":"https:\/\/www.etf.fr\/en\/wp-json\/wp\/v2\/posts"}],"about":[{"href":"https:\/\/www.etf.fr\/en\/wp-json\/wp\/v2\/types\/post"}],"author":[{"embeddable":true,"href":"https:\/\/www.etf.fr\/en\/wp-json\/wp\/v2\/users\/5"}],"replies":[{"embeddable":true,"href":"https:\/\/www.etf.fr\/en\/wp-json\/wp\/v2\/comments?post=12481686"}],"version-history":[{"count":1,"href":"https:\/\/www.etf.fr\/en\/wp-json\/wp\/v2\/posts\/12481686\/revisions"}],"predecessor-version":[{"id":12481688,"href":"https:\/\/www.etf.fr\/en\/wp-json\/wp\/v2\/posts\/12481686\/revisions\/12481688"}],"wp:featuredmedia":[{"embeddable":true,"href":"https:\/\/www.etf.fr\/en\/wp-json\/wp\/v2\/media\/81750"}],"wp:attachment":[{"href":"https:\/\/www.etf.fr\/en\/wp-json\/wp\/v2\/media?parent=12481686"}],"wp:term":[{"taxonomy":"category","embeddable":true,"href":"https:\/\/www.etf.fr\/en\/wp-json\/wp\/v2\/categories?post=12481686"},{"taxonomy":"post_tag","embeddable":true,"href":"https:\/\/www.etf.fr\/en\/wp-json\/wp\/v2\/tags?post=12481686"}],"curies":[{"name":"wp","href":"https:\/\/api.w.org\/{rel}","templated":true}]}}