{"id":12482734,"date":"2022-04-14T09:28:23","date_gmt":"2022-04-14T07:28:23","guid":{"rendered":"https:\/\/www.etf.fr\/uncategorized\/etf-se-mobilise-sur-les-chemins-de-fer-miniers\/"},"modified":"2025-09-26T14:14:26","modified_gmt":"2025-09-26T12:14:26","slug":"etf-se-mobilise-sur-les-chemins-de-fer-miniers","status":"publish","type":"post","link":"https:\/\/www.etf.fr\/en\/etf-luxembourg-en\/etf-se-mobilise-sur-les-chemins-de-fer-miniers\/","title":{"rendered":"ETF LUXEMBOURG TAKES ACTION ON MINING RAILWAYS"},"content":{"rendered":"\n<p><em><strong>During the industrial revolution of the 1900s, Luxembourg&#8217;s history was marked by the development of the mining industry. Now closed, the mines are part of Luxembourg&#8217;s heritage and can be visited. From outdoor factories to underground mines, visitors travel back in time aboard vintage trains to immerse themselves in the often difficult daily life of miners.<\/strong><\/em><\/p>\n\n\n\n<p>ETF Luxembourg has been working alongside museums for nearly five years to maintain and preserve the tracks of these historic circuits. In 2021\/2022, ETF will be working on the tracks of four tourist circuits on which steam and diesel locomotives run all year round. To carry out these projects, ETF Luxembourg can count on its branch dedicated to industrial tracks.<\/p>\n\n\n\n<div class=\"wp-block-columns is-layout-flex wp-container-core-columns-is-layout-9d6595d7 wp-block-columns-is-layout-flex\">\n<div class=\"wp-block-column is-layout-flow wp-block-column-is-layout-flow\">\n<h3 class=\"wp-block-heading\"><strong>Rumelange Mine<\/strong><\/h3>\n\n\n\n<p>ETF teams worked for two weeks to replace 150 sleepers and a track apparatus floor, including traditional wood notching. This track, which is part of the National Mining Museum, includes an outdoor section as well as an underground section in the heart of the mines with a gauge of 0.70 m.<\/p>\n\n\n\n<div class=\"wp-block-group\"><div class=\"wp-block-group__inner-container is-layout-flow wp-block-group-is-layout-flow\">\n<figure class=\"wp-block-gallery has-nested-images columns-3 is-cropped wp-block-gallery-1 is-layout-flex wp-block-gallery-is-layout-flex\">\n<figure class=\"wp-block-image size-large\"><a href=\"https:\/\/www.etf.fr\/wp-content\/uploads\/2022\/04\/2022-ETF-Lux-Musee-de-Rumelange-2-1-scaled.jpg\"><img loading=\"lazy\" decoding=\"async\" width=\"1078\" height=\"535\" data-id=\"60364\" src=\"https:\/\/www.etf.fr\/wp-content\/uploads\/2022\/04\/2022-ETF-Lux-Musee-de-Rumelange-2-1-1078x535.jpg\" alt=\"\" class=\"wp-image-60364\" srcset=\"https:\/\/www.etf.fr\/wp-content\/uploads\/2022\/04\/2022-ETF-Lux-Musee-de-Rumelange-2-1-1078x535.jpg 1078w, https:\/\/www.etf.fr\/wp-content\/uploads\/2022\/04\/2022-ETF-Lux-Musee-de-Rumelange-2-1-250x124.jpg 250w, https:\/\/www.etf.fr\/wp-content\/uploads\/2022\/04\/2022-ETF-Lux-Musee-de-Rumelange-2-1-796x395.jpg 796w, https:\/\/www.etf.fr\/wp-content\/uploads\/2022\/04\/2022-ETF-Lux-Musee-de-Rumelange-2-1-1536x763.jpg 1536w, https:\/\/www.etf.fr\/wp-content\/uploads\/2022\/04\/2022-ETF-Lux-Musee-de-Rumelange-2-1-2048x1017.jpg 2048w\" sizes=\"auto, (max-width: 1078px) 100vw, 1078px\" \/><\/a><\/figure>\n\n\n\n<figure class=\"wp-block-image size-large\"><a href=\"https:\/\/www.etf.fr\/wp-content\/uploads\/2022\/04\/2022-ETF-Lux-Musee-de-Rumelange-3-1-scaled.jpg\"><img loading=\"lazy\" decoding=\"async\" width=\"942\" height=\"535\" data-id=\"60366\" src=\"https:\/\/www.etf.fr\/wp-content\/uploads\/2022\/04\/2022-ETF-Lux-Musee-de-Rumelange-3-1-942x535.jpg\" alt=\"\" class=\"wp-image-60366\" srcset=\"https:\/\/www.etf.fr\/wp-content\/uploads\/2022\/04\/2022-ETF-Lux-Musee-de-Rumelange-3-1-942x535.jpg 942w, https:\/\/www.etf.fr\/wp-content\/uploads\/2022\/04\/2022-ETF-Lux-Musee-de-Rumelange-3-1-250x142.jpg 250w, https:\/\/www.etf.fr\/wp-content\/uploads\/2022\/04\/2022-ETF-Lux-Musee-de-Rumelange-3-1-696x395.jpg 696w, https:\/\/www.etf.fr\/wp-content\/uploads\/2022\/04\/2022-ETF-Lux-Musee-de-Rumelange-3-1-1536x872.jpg 1536w, https:\/\/www.etf.fr\/wp-content\/uploads\/2022\/04\/2022-ETF-Lux-Musee-de-Rumelange-3-1-2048x1163.jpg 2048w\" sizes=\"auto, (max-width: 942px) 100vw, 942px\" \/><\/a><\/figure>\n\n\n\n<figure class=\"wp-block-image size-large\"><a href=\"https:\/\/www.etf.fr\/wp-content\/uploads\/2022\/04\/2022-ETF-Lux-Musee-de-Rumelange-4-1-scaled.jpg\"><img loading=\"lazy\" decoding=\"async\" width=\"909\" height=\"535\" data-id=\"60370\" src=\"https:\/\/www.etf.fr\/wp-content\/uploads\/2022\/04\/2022-ETF-Lux-Musee-de-Rumelange-4-1-909x535.jpg\" alt=\"\" class=\"wp-image-60370\" srcset=\"https:\/\/www.etf.fr\/wp-content\/uploads\/2022\/04\/2022-ETF-Lux-Musee-de-Rumelange-4-1-909x535.jpg 909w, https:\/\/www.etf.fr\/wp-content\/uploads\/2022\/04\/2022-ETF-Lux-Musee-de-Rumelange-4-1-250x147.jpg 250w, https:\/\/www.etf.fr\/wp-content\/uploads\/2022\/04\/2022-ETF-Lux-Musee-de-Rumelange-4-1-671x395.jpg 671w, https:\/\/www.etf.fr\/wp-content\/uploads\/2022\/04\/2022-ETF-Lux-Musee-de-Rumelange-4-1-1536x904.jpg 1536w, https:\/\/www.etf.fr\/wp-content\/uploads\/2022\/04\/2022-ETF-Lux-Musee-de-Rumelange-4-1-2048x1205.jpg 2048w\" sizes=\"auto, (max-width: 909px) 100vw, 909px\" \/><\/a><\/figure>\n\n\n\n<figure class=\"wp-block-image size-large\"><a href=\"https:\/\/www.etf.fr\/wp-content\/uploads\/2022\/04\/2022-ETF-Lux-Musee-de-Rumelange-1-2-scaled.jpg\"><img loading=\"lazy\" decoding=\"async\" width=\"1007\" height=\"535\" data-id=\"60372\" src=\"https:\/\/www.etf.fr\/wp-content\/uploads\/2022\/04\/2022-ETF-Lux-Musee-de-Rumelange-1-2-1007x535.jpg\" alt=\"\" class=\"wp-image-60372\" srcset=\"https:\/\/www.etf.fr\/wp-content\/uploads\/2022\/04\/2022-ETF-Lux-Musee-de-Rumelange-1-2-1007x535.jpg 1007w, https:\/\/www.etf.fr\/wp-content\/uploads\/2022\/04\/2022-ETF-Lux-Musee-de-Rumelange-1-2-250x133.jpg 250w, https:\/\/www.etf.fr\/wp-content\/uploads\/2022\/04\/2022-ETF-Lux-Musee-de-Rumelange-1-2-744x395.jpg 744w, https:\/\/www.etf.fr\/wp-content\/uploads\/2022\/04\/2022-ETF-Lux-Musee-de-Rumelange-1-2-1536x816.jpg 1536w, https:\/\/www.etf.fr\/wp-content\/uploads\/2022\/04\/2022-ETF-Lux-Musee-de-Rumelange-1-2-2048x1088.jpg 2048w\" sizes=\"auto, (max-width: 1007px) 100vw, 1007px\" \/><\/a><\/figure>\n<\/figure>\n<\/div><\/div>\n\n\n\n<div style=\"height:16px\" aria-hidden=\"true\" class=\"wp-block-spacer\"><\/div>\n\n\n\n<h3 class=\"wp-block-heading\"><strong>Train 1900<\/strong><\/h3>\n\n\n\n<p>ETF teams replaced 350 sleepers across the entire network to consolidate the track, readjust the layout at curves and carry out around twenty aluminothermic welds. Not to mention the renewal of track no. 2 at the Fusb\u00ebsch stop, which will once again allow tourists to be welcomed and disembark thanks to the earthworks and the replacement of 230 metres of track.<\/p>\n\n\n\n<figure class=\"wp-block-gallery has-nested-images columns-2 is-cropped wp-block-gallery-2 is-layout-flex wp-block-gallery-is-layout-flex\">\n<figure class=\"wp-block-image size-large\"><img loading=\"lazy\" decoding=\"async\" width=\"713\" height=\"535\" data-id=\"60383\" src=\"https:\/\/www.etf.fr\/wp-content\/uploads\/2022\/04\/2022-ETF-Lux-Musee-Train-1900-1-713x535.jpg\" alt=\"\" class=\"wp-image-60383\" srcset=\"https:\/\/www.etf.fr\/wp-content\/uploads\/2022\/04\/2022-ETF-Lux-Musee-Train-1900-1-713x535.jpg 713w, https:\/\/www.etf.fr\/wp-content\/uploads\/2022\/04\/2022-ETF-Lux-Musee-Train-1900-1-250x188.jpg 250w, https:\/\/www.etf.fr\/wp-content\/uploads\/2022\/04\/2022-ETF-Lux-Musee-Train-1900-1-527x395.jpg 527w, https:\/\/www.etf.fr\/wp-content\/uploads\/2022\/04\/2022-ETF-Lux-Musee-Train-1900-1.jpg 1024w\" sizes=\"auto, (max-width: 713px) 100vw, 713px\" \/><\/figure>\n\n\n\n<figure class=\"wp-block-image size-large\"><img loading=\"lazy\" decoding=\"async\" width=\"521\" height=\"535\" data-id=\"60385\" src=\"https:\/\/www.etf.fr\/wp-content\/uploads\/2022\/04\/2022-ETF-Lux-Musee-Train-1900-2-521x535.jpg\" alt=\"\" class=\"wp-image-60385\" srcset=\"https:\/\/www.etf.fr\/wp-content\/uploads\/2022\/04\/2022-ETF-Lux-Musee-Train-1900-2-521x535.jpg 521w, https:\/\/www.etf.fr\/wp-content\/uploads\/2022\/04\/2022-ETF-Lux-Musee-Train-1900-2-244x250.jpg 244w, https:\/\/www.etf.fr\/wp-content\/uploads\/2022\/04\/2022-ETF-Lux-Musee-Train-1900-2-385x395.jpg 385w, https:\/\/www.etf.fr\/wp-content\/uploads\/2022\/04\/2022-ETF-Lux-Musee-Train-1900-2.jpg 768w\" sizes=\"auto, (max-width: 521px) 100vw, 521px\" \/><\/figure>\n\n\n\n<figure class=\"wp-block-image size-large\"><img loading=\"lazy\" decoding=\"async\" width=\"713\" height=\"535\" data-id=\"60387\" src=\"https:\/\/www.etf.fr\/wp-content\/uploads\/2022\/04\/2022-ETF-Lux-Musee-Train-1900-4-713x535.jpg\" alt=\"\" class=\"wp-image-60387\" srcset=\"https:\/\/www.etf.fr\/wp-content\/uploads\/2022\/04\/2022-ETF-Lux-Musee-Train-1900-4-713x535.jpg 713w, https:\/\/www.etf.fr\/wp-content\/uploads\/2022\/04\/2022-ETF-Lux-Musee-Train-1900-4-250x188.jpg 250w, https:\/\/www.etf.fr\/wp-content\/uploads\/2022\/04\/2022-ETF-Lux-Musee-Train-1900-4-527x395.jpg 527w, https:\/\/www.etf.fr\/wp-content\/uploads\/2022\/04\/2022-ETF-Lux-Musee-Train-1900-4.jpg 1024w\" sizes=\"auto, (max-width: 713px) 100vw, 713px\" \/><\/figure>\n\n\n\n<figure class=\"wp-block-image size-large\"><img loading=\"lazy\" decoding=\"async\" width=\"401\" height=\"535\" data-id=\"60389\" src=\"https:\/\/www.etf.fr\/wp-content\/uploads\/2022\/04\/2022-ETF-Lux-Musee-Train-1900-5-401x535.jpg\" alt=\"\" class=\"wp-image-60389\" srcset=\"https:\/\/www.etf.fr\/wp-content\/uploads\/2022\/04\/2022-ETF-Lux-Musee-Train-1900-5-401x535.jpg 401w, https:\/\/www.etf.fr\/wp-content\/uploads\/2022\/04\/2022-ETF-Lux-Musee-Train-1900-5-188x250.jpg 188w, https:\/\/www.etf.fr\/wp-content\/uploads\/2022\/04\/2022-ETF-Lux-Musee-Train-1900-5-296x395.jpg 296w, https:\/\/www.etf.fr\/wp-content\/uploads\/2022\/04\/2022-ETF-Lux-Musee-Train-1900-5.jpg 768w\" sizes=\"auto, (max-width: 401px) 100vw, 401px\" \/><\/figure>\n<\/figure>\n<\/div>\n\n\n\n<div class=\"wp-block-column is-layout-flow wp-block-column-is-layout-flow\">\n<h3 class=\"wp-block-heading\"><strong>Lasauvage Mine<\/strong><\/h3>\n\n\n\n<p>ETF teams will be working for two weeks in April 2022 to replace 350 sleepers and lay 40 metres of track with a gauge of 0.70 m.<\/p>\n\n\n\n<h3 class=\"wp-block-heading\"><strong>Slate Mine<\/strong><\/h3>\n\n\n\n<p>ETF teams carried out extensive track assessment and maintenance work. Nearly 10 operational staff were mobilised for six weeks to remove 528 metres of track and seven sets of points, carry out earthworks and lay the sub-base, lay 860 metres of track on metal sleepers, and repair and install 10 sets of points.<\/p>\n\n\n\n<p>During this operation, ETF Luxembourg also built a 10-metre level crossing. The track gauge is 0.70 m, with the smallest radius being 8 m.<\/p>\n\n\n\n<figure class=\"wp-block-gallery has-nested-images columns-2 is-cropped wp-block-gallery-3 is-layout-flex wp-block-gallery-is-layout-flex\">\n<figure class=\"wp-block-image size-large\"><a href=\"https:\/\/www.etf.fr\/wp-content\/uploads\/2022\/04\/2022-ETF-Lux-Musee-de-lardoise-2.jpg\"><img loading=\"lazy\" decoding=\"async\" width=\"405\" height=\"535\" data-id=\"60376\" src=\"https:\/\/www.etf.fr\/wp-content\/uploads\/2022\/04\/2022-ETF-Lux-Musee-de-lardoise-2-405x535.jpg\" alt=\"\" class=\"wp-image-60376\" srcset=\"https:\/\/www.etf.fr\/wp-content\/uploads\/2022\/04\/2022-ETF-Lux-Musee-de-lardoise-2-405x535.jpg 405w, https:\/\/www.etf.fr\/wp-content\/uploads\/2022\/04\/2022-ETF-Lux-Musee-de-lardoise-2-189x250.jpg 189w, https:\/\/www.etf.fr\/wp-content\/uploads\/2022\/04\/2022-ETF-Lux-Musee-de-lardoise-2-299x395.jpg 299w, https:\/\/www.etf.fr\/wp-content\/uploads\/2022\/04\/2022-ETF-Lux-Musee-de-lardoise-2-1162x1536.jpg 1162w, https:\/\/www.etf.fr\/wp-content\/uploads\/2022\/04\/2022-ETF-Lux-Musee-de-lardoise-2-1550x2048.jpg 1550w, https:\/\/www.etf.fr\/wp-content\/uploads\/2022\/04\/2022-ETF-Lux-Musee-de-lardoise-2.jpg 1800w\" sizes=\"auto, (max-width: 405px) 100vw, 405px\" \/><\/a><\/figure>\n\n\n\n<figure class=\"wp-block-image size-large\"><a href=\"https:\/\/www.etf.fr\/wp-content\/uploads\/2022\/04\/2022-ETF-Lux-Musee-de-lardoise-1-scaled.jpg\"><img loading=\"lazy\" decoding=\"async\" width=\"367\" height=\"535\" data-id=\"60374\" src=\"https:\/\/www.etf.fr\/wp-content\/uploads\/2022\/04\/2022-ETF-Lux-Musee-de-lardoise-1-367x535.jpg\" alt=\"\" class=\"wp-image-60374\" srcset=\"https:\/\/www.etf.fr\/wp-content\/uploads\/2022\/04\/2022-ETF-Lux-Musee-de-lardoise-1-367x535.jpg 367w, https:\/\/www.etf.fr\/wp-content\/uploads\/2022\/04\/2022-ETF-Lux-Musee-de-lardoise-1-172x250.jpg 172w, https:\/\/www.etf.fr\/wp-content\/uploads\/2022\/04\/2022-ETF-Lux-Musee-de-lardoise-1-271x395.jpg 271w, https:\/\/www.etf.fr\/wp-content\/uploads\/2022\/04\/2022-ETF-Lux-Musee-de-lardoise-1-1054x1536.jpg 1054w, https:\/\/www.etf.fr\/wp-content\/uploads\/2022\/04\/2022-ETF-Lux-Musee-de-lardoise-1-1405x2048.jpg 1405w, https:\/\/www.etf.fr\/wp-content\/uploads\/2022\/04\/2022-ETF-Lux-Musee-de-lardoise-1-scaled.jpg 1757w\" sizes=\"auto, (max-width: 367px) 100vw, 367px\" \/><\/a><\/figure>\n\n\n\n<figure class=\"wp-block-image size-large\"><a href=\"https:\/\/www.etf.fr\/wp-content\/uploads\/2022\/04\/2022-ETF-Lux-Musee-de-lardoise-1-2.jpg\"><img loading=\"lazy\" decoding=\"async\" width=\"559\" height=\"535\" data-id=\"60456\" src=\"https:\/\/www.etf.fr\/wp-content\/uploads\/2022\/04\/2022-ETF-Lux-Musee-de-lardoise-1-2-559x535.jpg\" alt=\"\" class=\"wp-image-60456\" srcset=\"https:\/\/www.etf.fr\/wp-content\/uploads\/2022\/04\/2022-ETF-Lux-Musee-de-lardoise-1-2-559x535.jpg 559w, https:\/\/www.etf.fr\/wp-content\/uploads\/2022\/04\/2022-ETF-Lux-Musee-de-lardoise-1-2-250x239.jpg 250w, https:\/\/www.etf.fr\/wp-content\/uploads\/2022\/04\/2022-ETF-Lux-Musee-de-lardoise-1-2-412x395.jpg 412w, https:\/\/www.etf.fr\/wp-content\/uploads\/2022\/04\/2022-ETF-Lux-Musee-de-lardoise-1-2-1536x1471.jpg 1536w, https:\/\/www.etf.fr\/wp-content\/uploads\/2022\/04\/2022-ETF-Lux-Musee-de-lardoise-1-2.jpg 1800w\" sizes=\"auto, (max-width: 559px) 100vw, 559px\" \/><\/a><\/figure>\n<\/figure>\n\n\n\n<div style=\"height:16px\" aria-hidden=\"true\" class=\"wp-block-spacer\"><\/div>\n<\/div>\n<\/div>\n","protected":false},"excerpt":{"rendered":"<p>During the industrial revolution of the 1900s, Luxembourg&#8217;s history was marked by the development of the mining industry. Now closed, the mines are part of Luxembourg&#8217;s heritage and can be visited. From outdoor factories to underground mines, visitors travel back in time aboard vintage trains to immerse themselves in the often difficult daily life of miners.<\/p>\n","protected":false},"author":5,"featured_media":60384,"comment_status":"closed","ping_status":"closed","sticky":false,"template":"","format":"standard","meta":{"_acf_changed":false,"footnotes":""},"categories":[187],"tags":[],"class_list":["post-12482734","post","type-post","status-publish","format-standard","has-post-thumbnail","hentry","category-etf-luxembourg-en"],"acf":[],"yoast_head":"<!-- This site is optimized with the Yoast SEO plugin v27.5 - https:\/\/yoast.com\/product\/yoast-seo-wordpress\/ -->\n<title>ETF LUXEMBOURG TAKES ACTION ON MINING RAILWAYS - ETF<\/title>\n<meta name=\"description\" content=\"ETF Luxembourg \u0153uvre aux c\u00f4t\u00e9s des mus\u00e9es depuis pr\u00e8s de 5 ans pour entretenir et maintenir les voies de ces circuits historiques.\" \/>\n<meta name=\"robots\" content=\"index, follow, max-snippet:-1, max-image-preview:large, max-video-preview:-1\" \/>\n<link rel=\"canonical\" href=\"https:\/\/www.etf.fr\/en\/etf-luxembourg-en\/etf-se-mobilise-sur-les-chemins-de-fer-miniers\/\" \/>\n<meta property=\"og:locale\" content=\"en_US\" \/>\n<meta property=\"og:type\" content=\"article\" \/>\n<meta property=\"og:title\" content=\"ETF LUXEMBOURG TAKES ACTION ON MINING RAILWAYS - ETF\" \/>\n<meta property=\"og:description\" content=\"ETF Luxembourg \u0153uvre aux c\u00f4t\u00e9s des mus\u00e9es depuis pr\u00e8s de 5 ans pour entretenir et maintenir les voies de ces circuits historiques.\" \/>\n<meta property=\"og:url\" content=\"https:\/\/www.etf.fr\/en\/etf-luxembourg-en\/etf-se-mobilise-sur-les-chemins-de-fer-miniers\/\" \/>\n<meta property=\"og:site_name\" content=\"ETF\" \/>\n<meta property=\"article:published_time\" content=\"2022-04-14T07:28:23+00:00\" \/>\n<meta property=\"article:modified_time\" content=\"2025-09-26T12:14:26+00:00\" \/>\n<meta property=\"og:image\" content=\"https:\/\/www.etf.fr\/wp-content\/uploads\/2022\/04\/2022-ETF-Lux-Musee-Train-1900-1.jpg\" \/>\n\t<meta property=\"og:image:width\" content=\"1024\" \/>\n\t<meta property=\"og:image:height\" content=\"768\" \/>\n\t<meta property=\"og:image:type\" content=\"image\/jpeg\" \/>\n<meta name=\"author\" content=\"mathilde\" \/>\n<meta name=\"twitter:card\" content=\"summary_large_image\" \/>\n<meta name=\"twitter:label1\" content=\"Written by\" \/>\n\t<meta name=\"twitter:data1\" content=\"mathilde\" \/>\n\t<meta name=\"twitter:label2\" content=\"Est. reading time\" \/>\n\t<meta name=\"twitter:data2\" content=\"5 minutes\" \/>\n<script type=\"application\/ld+json\" class=\"yoast-schema-graph\">{\"@context\":\"https:\\\/\\\/schema.org\",\"@graph\":[{\"@type\":\"Article\",\"@id\":\"https:\\\/\\\/www.etf.fr\\\/en\\\/etf-luxembourg-en\\\/etf-se-mobilise-sur-les-chemins-de-fer-miniers\\\/#article\",\"isPartOf\":{\"@id\":\"https:\\\/\\\/www.etf.fr\\\/en\\\/etf-luxembourg-en\\\/etf-se-mobilise-sur-les-chemins-de-fer-miniers\\\/\"},\"author\":{\"name\":\"mathilde\",\"@id\":\"https:\\\/\\\/www.etf.fr\\\/#\\\/schema\\\/person\\\/161a2c149c1f701b263f97f54de35dbd\"},\"headline\":\"ETF LUXEMBOURG TAKES ACTION ON MINING RAILWAYS\",\"datePublished\":\"2022-04-14T07:28:23+00:00\",\"dateModified\":\"2025-09-26T12:14:26+00:00\",\"mainEntityOfPage\":{\"@id\":\"https:\\\/\\\/www.etf.fr\\\/en\\\/etf-luxembourg-en\\\/etf-se-mobilise-sur-les-chemins-de-fer-miniers\\\/\"},\"wordCount\":331,\"publisher\":{\"@id\":\"https:\\\/\\\/www.etf.fr\\\/#organization\"},\"image\":{\"@id\":\"https:\\\/\\\/www.etf.fr\\\/en\\\/etf-luxembourg-en\\\/etf-se-mobilise-sur-les-chemins-de-fer-miniers\\\/#primaryimage\"},\"thumbnailUrl\":\"https:\\\/\\\/www.etf.fr\\\/wp-content\\\/uploads\\\/2022\\\/04\\\/2022-ETF-Lux-Musee-Train-1900-1.jpg\",\"articleSection\":[\"ETF Luxembourg\"],\"inLanguage\":\"en-US\"},{\"@type\":\"WebPage\",\"@id\":\"https:\\\/\\\/www.etf.fr\\\/en\\\/etf-luxembourg-en\\\/etf-se-mobilise-sur-les-chemins-de-fer-miniers\\\/\",\"url\":\"https:\\\/\\\/www.etf.fr\\\/en\\\/etf-luxembourg-en\\\/etf-se-mobilise-sur-les-chemins-de-fer-miniers\\\/\",\"name\":\"ETF LUXEMBOURG TAKES ACTION ON MINING RAILWAYS - ETF\",\"isPartOf\":{\"@id\":\"https:\\\/\\\/www.etf.fr\\\/#website\"},\"primaryImageOfPage\":{\"@id\":\"https:\\\/\\\/www.etf.fr\\\/en\\\/etf-luxembourg-en\\\/etf-se-mobilise-sur-les-chemins-de-fer-miniers\\\/#primaryimage\"},\"image\":{\"@id\":\"https:\\\/\\\/www.etf.fr\\\/en\\\/etf-luxembourg-en\\\/etf-se-mobilise-sur-les-chemins-de-fer-miniers\\\/#primaryimage\"},\"thumbnailUrl\":\"https:\\\/\\\/www.etf.fr\\\/wp-content\\\/uploads\\\/2022\\\/04\\\/2022-ETF-Lux-Musee-Train-1900-1.jpg\",\"datePublished\":\"2022-04-14T07:28:23+00:00\",\"dateModified\":\"2025-09-26T12:14:26+00:00\",\"description\":\"ETF Luxembourg \u0153uvre aux c\u00f4t\u00e9s des mus\u00e9es depuis pr\u00e8s de 5 ans pour entretenir et maintenir les voies de ces circuits historiques.\",\"breadcrumb\":{\"@id\":\"https:\\\/\\\/www.etf.fr\\\/en\\\/etf-luxembourg-en\\\/etf-se-mobilise-sur-les-chemins-de-fer-miniers\\\/#breadcrumb\"},\"inLanguage\":\"en-US\",\"potentialAction\":[{\"@type\":\"ReadAction\",\"target\":[\"https:\\\/\\\/www.etf.fr\\\/en\\\/etf-luxembourg-en\\\/etf-se-mobilise-sur-les-chemins-de-fer-miniers\\\/\"]}]},{\"@type\":\"ImageObject\",\"inLanguage\":\"en-US\",\"@id\":\"https:\\\/\\\/www.etf.fr\\\/en\\\/etf-luxembourg-en\\\/etf-se-mobilise-sur-les-chemins-de-fer-miniers\\\/#primaryimage\",\"url\":\"https:\\\/\\\/www.etf.fr\\\/wp-content\\\/uploads\\\/2022\\\/04\\\/2022-ETF-Lux-Musee-Train-1900-1.jpg\",\"contentUrl\":\"https:\\\/\\\/www.etf.fr\\\/wp-content\\\/uploads\\\/2022\\\/04\\\/2022-ETF-Lux-Musee-Train-1900-1.jpg\",\"width\":1024,\"height\":768},{\"@type\":\"BreadcrumbList\",\"@id\":\"https:\\\/\\\/www.etf.fr\\\/en\\\/etf-luxembourg-en\\\/etf-se-mobilise-sur-les-chemins-de-fer-miniers\\\/#breadcrumb\",\"itemListElement\":[{\"@type\":\"ListItem\",\"position\":1,\"name\":\"Accueil\",\"item\":\"https:\\\/\\\/www.etf.fr\\\/en\\\/\"},{\"@type\":\"ListItem\",\"position\":2,\"name\":\"ETF LUXEMBOURG TAKES ACTION ON MINING RAILWAYS\"}]},{\"@type\":\"WebSite\",\"@id\":\"https:\\\/\\\/www.etf.fr\\\/#website\",\"url\":\"https:\\\/\\\/www.etf.fr\\\/\",\"name\":\"ETF\",\"description\":\"Your transport partner worldwide\",\"publisher\":{\"@id\":\"https:\\\/\\\/www.etf.fr\\\/#organization\"},\"potentialAction\":[{\"@type\":\"SearchAction\",\"target\":{\"@type\":\"EntryPoint\",\"urlTemplate\":\"https:\\\/\\\/www.etf.fr\\\/?s={search_term_string}\"},\"query-input\":{\"@type\":\"PropertyValueSpecification\",\"valueRequired\":true,\"valueName\":\"search_term_string\"}}],\"inLanguage\":\"en-US\"},{\"@type\":\"Organization\",\"@id\":\"https:\\\/\\\/www.etf.fr\\\/#organization\",\"name\":\"ETF\",\"url\":\"https:\\\/\\\/www.etf.fr\\\/\",\"logo\":{\"@type\":\"ImageObject\",\"inLanguage\":\"en-US\",\"@id\":\"https:\\\/\\\/www.etf.fr\\\/#\\\/schema\\\/logo\\\/image\\\/\",\"url\":\"https:\\\/\\\/www.etf.fr\\\/wp-content\\\/uploads\\\/2019\\\/03\\\/logo-ETF.png\",\"contentUrl\":\"https:\\\/\\\/www.etf.fr\\\/wp-content\\\/uploads\\\/2019\\\/03\\\/logo-ETF.png\",\"width\":272,\"height\":161,\"caption\":\"ETF\"},\"image\":{\"@id\":\"https:\\\/\\\/www.etf.fr\\\/#\\\/schema\\\/logo\\\/image\\\/\"}},{\"@type\":\"Person\",\"@id\":\"https:\\\/\\\/www.etf.fr\\\/#\\\/schema\\\/person\\\/161a2c149c1f701b263f97f54de35dbd\",\"name\":\"mathilde\",\"url\":\"https:\\\/\\\/www.etf.fr\\\/en\\\/author\\\/mathilde\\\/\"}]}<\/script>\n<!-- \/ Yoast SEO plugin. -->","yoast_head_json":{"title":"ETF LUXEMBOURG TAKES ACTION ON MINING RAILWAYS - ETF","description":"ETF Luxembourg \u0153uvre aux c\u00f4t\u00e9s des mus\u00e9es depuis pr\u00e8s de 5 ans pour entretenir et maintenir les voies de ces circuits historiques.","robots":{"index":"index","follow":"follow","max-snippet":"max-snippet:-1","max-image-preview":"max-image-preview:large","max-video-preview":"max-video-preview:-1"},"canonical":"https:\/\/www.etf.fr\/en\/etf-luxembourg-en\/etf-se-mobilise-sur-les-chemins-de-fer-miniers\/","og_locale":"en_US","og_type":"article","og_title":"ETF LUXEMBOURG TAKES ACTION ON MINING RAILWAYS - ETF","og_description":"ETF Luxembourg \u0153uvre aux c\u00f4t\u00e9s des mus\u00e9es depuis pr\u00e8s de 5 ans pour entretenir et maintenir les voies de ces circuits historiques.","og_url":"https:\/\/www.etf.fr\/en\/etf-luxembourg-en\/etf-se-mobilise-sur-les-chemins-de-fer-miniers\/","og_site_name":"ETF","article_published_time":"2022-04-14T07:28:23+00:00","article_modified_time":"2025-09-26T12:14:26+00:00","og_image":[{"width":1024,"height":768,"url":"https:\/\/www.etf.fr\/wp-content\/uploads\/2022\/04\/2022-ETF-Lux-Musee-Train-1900-1.jpg","type":"image\/jpeg"}],"author":"mathilde","twitter_card":"summary_large_image","twitter_misc":{"Written by":"mathilde","Est. reading time":"5 minutes"},"schema":{"@context":"https:\/\/schema.org","@graph":[{"@type":"Article","@id":"https:\/\/www.etf.fr\/en\/etf-luxembourg-en\/etf-se-mobilise-sur-les-chemins-de-fer-miniers\/#article","isPartOf":{"@id":"https:\/\/www.etf.fr\/en\/etf-luxembourg-en\/etf-se-mobilise-sur-les-chemins-de-fer-miniers\/"},"author":{"name":"mathilde","@id":"https:\/\/www.etf.fr\/#\/schema\/person\/161a2c149c1f701b263f97f54de35dbd"},"headline":"ETF LUXEMBOURG TAKES ACTION ON MINING RAILWAYS","datePublished":"2022-04-14T07:28:23+00:00","dateModified":"2025-09-26T12:14:26+00:00","mainEntityOfPage":{"@id":"https:\/\/www.etf.fr\/en\/etf-luxembourg-en\/etf-se-mobilise-sur-les-chemins-de-fer-miniers\/"},"wordCount":331,"publisher":{"@id":"https:\/\/www.etf.fr\/#organization"},"image":{"@id":"https:\/\/www.etf.fr\/en\/etf-luxembourg-en\/etf-se-mobilise-sur-les-chemins-de-fer-miniers\/#primaryimage"},"thumbnailUrl":"https:\/\/www.etf.fr\/wp-content\/uploads\/2022\/04\/2022-ETF-Lux-Musee-Train-1900-1.jpg","articleSection":["ETF Luxembourg"],"inLanguage":"en-US"},{"@type":"WebPage","@id":"https:\/\/www.etf.fr\/en\/etf-luxembourg-en\/etf-se-mobilise-sur-les-chemins-de-fer-miniers\/","url":"https:\/\/www.etf.fr\/en\/etf-luxembourg-en\/etf-se-mobilise-sur-les-chemins-de-fer-miniers\/","name":"ETF LUXEMBOURG TAKES ACTION ON MINING RAILWAYS - ETF","isPartOf":{"@id":"https:\/\/www.etf.fr\/#website"},"primaryImageOfPage":{"@id":"https:\/\/www.etf.fr\/en\/etf-luxembourg-en\/etf-se-mobilise-sur-les-chemins-de-fer-miniers\/#primaryimage"},"image":{"@id":"https:\/\/www.etf.fr\/en\/etf-luxembourg-en\/etf-se-mobilise-sur-les-chemins-de-fer-miniers\/#primaryimage"},"thumbnailUrl":"https:\/\/www.etf.fr\/wp-content\/uploads\/2022\/04\/2022-ETF-Lux-Musee-Train-1900-1.jpg","datePublished":"2022-04-14T07:28:23+00:00","dateModified":"2025-09-26T12:14:26+00:00","description":"ETF Luxembourg \u0153uvre aux c\u00f4t\u00e9s des mus\u00e9es depuis pr\u00e8s de 5 ans pour entretenir et maintenir les voies de ces circuits historiques.","breadcrumb":{"@id":"https:\/\/www.etf.fr\/en\/etf-luxembourg-en\/etf-se-mobilise-sur-les-chemins-de-fer-miniers\/#breadcrumb"},"inLanguage":"en-US","potentialAction":[{"@type":"ReadAction","target":["https:\/\/www.etf.fr\/en\/etf-luxembourg-en\/etf-se-mobilise-sur-les-chemins-de-fer-miniers\/"]}]},{"@type":"ImageObject","inLanguage":"en-US","@id":"https:\/\/www.etf.fr\/en\/etf-luxembourg-en\/etf-se-mobilise-sur-les-chemins-de-fer-miniers\/#primaryimage","url":"https:\/\/www.etf.fr\/wp-content\/uploads\/2022\/04\/2022-ETF-Lux-Musee-Train-1900-1.jpg","contentUrl":"https:\/\/www.etf.fr\/wp-content\/uploads\/2022\/04\/2022-ETF-Lux-Musee-Train-1900-1.jpg","width":1024,"height":768},{"@type":"BreadcrumbList","@id":"https:\/\/www.etf.fr\/en\/etf-luxembourg-en\/etf-se-mobilise-sur-les-chemins-de-fer-miniers\/#breadcrumb","itemListElement":[{"@type":"ListItem","position":1,"name":"Accueil","item":"https:\/\/www.etf.fr\/en\/"},{"@type":"ListItem","position":2,"name":"ETF LUXEMBOURG TAKES ACTION ON MINING RAILWAYS"}]},{"@type":"WebSite","@id":"https:\/\/www.etf.fr\/#website","url":"https:\/\/www.etf.fr\/","name":"ETF","description":"Your transport partner worldwide","publisher":{"@id":"https:\/\/www.etf.fr\/#organization"},"potentialAction":[{"@type":"SearchAction","target":{"@type":"EntryPoint","urlTemplate":"https:\/\/www.etf.fr\/?s={search_term_string}"},"query-input":{"@type":"PropertyValueSpecification","valueRequired":true,"valueName":"search_term_string"}}],"inLanguage":"en-US"},{"@type":"Organization","@id":"https:\/\/www.etf.fr\/#organization","name":"ETF","url":"https:\/\/www.etf.fr\/","logo":{"@type":"ImageObject","inLanguage":"en-US","@id":"https:\/\/www.etf.fr\/#\/schema\/logo\/image\/","url":"https:\/\/www.etf.fr\/wp-content\/uploads\/2019\/03\/logo-ETF.png","contentUrl":"https:\/\/www.etf.fr\/wp-content\/uploads\/2019\/03\/logo-ETF.png","width":272,"height":161,"caption":"ETF"},"image":{"@id":"https:\/\/www.etf.fr\/#\/schema\/logo\/image\/"}},{"@type":"Person","@id":"https:\/\/www.etf.fr\/#\/schema\/person\/161a2c149c1f701b263f97f54de35dbd","name":"mathilde","url":"https:\/\/www.etf.fr\/en\/author\/mathilde\/"}]}},"_links":{"self":[{"href":"https:\/\/www.etf.fr\/en\/wp-json\/wp\/v2\/posts\/12482734","targetHints":{"allow":["GET"]}}],"collection":[{"href":"https:\/\/www.etf.fr\/en\/wp-json\/wp\/v2\/posts"}],"about":[{"href":"https:\/\/www.etf.fr\/en\/wp-json\/wp\/v2\/types\/post"}],"author":[{"embeddable":true,"href":"https:\/\/www.etf.fr\/en\/wp-json\/wp\/v2\/users\/5"}],"replies":[{"embeddable":true,"href":"https:\/\/www.etf.fr\/en\/wp-json\/wp\/v2\/comments?post=12482734"}],"version-history":[{"count":1,"href":"https:\/\/www.etf.fr\/en\/wp-json\/wp\/v2\/posts\/12482734\/revisions"}],"predecessor-version":[{"id":12482736,"href":"https:\/\/www.etf.fr\/en\/wp-json\/wp\/v2\/posts\/12482734\/revisions\/12482736"}],"wp:featuredmedia":[{"embeddable":true,"href":"https:\/\/www.etf.fr\/en\/wp-json\/wp\/v2\/media\/60384"}],"wp:attachment":[{"href":"https:\/\/www.etf.fr\/en\/wp-json\/wp\/v2\/media?parent=12482734"}],"wp:term":[{"taxonomy":"category","embeddable":true,"href":"https:\/\/www.etf.fr\/en\/wp-json\/wp\/v2\/categories?post=12482734"},{"taxonomy":"post_tag","embeddable":true,"href":"https:\/\/www.etf.fr\/en\/wp-json\/wp\/v2\/tags?post=12482734"}],"curies":[{"name":"wp","href":"https:\/\/api.w.org\/{rel}","templated":true}]}}