{"id":12482800,"date":"2022-03-10T11:11:16","date_gmt":"2022-03-10T10:11:16","guid":{"rendered":"https:\/\/www.etf.fr\/uncategorized\/etf-decharge-10-km-de-voie-entre-frejus-et-monaco\/"},"modified":"2025-09-26T14:18:33","modified_gmt":"2025-09-26T12:18:33","slug":"etf-decharge-10-km-de-voie-entre-frejus-et-monaco","status":"publish","type":"post","link":"https:\/\/www.etf.fr\/en\/agence-sud-est-en\/etf-decharge-10-km-de-voie-entre-frejus-et-monaco\/","title":{"rendered":"ETF clears 10 km of track between Fr\u00e9jus and Monaco"},"content":{"rendered":"\n<p><em><strong>For nearly four years, ETF has been carrying out a MOSO contract for SNCF R\u00e9seau in the Provence-Alpes-C\u00f4te d&#8217;Azur region. This contract was renewed in 2022 for another three years and begins with the renewal of 10 km of rail on 100 km of track between the Fr\u00e9jus and Monaco stations.<\/strong><\/em><\/p>\n\n\n\n<p>The first phase of this project was completed on 18 February 2022 with the successful unloading of all the rails in the 28 areas to be renewed. Around 20 operational staff were mobilised over 10 nights to carry out these operations.<\/p>\n\n\n\n<p>The replacement of the rails could then begin. The operational teams are returning to each area to remove the used rails, install the new ones and then release the constraints.<\/p>\n\n\n\n<p>To carry out this project, SNCF R\u00e9seau can count on the synergy of the ETF group. The South-East agency is carrying out the track work thanks to its Marseille (agent), mechanised works and welding divisions. Feroway, ETF&#8217;s railway safety brand, is carrying out the pole-mounted and autonomous driving operations.<\/p>\n","protected":false},"excerpt":{"rendered":"<p>For nearly four years, ETF has been carrying out a MOSO contract for SNCF R\u00e9seau in the Provence-Alpes-C\u00f4te d&#8217;Azur region. This contract was renewed in 2022 for another three years and begins with the renewal of 10 km of rail on 100 km of track between the Fr\u00e9jus and Monaco stations.<\/p>\n","protected":false},"author":5,"featured_media":58671,"comment_status":"closed","ping_status":"closed","sticky":false,"template":"","format":"standard","meta":{"_acf_changed":false,"footnotes":""},"categories":[203],"tags":[],"class_list":["post-12482800","post","type-post","status-publish","format-standard","has-post-thumbnail","hentry","category-agence-sud-est-en"],"acf":[],"yoast_head":"<!-- This site is optimized with the Yoast SEO plugin v27.5 - https:\/\/yoast.com\/product\/yoast-seo-wordpress\/ -->\n<title>ETF clears 10 km of track between Fr\u00e9jus and Monaco - ETF<\/title>\n<meta name=\"description\" content=\"Depuis pr\u00e8s de 4 ans, ETF r\u00e9alise pour SNCF R\u00e9seau un contrat MOSO dans la r\u00e9gion Provence-Alpes-C\u00f4te-d&#039;Azur...\" \/>\n<meta name=\"robots\" content=\"index, follow, max-snippet:-1, max-image-preview:large, max-video-preview:-1\" \/>\n<link rel=\"canonical\" href=\"https:\/\/www.etf.fr\/en\/agence-sud-est-en\/etf-decharge-10-km-de-voie-entre-frejus-et-monaco\/\" \/>\n<meta property=\"og:locale\" content=\"en_US\" \/>\n<meta property=\"og:type\" content=\"article\" \/>\n<meta property=\"og:title\" content=\"ETF clears 10 km of track between Fr\u00e9jus and Monaco - ETF\" \/>\n<meta property=\"og:description\" content=\"Depuis pr\u00e8s de 4 ans, ETF r\u00e9alise pour SNCF R\u00e9seau un contrat MOSO dans la r\u00e9gion Provence-Alpes-C\u00f4te-d&#039;Azur...\" \/>\n<meta property=\"og:url\" content=\"https:\/\/www.etf.fr\/en\/agence-sud-est-en\/etf-decharge-10-km-de-voie-entre-frejus-et-monaco\/\" \/>\n<meta property=\"og:site_name\" content=\"ETF\" \/>\n<meta property=\"article:published_time\" content=\"2022-03-10T10:11:16+00:00\" \/>\n<meta property=\"article:modified_time\" content=\"2025-09-26T12:18:33+00:00\" \/>\n<meta property=\"og:image\" content=\"https:\/\/www.etf.fr\/wp-content\/uploads\/2022\/03\/2-2022-S_E-Dechargement-rail-Monaco-7-713x535.jpg\" \/>\n\t<meta property=\"og:image:width\" content=\"713\" \/>\n\t<meta property=\"og:image:height\" content=\"535\" \/>\n\t<meta property=\"og:image:type\" content=\"image\/jpeg\" \/>\n<meta name=\"author\" content=\"mathilde\" \/>\n<meta name=\"twitter:card\" content=\"summary_large_image\" \/>\n<meta name=\"twitter:label1\" content=\"Written by\" \/>\n\t<meta name=\"twitter:data1\" content=\"mathilde\" \/>\n\t<meta name=\"twitter:label2\" content=\"Est. reading time\" \/>\n\t<meta name=\"twitter:data2\" content=\"2 minutes\" \/>\n<script type=\"application\/ld+json\" class=\"yoast-schema-graph\">{\"@context\":\"https:\\\/\\\/schema.org\",\"@graph\":[{\"@type\":\"Article\",\"@id\":\"https:\\\/\\\/www.etf.fr\\\/en\\\/agence-sud-est-en\\\/etf-decharge-10-km-de-voie-entre-frejus-et-monaco\\\/#article\",\"isPartOf\":{\"@id\":\"https:\\\/\\\/www.etf.fr\\\/en\\\/agence-sud-est-en\\\/etf-decharge-10-km-de-voie-entre-frejus-et-monaco\\\/\"},\"author\":{\"name\":\"mathilde\",\"@id\":\"https:\\\/\\\/www.etf.fr\\\/#\\\/schema\\\/person\\\/161a2c149c1f701b263f97f54de35dbd\"},\"headline\":\"ETF clears 10 km of track between Fr\u00e9jus and Monaco\",\"datePublished\":\"2022-03-10T10:11:16+00:00\",\"dateModified\":\"2025-09-26T12:18:33+00:00\",\"mainEntityOfPage\":{\"@id\":\"https:\\\/\\\/www.etf.fr\\\/en\\\/agence-sud-est-en\\\/etf-decharge-10-km-de-voie-entre-frejus-et-monaco\\\/\"},\"wordCount\":177,\"publisher\":{\"@id\":\"https:\\\/\\\/www.etf.fr\\\/#organization\"},\"image\":{\"@id\":\"https:\\\/\\\/www.etf.fr\\\/en\\\/agence-sud-est-en\\\/etf-decharge-10-km-de-voie-entre-frejus-et-monaco\\\/#primaryimage\"},\"thumbnailUrl\":\"https:\\\/\\\/www.etf.fr\\\/wp-content\\\/uploads\\\/2022\\\/03\\\/2-2022-S_E-Dechargement-rail-Monaco-7.jpg\",\"articleSection\":[\"Agence Sud Est\"],\"inLanguage\":\"en-US\"},{\"@type\":\"WebPage\",\"@id\":\"https:\\\/\\\/www.etf.fr\\\/en\\\/agence-sud-est-en\\\/etf-decharge-10-km-de-voie-entre-frejus-et-monaco\\\/\",\"url\":\"https:\\\/\\\/www.etf.fr\\\/en\\\/agence-sud-est-en\\\/etf-decharge-10-km-de-voie-entre-frejus-et-monaco\\\/\",\"name\":\"ETF clears 10 km of track between Fr\u00e9jus and Monaco - ETF\",\"isPartOf\":{\"@id\":\"https:\\\/\\\/www.etf.fr\\\/#website\"},\"primaryImageOfPage\":{\"@id\":\"https:\\\/\\\/www.etf.fr\\\/en\\\/agence-sud-est-en\\\/etf-decharge-10-km-de-voie-entre-frejus-et-monaco\\\/#primaryimage\"},\"image\":{\"@id\":\"https:\\\/\\\/www.etf.fr\\\/en\\\/agence-sud-est-en\\\/etf-decharge-10-km-de-voie-entre-frejus-et-monaco\\\/#primaryimage\"},\"thumbnailUrl\":\"https:\\\/\\\/www.etf.fr\\\/wp-content\\\/uploads\\\/2022\\\/03\\\/2-2022-S_E-Dechargement-rail-Monaco-7.jpg\",\"datePublished\":\"2022-03-10T10:11:16+00:00\",\"dateModified\":\"2025-09-26T12:18:33+00:00\",\"description\":\"Depuis pr\u00e8s de 4 ans, ETF r\u00e9alise pour SNCF R\u00e9seau un contrat MOSO dans la r\u00e9gion Provence-Alpes-C\u00f4te-d'Azur...\",\"breadcrumb\":{\"@id\":\"https:\\\/\\\/www.etf.fr\\\/en\\\/agence-sud-est-en\\\/etf-decharge-10-km-de-voie-entre-frejus-et-monaco\\\/#breadcrumb\"},\"inLanguage\":\"en-US\",\"potentialAction\":[{\"@type\":\"ReadAction\",\"target\":[\"https:\\\/\\\/www.etf.fr\\\/en\\\/agence-sud-est-en\\\/etf-decharge-10-km-de-voie-entre-frejus-et-monaco\\\/\"]}]},{\"@type\":\"ImageObject\",\"inLanguage\":\"en-US\",\"@id\":\"https:\\\/\\\/www.etf.fr\\\/en\\\/agence-sud-est-en\\\/etf-decharge-10-km-de-voie-entre-frejus-et-monaco\\\/#primaryimage\",\"url\":\"https:\\\/\\\/www.etf.fr\\\/wp-content\\\/uploads\\\/2022\\\/03\\\/2-2022-S_E-Dechargement-rail-Monaco-7.jpg\",\"contentUrl\":\"https:\\\/\\\/www.etf.fr\\\/wp-content\\\/uploads\\\/2022\\\/03\\\/2-2022-S_E-Dechargement-rail-Monaco-7.jpg\",\"width\":2048,\"height\":1536},{\"@type\":\"BreadcrumbList\",\"@id\":\"https:\\\/\\\/www.etf.fr\\\/en\\\/agence-sud-est-en\\\/etf-decharge-10-km-de-voie-entre-frejus-et-monaco\\\/#breadcrumb\",\"itemListElement\":[{\"@type\":\"ListItem\",\"position\":1,\"name\":\"Accueil\",\"item\":\"https:\\\/\\\/www.etf.fr\\\/en\\\/\"},{\"@type\":\"ListItem\",\"position\":2,\"name\":\"ETF clears 10 km of track between Fr\u00e9jus and Monaco\"}]},{\"@type\":\"WebSite\",\"@id\":\"https:\\\/\\\/www.etf.fr\\\/#website\",\"url\":\"https:\\\/\\\/www.etf.fr\\\/\",\"name\":\"ETF\",\"description\":\"Your transport partner worldwide\",\"publisher\":{\"@id\":\"https:\\\/\\\/www.etf.fr\\\/#organization\"},\"potentialAction\":[{\"@type\":\"SearchAction\",\"target\":{\"@type\":\"EntryPoint\",\"urlTemplate\":\"https:\\\/\\\/www.etf.fr\\\/?s={search_term_string}\"},\"query-input\":{\"@type\":\"PropertyValueSpecification\",\"valueRequired\":true,\"valueName\":\"search_term_string\"}}],\"inLanguage\":\"en-US\"},{\"@type\":\"Organization\",\"@id\":\"https:\\\/\\\/www.etf.fr\\\/#organization\",\"name\":\"ETF\",\"url\":\"https:\\\/\\\/www.etf.fr\\\/\",\"logo\":{\"@type\":\"ImageObject\",\"inLanguage\":\"en-US\",\"@id\":\"https:\\\/\\\/www.etf.fr\\\/#\\\/schema\\\/logo\\\/image\\\/\",\"url\":\"https:\\\/\\\/www.etf.fr\\\/wp-content\\\/uploads\\\/2019\\\/03\\\/logo-ETF.png\",\"contentUrl\":\"https:\\\/\\\/www.etf.fr\\\/wp-content\\\/uploads\\\/2019\\\/03\\\/logo-ETF.png\",\"width\":272,\"height\":161,\"caption\":\"ETF\"},\"image\":{\"@id\":\"https:\\\/\\\/www.etf.fr\\\/#\\\/schema\\\/logo\\\/image\\\/\"}},{\"@type\":\"Person\",\"@id\":\"https:\\\/\\\/www.etf.fr\\\/#\\\/schema\\\/person\\\/161a2c149c1f701b263f97f54de35dbd\",\"name\":\"mathilde\",\"url\":\"https:\\\/\\\/www.etf.fr\\\/en\\\/author\\\/mathilde\\\/\"}]}<\/script>\n<!-- \/ Yoast SEO plugin. -->","yoast_head_json":{"title":"ETF clears 10 km of track between Fr\u00e9jus and Monaco - ETF","description":"Depuis pr\u00e8s de 4 ans, ETF r\u00e9alise pour SNCF R\u00e9seau un contrat MOSO dans la r\u00e9gion Provence-Alpes-C\u00f4te-d'Azur...","robots":{"index":"index","follow":"follow","max-snippet":"max-snippet:-1","max-image-preview":"max-image-preview:large","max-video-preview":"max-video-preview:-1"},"canonical":"https:\/\/www.etf.fr\/en\/agence-sud-est-en\/etf-decharge-10-km-de-voie-entre-frejus-et-monaco\/","og_locale":"en_US","og_type":"article","og_title":"ETF clears 10 km of track between Fr\u00e9jus and Monaco - ETF","og_description":"Depuis pr\u00e8s de 4 ans, ETF r\u00e9alise pour SNCF R\u00e9seau un contrat MOSO dans la r\u00e9gion Provence-Alpes-C\u00f4te-d'Azur...","og_url":"https:\/\/www.etf.fr\/en\/agence-sud-est-en\/etf-decharge-10-km-de-voie-entre-frejus-et-monaco\/","og_site_name":"ETF","article_published_time":"2022-03-10T10:11:16+00:00","article_modified_time":"2025-09-26T12:18:33+00:00","og_image":[{"width":713,"height":535,"url":"https:\/\/www.etf.fr\/wp-content\/uploads\/2022\/03\/2-2022-S_E-Dechargement-rail-Monaco-7-713x535.jpg","type":"image\/jpeg"}],"author":"mathilde","twitter_card":"summary_large_image","twitter_misc":{"Written by":"mathilde","Est. reading time":"2 minutes"},"schema":{"@context":"https:\/\/schema.org","@graph":[{"@type":"Article","@id":"https:\/\/www.etf.fr\/en\/agence-sud-est-en\/etf-decharge-10-km-de-voie-entre-frejus-et-monaco\/#article","isPartOf":{"@id":"https:\/\/www.etf.fr\/en\/agence-sud-est-en\/etf-decharge-10-km-de-voie-entre-frejus-et-monaco\/"},"author":{"name":"mathilde","@id":"https:\/\/www.etf.fr\/#\/schema\/person\/161a2c149c1f701b263f97f54de35dbd"},"headline":"ETF clears 10 km of track between Fr\u00e9jus and Monaco","datePublished":"2022-03-10T10:11:16+00:00","dateModified":"2025-09-26T12:18:33+00:00","mainEntityOfPage":{"@id":"https:\/\/www.etf.fr\/en\/agence-sud-est-en\/etf-decharge-10-km-de-voie-entre-frejus-et-monaco\/"},"wordCount":177,"publisher":{"@id":"https:\/\/www.etf.fr\/#organization"},"image":{"@id":"https:\/\/www.etf.fr\/en\/agence-sud-est-en\/etf-decharge-10-km-de-voie-entre-frejus-et-monaco\/#primaryimage"},"thumbnailUrl":"https:\/\/www.etf.fr\/wp-content\/uploads\/2022\/03\/2-2022-S_E-Dechargement-rail-Monaco-7.jpg","articleSection":["Agence Sud Est"],"inLanguage":"en-US"},{"@type":"WebPage","@id":"https:\/\/www.etf.fr\/en\/agence-sud-est-en\/etf-decharge-10-km-de-voie-entre-frejus-et-monaco\/","url":"https:\/\/www.etf.fr\/en\/agence-sud-est-en\/etf-decharge-10-km-de-voie-entre-frejus-et-monaco\/","name":"ETF clears 10 km of track between Fr\u00e9jus and Monaco - ETF","isPartOf":{"@id":"https:\/\/www.etf.fr\/#website"},"primaryImageOfPage":{"@id":"https:\/\/www.etf.fr\/en\/agence-sud-est-en\/etf-decharge-10-km-de-voie-entre-frejus-et-monaco\/#primaryimage"},"image":{"@id":"https:\/\/www.etf.fr\/en\/agence-sud-est-en\/etf-decharge-10-km-de-voie-entre-frejus-et-monaco\/#primaryimage"},"thumbnailUrl":"https:\/\/www.etf.fr\/wp-content\/uploads\/2022\/03\/2-2022-S_E-Dechargement-rail-Monaco-7.jpg","datePublished":"2022-03-10T10:11:16+00:00","dateModified":"2025-09-26T12:18:33+00:00","description":"Depuis pr\u00e8s de 4 ans, ETF r\u00e9alise pour SNCF R\u00e9seau un contrat MOSO dans la r\u00e9gion Provence-Alpes-C\u00f4te-d'Azur...","breadcrumb":{"@id":"https:\/\/www.etf.fr\/en\/agence-sud-est-en\/etf-decharge-10-km-de-voie-entre-frejus-et-monaco\/#breadcrumb"},"inLanguage":"en-US","potentialAction":[{"@type":"ReadAction","target":["https:\/\/www.etf.fr\/en\/agence-sud-est-en\/etf-decharge-10-km-de-voie-entre-frejus-et-monaco\/"]}]},{"@type":"ImageObject","inLanguage":"en-US","@id":"https:\/\/www.etf.fr\/en\/agence-sud-est-en\/etf-decharge-10-km-de-voie-entre-frejus-et-monaco\/#primaryimage","url":"https:\/\/www.etf.fr\/wp-content\/uploads\/2022\/03\/2-2022-S_E-Dechargement-rail-Monaco-7.jpg","contentUrl":"https:\/\/www.etf.fr\/wp-content\/uploads\/2022\/03\/2-2022-S_E-Dechargement-rail-Monaco-7.jpg","width":2048,"height":1536},{"@type":"BreadcrumbList","@id":"https:\/\/www.etf.fr\/en\/agence-sud-est-en\/etf-decharge-10-km-de-voie-entre-frejus-et-monaco\/#breadcrumb","itemListElement":[{"@type":"ListItem","position":1,"name":"Accueil","item":"https:\/\/www.etf.fr\/en\/"},{"@type":"ListItem","position":2,"name":"ETF clears 10 km of track between Fr\u00e9jus and Monaco"}]},{"@type":"WebSite","@id":"https:\/\/www.etf.fr\/#website","url":"https:\/\/www.etf.fr\/","name":"ETF","description":"Your transport partner worldwide","publisher":{"@id":"https:\/\/www.etf.fr\/#organization"},"potentialAction":[{"@type":"SearchAction","target":{"@type":"EntryPoint","urlTemplate":"https:\/\/www.etf.fr\/?s={search_term_string}"},"query-input":{"@type":"PropertyValueSpecification","valueRequired":true,"valueName":"search_term_string"}}],"inLanguage":"en-US"},{"@type":"Organization","@id":"https:\/\/www.etf.fr\/#organization","name":"ETF","url":"https:\/\/www.etf.fr\/","logo":{"@type":"ImageObject","inLanguage":"en-US","@id":"https:\/\/www.etf.fr\/#\/schema\/logo\/image\/","url":"https:\/\/www.etf.fr\/wp-content\/uploads\/2019\/03\/logo-ETF.png","contentUrl":"https:\/\/www.etf.fr\/wp-content\/uploads\/2019\/03\/logo-ETF.png","width":272,"height":161,"caption":"ETF"},"image":{"@id":"https:\/\/www.etf.fr\/#\/schema\/logo\/image\/"}},{"@type":"Person","@id":"https:\/\/www.etf.fr\/#\/schema\/person\/161a2c149c1f701b263f97f54de35dbd","name":"mathilde","url":"https:\/\/www.etf.fr\/en\/author\/mathilde\/"}]}},"_links":{"self":[{"href":"https:\/\/www.etf.fr\/en\/wp-json\/wp\/v2\/posts\/12482800","targetHints":{"allow":["GET"]}}],"collection":[{"href":"https:\/\/www.etf.fr\/en\/wp-json\/wp\/v2\/posts"}],"about":[{"href":"https:\/\/www.etf.fr\/en\/wp-json\/wp\/v2\/types\/post"}],"author":[{"embeddable":true,"href":"https:\/\/www.etf.fr\/en\/wp-json\/wp\/v2\/users\/5"}],"replies":[{"embeddable":true,"href":"https:\/\/www.etf.fr\/en\/wp-json\/wp\/v2\/comments?post=12482800"}],"version-history":[{"count":1,"href":"https:\/\/www.etf.fr\/en\/wp-json\/wp\/v2\/posts\/12482800\/revisions"}],"predecessor-version":[{"id":12482801,"href":"https:\/\/www.etf.fr\/en\/wp-json\/wp\/v2\/posts\/12482800\/revisions\/12482801"}],"wp:featuredmedia":[{"embeddable":true,"href":"https:\/\/www.etf.fr\/en\/wp-json\/wp\/v2\/media\/58671"}],"wp:attachment":[{"href":"https:\/\/www.etf.fr\/en\/wp-json\/wp\/v2\/media?parent=12482800"}],"wp:term":[{"taxonomy":"category","embeddable":true,"href":"https:\/\/www.etf.fr\/en\/wp-json\/wp\/v2\/categories?post=12482800"},{"taxonomy":"post_tag","embeddable":true,"href":"https:\/\/www.etf.fr\/en\/wp-json\/wp\/v2\/tags?post=12482800"}],"curies":[{"name":"wp","href":"https:\/\/api.w.org\/{rel}","templated":true}]}}