{"id":12482869,"date":"2022-02-04T15:53:59","date_gmt":"2022-02-04T14:53:59","guid":{"rendered":"https:\/\/www.etf.fr\/uncategorized\/une-application-au-service-de-la-prevention\/"},"modified":"2025-09-26T14:23:32","modified_gmt":"2025-09-26T12:23:32","slug":"une-application-au-service-de-la-prevention","status":"publish","type":"post","link":"https:\/\/www.etf.fr\/en\/actualites-en\/une-application-au-service-de-la-prevention\/","title":{"rendered":"An application dedicated to prevention"},"content":{"rendered":"\n<h3 class=\"wp-block-heading has-vivid-red-color has-text-color\"><strong>Going beyond regulatory requirements for team safety!<\/strong><\/h3>\n\n\n\n<p>Periodically, and at least once a year, some of our small rail-mounted equipment is now subject to specific internal ETF checks in addition to the usual regulatory checks. In each of our agencies or at our rear bases, the maintenance teams examine the functioning of the brakes, the quality and integrity of the welds, the presence of reflective markings, and many other elements. This is genuine preventive maintenance on this type of equipment to ensure the smooth and safe running of construction sites.<\/p>\n\n\n\n<p>These periodic checks are not a substitute for the careful checks carried out by employees who use this type of equipment on a daily basis. They are best placed to detect any malfunctions and request the necessary corrective maintenance operations to reduce the risks associated with the use of this type of equipment.<\/p>\n\n\n\n<h3 class=\"wp-block-heading\"><strong>Unique, digitalised monitoring for each piece of rail-mounted equipment<\/strong><\/h3>\n\n\n\n<p>To facilitate the monitoring of this periodic and ad hoc maintenance, a specific application has been made available to the equipment network. The inspection sheets are digitalised and automatically archived after validation. This means that each piece of rail-mounted equipment has its own health record, just as machines have their own maintenance log.<\/p>\n\n\n\n<p>Available in French and German, this application saves time and makes the verification process considerably easier for the user. It also ensures the traceability of checks. Ultimately, this application should make it possible to identify the most common anomalies and take appropriate action.<\/p>\n\n\n\n<p><\/p>\n","protected":false},"excerpt":{"rendered":"<p>Periodically, and at least once a year, some of our small rail-mounted equipment is now subject to specific internal ETF checks in addition to the usual regulatory checks.<\/p>\n","protected":false},"author":5,"featured_media":57354,"comment_status":"closed","ping_status":"closed","sticky":false,"template":"","format":"standard","meta":{"_acf_changed":false,"footnotes":""},"categories":[191],"tags":[],"class_list":["post-12482869","post","type-post","status-publish","format-standard","has-post-thumbnail","hentry","category-actualites-en"],"acf":[],"yoast_head":"<!-- This site is optimized with the Yoast SEO plugin v27.5 - https:\/\/yoast.com\/product\/yoast-seo-wordpress\/ -->\n<title>An application dedicated to prevention - ETF<\/title>\n<meta name=\"description\" content=\"P\u00e9riodiquement et sans exc\u00e9der 1 an, certains de nos petits mat\u00e9riels enraillables font d\u00e9sormais l&#039;objet de contr\u00f4les internes sp\u00e9cifiques\" \/>\n<meta name=\"robots\" content=\"index, follow, max-snippet:-1, max-image-preview:large, max-video-preview:-1\" \/>\n<link rel=\"canonical\" href=\"https:\/\/www.etf.fr\/en\/actualites-en\/une-application-au-service-de-la-prevention\/\" \/>\n<meta property=\"og:locale\" content=\"en_US\" \/>\n<meta property=\"og:type\" content=\"article\" \/>\n<meta property=\"og:title\" content=\"An application dedicated to prevention - ETF\" \/>\n<meta property=\"og:description\" content=\"P\u00e9riodiquement et sans exc\u00e9der 1 an, certains de nos petits mat\u00e9riels enraillables font d\u00e9sormais l&#039;objet de contr\u00f4les internes sp\u00e9cifiques\" \/>\n<meta property=\"og:url\" content=\"https:\/\/www.etf.fr\/en\/actualites-en\/une-application-au-service-de-la-prevention\/\" \/>\n<meta property=\"og:site_name\" content=\"ETF\" \/>\n<meta property=\"article:published_time\" content=\"2022-02-04T14:53:59+00:00\" \/>\n<meta property=\"article:modified_time\" content=\"2025-09-26T12:23:32+00:00\" \/>\n<meta property=\"og:image\" content=\"https:\/\/www.etf.fr\/wp-content\/uploads\/2022\/02\/IMG_9889-713x535.jpg\" \/>\n\t<meta property=\"og:image:width\" content=\"713\" \/>\n\t<meta property=\"og:image:height\" content=\"535\" \/>\n\t<meta property=\"og:image:type\" content=\"image\/jpeg\" \/>\n<meta name=\"author\" content=\"mathilde\" \/>\n<meta name=\"twitter:card\" content=\"summary_large_image\" \/>\n<meta name=\"twitter:label1\" content=\"Written by\" \/>\n\t<meta name=\"twitter:data1\" content=\"mathilde\" \/>\n\t<meta name=\"twitter:label2\" content=\"Est. reading time\" \/>\n\t<meta name=\"twitter:data2\" content=\"2 minutes\" \/>\n<script type=\"application\/ld+json\" class=\"yoast-schema-graph\">{\"@context\":\"https:\\\/\\\/schema.org\",\"@graph\":[{\"@type\":\"Article\",\"@id\":\"https:\\\/\\\/www.etf.fr\\\/en\\\/actualites-en\\\/une-application-au-service-de-la-prevention\\\/#article\",\"isPartOf\":{\"@id\":\"https:\\\/\\\/www.etf.fr\\\/en\\\/actualites-en\\\/une-application-au-service-de-la-prevention\\\/\"},\"author\":{\"name\":\"mathilde\",\"@id\":\"https:\\\/\\\/www.etf.fr\\\/#\\\/schema\\\/person\\\/161a2c149c1f701b263f97f54de35dbd\"},\"headline\":\"An application dedicated to prevention\",\"datePublished\":\"2022-02-04T14:53:59+00:00\",\"dateModified\":\"2025-09-26T12:23:32+00:00\",\"mainEntityOfPage\":{\"@id\":\"https:\\\/\\\/www.etf.fr\\\/en\\\/actualites-en\\\/une-application-au-service-de-la-prevention\\\/\"},\"wordCount\":253,\"publisher\":{\"@id\":\"https:\\\/\\\/www.etf.fr\\\/#organization\"},\"image\":{\"@id\":\"https:\\\/\\\/www.etf.fr\\\/en\\\/actualites-en\\\/une-application-au-service-de-la-prevention\\\/#primaryimage\"},\"thumbnailUrl\":\"https:\\\/\\\/www.etf.fr\\\/wp-content\\\/uploads\\\/2022\\\/02\\\/IMG_9889.jpg\",\"articleSection\":[\"Actualit\u00e9s\"],\"inLanguage\":\"en-US\"},{\"@type\":\"WebPage\",\"@id\":\"https:\\\/\\\/www.etf.fr\\\/en\\\/actualites-en\\\/une-application-au-service-de-la-prevention\\\/\",\"url\":\"https:\\\/\\\/www.etf.fr\\\/en\\\/actualites-en\\\/une-application-au-service-de-la-prevention\\\/\",\"name\":\"An application dedicated to prevention - ETF\",\"isPartOf\":{\"@id\":\"https:\\\/\\\/www.etf.fr\\\/#website\"},\"primaryImageOfPage\":{\"@id\":\"https:\\\/\\\/www.etf.fr\\\/en\\\/actualites-en\\\/une-application-au-service-de-la-prevention\\\/#primaryimage\"},\"image\":{\"@id\":\"https:\\\/\\\/www.etf.fr\\\/en\\\/actualites-en\\\/une-application-au-service-de-la-prevention\\\/#primaryimage\"},\"thumbnailUrl\":\"https:\\\/\\\/www.etf.fr\\\/wp-content\\\/uploads\\\/2022\\\/02\\\/IMG_9889.jpg\",\"datePublished\":\"2022-02-04T14:53:59+00:00\",\"dateModified\":\"2025-09-26T12:23:32+00:00\",\"description\":\"P\u00e9riodiquement et sans exc\u00e9der 1 an, certains de nos petits mat\u00e9riels enraillables font d\u00e9sormais l'objet de contr\u00f4les internes sp\u00e9cifiques\",\"breadcrumb\":{\"@id\":\"https:\\\/\\\/www.etf.fr\\\/en\\\/actualites-en\\\/une-application-au-service-de-la-prevention\\\/#breadcrumb\"},\"inLanguage\":\"en-US\",\"potentialAction\":[{\"@type\":\"ReadAction\",\"target\":[\"https:\\\/\\\/www.etf.fr\\\/en\\\/actualites-en\\\/une-application-au-service-de-la-prevention\\\/\"]}]},{\"@type\":\"ImageObject\",\"inLanguage\":\"en-US\",\"@id\":\"https:\\\/\\\/www.etf.fr\\\/en\\\/actualites-en\\\/une-application-au-service-de-la-prevention\\\/#primaryimage\",\"url\":\"https:\\\/\\\/www.etf.fr\\\/wp-content\\\/uploads\\\/2022\\\/02\\\/IMG_9889.jpg\",\"contentUrl\":\"https:\\\/\\\/www.etf.fr\\\/wp-content\\\/uploads\\\/2022\\\/02\\\/IMG_9889.jpg\",\"width\":2560,\"height\":1920},{\"@type\":\"BreadcrumbList\",\"@id\":\"https:\\\/\\\/www.etf.fr\\\/en\\\/actualites-en\\\/une-application-au-service-de-la-prevention\\\/#breadcrumb\",\"itemListElement\":[{\"@type\":\"ListItem\",\"position\":1,\"name\":\"Accueil\",\"item\":\"https:\\\/\\\/www.etf.fr\\\/en\\\/\"},{\"@type\":\"ListItem\",\"position\":2,\"name\":\"An application dedicated to prevention\"}]},{\"@type\":\"WebSite\",\"@id\":\"https:\\\/\\\/www.etf.fr\\\/#website\",\"url\":\"https:\\\/\\\/www.etf.fr\\\/\",\"name\":\"ETF\",\"description\":\"Your transport partner worldwide\",\"publisher\":{\"@id\":\"https:\\\/\\\/www.etf.fr\\\/#organization\"},\"potentialAction\":[{\"@type\":\"SearchAction\",\"target\":{\"@type\":\"EntryPoint\",\"urlTemplate\":\"https:\\\/\\\/www.etf.fr\\\/?s={search_term_string}\"},\"query-input\":{\"@type\":\"PropertyValueSpecification\",\"valueRequired\":true,\"valueName\":\"search_term_string\"}}],\"inLanguage\":\"en-US\"},{\"@type\":\"Organization\",\"@id\":\"https:\\\/\\\/www.etf.fr\\\/#organization\",\"name\":\"ETF\",\"url\":\"https:\\\/\\\/www.etf.fr\\\/\",\"logo\":{\"@type\":\"ImageObject\",\"inLanguage\":\"en-US\",\"@id\":\"https:\\\/\\\/www.etf.fr\\\/#\\\/schema\\\/logo\\\/image\\\/\",\"url\":\"https:\\\/\\\/www.etf.fr\\\/wp-content\\\/uploads\\\/2019\\\/03\\\/logo-ETF.png\",\"contentUrl\":\"https:\\\/\\\/www.etf.fr\\\/wp-content\\\/uploads\\\/2019\\\/03\\\/logo-ETF.png\",\"width\":272,\"height\":161,\"caption\":\"ETF\"},\"image\":{\"@id\":\"https:\\\/\\\/www.etf.fr\\\/#\\\/schema\\\/logo\\\/image\\\/\"}},{\"@type\":\"Person\",\"@id\":\"https:\\\/\\\/www.etf.fr\\\/#\\\/schema\\\/person\\\/161a2c149c1f701b263f97f54de35dbd\",\"name\":\"mathilde\",\"url\":\"https:\\\/\\\/www.etf.fr\\\/en\\\/author\\\/mathilde\\\/\"}]}<\/script>\n<!-- \/ Yoast SEO plugin. -->","yoast_head_json":{"title":"An application dedicated to prevention - ETF","description":"P\u00e9riodiquement et sans exc\u00e9der 1 an, certains de nos petits mat\u00e9riels enraillables font d\u00e9sormais l'objet de contr\u00f4les internes sp\u00e9cifiques","robots":{"index":"index","follow":"follow","max-snippet":"max-snippet:-1","max-image-preview":"max-image-preview:large","max-video-preview":"max-video-preview:-1"},"canonical":"https:\/\/www.etf.fr\/en\/actualites-en\/une-application-au-service-de-la-prevention\/","og_locale":"en_US","og_type":"article","og_title":"An application dedicated to prevention - ETF","og_description":"P\u00e9riodiquement et sans exc\u00e9der 1 an, certains de nos petits mat\u00e9riels enraillables font d\u00e9sormais l'objet de contr\u00f4les internes sp\u00e9cifiques","og_url":"https:\/\/www.etf.fr\/en\/actualites-en\/une-application-au-service-de-la-prevention\/","og_site_name":"ETF","article_published_time":"2022-02-04T14:53:59+00:00","article_modified_time":"2025-09-26T12:23:32+00:00","og_image":[{"width":713,"height":535,"url":"https:\/\/www.etf.fr\/wp-content\/uploads\/2022\/02\/IMG_9889-713x535.jpg","type":"image\/jpeg"}],"author":"mathilde","twitter_card":"summary_large_image","twitter_misc":{"Written by":"mathilde","Est. reading time":"2 minutes"},"schema":{"@context":"https:\/\/schema.org","@graph":[{"@type":"Article","@id":"https:\/\/www.etf.fr\/en\/actualites-en\/une-application-au-service-de-la-prevention\/#article","isPartOf":{"@id":"https:\/\/www.etf.fr\/en\/actualites-en\/une-application-au-service-de-la-prevention\/"},"author":{"name":"mathilde","@id":"https:\/\/www.etf.fr\/#\/schema\/person\/161a2c149c1f701b263f97f54de35dbd"},"headline":"An application dedicated to prevention","datePublished":"2022-02-04T14:53:59+00:00","dateModified":"2025-09-26T12:23:32+00:00","mainEntityOfPage":{"@id":"https:\/\/www.etf.fr\/en\/actualites-en\/une-application-au-service-de-la-prevention\/"},"wordCount":253,"publisher":{"@id":"https:\/\/www.etf.fr\/#organization"},"image":{"@id":"https:\/\/www.etf.fr\/en\/actualites-en\/une-application-au-service-de-la-prevention\/#primaryimage"},"thumbnailUrl":"https:\/\/www.etf.fr\/wp-content\/uploads\/2022\/02\/IMG_9889.jpg","articleSection":["Actualit\u00e9s"],"inLanguage":"en-US"},{"@type":"WebPage","@id":"https:\/\/www.etf.fr\/en\/actualites-en\/une-application-au-service-de-la-prevention\/","url":"https:\/\/www.etf.fr\/en\/actualites-en\/une-application-au-service-de-la-prevention\/","name":"An application dedicated to prevention - ETF","isPartOf":{"@id":"https:\/\/www.etf.fr\/#website"},"primaryImageOfPage":{"@id":"https:\/\/www.etf.fr\/en\/actualites-en\/une-application-au-service-de-la-prevention\/#primaryimage"},"image":{"@id":"https:\/\/www.etf.fr\/en\/actualites-en\/une-application-au-service-de-la-prevention\/#primaryimage"},"thumbnailUrl":"https:\/\/www.etf.fr\/wp-content\/uploads\/2022\/02\/IMG_9889.jpg","datePublished":"2022-02-04T14:53:59+00:00","dateModified":"2025-09-26T12:23:32+00:00","description":"P\u00e9riodiquement et sans exc\u00e9der 1 an, certains de nos petits mat\u00e9riels enraillables font d\u00e9sormais l'objet de contr\u00f4les internes sp\u00e9cifiques","breadcrumb":{"@id":"https:\/\/www.etf.fr\/en\/actualites-en\/une-application-au-service-de-la-prevention\/#breadcrumb"},"inLanguage":"en-US","potentialAction":[{"@type":"ReadAction","target":["https:\/\/www.etf.fr\/en\/actualites-en\/une-application-au-service-de-la-prevention\/"]}]},{"@type":"ImageObject","inLanguage":"en-US","@id":"https:\/\/www.etf.fr\/en\/actualites-en\/une-application-au-service-de-la-prevention\/#primaryimage","url":"https:\/\/www.etf.fr\/wp-content\/uploads\/2022\/02\/IMG_9889.jpg","contentUrl":"https:\/\/www.etf.fr\/wp-content\/uploads\/2022\/02\/IMG_9889.jpg","width":2560,"height":1920},{"@type":"BreadcrumbList","@id":"https:\/\/www.etf.fr\/en\/actualites-en\/une-application-au-service-de-la-prevention\/#breadcrumb","itemListElement":[{"@type":"ListItem","position":1,"name":"Accueil","item":"https:\/\/www.etf.fr\/en\/"},{"@type":"ListItem","position":2,"name":"An application dedicated to prevention"}]},{"@type":"WebSite","@id":"https:\/\/www.etf.fr\/#website","url":"https:\/\/www.etf.fr\/","name":"ETF","description":"Your transport partner worldwide","publisher":{"@id":"https:\/\/www.etf.fr\/#organization"},"potentialAction":[{"@type":"SearchAction","target":{"@type":"EntryPoint","urlTemplate":"https:\/\/www.etf.fr\/?s={search_term_string}"},"query-input":{"@type":"PropertyValueSpecification","valueRequired":true,"valueName":"search_term_string"}}],"inLanguage":"en-US"},{"@type":"Organization","@id":"https:\/\/www.etf.fr\/#organization","name":"ETF","url":"https:\/\/www.etf.fr\/","logo":{"@type":"ImageObject","inLanguage":"en-US","@id":"https:\/\/www.etf.fr\/#\/schema\/logo\/image\/","url":"https:\/\/www.etf.fr\/wp-content\/uploads\/2019\/03\/logo-ETF.png","contentUrl":"https:\/\/www.etf.fr\/wp-content\/uploads\/2019\/03\/logo-ETF.png","width":272,"height":161,"caption":"ETF"},"image":{"@id":"https:\/\/www.etf.fr\/#\/schema\/logo\/image\/"}},{"@type":"Person","@id":"https:\/\/www.etf.fr\/#\/schema\/person\/161a2c149c1f701b263f97f54de35dbd","name":"mathilde","url":"https:\/\/www.etf.fr\/en\/author\/mathilde\/"}]}},"_links":{"self":[{"href":"https:\/\/www.etf.fr\/en\/wp-json\/wp\/v2\/posts\/12482869","targetHints":{"allow":["GET"]}}],"collection":[{"href":"https:\/\/www.etf.fr\/en\/wp-json\/wp\/v2\/posts"}],"about":[{"href":"https:\/\/www.etf.fr\/en\/wp-json\/wp\/v2\/types\/post"}],"author":[{"embeddable":true,"href":"https:\/\/www.etf.fr\/en\/wp-json\/wp\/v2\/users\/5"}],"replies":[{"embeddable":true,"href":"https:\/\/www.etf.fr\/en\/wp-json\/wp\/v2\/comments?post=12482869"}],"version-history":[{"count":1,"href":"https:\/\/www.etf.fr\/en\/wp-json\/wp\/v2\/posts\/12482869\/revisions"}],"predecessor-version":[{"id":12482870,"href":"https:\/\/www.etf.fr\/en\/wp-json\/wp\/v2\/posts\/12482869\/revisions\/12482870"}],"wp:featuredmedia":[{"embeddable":true,"href":"https:\/\/www.etf.fr\/en\/wp-json\/wp\/v2\/media\/57354"}],"wp:attachment":[{"href":"https:\/\/www.etf.fr\/en\/wp-json\/wp\/v2\/media?parent=12482869"}],"wp:term":[{"taxonomy":"category","embeddable":true,"href":"https:\/\/www.etf.fr\/en\/wp-json\/wp\/v2\/categories?post=12482869"},{"taxonomy":"post_tag","embeddable":true,"href":"https:\/\/www.etf.fr\/en\/wp-json\/wp\/v2\/tags?post=12482869"}],"curies":[{"name":"wp","href":"https:\/\/api.w.org\/{rel}","templated":true}]}}