{"id":12482875,"date":"2022-01-25T15:13:42","date_gmt":"2022-01-25T14:13:42","guid":{"rendered":"https:\/\/www.etf.fr\/uncategorized\/etf-renove-la-zone-de-triage-de-drancy\/"},"modified":"2025-09-26T14:25:59","modified_gmt":"2025-09-26T12:25:59","slug":"etf-renove-la-zone-de-triage-de-drancy","status":"publish","type":"post","link":"https:\/\/www.etf.fr\/en\/agence-nord-en\/etf-renove-la-zone-de-triage-de-drancy\/","title":{"rendered":"Renovation of the Drancy sorting area, the first milestone in a major project"},"content":{"rendered":"\n<p><strong><em>D<\/em><\/strong><strong><em>As part of the SDMR (Rolling Stock Master Plan) project, the \u00cele-de-France region has acquired<\/em> <\/strong><em><strong>new trains for the RER B and D lines. Putting them into service requires numerous adjustments to the network. SNCF R\u00e9seau has therefore called on the teams at ETF G\u00e9nie Civil to carry out four years of work to adapt the platforms at the stations concerned.<\/strong><\/em><\/p>\n\n\n\n<p>To carry out this project, they will be able to count on the synergy of the Group and, in particular, on the support of the ETF Paris-Nord teams, who will carry out the associated track work. They have also renovated the tracks in a storage area at Drancy station for the SDMR project.<\/p>\n\n\n\n<h3 class=\"wp-block-heading\"><strong>Refurbishment of the Drancy marshalling yard<\/strong><\/h3>\n\n\n\n<p>A dozen operational staff were mobilised between early December 2021 and mid-January 2022 to refurbish the Drancy storage area, also known as Parc Cat\u00e9naires. Initially used as a depot for a Grand Paris Express construction site, this area has been completely renovated thanks to:<\/p>\n\n\n\n<ul class=\"wp-block-list\">\n<li>the replacement of 750 metres of track and ballast,<\/li>\n\n\n\n<li>the replacement of ballast and timber for five sets of points<\/li>\n\n\n\n<li>and the removal of two sets of points.<\/li>\n<\/ul>\n\n\n\n<p>The Paris-Nord sector teams were able to count on a civil engineering team who came to build a concrete platform to facilitate the passage of machinery.<\/p>\n\n\n\n<h3 class=\"wp-block-heading\"><strong>Recovery of materials<\/strong><\/h3>\n\n\n\n<p>In collaboration with the SNCF R\u00e9seau Equipment Department, this project relied on a system for recovering and reusing track components. As trains travel at very low speeds on service tracks, their renewal is conducive to the circular economy, which consists of reusing materials that cannot be used on national rail network track construction sites. This principle makes it possible to limit waste production and reduce costs while complying with the network&#8217;s quality standards.<\/p>\n\n\n\n<p>As a result, the 1,500 metres of rail, 1,300 sleepers and 2,000 tonnes of ballast required for the project were recovered from nearby sites by SNCF R\u00e9seau and made available to our operational teams.<\/p>\n","protected":false},"excerpt":{"rendered":"<p>DAs part of the SDMR (Rolling Stock Master Plan) project, the \u00cele-de-France region has acquired new trains for the RER B and D lines. Putting them into service requires numerous adjustments to the network. SNCF R\u00e9seau has therefore called on the teams at ETF G\u00e9nie Civil to carry out four years of work to adapt the platforms at the stations concerned.<\/p>\n","protected":false},"author":5,"featured_media":56955,"comment_status":"closed","ping_status":"closed","sticky":false,"template":"","format":"standard","meta":{"_acf_changed":false,"footnotes":""},"categories":[200],"tags":[],"class_list":["post-12482875","post","type-post","status-publish","format-standard","has-post-thumbnail","hentry","category-agence-nord-en"],"acf":[],"yoast_head":"<!-- This site is optimized with the Yoast SEO plugin v27.5 - https:\/\/yoast.com\/product\/yoast-seo-wordpress\/ -->\n<title>Renovation of the Drancy sorting area, the first milestone in a major project - ETF<\/title>\n<meta name=\"description\" content=\"Une douzaine d\u2019op\u00e9rationnels ETF se sont mobilis\u00e9s entre d\u00e9cembre 2021 et mi-janvier 2022 pour remettre en \u00e9tat la zone de stockage de Drancy\" \/>\n<meta name=\"robots\" content=\"index, follow, max-snippet:-1, max-image-preview:large, max-video-preview:-1\" \/>\n<link rel=\"canonical\" href=\"https:\/\/www.etf.fr\/en\/agence-nord-en\/etf-renove-la-zone-de-triage-de-drancy\/\" \/>\n<meta property=\"og:locale\" content=\"en_US\" \/>\n<meta property=\"og:type\" content=\"article\" \/>\n<meta property=\"og:title\" content=\"Renovation of the Drancy sorting area, the first milestone in a major project - ETF\" \/>\n<meta property=\"og:description\" content=\"Une douzaine d\u2019op\u00e9rationnels ETF se sont mobilis\u00e9s entre d\u00e9cembre 2021 et mi-janvier 2022 pour remettre en \u00e9tat la zone de stockage de Drancy\" \/>\n<meta property=\"og:url\" content=\"https:\/\/www.etf.fr\/en\/agence-nord-en\/etf-renove-la-zone-de-triage-de-drancy\/\" \/>\n<meta property=\"og:site_name\" content=\"ETF\" \/>\n<meta property=\"article:published_time\" content=\"2022-01-25T14:13:42+00:00\" \/>\n<meta property=\"article:modified_time\" content=\"2025-09-26T12:25:59+00:00\" \/>\n<meta property=\"og:image\" content=\"https:\/\/www.etf.fr\/wp-content\/uploads\/2022\/01\/2022-Agence-Nord-RVB-Drancy-5.jpg\" \/>\n\t<meta property=\"og:image:width\" content=\"1536\" \/>\n\t<meta property=\"og:image:height\" content=\"1411\" \/>\n\t<meta property=\"og:image:type\" content=\"image\/jpeg\" \/>\n<meta name=\"author\" content=\"mathilde\" \/>\n<meta name=\"twitter:card\" content=\"summary_large_image\" \/>\n<meta name=\"twitter:label1\" content=\"Written by\" \/>\n\t<meta name=\"twitter:data1\" content=\"mathilde\" \/>\n\t<meta name=\"twitter:label2\" content=\"Est. reading time\" \/>\n\t<meta name=\"twitter:data2\" content=\"2 minutes\" \/>\n<script type=\"application\/ld+json\" class=\"yoast-schema-graph\">{\"@context\":\"https:\\\/\\\/schema.org\",\"@graph\":[{\"@type\":\"Article\",\"@id\":\"https:\\\/\\\/www.etf.fr\\\/en\\\/agence-nord-en\\\/etf-renove-la-zone-de-triage-de-drancy\\\/#article\",\"isPartOf\":{\"@id\":\"https:\\\/\\\/www.etf.fr\\\/en\\\/agence-nord-en\\\/etf-renove-la-zone-de-triage-de-drancy\\\/\"},\"author\":{\"name\":\"mathilde\",\"@id\":\"https:\\\/\\\/www.etf.fr\\\/#\\\/schema\\\/person\\\/161a2c149c1f701b263f97f54de35dbd\"},\"headline\":\"Renovation of the Drancy sorting area, the first milestone in a major project\",\"datePublished\":\"2022-01-25T14:13:42+00:00\",\"dateModified\":\"2025-09-26T12:25:59+00:00\",\"mainEntityOfPage\":{\"@id\":\"https:\\\/\\\/www.etf.fr\\\/en\\\/agence-nord-en\\\/etf-renove-la-zone-de-triage-de-drancy\\\/\"},\"wordCount\":341,\"publisher\":{\"@id\":\"https:\\\/\\\/www.etf.fr\\\/#organization\"},\"image\":{\"@id\":\"https:\\\/\\\/www.etf.fr\\\/en\\\/agence-nord-en\\\/etf-renove-la-zone-de-triage-de-drancy\\\/#primaryimage\"},\"thumbnailUrl\":\"https:\\\/\\\/www.etf.fr\\\/wp-content\\\/uploads\\\/2022\\\/01\\\/2022-Agence-Nord-RVB-Drancy-5.jpg\",\"articleSection\":[\"Agence Nord\"],\"inLanguage\":\"en-US\"},{\"@type\":\"WebPage\",\"@id\":\"https:\\\/\\\/www.etf.fr\\\/en\\\/agence-nord-en\\\/etf-renove-la-zone-de-triage-de-drancy\\\/\",\"url\":\"https:\\\/\\\/www.etf.fr\\\/en\\\/agence-nord-en\\\/etf-renove-la-zone-de-triage-de-drancy\\\/\",\"name\":\"Renovation of the Drancy sorting area, the first milestone in a major project - ETF\",\"isPartOf\":{\"@id\":\"https:\\\/\\\/www.etf.fr\\\/#website\"},\"primaryImageOfPage\":{\"@id\":\"https:\\\/\\\/www.etf.fr\\\/en\\\/agence-nord-en\\\/etf-renove-la-zone-de-triage-de-drancy\\\/#primaryimage\"},\"image\":{\"@id\":\"https:\\\/\\\/www.etf.fr\\\/en\\\/agence-nord-en\\\/etf-renove-la-zone-de-triage-de-drancy\\\/#primaryimage\"},\"thumbnailUrl\":\"https:\\\/\\\/www.etf.fr\\\/wp-content\\\/uploads\\\/2022\\\/01\\\/2022-Agence-Nord-RVB-Drancy-5.jpg\",\"datePublished\":\"2022-01-25T14:13:42+00:00\",\"dateModified\":\"2025-09-26T12:25:59+00:00\",\"description\":\"Une douzaine d\u2019op\u00e9rationnels ETF se sont mobilis\u00e9s entre d\u00e9cembre 2021 et mi-janvier 2022 pour remettre en \u00e9tat la zone de stockage de Drancy\",\"breadcrumb\":{\"@id\":\"https:\\\/\\\/www.etf.fr\\\/en\\\/agence-nord-en\\\/etf-renove-la-zone-de-triage-de-drancy\\\/#breadcrumb\"},\"inLanguage\":\"en-US\",\"potentialAction\":[{\"@type\":\"ReadAction\",\"target\":[\"https:\\\/\\\/www.etf.fr\\\/en\\\/agence-nord-en\\\/etf-renove-la-zone-de-triage-de-drancy\\\/\"]}]},{\"@type\":\"ImageObject\",\"inLanguage\":\"en-US\",\"@id\":\"https:\\\/\\\/www.etf.fr\\\/en\\\/agence-nord-en\\\/etf-renove-la-zone-de-triage-de-drancy\\\/#primaryimage\",\"url\":\"https:\\\/\\\/www.etf.fr\\\/wp-content\\\/uploads\\\/2022\\\/01\\\/2022-Agence-Nord-RVB-Drancy-5.jpg\",\"contentUrl\":\"https:\\\/\\\/www.etf.fr\\\/wp-content\\\/uploads\\\/2022\\\/01\\\/2022-Agence-Nord-RVB-Drancy-5.jpg\",\"width\":1536,\"height\":1411},{\"@type\":\"BreadcrumbList\",\"@id\":\"https:\\\/\\\/www.etf.fr\\\/en\\\/agence-nord-en\\\/etf-renove-la-zone-de-triage-de-drancy\\\/#breadcrumb\",\"itemListElement\":[{\"@type\":\"ListItem\",\"position\":1,\"name\":\"Accueil\",\"item\":\"https:\\\/\\\/www.etf.fr\\\/en\\\/\"},{\"@type\":\"ListItem\",\"position\":2,\"name\":\"Renovation of the Drancy sorting area, the first milestone in a major project\"}]},{\"@type\":\"WebSite\",\"@id\":\"https:\\\/\\\/www.etf.fr\\\/#website\",\"url\":\"https:\\\/\\\/www.etf.fr\\\/\",\"name\":\"ETF\",\"description\":\"Your transport partner worldwide\",\"publisher\":{\"@id\":\"https:\\\/\\\/www.etf.fr\\\/#organization\"},\"potentialAction\":[{\"@type\":\"SearchAction\",\"target\":{\"@type\":\"EntryPoint\",\"urlTemplate\":\"https:\\\/\\\/www.etf.fr\\\/?s={search_term_string}\"},\"query-input\":{\"@type\":\"PropertyValueSpecification\",\"valueRequired\":true,\"valueName\":\"search_term_string\"}}],\"inLanguage\":\"en-US\"},{\"@type\":\"Organization\",\"@id\":\"https:\\\/\\\/www.etf.fr\\\/#organization\",\"name\":\"ETF\",\"url\":\"https:\\\/\\\/www.etf.fr\\\/\",\"logo\":{\"@type\":\"ImageObject\",\"inLanguage\":\"en-US\",\"@id\":\"https:\\\/\\\/www.etf.fr\\\/#\\\/schema\\\/logo\\\/image\\\/\",\"url\":\"https:\\\/\\\/www.etf.fr\\\/wp-content\\\/uploads\\\/2019\\\/03\\\/logo-ETF.png\",\"contentUrl\":\"https:\\\/\\\/www.etf.fr\\\/wp-content\\\/uploads\\\/2019\\\/03\\\/logo-ETF.png\",\"width\":272,\"height\":161,\"caption\":\"ETF\"},\"image\":{\"@id\":\"https:\\\/\\\/www.etf.fr\\\/#\\\/schema\\\/logo\\\/image\\\/\"}},{\"@type\":\"Person\",\"@id\":\"https:\\\/\\\/www.etf.fr\\\/#\\\/schema\\\/person\\\/161a2c149c1f701b263f97f54de35dbd\",\"name\":\"mathilde\",\"url\":\"https:\\\/\\\/www.etf.fr\\\/en\\\/author\\\/mathilde\\\/\"}]}<\/script>\n<!-- \/ Yoast SEO plugin. -->","yoast_head_json":{"title":"Renovation of the Drancy sorting area, the first milestone in a major project - ETF","description":"Une douzaine d\u2019op\u00e9rationnels ETF se sont mobilis\u00e9s entre d\u00e9cembre 2021 et mi-janvier 2022 pour remettre en \u00e9tat la zone de stockage de Drancy","robots":{"index":"index","follow":"follow","max-snippet":"max-snippet:-1","max-image-preview":"max-image-preview:large","max-video-preview":"max-video-preview:-1"},"canonical":"https:\/\/www.etf.fr\/en\/agence-nord-en\/etf-renove-la-zone-de-triage-de-drancy\/","og_locale":"en_US","og_type":"article","og_title":"Renovation of the Drancy sorting area, the first milestone in a major project - ETF","og_description":"Une douzaine d\u2019op\u00e9rationnels ETF se sont mobilis\u00e9s entre d\u00e9cembre 2021 et mi-janvier 2022 pour remettre en \u00e9tat la zone de stockage de Drancy","og_url":"https:\/\/www.etf.fr\/en\/agence-nord-en\/etf-renove-la-zone-de-triage-de-drancy\/","og_site_name":"ETF","article_published_time":"2022-01-25T14:13:42+00:00","article_modified_time":"2025-09-26T12:25:59+00:00","og_image":[{"width":1536,"height":1411,"url":"https:\/\/www.etf.fr\/wp-content\/uploads\/2022\/01\/2022-Agence-Nord-RVB-Drancy-5.jpg","type":"image\/jpeg"}],"author":"mathilde","twitter_card":"summary_large_image","twitter_misc":{"Written by":"mathilde","Est. reading time":"2 minutes"},"schema":{"@context":"https:\/\/schema.org","@graph":[{"@type":"Article","@id":"https:\/\/www.etf.fr\/en\/agence-nord-en\/etf-renove-la-zone-de-triage-de-drancy\/#article","isPartOf":{"@id":"https:\/\/www.etf.fr\/en\/agence-nord-en\/etf-renove-la-zone-de-triage-de-drancy\/"},"author":{"name":"mathilde","@id":"https:\/\/www.etf.fr\/#\/schema\/person\/161a2c149c1f701b263f97f54de35dbd"},"headline":"Renovation of the Drancy sorting area, the first milestone in a major project","datePublished":"2022-01-25T14:13:42+00:00","dateModified":"2025-09-26T12:25:59+00:00","mainEntityOfPage":{"@id":"https:\/\/www.etf.fr\/en\/agence-nord-en\/etf-renove-la-zone-de-triage-de-drancy\/"},"wordCount":341,"publisher":{"@id":"https:\/\/www.etf.fr\/#organization"},"image":{"@id":"https:\/\/www.etf.fr\/en\/agence-nord-en\/etf-renove-la-zone-de-triage-de-drancy\/#primaryimage"},"thumbnailUrl":"https:\/\/www.etf.fr\/wp-content\/uploads\/2022\/01\/2022-Agence-Nord-RVB-Drancy-5.jpg","articleSection":["Agence Nord"],"inLanguage":"en-US"},{"@type":"WebPage","@id":"https:\/\/www.etf.fr\/en\/agence-nord-en\/etf-renove-la-zone-de-triage-de-drancy\/","url":"https:\/\/www.etf.fr\/en\/agence-nord-en\/etf-renove-la-zone-de-triage-de-drancy\/","name":"Renovation of the Drancy sorting area, the first milestone in a major project - ETF","isPartOf":{"@id":"https:\/\/www.etf.fr\/#website"},"primaryImageOfPage":{"@id":"https:\/\/www.etf.fr\/en\/agence-nord-en\/etf-renove-la-zone-de-triage-de-drancy\/#primaryimage"},"image":{"@id":"https:\/\/www.etf.fr\/en\/agence-nord-en\/etf-renove-la-zone-de-triage-de-drancy\/#primaryimage"},"thumbnailUrl":"https:\/\/www.etf.fr\/wp-content\/uploads\/2022\/01\/2022-Agence-Nord-RVB-Drancy-5.jpg","datePublished":"2022-01-25T14:13:42+00:00","dateModified":"2025-09-26T12:25:59+00:00","description":"Une douzaine d\u2019op\u00e9rationnels ETF se sont mobilis\u00e9s entre d\u00e9cembre 2021 et mi-janvier 2022 pour remettre en \u00e9tat la zone de stockage de Drancy","breadcrumb":{"@id":"https:\/\/www.etf.fr\/en\/agence-nord-en\/etf-renove-la-zone-de-triage-de-drancy\/#breadcrumb"},"inLanguage":"en-US","potentialAction":[{"@type":"ReadAction","target":["https:\/\/www.etf.fr\/en\/agence-nord-en\/etf-renove-la-zone-de-triage-de-drancy\/"]}]},{"@type":"ImageObject","inLanguage":"en-US","@id":"https:\/\/www.etf.fr\/en\/agence-nord-en\/etf-renove-la-zone-de-triage-de-drancy\/#primaryimage","url":"https:\/\/www.etf.fr\/wp-content\/uploads\/2022\/01\/2022-Agence-Nord-RVB-Drancy-5.jpg","contentUrl":"https:\/\/www.etf.fr\/wp-content\/uploads\/2022\/01\/2022-Agence-Nord-RVB-Drancy-5.jpg","width":1536,"height":1411},{"@type":"BreadcrumbList","@id":"https:\/\/www.etf.fr\/en\/agence-nord-en\/etf-renove-la-zone-de-triage-de-drancy\/#breadcrumb","itemListElement":[{"@type":"ListItem","position":1,"name":"Accueil","item":"https:\/\/www.etf.fr\/en\/"},{"@type":"ListItem","position":2,"name":"Renovation of the Drancy sorting area, the first milestone in a major project"}]},{"@type":"WebSite","@id":"https:\/\/www.etf.fr\/#website","url":"https:\/\/www.etf.fr\/","name":"ETF","description":"Your transport partner worldwide","publisher":{"@id":"https:\/\/www.etf.fr\/#organization"},"potentialAction":[{"@type":"SearchAction","target":{"@type":"EntryPoint","urlTemplate":"https:\/\/www.etf.fr\/?s={search_term_string}"},"query-input":{"@type":"PropertyValueSpecification","valueRequired":true,"valueName":"search_term_string"}}],"inLanguage":"en-US"},{"@type":"Organization","@id":"https:\/\/www.etf.fr\/#organization","name":"ETF","url":"https:\/\/www.etf.fr\/","logo":{"@type":"ImageObject","inLanguage":"en-US","@id":"https:\/\/www.etf.fr\/#\/schema\/logo\/image\/","url":"https:\/\/www.etf.fr\/wp-content\/uploads\/2019\/03\/logo-ETF.png","contentUrl":"https:\/\/www.etf.fr\/wp-content\/uploads\/2019\/03\/logo-ETF.png","width":272,"height":161,"caption":"ETF"},"image":{"@id":"https:\/\/www.etf.fr\/#\/schema\/logo\/image\/"}},{"@type":"Person","@id":"https:\/\/www.etf.fr\/#\/schema\/person\/161a2c149c1f701b263f97f54de35dbd","name":"mathilde","url":"https:\/\/www.etf.fr\/en\/author\/mathilde\/"}]}},"_links":{"self":[{"href":"https:\/\/www.etf.fr\/en\/wp-json\/wp\/v2\/posts\/12482875","targetHints":{"allow":["GET"]}}],"collection":[{"href":"https:\/\/www.etf.fr\/en\/wp-json\/wp\/v2\/posts"}],"about":[{"href":"https:\/\/www.etf.fr\/en\/wp-json\/wp\/v2\/types\/post"}],"author":[{"embeddable":true,"href":"https:\/\/www.etf.fr\/en\/wp-json\/wp\/v2\/users\/5"}],"replies":[{"embeddable":true,"href":"https:\/\/www.etf.fr\/en\/wp-json\/wp\/v2\/comments?post=12482875"}],"version-history":[{"count":1,"href":"https:\/\/www.etf.fr\/en\/wp-json\/wp\/v2\/posts\/12482875\/revisions"}],"predecessor-version":[{"id":12482934,"href":"https:\/\/www.etf.fr\/en\/wp-json\/wp\/v2\/posts\/12482875\/revisions\/12482934"}],"wp:featuredmedia":[{"embeddable":true,"href":"https:\/\/www.etf.fr\/en\/wp-json\/wp\/v2\/media\/56955"}],"wp:attachment":[{"href":"https:\/\/www.etf.fr\/en\/wp-json\/wp\/v2\/media?parent=12482875"}],"wp:term":[{"taxonomy":"category","embeddable":true,"href":"https:\/\/www.etf.fr\/en\/wp-json\/wp\/v2\/categories?post=12482875"},{"taxonomy":"post_tag","embeddable":true,"href":"https:\/\/www.etf.fr\/en\/wp-json\/wp\/v2\/tags?post=12482875"}],"curies":[{"name":"wp","href":"https:\/\/api.w.org\/{rel}","templated":true}]}}