{"id":12482949,"date":"2021-10-22T16:07:53","date_gmt":"2021-10-22T14:07:53","guid":{"rendered":"https:\/\/www.etf.fr\/uncategorized\/etf-forme-ses-futures-equipes-catenaires-pour-le-chantier-de-la-l15-sud-ouest-grand-paris\/"},"modified":"2025-09-26T14:36:11","modified_gmt":"2025-09-26T12:36:11","slug":"etf-forme-ses-futures-equipes-catenaires-pour-le-chantier-de-la-l15-sud-ouest-grand-paris","status":"publish","type":"post","link":"https:\/\/www.etf.fr\/en\/etf-academy-en\/etf-forme-ses-futures-equipes-catenaires-pour-le-chantier-de-la-l15-sud-ouest-grand-paris\/","title":{"rendered":"ETF trains its future catenary teams for the L15 South-West project (Grand Paris)"},"content":{"rendered":"\n<div class=\"wp-block-columns is-layout-flex wp-container-core-columns-is-layout-9d6595d7 wp-block-columns-is-layout-flex\">\n<div class=\"wp-block-column is-layout-flow wp-block-column-is-layout-flow\">\n<p><em><em>Since 20 September 2021, teams from the ETF Cat\u00e9naires et Energie agency, supported by ETF Academy <\/em><a href=\"https:\/\/www.feroway.com\/\"><em>(Feroway)<\/em><\/a><em>, have been running a training course dedicated to the installation of the PAC (Profil A\u00e9rien de Contact) system. For this occasion, 12 candidates were specially recruited in association with <\/em><a href=\"https:\/\/www.lesgeiq.fr\/\"><em>GEIQ Ile de France, an employer group for integration and qualification.<\/em><\/a><\/em><\/p>\n<\/div>\n<\/div>\n\n\n\n<div class=\"wp-block-columns is-layout-flex wp-container-core-columns-is-layout-9d6595d7 wp-block-columns-is-layout-flex\">\n<div class=\"wp-block-column is-layout-flow wp-block-column-is-layout-flow\">\n<h4 class=\"wp-block-heading has-vivid-red-color has-text-color\"><strong>U<\/strong><strong>A TAILOR-MADE TECHNICAL COURSE<\/strong><\/h4>\n\n\n\n<p>From theory at ETF Academy, our in-house training centre, to practical experience at the Lisses agency&#8217;s outdoor facilities and then on our construction sites, the 12 participants follow a comprehensive programme:<\/p>\n\n\n\n<ul class=\"wp-block-list\">\n<li>General information: Introduction to construction sites, presentation of tools<\/li>\n\n\n\n<li>Prevention: The essentials, CH1 CB1 certification, working at height, etc.<\/li>\n\n\n\n<li>Technical skills: Operating procedures and installation of the PAC system<\/li>\n<\/ul>\n\n\n\n<p>Accompanied by technical experts and prevention and safety trainers, they set themselves a challenge: to be active in their learning in order to gain the best possible understanding of the job of PAC assistant fitter in seven weeks of training.<\/p>\n\n\n\n<p>At the end of these 238 hours of training, the participants will join the Line 15 South-West construction site, a key part of the Grand Paris Express project, to put their training into practice.<\/p>\n<\/div>\n\n\n\n<div class=\"wp-block-column is-layout-flow wp-block-column-is-layout-flow\">\n<div style=\"height:53px\" aria-hidden=\"true\" class=\"wp-block-spacer\"><\/div>\n\n\n<div class=\"wp-block-image\">\n<figure class=\"aligncenter size-large is-resized\"><img loading=\"lazy\" decoding=\"async\" width=\"803\" height=\"535\" src=\"https:\/\/www.etf.fr\/wp-content\/uploads\/2021\/10\/IMG_2274-803x535.jpg\" alt=\"\" class=\"wp-image-52839\" style=\"width:425px;height:283px\" srcset=\"https:\/\/www.etf.fr\/wp-content\/uploads\/2021\/10\/IMG_2274-803x535.jpg 803w, https:\/\/www.etf.fr\/wp-content\/uploads\/2021\/10\/IMG_2274-250x167.jpg 250w, https:\/\/www.etf.fr\/wp-content\/uploads\/2021\/10\/IMG_2274-593x395.jpg 593w, https:\/\/www.etf.fr\/wp-content\/uploads\/2021\/10\/IMG_2274-1536x1024.jpg 1536w, https:\/\/www.etf.fr\/wp-content\/uploads\/2021\/10\/IMG_2274-2048x1365.jpg 2048w\" sizes=\"auto, (max-width: 803px) 100vw, 803px\" \/><\/figure>\n<\/div><\/div>\n<\/div>\n\n\n\n<div class=\"wp-block-columns is-layout-flex wp-container-core-columns-is-layout-9d6595d7 wp-block-columns-is-layout-flex\">\n<div class=\"wp-block-column is-layout-flow wp-block-column-is-layout-flow\" style=\"flex-basis:100%\">\n<div class=\"wp-block-columns is-layout-flex wp-container-core-columns-is-layout-9d6595d7 wp-block-columns-is-layout-flex\">\n<div class=\"wp-block-column is-layout-flow wp-block-column-is-layout-flow\">\n<div style=\"height:49px\" aria-hidden=\"true\" class=\"wp-block-spacer\"><\/div>\n\n\n\n<h4 class=\"wp-block-heading has-vivid-red-color has-text-color\"><strong>LEARNING AND INTEGRATION, ETF IS COMMITTED.<\/strong><\/h4>\n\n\n\n<p>This programme has been specially developed by ETF Cat\u00e9naires to meet the recruitment needs of the Line 15 South-West construction project.<\/p>\n\n\n\n<p>Beyond this large-scale project, trainees will have the opportunity to acquire solid long-term skills in the field of catenary works, as well as adding valuable experience to their CVs.<\/p>\n<\/div>\n\n\n\n<div class=\"wp-block-column is-layout-flow wp-block-column-is-layout-flow\">\n<div class=\"wp-block-columns is-layout-flex wp-container-core-columns-is-layout-9d6595d7 wp-block-columns-is-layout-flex\">\n<div class=\"wp-block-column is-layout-flow wp-block-column-is-layout-flow\"><div class=\"wp-block-image is-style-default\">\n<figure class=\"aligncenter size-largeSquare is-resized\"><img loading=\"lazy\" decoding=\"async\" width=\"500\" height=\"500\" src=\"https:\/\/www.etf.fr\/wp-content\/uploads\/2021\/10\/3-1-500x500.jpg\" alt=\"\" class=\"wp-image-52853\" style=\"width:278px;height:278px\" \/><\/figure>\n<\/div><\/div>\n<\/div>\n<\/div>\n<\/div>\n<\/div>\n<\/div>\n\n\n\n<div class=\"wp-block-columns is-layout-flex wp-container-core-columns-is-layout-9d6595d7 wp-block-columns-is-layout-flex\">\n<div class=\"wp-block-column is-layout-flow wp-block-column-is-layout-flow\">\n<h4 class=\"wp-block-heading\"><strong>WHAT IS PAC?<\/strong><\/h4>\n\n\n\n<p>The overhead contact profile, also known as rigid catenary, is an alternative to traditional contact lines for tunnel equipment. The main advantages of an overhead contact profile over a traditional contact line are:<\/p>\n\n\n\n<ul class=\"wp-block-list\">\n<li>Reduced construction space between the running surface and the tunnel roof,<\/li>\n\n\n\n<li>No lifting of the contact wire when pantographs pass over it,<\/li>\n\n\n\n<li>A much larger electrical cross-section,<\/li>\n\n\n\n<li>Significantly higher fire resistance.<\/li>\n\n\n\n<li>Easy assembly and disassembly during maintenance work, as the system is not tensioned as in the case of a conventional catenary.<\/li>\n\n\n\n<li>A conventional 1,500 V catenary uses thousands of different parts, whereas the rigid catenary (PAC) is made up of around ten different parts.<\/li>\n<\/ul>\n<\/div>\n\n\n\n<div class=\"wp-block-column is-layout-flow wp-block-column-is-layout-flow\">\n<div style=\"height:56px\" aria-hidden=\"true\" class=\"wp-block-spacer\"><\/div>\n\n\n<div class=\"wp-block-image\">\n<figure class=\"aligncenter size-large is-resized\"><img loading=\"lazy\" decoding=\"async\" width=\"803\" height=\"535\" src=\"https:\/\/www.etf.fr\/wp-content\/uploads\/2021\/10\/IMG_2372-803x535.jpg\" alt=\"\" class=\"wp-image-52855\" style=\"width:352px;height:234px\" srcset=\"https:\/\/www.etf.fr\/wp-content\/uploads\/2021\/10\/IMG_2372-803x535.jpg 803w, https:\/\/www.etf.fr\/wp-content\/uploads\/2021\/10\/IMG_2372-250x167.jpg 250w, https:\/\/www.etf.fr\/wp-content\/uploads\/2021\/10\/IMG_2372-593x395.jpg 593w, https:\/\/www.etf.fr\/wp-content\/uploads\/2021\/10\/IMG_2372-1536x1024.jpg 1536w, https:\/\/www.etf.fr\/wp-content\/uploads\/2021\/10\/IMG_2372-2048x1365.jpg 2048w\" sizes=\"auto, (max-width: 803px) 100vw, 803px\" \/><\/figure>\n<\/div><\/div>\n<\/div>\n","protected":false},"excerpt":{"rendered":"<p>Since 20 September 2021, teams from the ETF Cat\u00e9naires et Energie agency, supported by ETF Academy (Feroway), have been running a training course dedicated to the installation of the PAC (Profil A\u00e9rien de Contact) system. For this occasion, 12 candidates were specially recruited in association with GEIQ Ile de France, an employer group for integration and qualification.<\/p>\n","protected":false},"author":5,"featured_media":52840,"comment_status":"closed","ping_status":"closed","sticky":false,"template":"","format":"standard","meta":{"_acf_changed":false,"footnotes":""},"categories":[195,193],"tags":[],"class_list":["post-12482949","post","type-post","status-publish","format-standard","has-post-thumbnail","hentry","category-etf-academy-en","category-catenaires-et-energie-en"],"acf":[],"yoast_head":"<!-- This site is optimized with the Yoast SEO plugin v27.5 - https:\/\/yoast.com\/product\/yoast-seo-wordpress\/ -->\n<title>ETF trains its future catenary teams for the L15 South-West project (Grand Paris) - ETF<\/title>\n<meta name=\"description\" content=\"Les \u00e9quipes d\u2019ETF Cat\u00e9naires accompagn\u00e9es par ETF Academy ont mis en place une formation d\u00e9di\u00e9e \u00e0 l\u2019installation du syst\u00e8me PAC.\" \/>\n<meta name=\"robots\" content=\"index, follow, max-snippet:-1, max-image-preview:large, max-video-preview:-1\" \/>\n<link rel=\"canonical\" href=\"https:\/\/www.etf.fr\/en\/etf-academy-en\/etf-forme-ses-futures-equipes-catenaires-pour-le-chantier-de-la-l15-sud-ouest-grand-paris\/\" \/>\n<meta property=\"og:locale\" content=\"en_US\" \/>\n<meta property=\"og:type\" content=\"article\" \/>\n<meta property=\"og:title\" content=\"ETF trains its future catenary teams for the L15 South-West project (Grand Paris) - ETF\" \/>\n<meta property=\"og:description\" content=\"Les \u00e9quipes d\u2019ETF Cat\u00e9naires accompagn\u00e9es par ETF Academy ont mis en place une formation d\u00e9di\u00e9e \u00e0 l\u2019installation du syst\u00e8me PAC.\" \/>\n<meta property=\"og:url\" content=\"https:\/\/www.etf.fr\/en\/etf-academy-en\/etf-forme-ses-futures-equipes-catenaires-pour-le-chantier-de-la-l15-sud-ouest-grand-paris\/\" \/>\n<meta property=\"og:site_name\" content=\"ETF\" \/>\n<meta property=\"article:published_time\" content=\"2021-10-22T14:07:53+00:00\" \/>\n<meta property=\"article:modified_time\" content=\"2025-09-26T12:36:11+00:00\" \/>\n<meta property=\"og:image\" content=\"https:\/\/www.etf.fr\/wp-content\/uploads\/2021\/10\/IMG_2274-803x535.jpg\" \/>\n\t<meta property=\"og:image:width\" content=\"803\" \/>\n\t<meta property=\"og:image:height\" content=\"535\" \/>\n\t<meta property=\"og:image:type\" content=\"image\/jpeg\" \/>\n<meta name=\"author\" content=\"mathilde\" \/>\n<meta name=\"twitter:card\" content=\"summary_large_image\" \/>\n<meta name=\"twitter:label1\" content=\"Written by\" \/>\n\t<meta name=\"twitter:data1\" content=\"mathilde\" \/>\n\t<meta name=\"twitter:label2\" content=\"Est. reading time\" \/>\n\t<meta name=\"twitter:data2\" content=\"3 minutes\" \/>\n<script type=\"application\/ld+json\" class=\"yoast-schema-graph\">{\"@context\":\"https:\\\/\\\/schema.org\",\"@graph\":[{\"@type\":\"Article\",\"@id\":\"https:\\\/\\\/www.etf.fr\\\/en\\\/etf-academy-en\\\/etf-forme-ses-futures-equipes-catenaires-pour-le-chantier-de-la-l15-sud-ouest-grand-paris\\\/#article\",\"isPartOf\":{\"@id\":\"https:\\\/\\\/www.etf.fr\\\/en\\\/etf-academy-en\\\/etf-forme-ses-futures-equipes-catenaires-pour-le-chantier-de-la-l15-sud-ouest-grand-paris\\\/\"},\"author\":{\"name\":\"mathilde\",\"@id\":\"https:\\\/\\\/www.etf.fr\\\/#\\\/schema\\\/person\\\/161a2c149c1f701b263f97f54de35dbd\"},\"headline\":\"ETF trains its future catenary teams for the L15 South-West project (Grand Paris)\",\"datePublished\":\"2021-10-22T14:07:53+00:00\",\"dateModified\":\"2025-09-26T12:36:11+00:00\",\"mainEntityOfPage\":{\"@id\":\"https:\\\/\\\/www.etf.fr\\\/en\\\/etf-academy-en\\\/etf-forme-ses-futures-equipes-catenaires-pour-le-chantier-de-la-l15-sud-ouest-grand-paris\\\/\"},\"wordCount\":371,\"publisher\":{\"@id\":\"https:\\\/\\\/www.etf.fr\\\/#organization\"},\"image\":{\"@id\":\"https:\\\/\\\/www.etf.fr\\\/en\\\/etf-academy-en\\\/etf-forme-ses-futures-equipes-catenaires-pour-le-chantier-de-la-l15-sud-ouest-grand-paris\\\/#primaryimage\"},\"thumbnailUrl\":\"https:\\\/\\\/www.etf.fr\\\/wp-content\\\/uploads\\\/2021\\\/10\\\/IMG_2274.jpg\",\"articleSection\":[\"ETF Academy\",\"Cat\u00e9naires et Energie\"],\"inLanguage\":\"en-US\"},{\"@type\":\"WebPage\",\"@id\":\"https:\\\/\\\/www.etf.fr\\\/en\\\/etf-academy-en\\\/etf-forme-ses-futures-equipes-catenaires-pour-le-chantier-de-la-l15-sud-ouest-grand-paris\\\/\",\"url\":\"https:\\\/\\\/www.etf.fr\\\/en\\\/etf-academy-en\\\/etf-forme-ses-futures-equipes-catenaires-pour-le-chantier-de-la-l15-sud-ouest-grand-paris\\\/\",\"name\":\"ETF trains its future catenary teams for the L15 South-West project (Grand Paris) - ETF\",\"isPartOf\":{\"@id\":\"https:\\\/\\\/www.etf.fr\\\/#website\"},\"primaryImageOfPage\":{\"@id\":\"https:\\\/\\\/www.etf.fr\\\/en\\\/etf-academy-en\\\/etf-forme-ses-futures-equipes-catenaires-pour-le-chantier-de-la-l15-sud-ouest-grand-paris\\\/#primaryimage\"},\"image\":{\"@id\":\"https:\\\/\\\/www.etf.fr\\\/en\\\/etf-academy-en\\\/etf-forme-ses-futures-equipes-catenaires-pour-le-chantier-de-la-l15-sud-ouest-grand-paris\\\/#primaryimage\"},\"thumbnailUrl\":\"https:\\\/\\\/www.etf.fr\\\/wp-content\\\/uploads\\\/2021\\\/10\\\/IMG_2274.jpg\",\"datePublished\":\"2021-10-22T14:07:53+00:00\",\"dateModified\":\"2025-09-26T12:36:11+00:00\",\"description\":\"Les \u00e9quipes d\u2019ETF Cat\u00e9naires accompagn\u00e9es par ETF Academy ont mis en place une formation d\u00e9di\u00e9e \u00e0 l\u2019installation du syst\u00e8me PAC.\",\"breadcrumb\":{\"@id\":\"https:\\\/\\\/www.etf.fr\\\/en\\\/etf-academy-en\\\/etf-forme-ses-futures-equipes-catenaires-pour-le-chantier-de-la-l15-sud-ouest-grand-paris\\\/#breadcrumb\"},\"inLanguage\":\"en-US\",\"potentialAction\":[{\"@type\":\"ReadAction\",\"target\":[\"https:\\\/\\\/www.etf.fr\\\/en\\\/etf-academy-en\\\/etf-forme-ses-futures-equipes-catenaires-pour-le-chantier-de-la-l15-sud-ouest-grand-paris\\\/\"]}]},{\"@type\":\"ImageObject\",\"inLanguage\":\"en-US\",\"@id\":\"https:\\\/\\\/www.etf.fr\\\/en\\\/etf-academy-en\\\/etf-forme-ses-futures-equipes-catenaires-pour-le-chantier-de-la-l15-sud-ouest-grand-paris\\\/#primaryimage\",\"url\":\"https:\\\/\\\/www.etf.fr\\\/wp-content\\\/uploads\\\/2021\\\/10\\\/IMG_2274.jpg\",\"contentUrl\":\"https:\\\/\\\/www.etf.fr\\\/wp-content\\\/uploads\\\/2021\\\/10\\\/IMG_2274.jpg\",\"width\":2560,\"height\":1707},{\"@type\":\"BreadcrumbList\",\"@id\":\"https:\\\/\\\/www.etf.fr\\\/en\\\/etf-academy-en\\\/etf-forme-ses-futures-equipes-catenaires-pour-le-chantier-de-la-l15-sud-ouest-grand-paris\\\/#breadcrumb\",\"itemListElement\":[{\"@type\":\"ListItem\",\"position\":1,\"name\":\"Accueil\",\"item\":\"https:\\\/\\\/www.etf.fr\\\/en\\\/\"},{\"@type\":\"ListItem\",\"position\":2,\"name\":\"ETF trains its future catenary teams for the L15 South-West project (Grand Paris)\"}]},{\"@type\":\"WebSite\",\"@id\":\"https:\\\/\\\/www.etf.fr\\\/#website\",\"url\":\"https:\\\/\\\/www.etf.fr\\\/\",\"name\":\"ETF\",\"description\":\"Your transport partner worldwide\",\"publisher\":{\"@id\":\"https:\\\/\\\/www.etf.fr\\\/#organization\"},\"potentialAction\":[{\"@type\":\"SearchAction\",\"target\":{\"@type\":\"EntryPoint\",\"urlTemplate\":\"https:\\\/\\\/www.etf.fr\\\/?s={search_term_string}\"},\"query-input\":{\"@type\":\"PropertyValueSpecification\",\"valueRequired\":true,\"valueName\":\"search_term_string\"}}],\"inLanguage\":\"en-US\"},{\"@type\":\"Organization\",\"@id\":\"https:\\\/\\\/www.etf.fr\\\/#organization\",\"name\":\"ETF\",\"url\":\"https:\\\/\\\/www.etf.fr\\\/\",\"logo\":{\"@type\":\"ImageObject\",\"inLanguage\":\"en-US\",\"@id\":\"https:\\\/\\\/www.etf.fr\\\/#\\\/schema\\\/logo\\\/image\\\/\",\"url\":\"https:\\\/\\\/www.etf.fr\\\/wp-content\\\/uploads\\\/2019\\\/03\\\/logo-ETF.png\",\"contentUrl\":\"https:\\\/\\\/www.etf.fr\\\/wp-content\\\/uploads\\\/2019\\\/03\\\/logo-ETF.png\",\"width\":272,\"height\":161,\"caption\":\"ETF\"},\"image\":{\"@id\":\"https:\\\/\\\/www.etf.fr\\\/#\\\/schema\\\/logo\\\/image\\\/\"}},{\"@type\":\"Person\",\"@id\":\"https:\\\/\\\/www.etf.fr\\\/#\\\/schema\\\/person\\\/161a2c149c1f701b263f97f54de35dbd\",\"name\":\"mathilde\",\"url\":\"https:\\\/\\\/www.etf.fr\\\/en\\\/author\\\/mathilde\\\/\"}]}<\/script>\n<!-- \/ Yoast SEO plugin. -->","yoast_head_json":{"title":"ETF trains its future catenary teams for the L15 South-West project (Grand Paris) - ETF","description":"Les \u00e9quipes d\u2019ETF Cat\u00e9naires accompagn\u00e9es par ETF Academy ont mis en place une formation d\u00e9di\u00e9e \u00e0 l\u2019installation du syst\u00e8me PAC.","robots":{"index":"index","follow":"follow","max-snippet":"max-snippet:-1","max-image-preview":"max-image-preview:large","max-video-preview":"max-video-preview:-1"},"canonical":"https:\/\/www.etf.fr\/en\/etf-academy-en\/etf-forme-ses-futures-equipes-catenaires-pour-le-chantier-de-la-l15-sud-ouest-grand-paris\/","og_locale":"en_US","og_type":"article","og_title":"ETF trains its future catenary teams for the L15 South-West project (Grand Paris) - ETF","og_description":"Les \u00e9quipes d\u2019ETF Cat\u00e9naires accompagn\u00e9es par ETF Academy ont mis en place une formation d\u00e9di\u00e9e \u00e0 l\u2019installation du syst\u00e8me PAC.","og_url":"https:\/\/www.etf.fr\/en\/etf-academy-en\/etf-forme-ses-futures-equipes-catenaires-pour-le-chantier-de-la-l15-sud-ouest-grand-paris\/","og_site_name":"ETF","article_published_time":"2021-10-22T14:07:53+00:00","article_modified_time":"2025-09-26T12:36:11+00:00","og_image":[{"width":803,"height":535,"url":"https:\/\/www.etf.fr\/wp-content\/uploads\/2021\/10\/IMG_2274-803x535.jpg","type":"image\/jpeg"}],"author":"mathilde","twitter_card":"summary_large_image","twitter_misc":{"Written by":"mathilde","Est. reading time":"3 minutes"},"schema":{"@context":"https:\/\/schema.org","@graph":[{"@type":"Article","@id":"https:\/\/www.etf.fr\/en\/etf-academy-en\/etf-forme-ses-futures-equipes-catenaires-pour-le-chantier-de-la-l15-sud-ouest-grand-paris\/#article","isPartOf":{"@id":"https:\/\/www.etf.fr\/en\/etf-academy-en\/etf-forme-ses-futures-equipes-catenaires-pour-le-chantier-de-la-l15-sud-ouest-grand-paris\/"},"author":{"name":"mathilde","@id":"https:\/\/www.etf.fr\/#\/schema\/person\/161a2c149c1f701b263f97f54de35dbd"},"headline":"ETF trains its future catenary teams for the L15 South-West project (Grand Paris)","datePublished":"2021-10-22T14:07:53+00:00","dateModified":"2025-09-26T12:36:11+00:00","mainEntityOfPage":{"@id":"https:\/\/www.etf.fr\/en\/etf-academy-en\/etf-forme-ses-futures-equipes-catenaires-pour-le-chantier-de-la-l15-sud-ouest-grand-paris\/"},"wordCount":371,"publisher":{"@id":"https:\/\/www.etf.fr\/#organization"},"image":{"@id":"https:\/\/www.etf.fr\/en\/etf-academy-en\/etf-forme-ses-futures-equipes-catenaires-pour-le-chantier-de-la-l15-sud-ouest-grand-paris\/#primaryimage"},"thumbnailUrl":"https:\/\/www.etf.fr\/wp-content\/uploads\/2021\/10\/IMG_2274.jpg","articleSection":["ETF Academy","Cat\u00e9naires et Energie"],"inLanguage":"en-US"},{"@type":"WebPage","@id":"https:\/\/www.etf.fr\/en\/etf-academy-en\/etf-forme-ses-futures-equipes-catenaires-pour-le-chantier-de-la-l15-sud-ouest-grand-paris\/","url":"https:\/\/www.etf.fr\/en\/etf-academy-en\/etf-forme-ses-futures-equipes-catenaires-pour-le-chantier-de-la-l15-sud-ouest-grand-paris\/","name":"ETF trains its future catenary teams for the L15 South-West project (Grand Paris) - ETF","isPartOf":{"@id":"https:\/\/www.etf.fr\/#website"},"primaryImageOfPage":{"@id":"https:\/\/www.etf.fr\/en\/etf-academy-en\/etf-forme-ses-futures-equipes-catenaires-pour-le-chantier-de-la-l15-sud-ouest-grand-paris\/#primaryimage"},"image":{"@id":"https:\/\/www.etf.fr\/en\/etf-academy-en\/etf-forme-ses-futures-equipes-catenaires-pour-le-chantier-de-la-l15-sud-ouest-grand-paris\/#primaryimage"},"thumbnailUrl":"https:\/\/www.etf.fr\/wp-content\/uploads\/2021\/10\/IMG_2274.jpg","datePublished":"2021-10-22T14:07:53+00:00","dateModified":"2025-09-26T12:36:11+00:00","description":"Les \u00e9quipes d\u2019ETF Cat\u00e9naires accompagn\u00e9es par ETF Academy ont mis en place une formation d\u00e9di\u00e9e \u00e0 l\u2019installation du syst\u00e8me PAC.","breadcrumb":{"@id":"https:\/\/www.etf.fr\/en\/etf-academy-en\/etf-forme-ses-futures-equipes-catenaires-pour-le-chantier-de-la-l15-sud-ouest-grand-paris\/#breadcrumb"},"inLanguage":"en-US","potentialAction":[{"@type":"ReadAction","target":["https:\/\/www.etf.fr\/en\/etf-academy-en\/etf-forme-ses-futures-equipes-catenaires-pour-le-chantier-de-la-l15-sud-ouest-grand-paris\/"]}]},{"@type":"ImageObject","inLanguage":"en-US","@id":"https:\/\/www.etf.fr\/en\/etf-academy-en\/etf-forme-ses-futures-equipes-catenaires-pour-le-chantier-de-la-l15-sud-ouest-grand-paris\/#primaryimage","url":"https:\/\/www.etf.fr\/wp-content\/uploads\/2021\/10\/IMG_2274.jpg","contentUrl":"https:\/\/www.etf.fr\/wp-content\/uploads\/2021\/10\/IMG_2274.jpg","width":2560,"height":1707},{"@type":"BreadcrumbList","@id":"https:\/\/www.etf.fr\/en\/etf-academy-en\/etf-forme-ses-futures-equipes-catenaires-pour-le-chantier-de-la-l15-sud-ouest-grand-paris\/#breadcrumb","itemListElement":[{"@type":"ListItem","position":1,"name":"Accueil","item":"https:\/\/www.etf.fr\/en\/"},{"@type":"ListItem","position":2,"name":"ETF trains its future catenary teams for the L15 South-West project (Grand Paris)"}]},{"@type":"WebSite","@id":"https:\/\/www.etf.fr\/#website","url":"https:\/\/www.etf.fr\/","name":"ETF","description":"Your transport partner worldwide","publisher":{"@id":"https:\/\/www.etf.fr\/#organization"},"potentialAction":[{"@type":"SearchAction","target":{"@type":"EntryPoint","urlTemplate":"https:\/\/www.etf.fr\/?s={search_term_string}"},"query-input":{"@type":"PropertyValueSpecification","valueRequired":true,"valueName":"search_term_string"}}],"inLanguage":"en-US"},{"@type":"Organization","@id":"https:\/\/www.etf.fr\/#organization","name":"ETF","url":"https:\/\/www.etf.fr\/","logo":{"@type":"ImageObject","inLanguage":"en-US","@id":"https:\/\/www.etf.fr\/#\/schema\/logo\/image\/","url":"https:\/\/www.etf.fr\/wp-content\/uploads\/2019\/03\/logo-ETF.png","contentUrl":"https:\/\/www.etf.fr\/wp-content\/uploads\/2019\/03\/logo-ETF.png","width":272,"height":161,"caption":"ETF"},"image":{"@id":"https:\/\/www.etf.fr\/#\/schema\/logo\/image\/"}},{"@type":"Person","@id":"https:\/\/www.etf.fr\/#\/schema\/person\/161a2c149c1f701b263f97f54de35dbd","name":"mathilde","url":"https:\/\/www.etf.fr\/en\/author\/mathilde\/"}]}},"_links":{"self":[{"href":"https:\/\/www.etf.fr\/en\/wp-json\/wp\/v2\/posts\/12482949","targetHints":{"allow":["GET"]}}],"collection":[{"href":"https:\/\/www.etf.fr\/en\/wp-json\/wp\/v2\/posts"}],"about":[{"href":"https:\/\/www.etf.fr\/en\/wp-json\/wp\/v2\/types\/post"}],"author":[{"embeddable":true,"href":"https:\/\/www.etf.fr\/en\/wp-json\/wp\/v2\/users\/5"}],"replies":[{"embeddable":true,"href":"https:\/\/www.etf.fr\/en\/wp-json\/wp\/v2\/comments?post=12482949"}],"version-history":[{"count":1,"href":"https:\/\/www.etf.fr\/en\/wp-json\/wp\/v2\/posts\/12482949\/revisions"}],"predecessor-version":[{"id":12482951,"href":"https:\/\/www.etf.fr\/en\/wp-json\/wp\/v2\/posts\/12482949\/revisions\/12482951"}],"wp:featuredmedia":[{"embeddable":true,"href":"https:\/\/www.etf.fr\/en\/wp-json\/wp\/v2\/media\/52840"}],"wp:attachment":[{"href":"https:\/\/www.etf.fr\/en\/wp-json\/wp\/v2\/media?parent=12482949"}],"wp:term":[{"taxonomy":"category","embeddable":true,"href":"https:\/\/www.etf.fr\/en\/wp-json\/wp\/v2\/categories?post=12482949"},{"taxonomy":"post_tag","embeddable":true,"href":"https:\/\/www.etf.fr\/en\/wp-json\/wp\/v2\/tags?post=12482949"}],"curies":[{"name":"wp","href":"https:\/\/api.w.org\/{rel}","templated":true}]}}