{"id":12483015,"date":"2021-09-30T16:11:10","date_gmt":"2021-09-30T14:11:10","guid":{"rendered":"https:\/\/www.etf.fr\/uncategorized\/etf-entretien-les-voies-du-tramway-grenoblois\/"},"modified":"2025-09-26T14:39:30","modified_gmt":"2025-09-26T12:39:30","slug":"etf-entretien-les-voies-du-tramway-grenoblois","status":"publish","type":"post","link":"https:\/\/www.etf.fr\/en\/agence-sud-est-en\/etf-entretien-les-voies-du-tramway-grenoblois\/","title":{"rendered":"ETF, MAINTENANCE OF THE GRENOBLOIS TRAMWAY TRACKS"},"content":{"rendered":"\n<p><strong><strong><em>For many years, the <\/em><\/strong><a href=\"https:\/\/smmag.fr\/\"><strong><em>SMMAG (Syndicat Mixte des Mobilit\u00e9s de l&#8217;Aire Grenobloise)<\/em><\/strong><\/a><em><strong>has been financing the Gros Entretien des Voies de Tramway (GEVT) project. These preventive and corrective works ensure the long-term viability of the Grenoble tramway, the second modern network to open in France in 1987. As part of the 2020\/2021 contract, the project managers <\/strong><\/em><a href=\"https:\/\/www.ingerop.fr\/\"><strong><em>INGEROP<\/em><\/strong><\/a><strong><em> (infrastructure) and <\/em><\/strong><a href=\"https:\/\/www.egis.fr\/\"><strong><em>Egis<\/em><\/strong><\/a><strong><em> (railway works) called on <\/em><\/strong><a href=\"https:\/\/www.eurovia.fr\/agences\/4568-eurovia-alpes-agence-de-grenoble\"><strong><em>Eurovia Alpes<\/em><\/strong><\/a><em><strong> and ETF respectively to carry out the necessary work.<\/strong><\/em><\/strong><\/p>\n\n\n\n<div class=\"wp-block-media-text alignwide has-media-on-the-right is-stacked-on-mobile\" style=\"grid-template-columns:auto 51%\"><div class=\"wp-block-media-text__content\">\n<p>Voil\u00e0 plus de 10 ans qu\u2019ETF intervient rregularly on the Grenoble tramway system. In 2021, teams from the South East agency worked for six months. From March to August, they worked on six sections of lines A and B to:<\/p>\n\n\n\n<ul class=\"wp-block-list\">\n<li>Renew and reinforce 1,800 linear metres of track<\/li>\n\n\n\n<li>Renew a set of points<\/li>\n\n\n\n<li>Replace a switch box<\/li>\n\n\n\n<li>Repair junctions.<\/li>\n<\/ul>\n\n\n\n<p>Located in the very centre of Grenoble, this work was carried out outside operating hours during night shifts to limit the impact on passenger traffic.<\/p>\n<\/div><figure class=\"wp-block-media-text__media\"><a href=\"https:\/\/www.etf.fr\/wp-content\/uploads\/2021\/09\/Plan-intervention-ETF-Tram-Grenoble-2021.png\"><img loading=\"lazy\" decoding=\"async\" width=\"1111\" height=\"535\" src=\"https:\/\/www.etf.fr\/wp-content\/uploads\/2021\/09\/Plan-intervention-ETF-Tram-Grenoble-2021-1111x535.png\" alt=\"\" class=\"wp-image-51584 size-full\" srcset=\"https:\/\/www.etf.fr\/wp-content\/uploads\/2021\/09\/Plan-intervention-ETF-Tram-Grenoble-2021-1111x535.png 1111w, https:\/\/www.etf.fr\/wp-content\/uploads\/2021\/09\/Plan-intervention-ETF-Tram-Grenoble-2021-250x120.png 250w, https:\/\/www.etf.fr\/wp-content\/uploads\/2021\/09\/Plan-intervention-ETF-Tram-Grenoble-2021-800x385.png 800w, https:\/\/www.etf.fr\/wp-content\/uploads\/2021\/09\/Plan-intervention-ETF-Tram-Grenoble-2021.png 1408w\" sizes=\"auto, (max-width: 1111px) 100vw, 1111px\" \/><\/a><\/figure><\/div>\n\n\n\n<p><\/p>\n\n\n\n<hr class=\"wp-block-separator has-css-opacity\" \/>\n\n\n\n<figure class=\"wp-block-gallery has-nested-images columns-5 is-cropped wp-block-gallery-1 is-layout-flex wp-block-gallery-is-layout-flex\">\n<figure class=\"wp-block-image size-large\"><a href=\"https:\/\/www.etf.fr\/wp-content\/uploads\/2021\/09\/ETF-Sud-Est-tram-Grenoble-2021-5-537x535.jpg\"><img loading=\"lazy\" decoding=\"async\" width=\"537\" height=\"535\" data-id=\"51596\" src=\"https:\/\/www.etf.fr\/wp-content\/uploads\/2021\/09\/ETF-Sud-Est-tram-Grenoble-2021-5-537x535.jpg\" alt=\"\" class=\"wp-image-51596\" srcset=\"https:\/\/www.etf.fr\/wp-content\/uploads\/2021\/09\/ETF-Sud-Est-tram-Grenoble-2021-5-537x535.jpg 537w, https:\/\/www.etf.fr\/wp-content\/uploads\/2021\/09\/ETF-Sud-Est-tram-Grenoble-2021-5-250x250.jpg 250w, https:\/\/www.etf.fr\/wp-content\/uploads\/2021\/09\/ETF-Sud-Est-tram-Grenoble-2021-5-397x395.jpg 397w, https:\/\/www.etf.fr\/wp-content\/uploads\/2021\/09\/ETF-Sud-Est-tram-Grenoble-2021-5-1536x1530.jpg 1536w, https:\/\/www.etf.fr\/wp-content\/uploads\/2021\/09\/ETF-Sud-Est-tram-Grenoble-2021-5-2048x2040.jpg 2048w\" sizes=\"auto, (max-width: 537px) 100vw, 537px\" \/><\/a><\/figure>\n\n\n\n<figure class=\"wp-block-image size-large\"><a href=\"https:\/\/www.etf.fr\/wp-content\/uploads\/2021\/09\/ETF-Sud-Est-tram-Grenoble-2021-3-720x535.jpg\"><img loading=\"lazy\" decoding=\"async\" width=\"720\" height=\"535\" data-id=\"51592\" src=\"https:\/\/www.etf.fr\/wp-content\/uploads\/2021\/09\/ETF-Sud-Est-tram-Grenoble-2021-3-720x535.jpg\" alt=\"\" class=\"wp-image-51592\" srcset=\"https:\/\/www.etf.fr\/wp-content\/uploads\/2021\/09\/ETF-Sud-Est-tram-Grenoble-2021-3-720x535.jpg 720w, https:\/\/www.etf.fr\/wp-content\/uploads\/2021\/09\/ETF-Sud-Est-tram-Grenoble-2021-3-250x186.jpg 250w, https:\/\/www.etf.fr\/wp-content\/uploads\/2021\/09\/ETF-Sud-Est-tram-Grenoble-2021-3-531x395.jpg 531w, https:\/\/www.etf.fr\/wp-content\/uploads\/2021\/09\/ETF-Sud-Est-tram-Grenoble-2021-3-1536x1142.jpg 1536w, https:\/\/www.etf.fr\/wp-content\/uploads\/2021\/09\/ETF-Sud-Est-tram-Grenoble-2021-3-2048x1523.jpg 2048w\" sizes=\"auto, (max-width: 720px) 100vw, 720px\" \/><\/a><\/figure>\n\n\n\n<figure class=\"wp-block-image size-large\"><a href=\"https:\/\/www.etf.fr\/wp-content\/uploads\/2021\/09\/ETF-Sud-Est-tram-Grenoble-2021-2-473x535.jpg\"><img loading=\"lazy\" decoding=\"async\" width=\"473\" height=\"535\" data-id=\"51590\" src=\"https:\/\/www.etf.fr\/wp-content\/uploads\/2021\/09\/ETF-Sud-Est-tram-Grenoble-2021-2-473x535.jpg\" alt=\"\" class=\"wp-image-51590\" srcset=\"https:\/\/www.etf.fr\/wp-content\/uploads\/2021\/09\/ETF-Sud-Est-tram-Grenoble-2021-2-473x535.jpg 473w, https:\/\/www.etf.fr\/wp-content\/uploads\/2021\/09\/ETF-Sud-Est-tram-Grenoble-2021-2-221x250.jpg 221w, https:\/\/www.etf.fr\/wp-content\/uploads\/2021\/09\/ETF-Sud-Est-tram-Grenoble-2021-2-349x395.jpg 349w, https:\/\/www.etf.fr\/wp-content\/uploads\/2021\/09\/ETF-Sud-Est-tram-Grenoble-2021-2-1358x1536.jpg 1358w, https:\/\/www.etf.fr\/wp-content\/uploads\/2021\/09\/ETF-Sud-Est-tram-Grenoble-2021-2-1811x2048.jpg 1811w\" sizes=\"auto, (max-width: 473px) 100vw, 473px\" \/><\/a><figcaption class=\"wp-element-caption\"> <em>\u00a9Egis <\/em><\/figcaption><\/figure>\n\n\n\n<figure class=\"wp-block-image size-large\"><a href=\"https:\/\/www.etf.fr\/wp-content\/uploads\/2021\/09\/ETF-Sud-Est-tram-Grenoble-2021-1-474x535.jpg\"><img loading=\"lazy\" decoding=\"async\" width=\"474\" height=\"535\" data-id=\"51588\" src=\"https:\/\/www.etf.fr\/wp-content\/uploads\/2021\/09\/ETF-Sud-Est-tram-Grenoble-2021-1-474x535.jpg\" alt=\"\" class=\"wp-image-51588\" srcset=\"https:\/\/www.etf.fr\/wp-content\/uploads\/2021\/09\/ETF-Sud-Est-tram-Grenoble-2021-1-474x535.jpg 474w, https:\/\/www.etf.fr\/wp-content\/uploads\/2021\/09\/ETF-Sud-Est-tram-Grenoble-2021-1-221x250.jpg 221w, https:\/\/www.etf.fr\/wp-content\/uploads\/2021\/09\/ETF-Sud-Est-tram-Grenoble-2021-1-350x395.jpg 350w, https:\/\/www.etf.fr\/wp-content\/uploads\/2021\/09\/ETF-Sud-Est-tram-Grenoble-2021-1-1359x1536.jpg 1359w, https:\/\/www.etf.fr\/wp-content\/uploads\/2021\/09\/ETF-Sud-Est-tram-Grenoble-2021-1-1813x2048.jpg 1813w\" sizes=\"auto, (max-width: 474px) 100vw, 474px\" \/><\/a><figcaption class=\"wp-element-caption\"><br><br><br><em>\u00a9Egis<\/em><\/figcaption><\/figure>\n\n\n\n<figure class=\"wp-block-image size-large\"><a href=\"https:\/\/www.etf.fr\/wp-content\/uploads\/2021\/09\/ETF-Sud-Est-tram-Grenoble-2021-4-803x535.jpg\"><img loading=\"lazy\" decoding=\"async\" width=\"803\" height=\"535\" data-id=\"51594\" src=\"https:\/\/www.etf.fr\/wp-content\/uploads\/2021\/09\/ETF-Sud-Est-tram-Grenoble-2021-4-803x535.jpg\" alt=\"\" class=\"wp-image-51594\" srcset=\"https:\/\/www.etf.fr\/wp-content\/uploads\/2021\/09\/ETF-Sud-Est-tram-Grenoble-2021-4-803x535.jpg 803w, https:\/\/www.etf.fr\/wp-content\/uploads\/2021\/09\/ETF-Sud-Est-tram-Grenoble-2021-4-250x167.jpg 250w, https:\/\/www.etf.fr\/wp-content\/uploads\/2021\/09\/ETF-Sud-Est-tram-Grenoble-2021-4-593x395.jpg 593w, https:\/\/www.etf.fr\/wp-content\/uploads\/2021\/09\/ETF-Sud-Est-tram-Grenoble-2021-4-1536x1024.jpg 1536w, https:\/\/www.etf.fr\/wp-content\/uploads\/2021\/09\/ETF-Sud-Est-tram-Grenoble-2021-4-2048x1365.jpg 2048w\" sizes=\"auto, (max-width: 803px) 100vw, 803px\" \/><\/a><figcaption class=\"wp-element-caption\"> \u00a9Egis <\/figcaption><\/figure>\n<\/figure>\n","protected":false},"excerpt":{"rendered":"<p>For many years, the SMMAG (Syndicat Mixte des Mobilit\u00e9s de l&#8217;Aire Grenobloise)has been financing the Gros Entretien des Voies de Tramway (GEVT) project. These preventive and corrective works ensure the long-term viability of the Grenoble tramway, the second modern network to open in France in 1987. As part of the 2020\/2021 contract, the project managers INGEROP (infrastructure) and Egis (railway works) called on Eurovia Alpes and ETF respectively to carry out the necessary work.<\/p>\n","protected":false},"author":5,"featured_media":51605,"comment_status":"closed","ping_status":"closed","sticky":false,"template":"","format":"standard","meta":{"_acf_changed":false,"footnotes":""},"categories":[203,191],"tags":[],"class_list":["post-12483015","post","type-post","status-publish","format-standard","has-post-thumbnail","hentry","category-agence-sud-est-en","category-actualites-en"],"acf":[],"yoast_head":"<!-- This site is optimized with the Yoast SEO plugin v27.5 - https:\/\/yoast.com\/product\/yoast-seo-wordpress\/ -->\n<title>ETF, MAINTENANCE OF THE GRENOBLOIS TRAMWAY TRACKS - ETF<\/title>\n<meta name=\"description\" content=\"Voil\u00e0 plus de 10 ans qu\u2019ETF intervient r\u00e9guli\u00e8rement sur le tramway de Grenoble, en 2021 les \u00e9quipes se sont mobilis\u00e9es durant 6 mois.\" \/>\n<meta name=\"robots\" content=\"index, follow, max-snippet:-1, max-image-preview:large, max-video-preview:-1\" \/>\n<link rel=\"canonical\" href=\"https:\/\/www.etf.fr\/en\/agence-sud-est-en\/etf-entretien-les-voies-du-tramway-grenoblois\/\" \/>\n<meta property=\"og:locale\" content=\"en_US\" \/>\n<meta property=\"og:type\" content=\"article\" \/>\n<meta property=\"og:title\" content=\"ETF, MAINTENANCE OF THE GRENOBLOIS TRAMWAY TRACKS - ETF\" \/>\n<meta property=\"og:description\" content=\"Voil\u00e0 plus de 10 ans qu\u2019ETF intervient r\u00e9guli\u00e8rement sur le tramway de Grenoble, en 2021 les \u00e9quipes se sont mobilis\u00e9es durant 6 mois.\" \/>\n<meta property=\"og:url\" content=\"https:\/\/www.etf.fr\/en\/agence-sud-est-en\/etf-entretien-les-voies-du-tramway-grenoblois\/\" \/>\n<meta property=\"og:site_name\" content=\"ETF\" \/>\n<meta property=\"article:published_time\" content=\"2021-09-30T14:11:10+00:00\" \/>\n<meta property=\"article:modified_time\" content=\"2025-09-26T12:39:30+00:00\" \/>\n<meta property=\"og:image\" content=\"https:\/\/www.etf.fr\/wp-content\/uploads\/2021\/09\/IMG_4481.1.jpg\" \/>\n\t<meta property=\"og:image:width\" content=\"2560\" \/>\n\t<meta property=\"og:image:height\" content=\"1764\" \/>\n\t<meta property=\"og:image:type\" content=\"image\/jpeg\" \/>\n<meta name=\"author\" content=\"mathilde\" \/>\n<meta name=\"twitter:card\" content=\"summary_large_image\" \/>\n<meta name=\"twitter:label1\" content=\"Written by\" \/>\n\t<meta name=\"twitter:data1\" content=\"mathilde\" \/>\n\t<meta name=\"twitter:label2\" content=\"Est. reading time\" \/>\n\t<meta name=\"twitter:data2\" content=\"3 minutes\" \/>\n<script type=\"application\/ld+json\" class=\"yoast-schema-graph\">{\"@context\":\"https:\\\/\\\/schema.org\",\"@graph\":[{\"@type\":\"Article\",\"@id\":\"https:\\\/\\\/www.etf.fr\\\/en\\\/agence-sud-est-en\\\/etf-entretien-les-voies-du-tramway-grenoblois\\\/#article\",\"isPartOf\":{\"@id\":\"https:\\\/\\\/www.etf.fr\\\/en\\\/agence-sud-est-en\\\/etf-entretien-les-voies-du-tramway-grenoblois\\\/\"},\"author\":{\"name\":\"mathilde\",\"@id\":\"https:\\\/\\\/www.etf.fr\\\/#\\\/schema\\\/person\\\/161a2c149c1f701b263f97f54de35dbd\"},\"headline\":\"ETF, MAINTENANCE OF THE GRENOBLOIS TRAMWAY TRACKS\",\"datePublished\":\"2021-09-30T14:11:10+00:00\",\"dateModified\":\"2025-09-26T12:39:30+00:00\",\"mainEntityOfPage\":{\"@id\":\"https:\\\/\\\/www.etf.fr\\\/en\\\/agence-sud-est-en\\\/etf-entretien-les-voies-du-tramway-grenoblois\\\/\"},\"wordCount\":166,\"publisher\":{\"@id\":\"https:\\\/\\\/www.etf.fr\\\/#organization\"},\"image\":{\"@id\":\"https:\\\/\\\/www.etf.fr\\\/en\\\/agence-sud-est-en\\\/etf-entretien-les-voies-du-tramway-grenoblois\\\/#primaryimage\"},\"thumbnailUrl\":\"https:\\\/\\\/www.etf.fr\\\/wp-content\\\/uploads\\\/2021\\\/09\\\/IMG_4481.1.jpg\",\"articleSection\":[\"Agence Sud Est\",\"Actualit\u00e9s\"],\"inLanguage\":\"en-US\"},{\"@type\":\"WebPage\",\"@id\":\"https:\\\/\\\/www.etf.fr\\\/en\\\/agence-sud-est-en\\\/etf-entretien-les-voies-du-tramway-grenoblois\\\/\",\"url\":\"https:\\\/\\\/www.etf.fr\\\/en\\\/agence-sud-est-en\\\/etf-entretien-les-voies-du-tramway-grenoblois\\\/\",\"name\":\"ETF, MAINTENANCE OF THE GRENOBLOIS TRAMWAY TRACKS - ETF\",\"isPartOf\":{\"@id\":\"https:\\\/\\\/www.etf.fr\\\/#website\"},\"primaryImageOfPage\":{\"@id\":\"https:\\\/\\\/www.etf.fr\\\/en\\\/agence-sud-est-en\\\/etf-entretien-les-voies-du-tramway-grenoblois\\\/#primaryimage\"},\"image\":{\"@id\":\"https:\\\/\\\/www.etf.fr\\\/en\\\/agence-sud-est-en\\\/etf-entretien-les-voies-du-tramway-grenoblois\\\/#primaryimage\"},\"thumbnailUrl\":\"https:\\\/\\\/www.etf.fr\\\/wp-content\\\/uploads\\\/2021\\\/09\\\/IMG_4481.1.jpg\",\"datePublished\":\"2021-09-30T14:11:10+00:00\",\"dateModified\":\"2025-09-26T12:39:30+00:00\",\"description\":\"Voil\u00e0 plus de 10 ans qu\u2019ETF intervient r\u00e9guli\u00e8rement sur le tramway de Grenoble, en 2021 les \u00e9quipes se sont mobilis\u00e9es durant 6 mois.\",\"breadcrumb\":{\"@id\":\"https:\\\/\\\/www.etf.fr\\\/en\\\/agence-sud-est-en\\\/etf-entretien-les-voies-du-tramway-grenoblois\\\/#breadcrumb\"},\"inLanguage\":\"en-US\",\"potentialAction\":[{\"@type\":\"ReadAction\",\"target\":[\"https:\\\/\\\/www.etf.fr\\\/en\\\/agence-sud-est-en\\\/etf-entretien-les-voies-du-tramway-grenoblois\\\/\"]}]},{\"@type\":\"ImageObject\",\"inLanguage\":\"en-US\",\"@id\":\"https:\\\/\\\/www.etf.fr\\\/en\\\/agence-sud-est-en\\\/etf-entretien-les-voies-du-tramway-grenoblois\\\/#primaryimage\",\"url\":\"https:\\\/\\\/www.etf.fr\\\/wp-content\\\/uploads\\\/2021\\\/09\\\/IMG_4481.1.jpg\",\"contentUrl\":\"https:\\\/\\\/www.etf.fr\\\/wp-content\\\/uploads\\\/2021\\\/09\\\/IMG_4481.1.jpg\",\"width\":2560,\"height\":1764},{\"@type\":\"BreadcrumbList\",\"@id\":\"https:\\\/\\\/www.etf.fr\\\/en\\\/agence-sud-est-en\\\/etf-entretien-les-voies-du-tramway-grenoblois\\\/#breadcrumb\",\"itemListElement\":[{\"@type\":\"ListItem\",\"position\":1,\"name\":\"Accueil\",\"item\":\"https:\\\/\\\/www.etf.fr\\\/en\\\/\"},{\"@type\":\"ListItem\",\"position\":2,\"name\":\"ETF, MAINTENANCE OF THE GRENOBLOIS TRAMWAY TRACKS\"}]},{\"@type\":\"WebSite\",\"@id\":\"https:\\\/\\\/www.etf.fr\\\/#website\",\"url\":\"https:\\\/\\\/www.etf.fr\\\/\",\"name\":\"ETF\",\"description\":\"Your transport partner worldwide\",\"publisher\":{\"@id\":\"https:\\\/\\\/www.etf.fr\\\/#organization\"},\"potentialAction\":[{\"@type\":\"SearchAction\",\"target\":{\"@type\":\"EntryPoint\",\"urlTemplate\":\"https:\\\/\\\/www.etf.fr\\\/?s={search_term_string}\"},\"query-input\":{\"@type\":\"PropertyValueSpecification\",\"valueRequired\":true,\"valueName\":\"search_term_string\"}}],\"inLanguage\":\"en-US\"},{\"@type\":\"Organization\",\"@id\":\"https:\\\/\\\/www.etf.fr\\\/#organization\",\"name\":\"ETF\",\"url\":\"https:\\\/\\\/www.etf.fr\\\/\",\"logo\":{\"@type\":\"ImageObject\",\"inLanguage\":\"en-US\",\"@id\":\"https:\\\/\\\/www.etf.fr\\\/#\\\/schema\\\/logo\\\/image\\\/\",\"url\":\"https:\\\/\\\/www.etf.fr\\\/wp-content\\\/uploads\\\/2019\\\/03\\\/logo-ETF.png\",\"contentUrl\":\"https:\\\/\\\/www.etf.fr\\\/wp-content\\\/uploads\\\/2019\\\/03\\\/logo-ETF.png\",\"width\":272,\"height\":161,\"caption\":\"ETF\"},\"image\":{\"@id\":\"https:\\\/\\\/www.etf.fr\\\/#\\\/schema\\\/logo\\\/image\\\/\"}},{\"@type\":\"Person\",\"@id\":\"https:\\\/\\\/www.etf.fr\\\/#\\\/schema\\\/person\\\/161a2c149c1f701b263f97f54de35dbd\",\"name\":\"mathilde\",\"url\":\"https:\\\/\\\/www.etf.fr\\\/en\\\/author\\\/mathilde\\\/\"}]}<\/script>\n<!-- \/ Yoast SEO plugin. -->","yoast_head_json":{"title":"ETF, MAINTENANCE OF THE GRENOBLOIS TRAMWAY TRACKS - ETF","description":"Voil\u00e0 plus de 10 ans qu\u2019ETF intervient r\u00e9guli\u00e8rement sur le tramway de Grenoble, en 2021 les \u00e9quipes se sont mobilis\u00e9es durant 6 mois.","robots":{"index":"index","follow":"follow","max-snippet":"max-snippet:-1","max-image-preview":"max-image-preview:large","max-video-preview":"max-video-preview:-1"},"canonical":"https:\/\/www.etf.fr\/en\/agence-sud-est-en\/etf-entretien-les-voies-du-tramway-grenoblois\/","og_locale":"en_US","og_type":"article","og_title":"ETF, MAINTENANCE OF THE GRENOBLOIS TRAMWAY TRACKS - ETF","og_description":"Voil\u00e0 plus de 10 ans qu\u2019ETF intervient r\u00e9guli\u00e8rement sur le tramway de Grenoble, en 2021 les \u00e9quipes se sont mobilis\u00e9es durant 6 mois.","og_url":"https:\/\/www.etf.fr\/en\/agence-sud-est-en\/etf-entretien-les-voies-du-tramway-grenoblois\/","og_site_name":"ETF","article_published_time":"2021-09-30T14:11:10+00:00","article_modified_time":"2025-09-26T12:39:30+00:00","og_image":[{"width":2560,"height":1764,"url":"https:\/\/www.etf.fr\/wp-content\/uploads\/2021\/09\/IMG_4481.1.jpg","type":"image\/jpeg"}],"author":"mathilde","twitter_card":"summary_large_image","twitter_misc":{"Written by":"mathilde","Est. reading time":"3 minutes"},"schema":{"@context":"https:\/\/schema.org","@graph":[{"@type":"Article","@id":"https:\/\/www.etf.fr\/en\/agence-sud-est-en\/etf-entretien-les-voies-du-tramway-grenoblois\/#article","isPartOf":{"@id":"https:\/\/www.etf.fr\/en\/agence-sud-est-en\/etf-entretien-les-voies-du-tramway-grenoblois\/"},"author":{"name":"mathilde","@id":"https:\/\/www.etf.fr\/#\/schema\/person\/161a2c149c1f701b263f97f54de35dbd"},"headline":"ETF, MAINTENANCE OF THE GRENOBLOIS TRAMWAY TRACKS","datePublished":"2021-09-30T14:11:10+00:00","dateModified":"2025-09-26T12:39:30+00:00","mainEntityOfPage":{"@id":"https:\/\/www.etf.fr\/en\/agence-sud-est-en\/etf-entretien-les-voies-du-tramway-grenoblois\/"},"wordCount":166,"publisher":{"@id":"https:\/\/www.etf.fr\/#organization"},"image":{"@id":"https:\/\/www.etf.fr\/en\/agence-sud-est-en\/etf-entretien-les-voies-du-tramway-grenoblois\/#primaryimage"},"thumbnailUrl":"https:\/\/www.etf.fr\/wp-content\/uploads\/2021\/09\/IMG_4481.1.jpg","articleSection":["Agence Sud Est","Actualit\u00e9s"],"inLanguage":"en-US"},{"@type":"WebPage","@id":"https:\/\/www.etf.fr\/en\/agence-sud-est-en\/etf-entretien-les-voies-du-tramway-grenoblois\/","url":"https:\/\/www.etf.fr\/en\/agence-sud-est-en\/etf-entretien-les-voies-du-tramway-grenoblois\/","name":"ETF, MAINTENANCE OF THE GRENOBLOIS TRAMWAY TRACKS - ETF","isPartOf":{"@id":"https:\/\/www.etf.fr\/#website"},"primaryImageOfPage":{"@id":"https:\/\/www.etf.fr\/en\/agence-sud-est-en\/etf-entretien-les-voies-du-tramway-grenoblois\/#primaryimage"},"image":{"@id":"https:\/\/www.etf.fr\/en\/agence-sud-est-en\/etf-entretien-les-voies-du-tramway-grenoblois\/#primaryimage"},"thumbnailUrl":"https:\/\/www.etf.fr\/wp-content\/uploads\/2021\/09\/IMG_4481.1.jpg","datePublished":"2021-09-30T14:11:10+00:00","dateModified":"2025-09-26T12:39:30+00:00","description":"Voil\u00e0 plus de 10 ans qu\u2019ETF intervient r\u00e9guli\u00e8rement sur le tramway de Grenoble, en 2021 les \u00e9quipes se sont mobilis\u00e9es durant 6 mois.","breadcrumb":{"@id":"https:\/\/www.etf.fr\/en\/agence-sud-est-en\/etf-entretien-les-voies-du-tramway-grenoblois\/#breadcrumb"},"inLanguage":"en-US","potentialAction":[{"@type":"ReadAction","target":["https:\/\/www.etf.fr\/en\/agence-sud-est-en\/etf-entretien-les-voies-du-tramway-grenoblois\/"]}]},{"@type":"ImageObject","inLanguage":"en-US","@id":"https:\/\/www.etf.fr\/en\/agence-sud-est-en\/etf-entretien-les-voies-du-tramway-grenoblois\/#primaryimage","url":"https:\/\/www.etf.fr\/wp-content\/uploads\/2021\/09\/IMG_4481.1.jpg","contentUrl":"https:\/\/www.etf.fr\/wp-content\/uploads\/2021\/09\/IMG_4481.1.jpg","width":2560,"height":1764},{"@type":"BreadcrumbList","@id":"https:\/\/www.etf.fr\/en\/agence-sud-est-en\/etf-entretien-les-voies-du-tramway-grenoblois\/#breadcrumb","itemListElement":[{"@type":"ListItem","position":1,"name":"Accueil","item":"https:\/\/www.etf.fr\/en\/"},{"@type":"ListItem","position":2,"name":"ETF, MAINTENANCE OF THE GRENOBLOIS TRAMWAY TRACKS"}]},{"@type":"WebSite","@id":"https:\/\/www.etf.fr\/#website","url":"https:\/\/www.etf.fr\/","name":"ETF","description":"Your transport partner worldwide","publisher":{"@id":"https:\/\/www.etf.fr\/#organization"},"potentialAction":[{"@type":"SearchAction","target":{"@type":"EntryPoint","urlTemplate":"https:\/\/www.etf.fr\/?s={search_term_string}"},"query-input":{"@type":"PropertyValueSpecification","valueRequired":true,"valueName":"search_term_string"}}],"inLanguage":"en-US"},{"@type":"Organization","@id":"https:\/\/www.etf.fr\/#organization","name":"ETF","url":"https:\/\/www.etf.fr\/","logo":{"@type":"ImageObject","inLanguage":"en-US","@id":"https:\/\/www.etf.fr\/#\/schema\/logo\/image\/","url":"https:\/\/www.etf.fr\/wp-content\/uploads\/2019\/03\/logo-ETF.png","contentUrl":"https:\/\/www.etf.fr\/wp-content\/uploads\/2019\/03\/logo-ETF.png","width":272,"height":161,"caption":"ETF"},"image":{"@id":"https:\/\/www.etf.fr\/#\/schema\/logo\/image\/"}},{"@type":"Person","@id":"https:\/\/www.etf.fr\/#\/schema\/person\/161a2c149c1f701b263f97f54de35dbd","name":"mathilde","url":"https:\/\/www.etf.fr\/en\/author\/mathilde\/"}]}},"_links":{"self":[{"href":"https:\/\/www.etf.fr\/en\/wp-json\/wp\/v2\/posts\/12483015","targetHints":{"allow":["GET"]}}],"collection":[{"href":"https:\/\/www.etf.fr\/en\/wp-json\/wp\/v2\/posts"}],"about":[{"href":"https:\/\/www.etf.fr\/en\/wp-json\/wp\/v2\/types\/post"}],"author":[{"embeddable":true,"href":"https:\/\/www.etf.fr\/en\/wp-json\/wp\/v2\/users\/5"}],"replies":[{"embeddable":true,"href":"https:\/\/www.etf.fr\/en\/wp-json\/wp\/v2\/comments?post=12483015"}],"version-history":[{"count":1,"href":"https:\/\/www.etf.fr\/en\/wp-json\/wp\/v2\/posts\/12483015\/revisions"}],"predecessor-version":[{"id":12483017,"href":"https:\/\/www.etf.fr\/en\/wp-json\/wp\/v2\/posts\/12483015\/revisions\/12483017"}],"wp:featuredmedia":[{"embeddable":true,"href":"https:\/\/www.etf.fr\/en\/wp-json\/wp\/v2\/media\/51605"}],"wp:attachment":[{"href":"https:\/\/www.etf.fr\/en\/wp-json\/wp\/v2\/media?parent=12483015"}],"wp:term":[{"taxonomy":"category","embeddable":true,"href":"https:\/\/www.etf.fr\/en\/wp-json\/wp\/v2\/categories?post=12483015"},{"taxonomy":"post_tag","embeddable":true,"href":"https:\/\/www.etf.fr\/en\/wp-json\/wp\/v2\/tags?post=12483015"}],"curies":[{"name":"wp","href":"https:\/\/api.w.org\/{rel}","templated":true}]}}