{"id":12513540,"date":"2021-07-27T14:15:25","date_gmt":"2021-07-27T12:15:25","guid":{"rendered":"https:\/\/www.etf.fr\/uncategorized\/le-chantier-du-t10-accueille-le-ministre-des-transport-jean-baptiste-djebbari\/"},"modified":"2025-09-29T10:24:25","modified_gmt":"2025-09-29T08:24:25","slug":"le-chantier-du-t10-accueille-le-ministre-des-transport-jean-baptiste-djebbari","status":"publish","type":"post","link":"https:\/\/www.etf.fr\/en\/agences-grands-projets-transports-urbains-en\/le-chantier-du-t10-accueille-le-ministre-des-transport-jean-baptiste-djebbari\/","title":{"rendered":"The T10 construction site welcomes Transport Minister Jean-Baptiste Djebbari"},"content":{"rendered":"\n<p><strong>As part of the third edition of the Days for the Acceleration and Modernisation of Infrastructure (JAMI), Jean-Baptiste Djebbari, Minister Delegate for Transport, visited Chatenay Malabry on Friday 23 July 2021 to see the <\/strong><a href=\"https:\/\/tram-t10.iledefrance-mobilites.fr\/decouvrir-le-projet\/\"><strong>construction site for the T10 tramway<\/strong><\/a><strong>.<\/strong><\/p>\n\n\n\n<p>Welcomed by the companies in charge of the project, <a href=\"https:\/\/www.eurovia.fr\/\">Eurovia<\/a> and ETF, the Minister was able to discover the Group&#8217;s many technical and environmental advances: circular economy (high recycling rates, recarbonation of demolition concrete), bio-based materials (vegetable binders), positive energy and pollution-reducing roads, low-carbon asphalt, smart signage, and more.<\/p>\n\n\n\n<p>The ETF teams were able to showcase the diversity of engineering and technical expertise involved in railway construction. The Minister also visited the site to perform an aluminothermic welding operation with the help of our operational staff.<\/p>\n\n\n\n<p>The main purpose of the visit was to demonstrate the importance of project owners in the innovation process of companies. Indeed, it is often when companies are challenged by their project owners that significant progress is made. Ambitious environmental and performance objectives then push companies to stand out.<\/p>\n\n\n\n<p>The ETF\/Eurovia consortium&#8217;s social commitment to integration and training was also highlighted. The Minister considered this project to be \u2018useful for the region\u2019.<\/p>\n\n\n\n<p><\/p>\n","protected":false},"excerpt":{"rendered":"<p>As part of the third edition of the Days for the Acceleration and Modernisation of Infrastructure (JAMI), Jean-Baptiste Djebbari, Minister Delegate for Transport, visited Chatenay Malabry on Friday 23 July 2021 to see the construction site for the T10 tramway.<\/p>\n","protected":false},"author":5,"featured_media":49395,"comment_status":"closed","ping_status":"closed","sticky":false,"template":"","format":"standard","meta":{"_acf_changed":false,"footnotes":""},"categories":[192],"tags":[],"class_list":["post-12513540","post","type-post","status-publish","format-standard","has-post-thumbnail","hentry","category-agences-grands-projets-transports-urbains-en"],"acf":[],"yoast_head":"<!-- This site is optimized with the Yoast SEO plugin v27.5 - https:\/\/yoast.com\/product\/yoast-seo-wordpress\/ -->\n<title>The T10 construction site welcomes Transport Minister Jean-Baptiste Djebbari - ETF<\/title>\n<meta name=\"description\" content=\"Jean-Baptiste DJEBBARI, Ministre d\u00e9l\u00e9gu\u00e9 charg\u00e9 des Transports, s\u2019est rendu ce 23 Juillet 2021 \u00e0 Chatenay Malabry sur le chantier du T10.\" \/>\n<meta name=\"robots\" content=\"index, follow, max-snippet:-1, max-image-preview:large, max-video-preview:-1\" \/>\n<link rel=\"canonical\" href=\"https:\/\/www.etf.fr\/en\/agences-grands-projets-transports-urbains-en\/le-chantier-du-t10-accueille-le-ministre-des-transport-jean-baptiste-djebbari\/\" \/>\n<meta property=\"og:locale\" content=\"en_US\" \/>\n<meta property=\"og:type\" content=\"article\" \/>\n<meta property=\"og:title\" content=\"The T10 construction site welcomes Transport Minister Jean-Baptiste Djebbari - ETF\" \/>\n<meta property=\"og:description\" content=\"Jean-Baptiste DJEBBARI, Ministre d\u00e9l\u00e9gu\u00e9 charg\u00e9 des Transports, s\u2019est rendu ce 23 Juillet 2021 \u00e0 Chatenay Malabry sur le chantier du T10.\" \/>\n<meta property=\"og:url\" content=\"https:\/\/www.etf.fr\/en\/agences-grands-projets-transports-urbains-en\/le-chantier-du-t10-accueille-le-ministre-des-transport-jean-baptiste-djebbari\/\" \/>\n<meta property=\"og:site_name\" content=\"ETF\" \/>\n<meta property=\"article:published_time\" content=\"2021-07-27T12:15:25+00:00\" \/>\n<meta property=\"article:modified_time\" content=\"2025-09-29T08:24:25+00:00\" \/>\n<meta property=\"og:image\" content=\"https:\/\/www.etf.fr\/wp-content\/uploads\/2021\/07\/1-731x535.jpg\" \/>\n\t<meta property=\"og:image:width\" content=\"731\" \/>\n\t<meta property=\"og:image:height\" content=\"535\" \/>\n\t<meta property=\"og:image:type\" content=\"image\/jpeg\" \/>\n<meta name=\"author\" content=\"mathilde\" \/>\n<meta name=\"twitter:card\" content=\"summary_large_image\" \/>\n<meta name=\"twitter:label1\" content=\"Written by\" \/>\n\t<meta name=\"twitter:data1\" content=\"mathilde\" \/>\n\t<meta name=\"twitter:label2\" content=\"Est. reading time\" \/>\n\t<meta name=\"twitter:data2\" content=\"2 minutes\" \/>\n<script type=\"application\/ld+json\" class=\"yoast-schema-graph\">{\"@context\":\"https:\\\/\\\/schema.org\",\"@graph\":[{\"@type\":\"Article\",\"@id\":\"https:\\\/\\\/www.etf.fr\\\/en\\\/agences-grands-projets-transports-urbains-en\\\/le-chantier-du-t10-accueille-le-ministre-des-transport-jean-baptiste-djebbari\\\/#article\",\"isPartOf\":{\"@id\":\"https:\\\/\\\/www.etf.fr\\\/en\\\/agences-grands-projets-transports-urbains-en\\\/le-chantier-du-t10-accueille-le-ministre-des-transport-jean-baptiste-djebbari\\\/\"},\"author\":{\"name\":\"mathilde\",\"@id\":\"https:\\\/\\\/www.etf.fr\\\/#\\\/schema\\\/person\\\/161a2c149c1f701b263f97f54de35dbd\"},\"headline\":\"The T10 construction site welcomes Transport Minister Jean-Baptiste Djebbari\",\"datePublished\":\"2021-07-27T12:15:25+00:00\",\"dateModified\":\"2025-09-29T08:24:25+00:00\",\"mainEntityOfPage\":{\"@id\":\"https:\\\/\\\/www.etf.fr\\\/en\\\/agences-grands-projets-transports-urbains-en\\\/le-chantier-du-t10-accueille-le-ministre-des-transport-jean-baptiste-djebbari\\\/\"},\"wordCount\":205,\"publisher\":{\"@id\":\"https:\\\/\\\/www.etf.fr\\\/#organization\"},\"image\":{\"@id\":\"https:\\\/\\\/www.etf.fr\\\/en\\\/agences-grands-projets-transports-urbains-en\\\/le-chantier-du-t10-accueille-le-ministre-des-transport-jean-baptiste-djebbari\\\/#primaryimage\"},\"thumbnailUrl\":\"https:\\\/\\\/www.etf.fr\\\/wp-content\\\/uploads\\\/2021\\\/07\\\/1.jpg\",\"articleSection\":[\"Agences Grands Projets Urbains\"],\"inLanguage\":\"en-US\"},{\"@type\":\"WebPage\",\"@id\":\"https:\\\/\\\/www.etf.fr\\\/en\\\/agences-grands-projets-transports-urbains-en\\\/le-chantier-du-t10-accueille-le-ministre-des-transport-jean-baptiste-djebbari\\\/\",\"url\":\"https:\\\/\\\/www.etf.fr\\\/en\\\/agences-grands-projets-transports-urbains-en\\\/le-chantier-du-t10-accueille-le-ministre-des-transport-jean-baptiste-djebbari\\\/\",\"name\":\"The T10 construction site welcomes Transport Minister Jean-Baptiste Djebbari - ETF\",\"isPartOf\":{\"@id\":\"https:\\\/\\\/www.etf.fr\\\/#website\"},\"primaryImageOfPage\":{\"@id\":\"https:\\\/\\\/www.etf.fr\\\/en\\\/agences-grands-projets-transports-urbains-en\\\/le-chantier-du-t10-accueille-le-ministre-des-transport-jean-baptiste-djebbari\\\/#primaryimage\"},\"image\":{\"@id\":\"https:\\\/\\\/www.etf.fr\\\/en\\\/agences-grands-projets-transports-urbains-en\\\/le-chantier-du-t10-accueille-le-ministre-des-transport-jean-baptiste-djebbari\\\/#primaryimage\"},\"thumbnailUrl\":\"https:\\\/\\\/www.etf.fr\\\/wp-content\\\/uploads\\\/2021\\\/07\\\/1.jpg\",\"datePublished\":\"2021-07-27T12:15:25+00:00\",\"dateModified\":\"2025-09-29T08:24:25+00:00\",\"description\":\"Jean-Baptiste DJEBBARI, Ministre d\u00e9l\u00e9gu\u00e9 charg\u00e9 des Transports, s\u2019est rendu ce 23 Juillet 2021 \u00e0 Chatenay Malabry sur le chantier du T10.\",\"breadcrumb\":{\"@id\":\"https:\\\/\\\/www.etf.fr\\\/en\\\/agences-grands-projets-transports-urbains-en\\\/le-chantier-du-t10-accueille-le-ministre-des-transport-jean-baptiste-djebbari\\\/#breadcrumb\"},\"inLanguage\":\"en-US\",\"potentialAction\":[{\"@type\":\"ReadAction\",\"target\":[\"https:\\\/\\\/www.etf.fr\\\/en\\\/agences-grands-projets-transports-urbains-en\\\/le-chantier-du-t10-accueille-le-ministre-des-transport-jean-baptiste-djebbari\\\/\"]}]},{\"@type\":\"ImageObject\",\"inLanguage\":\"en-US\",\"@id\":\"https:\\\/\\\/www.etf.fr\\\/en\\\/agences-grands-projets-transports-urbains-en\\\/le-chantier-du-t10-accueille-le-ministre-des-transport-jean-baptiste-djebbari\\\/#primaryimage\",\"url\":\"https:\\\/\\\/www.etf.fr\\\/wp-content\\\/uploads\\\/2021\\\/07\\\/1.jpg\",\"contentUrl\":\"https:\\\/\\\/www.etf.fr\\\/wp-content\\\/uploads\\\/2021\\\/07\\\/1.jpg\",\"width\":2560,\"height\":1873},{\"@type\":\"BreadcrumbList\",\"@id\":\"https:\\\/\\\/www.etf.fr\\\/en\\\/agences-grands-projets-transports-urbains-en\\\/le-chantier-du-t10-accueille-le-ministre-des-transport-jean-baptiste-djebbari\\\/#breadcrumb\",\"itemListElement\":[{\"@type\":\"ListItem\",\"position\":1,\"name\":\"Accueil\",\"item\":\"https:\\\/\\\/www.etf.fr\\\/en\\\/\"},{\"@type\":\"ListItem\",\"position\":2,\"name\":\"The T10 construction site welcomes Transport Minister Jean-Baptiste Djebbari\"}]},{\"@type\":\"WebSite\",\"@id\":\"https:\\\/\\\/www.etf.fr\\\/#website\",\"url\":\"https:\\\/\\\/www.etf.fr\\\/\",\"name\":\"ETF\",\"description\":\"Your transport partner worldwide\",\"publisher\":{\"@id\":\"https:\\\/\\\/www.etf.fr\\\/#organization\"},\"potentialAction\":[{\"@type\":\"SearchAction\",\"target\":{\"@type\":\"EntryPoint\",\"urlTemplate\":\"https:\\\/\\\/www.etf.fr\\\/?s={search_term_string}\"},\"query-input\":{\"@type\":\"PropertyValueSpecification\",\"valueRequired\":true,\"valueName\":\"search_term_string\"}}],\"inLanguage\":\"en-US\"},{\"@type\":\"Organization\",\"@id\":\"https:\\\/\\\/www.etf.fr\\\/#organization\",\"name\":\"ETF\",\"url\":\"https:\\\/\\\/www.etf.fr\\\/\",\"logo\":{\"@type\":\"ImageObject\",\"inLanguage\":\"en-US\",\"@id\":\"https:\\\/\\\/www.etf.fr\\\/#\\\/schema\\\/logo\\\/image\\\/\",\"url\":\"https:\\\/\\\/www.etf.fr\\\/wp-content\\\/uploads\\\/2019\\\/03\\\/logo-ETF.png\",\"contentUrl\":\"https:\\\/\\\/www.etf.fr\\\/wp-content\\\/uploads\\\/2019\\\/03\\\/logo-ETF.png\",\"width\":272,\"height\":161,\"caption\":\"ETF\"},\"image\":{\"@id\":\"https:\\\/\\\/www.etf.fr\\\/#\\\/schema\\\/logo\\\/image\\\/\"}},{\"@type\":\"Person\",\"@id\":\"https:\\\/\\\/www.etf.fr\\\/#\\\/schema\\\/person\\\/161a2c149c1f701b263f97f54de35dbd\",\"name\":\"mathilde\",\"url\":\"https:\\\/\\\/www.etf.fr\\\/en\\\/author\\\/mathilde\\\/\"}]}<\/script>\n<!-- \/ Yoast SEO plugin. -->","yoast_head_json":{"title":"The T10 construction site welcomes Transport Minister Jean-Baptiste Djebbari - ETF","description":"Jean-Baptiste DJEBBARI, Ministre d\u00e9l\u00e9gu\u00e9 charg\u00e9 des Transports, s\u2019est rendu ce 23 Juillet 2021 \u00e0 Chatenay Malabry sur le chantier du T10.","robots":{"index":"index","follow":"follow","max-snippet":"max-snippet:-1","max-image-preview":"max-image-preview:large","max-video-preview":"max-video-preview:-1"},"canonical":"https:\/\/www.etf.fr\/en\/agences-grands-projets-transports-urbains-en\/le-chantier-du-t10-accueille-le-ministre-des-transport-jean-baptiste-djebbari\/","og_locale":"en_US","og_type":"article","og_title":"The T10 construction site welcomes Transport Minister Jean-Baptiste Djebbari - ETF","og_description":"Jean-Baptiste DJEBBARI, Ministre d\u00e9l\u00e9gu\u00e9 charg\u00e9 des Transports, s\u2019est rendu ce 23 Juillet 2021 \u00e0 Chatenay Malabry sur le chantier du T10.","og_url":"https:\/\/www.etf.fr\/en\/agences-grands-projets-transports-urbains-en\/le-chantier-du-t10-accueille-le-ministre-des-transport-jean-baptiste-djebbari\/","og_site_name":"ETF","article_published_time":"2021-07-27T12:15:25+00:00","article_modified_time":"2025-09-29T08:24:25+00:00","og_image":[{"width":731,"height":535,"url":"https:\/\/www.etf.fr\/wp-content\/uploads\/2021\/07\/1-731x535.jpg","type":"image\/jpeg"}],"author":"mathilde","twitter_card":"summary_large_image","twitter_misc":{"Written by":"mathilde","Est. reading time":"2 minutes"},"schema":{"@context":"https:\/\/schema.org","@graph":[{"@type":"Article","@id":"https:\/\/www.etf.fr\/en\/agences-grands-projets-transports-urbains-en\/le-chantier-du-t10-accueille-le-ministre-des-transport-jean-baptiste-djebbari\/#article","isPartOf":{"@id":"https:\/\/www.etf.fr\/en\/agences-grands-projets-transports-urbains-en\/le-chantier-du-t10-accueille-le-ministre-des-transport-jean-baptiste-djebbari\/"},"author":{"name":"mathilde","@id":"https:\/\/www.etf.fr\/#\/schema\/person\/161a2c149c1f701b263f97f54de35dbd"},"headline":"The T10 construction site welcomes Transport Minister Jean-Baptiste Djebbari","datePublished":"2021-07-27T12:15:25+00:00","dateModified":"2025-09-29T08:24:25+00:00","mainEntityOfPage":{"@id":"https:\/\/www.etf.fr\/en\/agences-grands-projets-transports-urbains-en\/le-chantier-du-t10-accueille-le-ministre-des-transport-jean-baptiste-djebbari\/"},"wordCount":205,"publisher":{"@id":"https:\/\/www.etf.fr\/#organization"},"image":{"@id":"https:\/\/www.etf.fr\/en\/agences-grands-projets-transports-urbains-en\/le-chantier-du-t10-accueille-le-ministre-des-transport-jean-baptiste-djebbari\/#primaryimage"},"thumbnailUrl":"https:\/\/www.etf.fr\/wp-content\/uploads\/2021\/07\/1.jpg","articleSection":["Agences Grands Projets Urbains"],"inLanguage":"en-US"},{"@type":"WebPage","@id":"https:\/\/www.etf.fr\/en\/agences-grands-projets-transports-urbains-en\/le-chantier-du-t10-accueille-le-ministre-des-transport-jean-baptiste-djebbari\/","url":"https:\/\/www.etf.fr\/en\/agences-grands-projets-transports-urbains-en\/le-chantier-du-t10-accueille-le-ministre-des-transport-jean-baptiste-djebbari\/","name":"The T10 construction site welcomes Transport Minister Jean-Baptiste Djebbari - ETF","isPartOf":{"@id":"https:\/\/www.etf.fr\/#website"},"primaryImageOfPage":{"@id":"https:\/\/www.etf.fr\/en\/agences-grands-projets-transports-urbains-en\/le-chantier-du-t10-accueille-le-ministre-des-transport-jean-baptiste-djebbari\/#primaryimage"},"image":{"@id":"https:\/\/www.etf.fr\/en\/agences-grands-projets-transports-urbains-en\/le-chantier-du-t10-accueille-le-ministre-des-transport-jean-baptiste-djebbari\/#primaryimage"},"thumbnailUrl":"https:\/\/www.etf.fr\/wp-content\/uploads\/2021\/07\/1.jpg","datePublished":"2021-07-27T12:15:25+00:00","dateModified":"2025-09-29T08:24:25+00:00","description":"Jean-Baptiste DJEBBARI, Ministre d\u00e9l\u00e9gu\u00e9 charg\u00e9 des Transports, s\u2019est rendu ce 23 Juillet 2021 \u00e0 Chatenay Malabry sur le chantier du T10.","breadcrumb":{"@id":"https:\/\/www.etf.fr\/en\/agences-grands-projets-transports-urbains-en\/le-chantier-du-t10-accueille-le-ministre-des-transport-jean-baptiste-djebbari\/#breadcrumb"},"inLanguage":"en-US","potentialAction":[{"@type":"ReadAction","target":["https:\/\/www.etf.fr\/en\/agences-grands-projets-transports-urbains-en\/le-chantier-du-t10-accueille-le-ministre-des-transport-jean-baptiste-djebbari\/"]}]},{"@type":"ImageObject","inLanguage":"en-US","@id":"https:\/\/www.etf.fr\/en\/agences-grands-projets-transports-urbains-en\/le-chantier-du-t10-accueille-le-ministre-des-transport-jean-baptiste-djebbari\/#primaryimage","url":"https:\/\/www.etf.fr\/wp-content\/uploads\/2021\/07\/1.jpg","contentUrl":"https:\/\/www.etf.fr\/wp-content\/uploads\/2021\/07\/1.jpg","width":2560,"height":1873},{"@type":"BreadcrumbList","@id":"https:\/\/www.etf.fr\/en\/agences-grands-projets-transports-urbains-en\/le-chantier-du-t10-accueille-le-ministre-des-transport-jean-baptiste-djebbari\/#breadcrumb","itemListElement":[{"@type":"ListItem","position":1,"name":"Accueil","item":"https:\/\/www.etf.fr\/en\/"},{"@type":"ListItem","position":2,"name":"The T10 construction site welcomes Transport Minister Jean-Baptiste Djebbari"}]},{"@type":"WebSite","@id":"https:\/\/www.etf.fr\/#website","url":"https:\/\/www.etf.fr\/","name":"ETF","description":"Your transport partner worldwide","publisher":{"@id":"https:\/\/www.etf.fr\/#organization"},"potentialAction":[{"@type":"SearchAction","target":{"@type":"EntryPoint","urlTemplate":"https:\/\/www.etf.fr\/?s={search_term_string}"},"query-input":{"@type":"PropertyValueSpecification","valueRequired":true,"valueName":"search_term_string"}}],"inLanguage":"en-US"},{"@type":"Organization","@id":"https:\/\/www.etf.fr\/#organization","name":"ETF","url":"https:\/\/www.etf.fr\/","logo":{"@type":"ImageObject","inLanguage":"en-US","@id":"https:\/\/www.etf.fr\/#\/schema\/logo\/image\/","url":"https:\/\/www.etf.fr\/wp-content\/uploads\/2019\/03\/logo-ETF.png","contentUrl":"https:\/\/www.etf.fr\/wp-content\/uploads\/2019\/03\/logo-ETF.png","width":272,"height":161,"caption":"ETF"},"image":{"@id":"https:\/\/www.etf.fr\/#\/schema\/logo\/image\/"}},{"@type":"Person","@id":"https:\/\/www.etf.fr\/#\/schema\/person\/161a2c149c1f701b263f97f54de35dbd","name":"mathilde","url":"https:\/\/www.etf.fr\/en\/author\/mathilde\/"}]}},"_links":{"self":[{"href":"https:\/\/www.etf.fr\/en\/wp-json\/wp\/v2\/posts\/12513540","targetHints":{"allow":["GET"]}}],"collection":[{"href":"https:\/\/www.etf.fr\/en\/wp-json\/wp\/v2\/posts"}],"about":[{"href":"https:\/\/www.etf.fr\/en\/wp-json\/wp\/v2\/types\/post"}],"author":[{"embeddable":true,"href":"https:\/\/www.etf.fr\/en\/wp-json\/wp\/v2\/users\/5"}],"replies":[{"embeddable":true,"href":"https:\/\/www.etf.fr\/en\/wp-json\/wp\/v2\/comments?post=12513540"}],"version-history":[{"count":1,"href":"https:\/\/www.etf.fr\/en\/wp-json\/wp\/v2\/posts\/12513540\/revisions"}],"predecessor-version":[{"id":12513542,"href":"https:\/\/www.etf.fr\/en\/wp-json\/wp\/v2\/posts\/12513540\/revisions\/12513542"}],"wp:featuredmedia":[{"embeddable":true,"href":"https:\/\/www.etf.fr\/en\/wp-json\/wp\/v2\/media\/49395"}],"wp:attachment":[{"href":"https:\/\/www.etf.fr\/en\/wp-json\/wp\/v2\/media?parent=12513540"}],"wp:term":[{"taxonomy":"category","embeddable":true,"href":"https:\/\/www.etf.fr\/en\/wp-json\/wp\/v2\/categories?post=12513540"},{"taxonomy":"post_tag","embeddable":true,"href":"https:\/\/www.etf.fr\/en\/wp-json\/wp\/v2\/tags?post=12513540"}],"curies":[{"name":"wp","href":"https:\/\/api.w.org\/{rel}","templated":true}]}}