{"id":12514032,"date":"2021-03-24T15:36:51","date_gmt":"2021-03-24T14:36:51","guid":{"rendered":"https:\/\/www.etf.fr\/uncategorized\/renouvellement-dappareils-de-voie-cap-a-louest-pour-lagence-grand-est\/"},"modified":"2025-09-29T11:15:04","modified_gmt":"2025-09-29T09:15:04","slug":"renouvellement-dappareils-de-voie-cap-a-louest-pour-lagence-grand-est","status":"publish","type":"post","link":"https:\/\/www.etf.fr\/en\/agence-est-en\/renouvellement-dappareils-de-voie-cap-a-louest-pour-lagence-grand-est\/","title":{"rendered":"Renewal of track equipment, heading west for the Grand Est agency!"},"content":{"rendered":"\n<p>The performance at ETF is based above all on teamwork and synergy between our agencies. During March 2021, the Centre-\u00cele-de-France agency was able to count on the RFN <em>(R\u00e9seau Ferr\u00e9 National) <\/em>Grand-Est teams who were involved in the Vigirail campaign in Compi\u00e8gne.<\/p>\n\n\n\n<p>After an intense period of preparation with the client, SNCF R\u00e9seau, a series of intensive operations followed:<\/p>\n\n\n\n<ul class=\"wp-block-list\">\n<li>48 hours on the weekend of 13\/14 March,<\/li>\n\n\n\n<li>48 hours on the weekend of 20\/21 March<\/li>\n\n\n\n<li>72 hours on the weekend of 3\/4\/5 April<\/li>\n<\/ul>\n\n\n\n<p>To carry out these projects, ETF provided <a href=\"https:\/\/youtu.be\/qfRbpx0jtDM\">the SPAC (<em>a system that combines a GEISMAR beam with new-generation<\/em> gantries)<\/a><\/p>\n\n\n\n<p>For the last weekend, ETF will be able to count on the support of the Eurovia agency in Compi\u00e8gne, which will reinforce 1,000 m\u00b2 of railway platform.<\/p>\n","protected":false},"excerpt":{"rendered":"<p>The performance at ETF is based above all on teamwork and synergy between our agencies. During March 2021, the Centre-\u00cele-de-France agency was able to count on the RFN (R\u00e9seau Ferr\u00e9 National) Grand-Est teams who were involved in the Vigirail campaign in Compi\u00e8gne.<\/p>\n","protected":false},"author":5,"featured_media":36617,"comment_status":"closed","ping_status":"open","sticky":false,"template":"","format":"standard","meta":{"_acf_changed":false,"footnotes":""},"categories":[201],"tags":[],"class_list":["post-12514032","post","type-post","status-publish","format-standard","has-post-thumbnail","hentry","category-agence-est-en"],"acf":[],"yoast_head":"<!-- This site is optimized with the Yoast SEO plugin v27.5 - https:\/\/yoast.com\/product\/yoast-seo-wordpress\/ -->\n<title>Renewal of track equipment, heading west for the Grand Est agency! - ETF<\/title>\n<meta name=\"robots\" content=\"index, follow, max-snippet:-1, max-image-preview:large, max-video-preview:-1\" \/>\n<link rel=\"canonical\" href=\"https:\/\/www.etf.fr\/en\/agence-est-en\/renouvellement-dappareils-de-voie-cap-a-louest-pour-lagence-grand-est\/\" \/>\n<meta property=\"og:locale\" content=\"en_US\" \/>\n<meta property=\"og:type\" content=\"article\" \/>\n<meta property=\"og:title\" content=\"Renewal of track equipment, heading west for the Grand Est agency! - ETF\" \/>\n<meta property=\"og:description\" content=\"The performance at ETF is based above all on teamwork and synergy between our agencies. During March 2021, the Centre-\u00cele-de-France agency was able to count on the RFN (R\u00e9seau Ferr\u00e9 National) Grand-Est teams who were involved in the Vigirail campaign in Compi\u00e8gne.\" \/>\n<meta property=\"og:url\" content=\"https:\/\/www.etf.fr\/en\/agence-est-en\/renouvellement-dappareils-de-voie-cap-a-louest-pour-lagence-grand-est\/\" \/>\n<meta property=\"og:site_name\" content=\"ETF\" \/>\n<meta property=\"article:published_time\" content=\"2021-03-24T14:36:51+00:00\" \/>\n<meta property=\"article:modified_time\" content=\"2025-09-29T09:15:04+00:00\" \/>\n<meta property=\"og:image\" content=\"https:\/\/www.etf.fr\/wp-content\/uploads\/2021\/03\/2021-03-24-031846627.jpg\" \/>\n\t<meta property=\"og:image:width\" content=\"1079\" \/>\n\t<meta property=\"og:image:height\" content=\"810\" \/>\n\t<meta property=\"og:image:type\" content=\"image\/jpeg\" \/>\n<meta name=\"author\" content=\"mathilde\" \/>\n<meta name=\"twitter:card\" content=\"summary_large_image\" \/>\n<meta name=\"twitter:label1\" content=\"Written by\" \/>\n\t<meta name=\"twitter:data1\" content=\"mathilde\" \/>\n\t<meta name=\"twitter:label2\" content=\"Est. reading time\" \/>\n\t<meta name=\"twitter:data2\" content=\"1 minute\" \/>\n<script type=\"application\/ld+json\" class=\"yoast-schema-graph\">{\"@context\":\"https:\\\/\\\/schema.org\",\"@graph\":[{\"@type\":\"Article\",\"@id\":\"https:\\\/\\\/www.etf.fr\\\/en\\\/agence-est-en\\\/renouvellement-dappareils-de-voie-cap-a-louest-pour-lagence-grand-est\\\/#article\",\"isPartOf\":{\"@id\":\"https:\\\/\\\/www.etf.fr\\\/en\\\/agence-est-en\\\/renouvellement-dappareils-de-voie-cap-a-louest-pour-lagence-grand-est\\\/\"},\"author\":{\"name\":\"mathilde\",\"@id\":\"https:\\\/\\\/www.etf.fr\\\/#\\\/schema\\\/person\\\/161a2c149c1f701b263f97f54de35dbd\"},\"headline\":\"Renewal of track equipment, heading west for the Grand Est agency!\",\"datePublished\":\"2021-03-24T14:36:51+00:00\",\"dateModified\":\"2025-09-29T09:15:04+00:00\",\"mainEntityOfPage\":{\"@id\":\"https:\\\/\\\/www.etf.fr\\\/en\\\/agence-est-en\\\/renouvellement-dappareils-de-voie-cap-a-louest-pour-lagence-grand-est\\\/\"},\"wordCount\":137,\"publisher\":{\"@id\":\"https:\\\/\\\/www.etf.fr\\\/#organization\"},\"image\":{\"@id\":\"https:\\\/\\\/www.etf.fr\\\/en\\\/agence-est-en\\\/renouvellement-dappareils-de-voie-cap-a-louest-pour-lagence-grand-est\\\/#primaryimage\"},\"thumbnailUrl\":\"https:\\\/\\\/www.etf.fr\\\/wp-content\\\/uploads\\\/2021\\\/03\\\/2021-03-24-031846627.jpg\",\"articleSection\":[\"Agence Est\"],\"inLanguage\":\"en-US\"},{\"@type\":\"WebPage\",\"@id\":\"https:\\\/\\\/www.etf.fr\\\/en\\\/agence-est-en\\\/renouvellement-dappareils-de-voie-cap-a-louest-pour-lagence-grand-est\\\/\",\"url\":\"https:\\\/\\\/www.etf.fr\\\/en\\\/agence-est-en\\\/renouvellement-dappareils-de-voie-cap-a-louest-pour-lagence-grand-est\\\/\",\"name\":\"Renewal of track equipment, heading west for the Grand Est agency! - ETF\",\"isPartOf\":{\"@id\":\"https:\\\/\\\/www.etf.fr\\\/#website\"},\"primaryImageOfPage\":{\"@id\":\"https:\\\/\\\/www.etf.fr\\\/en\\\/agence-est-en\\\/renouvellement-dappareils-de-voie-cap-a-louest-pour-lagence-grand-est\\\/#primaryimage\"},\"image\":{\"@id\":\"https:\\\/\\\/www.etf.fr\\\/en\\\/agence-est-en\\\/renouvellement-dappareils-de-voie-cap-a-louest-pour-lagence-grand-est\\\/#primaryimage\"},\"thumbnailUrl\":\"https:\\\/\\\/www.etf.fr\\\/wp-content\\\/uploads\\\/2021\\\/03\\\/2021-03-24-031846627.jpg\",\"datePublished\":\"2021-03-24T14:36:51+00:00\",\"dateModified\":\"2025-09-29T09:15:04+00:00\",\"breadcrumb\":{\"@id\":\"https:\\\/\\\/www.etf.fr\\\/en\\\/agence-est-en\\\/renouvellement-dappareils-de-voie-cap-a-louest-pour-lagence-grand-est\\\/#breadcrumb\"},\"inLanguage\":\"en-US\",\"potentialAction\":[{\"@type\":\"ReadAction\",\"target\":[\"https:\\\/\\\/www.etf.fr\\\/en\\\/agence-est-en\\\/renouvellement-dappareils-de-voie-cap-a-louest-pour-lagence-grand-est\\\/\"]}]},{\"@type\":\"ImageObject\",\"inLanguage\":\"en-US\",\"@id\":\"https:\\\/\\\/www.etf.fr\\\/en\\\/agence-est-en\\\/renouvellement-dappareils-de-voie-cap-a-louest-pour-lagence-grand-est\\\/#primaryimage\",\"url\":\"https:\\\/\\\/www.etf.fr\\\/wp-content\\\/uploads\\\/2021\\\/03\\\/2021-03-24-031846627.jpg\",\"contentUrl\":\"https:\\\/\\\/www.etf.fr\\\/wp-content\\\/uploads\\\/2021\\\/03\\\/2021-03-24-031846627.jpg\",\"width\":1079,\"height\":810,\"caption\":\"Processed with VSCO with preset\"},{\"@type\":\"BreadcrumbList\",\"@id\":\"https:\\\/\\\/www.etf.fr\\\/en\\\/agence-est-en\\\/renouvellement-dappareils-de-voie-cap-a-louest-pour-lagence-grand-est\\\/#breadcrumb\",\"itemListElement\":[{\"@type\":\"ListItem\",\"position\":1,\"name\":\"Accueil\",\"item\":\"https:\\\/\\\/www.etf.fr\\\/en\\\/\"},{\"@type\":\"ListItem\",\"position\":2,\"name\":\"Renewal of track equipment, heading west for the Grand Est agency!\"}]},{\"@type\":\"WebSite\",\"@id\":\"https:\\\/\\\/www.etf.fr\\\/#website\",\"url\":\"https:\\\/\\\/www.etf.fr\\\/\",\"name\":\"ETF\",\"description\":\"Your transport partner worldwide\",\"publisher\":{\"@id\":\"https:\\\/\\\/www.etf.fr\\\/#organization\"},\"potentialAction\":[{\"@type\":\"SearchAction\",\"target\":{\"@type\":\"EntryPoint\",\"urlTemplate\":\"https:\\\/\\\/www.etf.fr\\\/?s={search_term_string}\"},\"query-input\":{\"@type\":\"PropertyValueSpecification\",\"valueRequired\":true,\"valueName\":\"search_term_string\"}}],\"inLanguage\":\"en-US\"},{\"@type\":\"Organization\",\"@id\":\"https:\\\/\\\/www.etf.fr\\\/#organization\",\"name\":\"ETF\",\"url\":\"https:\\\/\\\/www.etf.fr\\\/\",\"logo\":{\"@type\":\"ImageObject\",\"inLanguage\":\"en-US\",\"@id\":\"https:\\\/\\\/www.etf.fr\\\/#\\\/schema\\\/logo\\\/image\\\/\",\"url\":\"https:\\\/\\\/www.etf.fr\\\/wp-content\\\/uploads\\\/2019\\\/03\\\/logo-ETF.png\",\"contentUrl\":\"https:\\\/\\\/www.etf.fr\\\/wp-content\\\/uploads\\\/2019\\\/03\\\/logo-ETF.png\",\"width\":272,\"height\":161,\"caption\":\"ETF\"},\"image\":{\"@id\":\"https:\\\/\\\/www.etf.fr\\\/#\\\/schema\\\/logo\\\/image\\\/\"}},{\"@type\":\"Person\",\"@id\":\"https:\\\/\\\/www.etf.fr\\\/#\\\/schema\\\/person\\\/161a2c149c1f701b263f97f54de35dbd\",\"name\":\"mathilde\",\"url\":\"https:\\\/\\\/www.etf.fr\\\/en\\\/author\\\/mathilde\\\/\"}]}<\/script>\n<!-- \/ Yoast SEO plugin. -->","yoast_head_json":{"title":"Renewal of track equipment, heading west for the Grand Est agency! - ETF","robots":{"index":"index","follow":"follow","max-snippet":"max-snippet:-1","max-image-preview":"max-image-preview:large","max-video-preview":"max-video-preview:-1"},"canonical":"https:\/\/www.etf.fr\/en\/agence-est-en\/renouvellement-dappareils-de-voie-cap-a-louest-pour-lagence-grand-est\/","og_locale":"en_US","og_type":"article","og_title":"Renewal of track equipment, heading west for the Grand Est agency! - ETF","og_description":"The performance at ETF is based above all on teamwork and synergy between our agencies. During March 2021, the Centre-\u00cele-de-France agency was able to count on the RFN (R\u00e9seau Ferr\u00e9 National) Grand-Est teams who were involved in the Vigirail campaign in Compi\u00e8gne.","og_url":"https:\/\/www.etf.fr\/en\/agence-est-en\/renouvellement-dappareils-de-voie-cap-a-louest-pour-lagence-grand-est\/","og_site_name":"ETF","article_published_time":"2021-03-24T14:36:51+00:00","article_modified_time":"2025-09-29T09:15:04+00:00","og_image":[{"width":1079,"height":810,"url":"https:\/\/www.etf.fr\/wp-content\/uploads\/2021\/03\/2021-03-24-031846627.jpg","type":"image\/jpeg"}],"author":"mathilde","twitter_card":"summary_large_image","twitter_misc":{"Written by":"mathilde","Est. reading time":"1 minute"},"schema":{"@context":"https:\/\/schema.org","@graph":[{"@type":"Article","@id":"https:\/\/www.etf.fr\/en\/agence-est-en\/renouvellement-dappareils-de-voie-cap-a-louest-pour-lagence-grand-est\/#article","isPartOf":{"@id":"https:\/\/www.etf.fr\/en\/agence-est-en\/renouvellement-dappareils-de-voie-cap-a-louest-pour-lagence-grand-est\/"},"author":{"name":"mathilde","@id":"https:\/\/www.etf.fr\/#\/schema\/person\/161a2c149c1f701b263f97f54de35dbd"},"headline":"Renewal of track equipment, heading west for the Grand Est agency!","datePublished":"2021-03-24T14:36:51+00:00","dateModified":"2025-09-29T09:15:04+00:00","mainEntityOfPage":{"@id":"https:\/\/www.etf.fr\/en\/agence-est-en\/renouvellement-dappareils-de-voie-cap-a-louest-pour-lagence-grand-est\/"},"wordCount":137,"publisher":{"@id":"https:\/\/www.etf.fr\/#organization"},"image":{"@id":"https:\/\/www.etf.fr\/en\/agence-est-en\/renouvellement-dappareils-de-voie-cap-a-louest-pour-lagence-grand-est\/#primaryimage"},"thumbnailUrl":"https:\/\/www.etf.fr\/wp-content\/uploads\/2021\/03\/2021-03-24-031846627.jpg","articleSection":["Agence Est"],"inLanguage":"en-US"},{"@type":"WebPage","@id":"https:\/\/www.etf.fr\/en\/agence-est-en\/renouvellement-dappareils-de-voie-cap-a-louest-pour-lagence-grand-est\/","url":"https:\/\/www.etf.fr\/en\/agence-est-en\/renouvellement-dappareils-de-voie-cap-a-louest-pour-lagence-grand-est\/","name":"Renewal of track equipment, heading west for the Grand Est agency! - ETF","isPartOf":{"@id":"https:\/\/www.etf.fr\/#website"},"primaryImageOfPage":{"@id":"https:\/\/www.etf.fr\/en\/agence-est-en\/renouvellement-dappareils-de-voie-cap-a-louest-pour-lagence-grand-est\/#primaryimage"},"image":{"@id":"https:\/\/www.etf.fr\/en\/agence-est-en\/renouvellement-dappareils-de-voie-cap-a-louest-pour-lagence-grand-est\/#primaryimage"},"thumbnailUrl":"https:\/\/www.etf.fr\/wp-content\/uploads\/2021\/03\/2021-03-24-031846627.jpg","datePublished":"2021-03-24T14:36:51+00:00","dateModified":"2025-09-29T09:15:04+00:00","breadcrumb":{"@id":"https:\/\/www.etf.fr\/en\/agence-est-en\/renouvellement-dappareils-de-voie-cap-a-louest-pour-lagence-grand-est\/#breadcrumb"},"inLanguage":"en-US","potentialAction":[{"@type":"ReadAction","target":["https:\/\/www.etf.fr\/en\/agence-est-en\/renouvellement-dappareils-de-voie-cap-a-louest-pour-lagence-grand-est\/"]}]},{"@type":"ImageObject","inLanguage":"en-US","@id":"https:\/\/www.etf.fr\/en\/agence-est-en\/renouvellement-dappareils-de-voie-cap-a-louest-pour-lagence-grand-est\/#primaryimage","url":"https:\/\/www.etf.fr\/wp-content\/uploads\/2021\/03\/2021-03-24-031846627.jpg","contentUrl":"https:\/\/www.etf.fr\/wp-content\/uploads\/2021\/03\/2021-03-24-031846627.jpg","width":1079,"height":810,"caption":"Processed with VSCO with preset"},{"@type":"BreadcrumbList","@id":"https:\/\/www.etf.fr\/en\/agence-est-en\/renouvellement-dappareils-de-voie-cap-a-louest-pour-lagence-grand-est\/#breadcrumb","itemListElement":[{"@type":"ListItem","position":1,"name":"Accueil","item":"https:\/\/www.etf.fr\/en\/"},{"@type":"ListItem","position":2,"name":"Renewal of track equipment, heading west for the Grand Est agency!"}]},{"@type":"WebSite","@id":"https:\/\/www.etf.fr\/#website","url":"https:\/\/www.etf.fr\/","name":"ETF","description":"Your transport partner worldwide","publisher":{"@id":"https:\/\/www.etf.fr\/#organization"},"potentialAction":[{"@type":"SearchAction","target":{"@type":"EntryPoint","urlTemplate":"https:\/\/www.etf.fr\/?s={search_term_string}"},"query-input":{"@type":"PropertyValueSpecification","valueRequired":true,"valueName":"search_term_string"}}],"inLanguage":"en-US"},{"@type":"Organization","@id":"https:\/\/www.etf.fr\/#organization","name":"ETF","url":"https:\/\/www.etf.fr\/","logo":{"@type":"ImageObject","inLanguage":"en-US","@id":"https:\/\/www.etf.fr\/#\/schema\/logo\/image\/","url":"https:\/\/www.etf.fr\/wp-content\/uploads\/2019\/03\/logo-ETF.png","contentUrl":"https:\/\/www.etf.fr\/wp-content\/uploads\/2019\/03\/logo-ETF.png","width":272,"height":161,"caption":"ETF"},"image":{"@id":"https:\/\/www.etf.fr\/#\/schema\/logo\/image\/"}},{"@type":"Person","@id":"https:\/\/www.etf.fr\/#\/schema\/person\/161a2c149c1f701b263f97f54de35dbd","name":"mathilde","url":"https:\/\/www.etf.fr\/en\/author\/mathilde\/"}]}},"_links":{"self":[{"href":"https:\/\/www.etf.fr\/en\/wp-json\/wp\/v2\/posts\/12514032","targetHints":{"allow":["GET"]}}],"collection":[{"href":"https:\/\/www.etf.fr\/en\/wp-json\/wp\/v2\/posts"}],"about":[{"href":"https:\/\/www.etf.fr\/en\/wp-json\/wp\/v2\/types\/post"}],"author":[{"embeddable":true,"href":"https:\/\/www.etf.fr\/en\/wp-json\/wp\/v2\/users\/5"}],"replies":[{"embeddable":true,"href":"https:\/\/www.etf.fr\/en\/wp-json\/wp\/v2\/comments?post=12514032"}],"version-history":[{"count":1,"href":"https:\/\/www.etf.fr\/en\/wp-json\/wp\/v2\/posts\/12514032\/revisions"}],"predecessor-version":[{"id":12514034,"href":"https:\/\/www.etf.fr\/en\/wp-json\/wp\/v2\/posts\/12514032\/revisions\/12514034"}],"wp:featuredmedia":[{"embeddable":true,"href":"https:\/\/www.etf.fr\/en\/wp-json\/wp\/v2\/media\/36617"}],"wp:attachment":[{"href":"https:\/\/www.etf.fr\/en\/wp-json\/wp\/v2\/media?parent=12514032"}],"wp:term":[{"taxonomy":"category","embeddable":true,"href":"https:\/\/www.etf.fr\/en\/wp-json\/wp\/v2\/categories?post=12514032"},{"taxonomy":"post_tag","embeddable":true,"href":"https:\/\/www.etf.fr\/en\/wp-json\/wp\/v2\/tags?post=12514032"}],"curies":[{"name":"wp","href":"https:\/\/api.w.org\/{rel}","templated":true}]}}