{"id":12516131,"date":"2021-01-22T16:04:31","date_gmt":"2021-01-22T15:04:31","guid":{"rendered":"https:\/\/www.etf.fr\/uncategorized\/coup-denvoi-de-la-campagne-vigirail-2021-en-ile-de-france\/"},"modified":"2025-09-29T15:58:34","modified_gmt":"2025-09-29T13:58:34","slug":"coup-denvoi-de-la-campagne-vigirail-2021-en-ile-de-france","status":"publish","type":"post","link":"https:\/\/www.etf.fr\/en\/agence-travaux-en\/coup-denvoi-de-la-campagne-vigirail-2021-en-ile-de-france\/","title":{"rendered":"Kick-off of the Vigirail 2021 campaign in \u00cele-de-France"},"content":{"rendered":"\n<p>From 16 to 18 January, no fewer than 120 ETF operational staff were mobilised for their client SNCF R\u00e9seau (Infrap\u00f4le PSL).<\/p>\n\n\n\n<p>To carry out this project, the Centre \u00cele-de-France agency was able to count on the support of the Feroway and mechanised works teams. This synergy made it possible to carry out:<\/p>\n\n\n\n<ul class=\"wp-block-list\">\n<li>the replacement of three sets of points (two single connections and one diagonal crossing),<\/li>\n\n\n\n<li>107 metres of track and ballast replacement,<\/li>\n\n\n\n<li>1,160 metres of track realignment.<\/li>\n<\/ul>\n\n\n\n<p>Thanks to the commitment of all operational staff, this project was completed safely, on time and to the standard of quality required by the client.<\/p>\n","protected":false},"excerpt":{"rendered":"<p>From 16 to 18 January, no fewer than 120 ETF operational staff were mobilised for their client SNCF R\u00e9seau (Infrap\u00f4le PSL).<\/p>\n","protected":false},"author":5,"featured_media":29175,"comment_status":"closed","ping_status":"open","sticky":false,"template":"","format":"standard","meta":{"_acf_changed":false,"footnotes":""},"categories":[198,202],"tags":[],"class_list":["post-12516131","post","type-post","status-publish","format-standard","has-post-thumbnail","hentry","category-agence-travaux-en","category-agence-idf-en"],"acf":[],"yoast_head":"<!-- This site is optimized with the Yoast SEO plugin v27.5 - https:\/\/yoast.com\/product\/yoast-seo-wordpress\/ -->\n<title>Kick-off of the Vigirail 2021 campaign in \u00cele-de-France - ETF<\/title>\n<meta name=\"description\" content=\"C&#039;est sous la neige que les \u00e9quipes ETF ont d\u00e9but\u00e9 le premier week-end coup de poing Vigirail 2021 \u00e0 Argenteuil.\" \/>\n<meta name=\"robots\" content=\"index, follow, max-snippet:-1, max-image-preview:large, max-video-preview:-1\" \/>\n<link rel=\"canonical\" href=\"https:\/\/www.etf.fr\/en\/agence-travaux-en\/coup-denvoi-de-la-campagne-vigirail-2021-en-ile-de-france\/\" \/>\n<meta property=\"og:locale\" content=\"en_US\" \/>\n<meta property=\"og:type\" content=\"article\" \/>\n<meta property=\"og:title\" content=\"Kick-off of the Vigirail 2021 campaign in \u00cele-de-France - ETF\" \/>\n<meta property=\"og:description\" content=\"C&#039;est sous la neige que les \u00e9quipes ETF ont d\u00e9but\u00e9 le premier week-end coup de poing Vigirail 2021 \u00e0 Argenteuil.\" \/>\n<meta property=\"og:url\" content=\"https:\/\/www.etf.fr\/en\/agence-travaux-en\/coup-denvoi-de-la-campagne-vigirail-2021-en-ile-de-france\/\" \/>\n<meta property=\"og:site_name\" content=\"ETF\" \/>\n<meta property=\"article:published_time\" content=\"2021-01-22T15:04:31+00:00\" \/>\n<meta property=\"article:modified_time\" content=\"2025-09-29T13:58:34+00:00\" \/>\n<meta property=\"og:image\" content=\"https:\/\/www.etf.fr\/wp-content\/uploads\/2021\/01\/RAV-Argenteuil-Janv-2021-4.jpg\" \/>\n\t<meta property=\"og:image:width\" content=\"1200\" \/>\n\t<meta property=\"og:image:height\" content=\"1600\" \/>\n\t<meta property=\"og:image:type\" content=\"image\/jpeg\" \/>\n<meta name=\"author\" content=\"mathilde\" \/>\n<meta name=\"twitter:card\" content=\"summary_large_image\" \/>\n<meta name=\"twitter:label1\" content=\"Written by\" \/>\n\t<meta name=\"twitter:data1\" content=\"mathilde\" \/>\n\t<meta name=\"twitter:label2\" content=\"Est. reading time\" \/>\n\t<meta name=\"twitter:data2\" content=\"1 minute\" \/>\n<script type=\"application\/ld+json\" class=\"yoast-schema-graph\">{\"@context\":\"https:\\\/\\\/schema.org\",\"@graph\":[{\"@type\":\"Article\",\"@id\":\"https:\\\/\\\/www.etf.fr\\\/en\\\/agence-travaux-en\\\/coup-denvoi-de-la-campagne-vigirail-2021-en-ile-de-france\\\/#article\",\"isPartOf\":{\"@id\":\"https:\\\/\\\/www.etf.fr\\\/en\\\/agence-travaux-en\\\/coup-denvoi-de-la-campagne-vigirail-2021-en-ile-de-france\\\/\"},\"author\":{\"name\":\"mathilde\",\"@id\":\"https:\\\/\\\/www.etf.fr\\\/#\\\/schema\\\/person\\\/161a2c149c1f701b263f97f54de35dbd\"},\"headline\":\"Kick-off of the Vigirail 2021 campaign in \u00cele-de-France\",\"datePublished\":\"2021-01-22T15:04:31+00:00\",\"dateModified\":\"2025-09-29T13:58:34+00:00\",\"mainEntityOfPage\":{\"@id\":\"https:\\\/\\\/www.etf.fr\\\/en\\\/agence-travaux-en\\\/coup-denvoi-de-la-campagne-vigirail-2021-en-ile-de-france\\\/\"},\"wordCount\":107,\"publisher\":{\"@id\":\"https:\\\/\\\/www.etf.fr\\\/#organization\"},\"image\":{\"@id\":\"https:\\\/\\\/www.etf.fr\\\/en\\\/agence-travaux-en\\\/coup-denvoi-de-la-campagne-vigirail-2021-en-ile-de-france\\\/#primaryimage\"},\"thumbnailUrl\":\"https:\\\/\\\/www.etf.fr\\\/wp-content\\\/uploads\\\/2021\\\/01\\\/RAV-Argenteuil-Janv-2021-4.jpg\",\"articleSection\":[\"Agence Travaux M\u00e9canis\u00e9s\",\"Agence IDF\"],\"inLanguage\":\"en-US\"},{\"@type\":\"WebPage\",\"@id\":\"https:\\\/\\\/www.etf.fr\\\/en\\\/agence-travaux-en\\\/coup-denvoi-de-la-campagne-vigirail-2021-en-ile-de-france\\\/\",\"url\":\"https:\\\/\\\/www.etf.fr\\\/en\\\/agence-travaux-en\\\/coup-denvoi-de-la-campagne-vigirail-2021-en-ile-de-france\\\/\",\"name\":\"Kick-off of the Vigirail 2021 campaign in \u00cele-de-France - ETF\",\"isPartOf\":{\"@id\":\"https:\\\/\\\/www.etf.fr\\\/#website\"},\"primaryImageOfPage\":{\"@id\":\"https:\\\/\\\/www.etf.fr\\\/en\\\/agence-travaux-en\\\/coup-denvoi-de-la-campagne-vigirail-2021-en-ile-de-france\\\/#primaryimage\"},\"image\":{\"@id\":\"https:\\\/\\\/www.etf.fr\\\/en\\\/agence-travaux-en\\\/coup-denvoi-de-la-campagne-vigirail-2021-en-ile-de-france\\\/#primaryimage\"},\"thumbnailUrl\":\"https:\\\/\\\/www.etf.fr\\\/wp-content\\\/uploads\\\/2021\\\/01\\\/RAV-Argenteuil-Janv-2021-4.jpg\",\"datePublished\":\"2021-01-22T15:04:31+00:00\",\"dateModified\":\"2025-09-29T13:58:34+00:00\",\"description\":\"C'est sous la neige que les \u00e9quipes ETF ont d\u00e9but\u00e9 le premier week-end coup de poing Vigirail 2021 \u00e0 Argenteuil.\",\"breadcrumb\":{\"@id\":\"https:\\\/\\\/www.etf.fr\\\/en\\\/agence-travaux-en\\\/coup-denvoi-de-la-campagne-vigirail-2021-en-ile-de-france\\\/#breadcrumb\"},\"inLanguage\":\"en-US\",\"potentialAction\":[{\"@type\":\"ReadAction\",\"target\":[\"https:\\\/\\\/www.etf.fr\\\/en\\\/agence-travaux-en\\\/coup-denvoi-de-la-campagne-vigirail-2021-en-ile-de-france\\\/\"]}]},{\"@type\":\"ImageObject\",\"inLanguage\":\"en-US\",\"@id\":\"https:\\\/\\\/www.etf.fr\\\/en\\\/agence-travaux-en\\\/coup-denvoi-de-la-campagne-vigirail-2021-en-ile-de-france\\\/#primaryimage\",\"url\":\"https:\\\/\\\/www.etf.fr\\\/wp-content\\\/uploads\\\/2021\\\/01\\\/RAV-Argenteuil-Janv-2021-4.jpg\",\"contentUrl\":\"https:\\\/\\\/www.etf.fr\\\/wp-content\\\/uploads\\\/2021\\\/01\\\/RAV-Argenteuil-Janv-2021-4.jpg\",\"width\":1200,\"height\":1600},{\"@type\":\"BreadcrumbList\",\"@id\":\"https:\\\/\\\/www.etf.fr\\\/en\\\/agence-travaux-en\\\/coup-denvoi-de-la-campagne-vigirail-2021-en-ile-de-france\\\/#breadcrumb\",\"itemListElement\":[{\"@type\":\"ListItem\",\"position\":1,\"name\":\"Accueil\",\"item\":\"https:\\\/\\\/www.etf.fr\\\/en\\\/\"},{\"@type\":\"ListItem\",\"position\":2,\"name\":\"Kick-off of the Vigirail 2021 campaign in \u00cele-de-France\"}]},{\"@type\":\"WebSite\",\"@id\":\"https:\\\/\\\/www.etf.fr\\\/#website\",\"url\":\"https:\\\/\\\/www.etf.fr\\\/\",\"name\":\"ETF\",\"description\":\"Your transport partner worldwide\",\"publisher\":{\"@id\":\"https:\\\/\\\/www.etf.fr\\\/#organization\"},\"potentialAction\":[{\"@type\":\"SearchAction\",\"target\":{\"@type\":\"EntryPoint\",\"urlTemplate\":\"https:\\\/\\\/www.etf.fr\\\/?s={search_term_string}\"},\"query-input\":{\"@type\":\"PropertyValueSpecification\",\"valueRequired\":true,\"valueName\":\"search_term_string\"}}],\"inLanguage\":\"en-US\"},{\"@type\":\"Organization\",\"@id\":\"https:\\\/\\\/www.etf.fr\\\/#organization\",\"name\":\"ETF\",\"url\":\"https:\\\/\\\/www.etf.fr\\\/\",\"logo\":{\"@type\":\"ImageObject\",\"inLanguage\":\"en-US\",\"@id\":\"https:\\\/\\\/www.etf.fr\\\/#\\\/schema\\\/logo\\\/image\\\/\",\"url\":\"https:\\\/\\\/www.etf.fr\\\/wp-content\\\/uploads\\\/2019\\\/03\\\/logo-ETF.png\",\"contentUrl\":\"https:\\\/\\\/www.etf.fr\\\/wp-content\\\/uploads\\\/2019\\\/03\\\/logo-ETF.png\",\"width\":272,\"height\":161,\"caption\":\"ETF\"},\"image\":{\"@id\":\"https:\\\/\\\/www.etf.fr\\\/#\\\/schema\\\/logo\\\/image\\\/\"}},{\"@type\":\"Person\",\"@id\":\"https:\\\/\\\/www.etf.fr\\\/#\\\/schema\\\/person\\\/161a2c149c1f701b263f97f54de35dbd\",\"name\":\"mathilde\",\"url\":\"https:\\\/\\\/www.etf.fr\\\/en\\\/author\\\/mathilde\\\/\"}]}<\/script>\n<!-- \/ Yoast SEO plugin. -->","yoast_head_json":{"title":"Kick-off of the Vigirail 2021 campaign in \u00cele-de-France - ETF","description":"C'est sous la neige que les \u00e9quipes ETF ont d\u00e9but\u00e9 le premier week-end coup de poing Vigirail 2021 \u00e0 Argenteuil.","robots":{"index":"index","follow":"follow","max-snippet":"max-snippet:-1","max-image-preview":"max-image-preview:large","max-video-preview":"max-video-preview:-1"},"canonical":"https:\/\/www.etf.fr\/en\/agence-travaux-en\/coup-denvoi-de-la-campagne-vigirail-2021-en-ile-de-france\/","og_locale":"en_US","og_type":"article","og_title":"Kick-off of the Vigirail 2021 campaign in \u00cele-de-France - ETF","og_description":"C'est sous la neige que les \u00e9quipes ETF ont d\u00e9but\u00e9 le premier week-end coup de poing Vigirail 2021 \u00e0 Argenteuil.","og_url":"https:\/\/www.etf.fr\/en\/agence-travaux-en\/coup-denvoi-de-la-campagne-vigirail-2021-en-ile-de-france\/","og_site_name":"ETF","article_published_time":"2021-01-22T15:04:31+00:00","article_modified_time":"2025-09-29T13:58:34+00:00","og_image":[{"width":1200,"height":1600,"url":"https:\/\/www.etf.fr\/wp-content\/uploads\/2021\/01\/RAV-Argenteuil-Janv-2021-4.jpg","type":"image\/jpeg"}],"author":"mathilde","twitter_card":"summary_large_image","twitter_misc":{"Written by":"mathilde","Est. reading time":"1 minute"},"schema":{"@context":"https:\/\/schema.org","@graph":[{"@type":"Article","@id":"https:\/\/www.etf.fr\/en\/agence-travaux-en\/coup-denvoi-de-la-campagne-vigirail-2021-en-ile-de-france\/#article","isPartOf":{"@id":"https:\/\/www.etf.fr\/en\/agence-travaux-en\/coup-denvoi-de-la-campagne-vigirail-2021-en-ile-de-france\/"},"author":{"name":"mathilde","@id":"https:\/\/www.etf.fr\/#\/schema\/person\/161a2c149c1f701b263f97f54de35dbd"},"headline":"Kick-off of the Vigirail 2021 campaign in \u00cele-de-France","datePublished":"2021-01-22T15:04:31+00:00","dateModified":"2025-09-29T13:58:34+00:00","mainEntityOfPage":{"@id":"https:\/\/www.etf.fr\/en\/agence-travaux-en\/coup-denvoi-de-la-campagne-vigirail-2021-en-ile-de-france\/"},"wordCount":107,"publisher":{"@id":"https:\/\/www.etf.fr\/#organization"},"image":{"@id":"https:\/\/www.etf.fr\/en\/agence-travaux-en\/coup-denvoi-de-la-campagne-vigirail-2021-en-ile-de-france\/#primaryimage"},"thumbnailUrl":"https:\/\/www.etf.fr\/wp-content\/uploads\/2021\/01\/RAV-Argenteuil-Janv-2021-4.jpg","articleSection":["Agence Travaux M\u00e9canis\u00e9s","Agence IDF"],"inLanguage":"en-US"},{"@type":"WebPage","@id":"https:\/\/www.etf.fr\/en\/agence-travaux-en\/coup-denvoi-de-la-campagne-vigirail-2021-en-ile-de-france\/","url":"https:\/\/www.etf.fr\/en\/agence-travaux-en\/coup-denvoi-de-la-campagne-vigirail-2021-en-ile-de-france\/","name":"Kick-off of the Vigirail 2021 campaign in \u00cele-de-France - ETF","isPartOf":{"@id":"https:\/\/www.etf.fr\/#website"},"primaryImageOfPage":{"@id":"https:\/\/www.etf.fr\/en\/agence-travaux-en\/coup-denvoi-de-la-campagne-vigirail-2021-en-ile-de-france\/#primaryimage"},"image":{"@id":"https:\/\/www.etf.fr\/en\/agence-travaux-en\/coup-denvoi-de-la-campagne-vigirail-2021-en-ile-de-france\/#primaryimage"},"thumbnailUrl":"https:\/\/www.etf.fr\/wp-content\/uploads\/2021\/01\/RAV-Argenteuil-Janv-2021-4.jpg","datePublished":"2021-01-22T15:04:31+00:00","dateModified":"2025-09-29T13:58:34+00:00","description":"C'est sous la neige que les \u00e9quipes ETF ont d\u00e9but\u00e9 le premier week-end coup de poing Vigirail 2021 \u00e0 Argenteuil.","breadcrumb":{"@id":"https:\/\/www.etf.fr\/en\/agence-travaux-en\/coup-denvoi-de-la-campagne-vigirail-2021-en-ile-de-france\/#breadcrumb"},"inLanguage":"en-US","potentialAction":[{"@type":"ReadAction","target":["https:\/\/www.etf.fr\/en\/agence-travaux-en\/coup-denvoi-de-la-campagne-vigirail-2021-en-ile-de-france\/"]}]},{"@type":"ImageObject","inLanguage":"en-US","@id":"https:\/\/www.etf.fr\/en\/agence-travaux-en\/coup-denvoi-de-la-campagne-vigirail-2021-en-ile-de-france\/#primaryimage","url":"https:\/\/www.etf.fr\/wp-content\/uploads\/2021\/01\/RAV-Argenteuil-Janv-2021-4.jpg","contentUrl":"https:\/\/www.etf.fr\/wp-content\/uploads\/2021\/01\/RAV-Argenteuil-Janv-2021-4.jpg","width":1200,"height":1600},{"@type":"BreadcrumbList","@id":"https:\/\/www.etf.fr\/en\/agence-travaux-en\/coup-denvoi-de-la-campagne-vigirail-2021-en-ile-de-france\/#breadcrumb","itemListElement":[{"@type":"ListItem","position":1,"name":"Accueil","item":"https:\/\/www.etf.fr\/en\/"},{"@type":"ListItem","position":2,"name":"Kick-off of the Vigirail 2021 campaign in \u00cele-de-France"}]},{"@type":"WebSite","@id":"https:\/\/www.etf.fr\/#website","url":"https:\/\/www.etf.fr\/","name":"ETF","description":"Your transport partner worldwide","publisher":{"@id":"https:\/\/www.etf.fr\/#organization"},"potentialAction":[{"@type":"SearchAction","target":{"@type":"EntryPoint","urlTemplate":"https:\/\/www.etf.fr\/?s={search_term_string}"},"query-input":{"@type":"PropertyValueSpecification","valueRequired":true,"valueName":"search_term_string"}}],"inLanguage":"en-US"},{"@type":"Organization","@id":"https:\/\/www.etf.fr\/#organization","name":"ETF","url":"https:\/\/www.etf.fr\/","logo":{"@type":"ImageObject","inLanguage":"en-US","@id":"https:\/\/www.etf.fr\/#\/schema\/logo\/image\/","url":"https:\/\/www.etf.fr\/wp-content\/uploads\/2019\/03\/logo-ETF.png","contentUrl":"https:\/\/www.etf.fr\/wp-content\/uploads\/2019\/03\/logo-ETF.png","width":272,"height":161,"caption":"ETF"},"image":{"@id":"https:\/\/www.etf.fr\/#\/schema\/logo\/image\/"}},{"@type":"Person","@id":"https:\/\/www.etf.fr\/#\/schema\/person\/161a2c149c1f701b263f97f54de35dbd","name":"mathilde","url":"https:\/\/www.etf.fr\/en\/author\/mathilde\/"}]}},"_links":{"self":[{"href":"https:\/\/www.etf.fr\/en\/wp-json\/wp\/v2\/posts\/12516131","targetHints":{"allow":["GET"]}}],"collection":[{"href":"https:\/\/www.etf.fr\/en\/wp-json\/wp\/v2\/posts"}],"about":[{"href":"https:\/\/www.etf.fr\/en\/wp-json\/wp\/v2\/types\/post"}],"author":[{"embeddable":true,"href":"https:\/\/www.etf.fr\/en\/wp-json\/wp\/v2\/users\/5"}],"replies":[{"embeddable":true,"href":"https:\/\/www.etf.fr\/en\/wp-json\/wp\/v2\/comments?post=12516131"}],"version-history":[{"count":1,"href":"https:\/\/www.etf.fr\/en\/wp-json\/wp\/v2\/posts\/12516131\/revisions"}],"predecessor-version":[{"id":12516133,"href":"https:\/\/www.etf.fr\/en\/wp-json\/wp\/v2\/posts\/12516131\/revisions\/12516133"}],"wp:featuredmedia":[{"embeddable":true,"href":"https:\/\/www.etf.fr\/en\/wp-json\/wp\/v2\/media\/29175"}],"wp:attachment":[{"href":"https:\/\/www.etf.fr\/en\/wp-json\/wp\/v2\/media?parent=12516131"}],"wp:term":[{"taxonomy":"category","embeddable":true,"href":"https:\/\/www.etf.fr\/en\/wp-json\/wp\/v2\/categories?post=12516131"},{"taxonomy":"post_tag","embeddable":true,"href":"https:\/\/www.etf.fr\/en\/wp-json\/wp\/v2\/tags?post=12516131"}],"curies":[{"name":"wp","href":"https:\/\/api.w.org\/{rel}","templated":true}]}}