{"id":12516747,"date":"2020-07-09T11:18:35","date_gmt":"2020-07-09T09:18:35","guid":{"rendered":"https:\/\/www.etf.fr\/uncategorized\/lancement-du-chantier-de-modernisation-de-la-ligne-sathonay-rilleux-bourg-en-bresse\/"},"modified":"2025-09-29T17:13:53","modified_gmt":"2025-09-29T15:13:53","slug":"lancement-du-chantier-de-modernisation-de-la-ligne-sathonay-rilleux-bourg-en-bresse","status":"publish","type":"post","link":"https:\/\/www.etf.fr\/en\/la-champenoise-en\/lancement-du-chantier-de-modernisation-de-la-ligne-sathonay-rilleux-bourg-en-bresse\/","title":{"rendered":"Launch of the modernisation project for the Sathonay-Rillieux \/ Bourg-en-Bresse line"},"content":{"rendered":"\n<p>As part of a consortium, Champenoise, a subsidiary of ETF, officially launched the modernisation works on the Sathonay-Rilleux\/Bourg-en-Bresse regional line on 7 July 2020. This conventional renewal project will largely take place on a closed line (S9A3 regime).<\/p>\n\n\n\n<p><em>The SNCF is entrusting the management of the section under construction for a predefined period of time to railway companies. This gives them greater autonomy but also much more responsibility for managing safety and rail traffic.<\/em><\/p>\n\n\n\n<p><strong>With around 100 people mobilised, the work is being carried out over 20 km and is divided into three phases<\/strong>:<\/p>\n\n\n\n<ul class=\"wp-block-list\">\n<li>The preparatory work currently underway is being carried out under an S9A1 regime (standard intervention).<\/li>\n\n\n\n<li>The main work will then be carried out under an S9A3 regime (closed section).<\/li>\n\n\n\n<li>The main work on the single track and the reinforcement work are scheduled to be completed between September and October, again under an S9A1 regime (standard intervention).<\/li>\n<\/ul>\n\n\n\n<p>Environmental protection is a key consideration in the day-to-day management of this project. As the line crosses the Dombes, a natural and historic region, measures are being taken to ensure that biodiversity is preserved.<\/p>\n","protected":false},"excerpt":{"rendered":"<p>As part of a consortium, Champenoise, a subsidiary of ETF, officially launched the modernisation works on the Sathonay-Rilleux\/Bourg-en-Bresse regional line on 7 July 2020. This conventional renewal project will largely take place on a closed line (S9A3 regime).<\/p>\n","protected":false},"author":5,"featured_media":8851,"comment_status":"closed","ping_status":"open","sticky":false,"template":"","format":"standard","meta":{"_acf_changed":false,"footnotes":""},"categories":[196],"tags":[],"class_list":["post-12516747","post","type-post","status-publish","format-standard","has-post-thumbnail","hentry","category-la-champenoise-en"],"acf":[],"yoast_head":"<!-- This site is optimized with the Yoast SEO plugin v27.5 - https:\/\/yoast.com\/product\/yoast-seo-wordpress\/ -->\n<title>Launch of the modernisation project for the Sathonay-Rillieux \/ Bourg-en-Bresse line - ETF<\/title>\n<meta name=\"description\" content=\"En groupement, la Champenoise, filiale d\u2019ETF, lance les travaux de modernisation de la ligne r\u00e9gionale Sathonay-Rilleux\/Bourg-en-Bresse le 7 juillet 2020.\" \/>\n<meta name=\"robots\" content=\"index, follow, max-snippet:-1, max-image-preview:large, max-video-preview:-1\" \/>\n<link rel=\"canonical\" href=\"https:\/\/www.etf.fr\/en\/la-champenoise-en\/lancement-du-chantier-de-modernisation-de-la-ligne-sathonay-rilleux-bourg-en-bresse\/\" \/>\n<meta property=\"og:locale\" content=\"en_US\" \/>\n<meta property=\"og:type\" content=\"article\" \/>\n<meta property=\"og:title\" content=\"Launch of the modernisation project for the Sathonay-Rillieux \/ Bourg-en-Bresse line - ETF\" \/>\n<meta property=\"og:description\" content=\"En groupement, la Champenoise, filiale d\u2019ETF, lance les travaux de modernisation de la ligne r\u00e9gionale Sathonay-Rilleux\/Bourg-en-Bresse le 7 juillet 2020.\" \/>\n<meta property=\"og:url\" content=\"https:\/\/www.etf.fr\/en\/la-champenoise-en\/lancement-du-chantier-de-modernisation-de-la-ligne-sathonay-rilleux-bourg-en-bresse\/\" \/>\n<meta property=\"og:site_name\" content=\"ETF\" \/>\n<meta property=\"article:published_time\" content=\"2020-07-09T09:18:35+00:00\" \/>\n<meta property=\"article:modified_time\" content=\"2025-09-29T15:13:53+00:00\" \/>\n<meta property=\"og:image\" content=\"https:\/\/www.etf.fr\/wp-content\/uploads\/2017\/09\/Vue-g\u00e9n\u00e9rique-5.jpg\" \/>\n\t<meta property=\"og:image:width\" content=\"2560\" \/>\n\t<meta property=\"og:image:height\" content=\"1704\" \/>\n\t<meta property=\"og:image:type\" content=\"image\/jpeg\" \/>\n<meta name=\"author\" content=\"mathilde\" \/>\n<meta name=\"twitter:card\" content=\"summary_large_image\" \/>\n<meta name=\"twitter:label1\" content=\"Written by\" \/>\n\t<meta name=\"twitter:data1\" content=\"mathilde\" \/>\n\t<meta name=\"twitter:label2\" content=\"Est. reading time\" \/>\n\t<meta name=\"twitter:data2\" content=\"2 minutes\" \/>\n<script type=\"application\/ld+json\" class=\"yoast-schema-graph\">{\"@context\":\"https:\\\/\\\/schema.org\",\"@graph\":[{\"@type\":\"Article\",\"@id\":\"https:\\\/\\\/www.etf.fr\\\/en\\\/la-champenoise-en\\\/lancement-du-chantier-de-modernisation-de-la-ligne-sathonay-rilleux-bourg-en-bresse\\\/#article\",\"isPartOf\":{\"@id\":\"https:\\\/\\\/www.etf.fr\\\/en\\\/la-champenoise-en\\\/lancement-du-chantier-de-modernisation-de-la-ligne-sathonay-rilleux-bourg-en-bresse\\\/\"},\"author\":{\"name\":\"mathilde\",\"@id\":\"https:\\\/\\\/www.etf.fr\\\/#\\\/schema\\\/person\\\/161a2c149c1f701b263f97f54de35dbd\"},\"headline\":\"Launch of the modernisation project for the Sathonay-Rillieux \\\/ Bourg-en-Bresse line\",\"datePublished\":\"2020-07-09T09:18:35+00:00\",\"dateModified\":\"2025-09-29T15:13:53+00:00\",\"mainEntityOfPage\":{\"@id\":\"https:\\\/\\\/www.etf.fr\\\/en\\\/la-champenoise-en\\\/lancement-du-chantier-de-modernisation-de-la-ligne-sathonay-rilleux-bourg-en-bresse\\\/\"},\"wordCount\":195,\"publisher\":{\"@id\":\"https:\\\/\\\/www.etf.fr\\\/#organization\"},\"image\":{\"@id\":\"https:\\\/\\\/www.etf.fr\\\/en\\\/la-champenoise-en\\\/lancement-du-chantier-de-modernisation-de-la-ligne-sathonay-rilleux-bourg-en-bresse\\\/#primaryimage\"},\"thumbnailUrl\":\"https:\\\/\\\/www.etf.fr\\\/wp-content\\\/uploads\\\/2017\\\/09\\\/Vue-g\u00e9n\u00e9rique-5.jpg\",\"articleSection\":[\"La Champenoise\"],\"inLanguage\":\"en-US\"},{\"@type\":\"WebPage\",\"@id\":\"https:\\\/\\\/www.etf.fr\\\/en\\\/la-champenoise-en\\\/lancement-du-chantier-de-modernisation-de-la-ligne-sathonay-rilleux-bourg-en-bresse\\\/\",\"url\":\"https:\\\/\\\/www.etf.fr\\\/en\\\/la-champenoise-en\\\/lancement-du-chantier-de-modernisation-de-la-ligne-sathonay-rilleux-bourg-en-bresse\\\/\",\"name\":\"Launch of the modernisation project for the Sathonay-Rillieux \\\/ Bourg-en-Bresse line - ETF\",\"isPartOf\":{\"@id\":\"https:\\\/\\\/www.etf.fr\\\/#website\"},\"primaryImageOfPage\":{\"@id\":\"https:\\\/\\\/www.etf.fr\\\/en\\\/la-champenoise-en\\\/lancement-du-chantier-de-modernisation-de-la-ligne-sathonay-rilleux-bourg-en-bresse\\\/#primaryimage\"},\"image\":{\"@id\":\"https:\\\/\\\/www.etf.fr\\\/en\\\/la-champenoise-en\\\/lancement-du-chantier-de-modernisation-de-la-ligne-sathonay-rilleux-bourg-en-bresse\\\/#primaryimage\"},\"thumbnailUrl\":\"https:\\\/\\\/www.etf.fr\\\/wp-content\\\/uploads\\\/2017\\\/09\\\/Vue-g\u00e9n\u00e9rique-5.jpg\",\"datePublished\":\"2020-07-09T09:18:35+00:00\",\"dateModified\":\"2025-09-29T15:13:53+00:00\",\"description\":\"En groupement, la Champenoise, filiale d\u2019ETF, lance les travaux de modernisation de la ligne r\u00e9gionale Sathonay-Rilleux\\\/Bourg-en-Bresse le 7 juillet 2020.\",\"breadcrumb\":{\"@id\":\"https:\\\/\\\/www.etf.fr\\\/en\\\/la-champenoise-en\\\/lancement-du-chantier-de-modernisation-de-la-ligne-sathonay-rilleux-bourg-en-bresse\\\/#breadcrumb\"},\"inLanguage\":\"en-US\",\"potentialAction\":[{\"@type\":\"ReadAction\",\"target\":[\"https:\\\/\\\/www.etf.fr\\\/en\\\/la-champenoise-en\\\/lancement-du-chantier-de-modernisation-de-la-ligne-sathonay-rilleux-bourg-en-bresse\\\/\"]}]},{\"@type\":\"ImageObject\",\"inLanguage\":\"en-US\",\"@id\":\"https:\\\/\\\/www.etf.fr\\\/en\\\/la-champenoise-en\\\/lancement-du-chantier-de-modernisation-de-la-ligne-sathonay-rilleux-bourg-en-bresse\\\/#primaryimage\",\"url\":\"https:\\\/\\\/www.etf.fr\\\/wp-content\\\/uploads\\\/2017\\\/09\\\/Vue-g\u00e9n\u00e9rique-5.jpg\",\"contentUrl\":\"https:\\\/\\\/www.etf.fr\\\/wp-content\\\/uploads\\\/2017\\\/09\\\/Vue-g\u00e9n\u00e9rique-5.jpg\",\"width\":2560,\"height\":1704,\"caption\":\"Chantier de la LGV Est Europ\u00e9enne. ETF ( filiale travaux ferroviaires du groupe Eurovia) pose des voies. Traverse de b\u00e9ton arm\u00e9 monobloc, longs rails soud\u00e9s ( LRS) et ballast. Wagon de transport des longs rails soud\u00e9s.\"},{\"@type\":\"BreadcrumbList\",\"@id\":\"https:\\\/\\\/www.etf.fr\\\/en\\\/la-champenoise-en\\\/lancement-du-chantier-de-modernisation-de-la-ligne-sathonay-rilleux-bourg-en-bresse\\\/#breadcrumb\",\"itemListElement\":[{\"@type\":\"ListItem\",\"position\":1,\"name\":\"Accueil\",\"item\":\"https:\\\/\\\/www.etf.fr\\\/en\\\/\"},{\"@type\":\"ListItem\",\"position\":2,\"name\":\"Launch of the modernisation project for the Sathonay-Rillieux \\\/ Bourg-en-Bresse line\"}]},{\"@type\":\"WebSite\",\"@id\":\"https:\\\/\\\/www.etf.fr\\\/#website\",\"url\":\"https:\\\/\\\/www.etf.fr\\\/\",\"name\":\"ETF\",\"description\":\"Your transport partner worldwide\",\"publisher\":{\"@id\":\"https:\\\/\\\/www.etf.fr\\\/#organization\"},\"potentialAction\":[{\"@type\":\"SearchAction\",\"target\":{\"@type\":\"EntryPoint\",\"urlTemplate\":\"https:\\\/\\\/www.etf.fr\\\/?s={search_term_string}\"},\"query-input\":{\"@type\":\"PropertyValueSpecification\",\"valueRequired\":true,\"valueName\":\"search_term_string\"}}],\"inLanguage\":\"en-US\"},{\"@type\":\"Organization\",\"@id\":\"https:\\\/\\\/www.etf.fr\\\/#organization\",\"name\":\"ETF\",\"url\":\"https:\\\/\\\/www.etf.fr\\\/\",\"logo\":{\"@type\":\"ImageObject\",\"inLanguage\":\"en-US\",\"@id\":\"https:\\\/\\\/www.etf.fr\\\/#\\\/schema\\\/logo\\\/image\\\/\",\"url\":\"https:\\\/\\\/www.etf.fr\\\/wp-content\\\/uploads\\\/2019\\\/03\\\/logo-ETF.png\",\"contentUrl\":\"https:\\\/\\\/www.etf.fr\\\/wp-content\\\/uploads\\\/2019\\\/03\\\/logo-ETF.png\",\"width\":272,\"height\":161,\"caption\":\"ETF\"},\"image\":{\"@id\":\"https:\\\/\\\/www.etf.fr\\\/#\\\/schema\\\/logo\\\/image\\\/\"}},{\"@type\":\"Person\",\"@id\":\"https:\\\/\\\/www.etf.fr\\\/#\\\/schema\\\/person\\\/161a2c149c1f701b263f97f54de35dbd\",\"name\":\"mathilde\",\"url\":\"https:\\\/\\\/www.etf.fr\\\/en\\\/author\\\/mathilde\\\/\"}]}<\/script>\n<!-- \/ Yoast SEO plugin. -->","yoast_head_json":{"title":"Launch of the modernisation project for the Sathonay-Rillieux \/ Bourg-en-Bresse line - ETF","description":"En groupement, la Champenoise, filiale d\u2019ETF, lance les travaux de modernisation de la ligne r\u00e9gionale Sathonay-Rilleux\/Bourg-en-Bresse le 7 juillet 2020.","robots":{"index":"index","follow":"follow","max-snippet":"max-snippet:-1","max-image-preview":"max-image-preview:large","max-video-preview":"max-video-preview:-1"},"canonical":"https:\/\/www.etf.fr\/en\/la-champenoise-en\/lancement-du-chantier-de-modernisation-de-la-ligne-sathonay-rilleux-bourg-en-bresse\/","og_locale":"en_US","og_type":"article","og_title":"Launch of the modernisation project for the Sathonay-Rillieux \/ Bourg-en-Bresse line - ETF","og_description":"En groupement, la Champenoise, filiale d\u2019ETF, lance les travaux de modernisation de la ligne r\u00e9gionale Sathonay-Rilleux\/Bourg-en-Bresse le 7 juillet 2020.","og_url":"https:\/\/www.etf.fr\/en\/la-champenoise-en\/lancement-du-chantier-de-modernisation-de-la-ligne-sathonay-rilleux-bourg-en-bresse\/","og_site_name":"ETF","article_published_time":"2020-07-09T09:18:35+00:00","article_modified_time":"2025-09-29T15:13:53+00:00","og_image":[{"width":2560,"height":1704,"url":"https:\/\/www.etf.fr\/wp-content\/uploads\/2017\/09\/Vue-g\u00e9n\u00e9rique-5.jpg","type":"image\/jpeg"}],"author":"mathilde","twitter_card":"summary_large_image","twitter_misc":{"Written by":"mathilde","Est. reading time":"2 minutes"},"schema":{"@context":"https:\/\/schema.org","@graph":[{"@type":"Article","@id":"https:\/\/www.etf.fr\/en\/la-champenoise-en\/lancement-du-chantier-de-modernisation-de-la-ligne-sathonay-rilleux-bourg-en-bresse\/#article","isPartOf":{"@id":"https:\/\/www.etf.fr\/en\/la-champenoise-en\/lancement-du-chantier-de-modernisation-de-la-ligne-sathonay-rilleux-bourg-en-bresse\/"},"author":{"name":"mathilde","@id":"https:\/\/www.etf.fr\/#\/schema\/person\/161a2c149c1f701b263f97f54de35dbd"},"headline":"Launch of the modernisation project for the Sathonay-Rillieux \/ Bourg-en-Bresse line","datePublished":"2020-07-09T09:18:35+00:00","dateModified":"2025-09-29T15:13:53+00:00","mainEntityOfPage":{"@id":"https:\/\/www.etf.fr\/en\/la-champenoise-en\/lancement-du-chantier-de-modernisation-de-la-ligne-sathonay-rilleux-bourg-en-bresse\/"},"wordCount":195,"publisher":{"@id":"https:\/\/www.etf.fr\/#organization"},"image":{"@id":"https:\/\/www.etf.fr\/en\/la-champenoise-en\/lancement-du-chantier-de-modernisation-de-la-ligne-sathonay-rilleux-bourg-en-bresse\/#primaryimage"},"thumbnailUrl":"https:\/\/www.etf.fr\/wp-content\/uploads\/2017\/09\/Vue-g\u00e9n\u00e9rique-5.jpg","articleSection":["La Champenoise"],"inLanguage":"en-US"},{"@type":"WebPage","@id":"https:\/\/www.etf.fr\/en\/la-champenoise-en\/lancement-du-chantier-de-modernisation-de-la-ligne-sathonay-rilleux-bourg-en-bresse\/","url":"https:\/\/www.etf.fr\/en\/la-champenoise-en\/lancement-du-chantier-de-modernisation-de-la-ligne-sathonay-rilleux-bourg-en-bresse\/","name":"Launch of the modernisation project for the Sathonay-Rillieux \/ Bourg-en-Bresse line - ETF","isPartOf":{"@id":"https:\/\/www.etf.fr\/#website"},"primaryImageOfPage":{"@id":"https:\/\/www.etf.fr\/en\/la-champenoise-en\/lancement-du-chantier-de-modernisation-de-la-ligne-sathonay-rilleux-bourg-en-bresse\/#primaryimage"},"image":{"@id":"https:\/\/www.etf.fr\/en\/la-champenoise-en\/lancement-du-chantier-de-modernisation-de-la-ligne-sathonay-rilleux-bourg-en-bresse\/#primaryimage"},"thumbnailUrl":"https:\/\/www.etf.fr\/wp-content\/uploads\/2017\/09\/Vue-g\u00e9n\u00e9rique-5.jpg","datePublished":"2020-07-09T09:18:35+00:00","dateModified":"2025-09-29T15:13:53+00:00","description":"En groupement, la Champenoise, filiale d\u2019ETF, lance les travaux de modernisation de la ligne r\u00e9gionale Sathonay-Rilleux\/Bourg-en-Bresse le 7 juillet 2020.","breadcrumb":{"@id":"https:\/\/www.etf.fr\/en\/la-champenoise-en\/lancement-du-chantier-de-modernisation-de-la-ligne-sathonay-rilleux-bourg-en-bresse\/#breadcrumb"},"inLanguage":"en-US","potentialAction":[{"@type":"ReadAction","target":["https:\/\/www.etf.fr\/en\/la-champenoise-en\/lancement-du-chantier-de-modernisation-de-la-ligne-sathonay-rilleux-bourg-en-bresse\/"]}]},{"@type":"ImageObject","inLanguage":"en-US","@id":"https:\/\/www.etf.fr\/en\/la-champenoise-en\/lancement-du-chantier-de-modernisation-de-la-ligne-sathonay-rilleux-bourg-en-bresse\/#primaryimage","url":"https:\/\/www.etf.fr\/wp-content\/uploads\/2017\/09\/Vue-g\u00e9n\u00e9rique-5.jpg","contentUrl":"https:\/\/www.etf.fr\/wp-content\/uploads\/2017\/09\/Vue-g\u00e9n\u00e9rique-5.jpg","width":2560,"height":1704,"caption":"Chantier de la LGV Est Europ\u00e9enne. ETF ( filiale travaux ferroviaires du groupe Eurovia) pose des voies. Traverse de b\u00e9ton arm\u00e9 monobloc, longs rails soud\u00e9s ( LRS) et ballast. Wagon de transport des longs rails soud\u00e9s."},{"@type":"BreadcrumbList","@id":"https:\/\/www.etf.fr\/en\/la-champenoise-en\/lancement-du-chantier-de-modernisation-de-la-ligne-sathonay-rilleux-bourg-en-bresse\/#breadcrumb","itemListElement":[{"@type":"ListItem","position":1,"name":"Accueil","item":"https:\/\/www.etf.fr\/en\/"},{"@type":"ListItem","position":2,"name":"Launch of the modernisation project for the Sathonay-Rillieux \/ Bourg-en-Bresse line"}]},{"@type":"WebSite","@id":"https:\/\/www.etf.fr\/#website","url":"https:\/\/www.etf.fr\/","name":"ETF","description":"Your transport partner worldwide","publisher":{"@id":"https:\/\/www.etf.fr\/#organization"},"potentialAction":[{"@type":"SearchAction","target":{"@type":"EntryPoint","urlTemplate":"https:\/\/www.etf.fr\/?s={search_term_string}"},"query-input":{"@type":"PropertyValueSpecification","valueRequired":true,"valueName":"search_term_string"}}],"inLanguage":"en-US"},{"@type":"Organization","@id":"https:\/\/www.etf.fr\/#organization","name":"ETF","url":"https:\/\/www.etf.fr\/","logo":{"@type":"ImageObject","inLanguage":"en-US","@id":"https:\/\/www.etf.fr\/#\/schema\/logo\/image\/","url":"https:\/\/www.etf.fr\/wp-content\/uploads\/2019\/03\/logo-ETF.png","contentUrl":"https:\/\/www.etf.fr\/wp-content\/uploads\/2019\/03\/logo-ETF.png","width":272,"height":161,"caption":"ETF"},"image":{"@id":"https:\/\/www.etf.fr\/#\/schema\/logo\/image\/"}},{"@type":"Person","@id":"https:\/\/www.etf.fr\/#\/schema\/person\/161a2c149c1f701b263f97f54de35dbd","name":"mathilde","url":"https:\/\/www.etf.fr\/en\/author\/mathilde\/"}]}},"_links":{"self":[{"href":"https:\/\/www.etf.fr\/en\/wp-json\/wp\/v2\/posts\/12516747","targetHints":{"allow":["GET"]}}],"collection":[{"href":"https:\/\/www.etf.fr\/en\/wp-json\/wp\/v2\/posts"}],"about":[{"href":"https:\/\/www.etf.fr\/en\/wp-json\/wp\/v2\/types\/post"}],"author":[{"embeddable":true,"href":"https:\/\/www.etf.fr\/en\/wp-json\/wp\/v2\/users\/5"}],"replies":[{"embeddable":true,"href":"https:\/\/www.etf.fr\/en\/wp-json\/wp\/v2\/comments?post=12516747"}],"version-history":[{"count":1,"href":"https:\/\/www.etf.fr\/en\/wp-json\/wp\/v2\/posts\/12516747\/revisions"}],"predecessor-version":[{"id":12516749,"href":"https:\/\/www.etf.fr\/en\/wp-json\/wp\/v2\/posts\/12516747\/revisions\/12516749"}],"wp:featuredmedia":[{"embeddable":true,"href":"https:\/\/www.etf.fr\/en\/wp-json\/wp\/v2\/media\/8851"}],"wp:attachment":[{"href":"https:\/\/www.etf.fr\/en\/wp-json\/wp\/v2\/media?parent=12516747"}],"wp:term":[{"taxonomy":"category","embeddable":true,"href":"https:\/\/www.etf.fr\/en\/wp-json\/wp\/v2\/categories?post=12516747"},{"taxonomy":"post_tag","embeddable":true,"href":"https:\/\/www.etf.fr\/en\/wp-json\/wp\/v2\/tags?post=12516747"}],"curies":[{"name":"wp","href":"https:\/\/api.w.org\/{rel}","templated":true}]}}