{"id":12516755,"date":"2020-06-26T11:21:33","date_gmt":"2020-06-26T09:21:33","guid":{"rendered":"https:\/\/www.etf.fr\/uncategorized\/lagence-grand-est-detf-intervient-pour-remettre-en-etat-les-voies-de-la-lgv-est-europeenne-2\/"},"modified":"2025-09-29T17:17:44","modified_gmt":"2025-09-29T15:17:44","slug":"lagence-grand-est-detf-intervient-pour-remettre-en-etat-les-voies-de-la-lgv-est-europeenne-2","status":"publish","type":"post","link":"https:\/\/www.etf.fr\/en\/agence-travaux-en\/lagence-grand-est-detf-intervient-pour-remettre-en-etat-les-voies-de-la-lgv-est-europeenne-2\/","title":{"rendered":"ETF&#8217;s Grand Est agency is involved in refurbishing the tracks of the LGV Est Europ\u00e9enne high-speed rail line."},"content":{"rendered":"\n<p><strong><em>For nearly two months, ETF teams have been working to restore traffic on the LGV Est Europ\u00e9enne high-speed rail line.This major rail link between north-eastern France, Germany, Switzerland and Luxembourg was cut off after a landslide at the beginning of March.<\/em><\/strong><\/p>\n\n\n\n<p>Initially scheduled for 16 March, the start of the work had to be postponed following the lockdown of the entire French population. However, <strong>the importance of this line led SNCF R\u00e9seau to classify this project as a priority.<\/strong> It was therefore the <strong>first to resume <\/strong>on 14 April with <strong>reduced teams and health measures that were unprecedented at the time.<\/strong><\/p>\n\n\n\n<p>All sectors of the agency responded by mobilising human and material resources to carry out this operation. In addition to its own teams, the Grand Est agency was able to count on the unfailing support of the Travaux M\u00e9canis\u00e9s, Nord and Suite Rapide Zone Dense agencies.<\/p>\n\n\n\n<p>ETF&#8217;s involvement in this project is natural. Indeed, it already has a long history with the LGV Est high-speed line. In 2015, ETF participated in the creation of the railway system for the second phase of the line. In fact, <strong>the G1206TVM locomotives that were initially used for construction are now being used to restore it.<\/strong><\/p>\n\n\n\n<p><strong>This project confirms the importance of the local roots of regional agencies.<\/strong><\/p>\n","protected":false},"excerpt":{"rendered":"<p>For nearly two months, ETF teams have been working to restore traffic on the LGV Est Europ\u00e9enne high-speed rail line.This major rail link between north-eastern France, Germany, Switzerland and Luxembourg was cut off after a landslide at the beginning of March.<\/p>\n","protected":false},"author":5,"featured_media":8851,"comment_status":"closed","ping_status":"open","sticky":false,"template":"","format":"standard","meta":{"_acf_changed":false,"footnotes":""},"categories":[198,201],"tags":[],"class_list":["post-12516755","post","type-post","status-publish","format-standard","has-post-thumbnail","hentry","category-agence-travaux-en","category-agence-est-en"],"acf":[],"yoast_head":"<!-- This site is optimized with the Yoast SEO plugin v27.5 - https:\/\/yoast.com\/product\/yoast-seo-wordpress\/ -->\n<title>ETF&#039;s Grand Est agency is involved in refurbishing the tracks of the LGV Est Europ\u00e9enne high-speed rail line. - ETF<\/title>\n<meta name=\"description\" content=\"Voici pr\u00e8s de 2 mois que les \u00e9quipes d\u2019ETF se mobilisent pour r\u00e9tablir le trafic sur la LGV Est qui s\u2019\u00e9tait retrouv\u00e9e coup\u00e9e apr\u00e8s un affaissement de talus.\" \/>\n<meta name=\"robots\" content=\"index, follow, max-snippet:-1, max-image-preview:large, max-video-preview:-1\" \/>\n<link rel=\"canonical\" href=\"https:\/\/www.etf.fr\/en\/agence-travaux-en\/lagence-grand-est-detf-intervient-pour-remettre-en-etat-les-voies-de-la-lgv-est-europeenne-2\/\" \/>\n<meta property=\"og:locale\" content=\"en_US\" \/>\n<meta property=\"og:type\" content=\"article\" \/>\n<meta property=\"og:title\" content=\"ETF&#039;s Grand Est agency is involved in refurbishing the tracks of the LGV Est Europ\u00e9enne high-speed rail line. - ETF\" \/>\n<meta property=\"og:description\" content=\"Voici pr\u00e8s de 2 mois que les \u00e9quipes d\u2019ETF se mobilisent pour r\u00e9tablir le trafic sur la LGV Est qui s\u2019\u00e9tait retrouv\u00e9e coup\u00e9e apr\u00e8s un affaissement de talus.\" \/>\n<meta property=\"og:url\" content=\"https:\/\/www.etf.fr\/en\/agence-travaux-en\/lagence-grand-est-detf-intervient-pour-remettre-en-etat-les-voies-de-la-lgv-est-europeenne-2\/\" \/>\n<meta property=\"og:site_name\" content=\"ETF\" \/>\n<meta property=\"article:published_time\" content=\"2020-06-26T09:21:33+00:00\" \/>\n<meta property=\"article:modified_time\" content=\"2025-09-29T15:17:44+00:00\" \/>\n<meta property=\"og:image\" content=\"https:\/\/www.etf.fr\/wp-content\/uploads\/2017\/09\/Vue-g\u00e9n\u00e9rique-5.jpg\" \/>\n\t<meta property=\"og:image:width\" content=\"2560\" \/>\n\t<meta property=\"og:image:height\" content=\"1704\" \/>\n\t<meta property=\"og:image:type\" content=\"image\/jpeg\" \/>\n<meta name=\"author\" content=\"mathilde\" \/>\n<meta name=\"twitter:card\" content=\"summary_large_image\" \/>\n<meta name=\"twitter:label1\" content=\"Written by\" \/>\n\t<meta name=\"twitter:data1\" content=\"mathilde\" \/>\n\t<meta name=\"twitter:label2\" content=\"Est. reading time\" \/>\n\t<meta name=\"twitter:data2\" content=\"2 minutes\" \/>\n<script type=\"application\/ld+json\" class=\"yoast-schema-graph\">{\"@context\":\"https:\\\/\\\/schema.org\",\"@graph\":[{\"@type\":\"Article\",\"@id\":\"https:\\\/\\\/www.etf.fr\\\/en\\\/agence-travaux-en\\\/lagence-grand-est-detf-intervient-pour-remettre-en-etat-les-voies-de-la-lgv-est-europeenne-2\\\/#article\",\"isPartOf\":{\"@id\":\"https:\\\/\\\/www.etf.fr\\\/en\\\/agence-travaux-en\\\/lagence-grand-est-detf-intervient-pour-remettre-en-etat-les-voies-de-la-lgv-est-europeenne-2\\\/\"},\"author\":{\"name\":\"mathilde\",\"@id\":\"https:\\\/\\\/www.etf.fr\\\/#\\\/schema\\\/person\\\/161a2c149c1f701b263f97f54de35dbd\"},\"headline\":\"ETF&#8217;s Grand Est agency is involved in refurbishing the tracks of the LGV Est Europ\u00e9enne high-speed rail line.\",\"datePublished\":\"2020-06-26T09:21:33+00:00\",\"dateModified\":\"2025-09-29T15:17:44+00:00\",\"mainEntityOfPage\":{\"@id\":\"https:\\\/\\\/www.etf.fr\\\/en\\\/agence-travaux-en\\\/lagence-grand-est-detf-intervient-pour-remettre-en-etat-les-voies-de-la-lgv-est-europeenne-2\\\/\"},\"wordCount\":237,\"publisher\":{\"@id\":\"https:\\\/\\\/www.etf.fr\\\/#organization\"},\"image\":{\"@id\":\"https:\\\/\\\/www.etf.fr\\\/en\\\/agence-travaux-en\\\/lagence-grand-est-detf-intervient-pour-remettre-en-etat-les-voies-de-la-lgv-est-europeenne-2\\\/#primaryimage\"},\"thumbnailUrl\":\"https:\\\/\\\/www.etf.fr\\\/wp-content\\\/uploads\\\/2017\\\/09\\\/Vue-g\u00e9n\u00e9rique-5.jpg\",\"articleSection\":[\"Agence Travaux M\u00e9canis\u00e9s\",\"Agence Est\"],\"inLanguage\":\"en-US\"},{\"@type\":\"WebPage\",\"@id\":\"https:\\\/\\\/www.etf.fr\\\/en\\\/agence-travaux-en\\\/lagence-grand-est-detf-intervient-pour-remettre-en-etat-les-voies-de-la-lgv-est-europeenne-2\\\/\",\"url\":\"https:\\\/\\\/www.etf.fr\\\/en\\\/agence-travaux-en\\\/lagence-grand-est-detf-intervient-pour-remettre-en-etat-les-voies-de-la-lgv-est-europeenne-2\\\/\",\"name\":\"ETF's Grand Est agency is involved in refurbishing the tracks of the LGV Est Europ\u00e9enne high-speed rail line. - ETF\",\"isPartOf\":{\"@id\":\"https:\\\/\\\/www.etf.fr\\\/#website\"},\"primaryImageOfPage\":{\"@id\":\"https:\\\/\\\/www.etf.fr\\\/en\\\/agence-travaux-en\\\/lagence-grand-est-detf-intervient-pour-remettre-en-etat-les-voies-de-la-lgv-est-europeenne-2\\\/#primaryimage\"},\"image\":{\"@id\":\"https:\\\/\\\/www.etf.fr\\\/en\\\/agence-travaux-en\\\/lagence-grand-est-detf-intervient-pour-remettre-en-etat-les-voies-de-la-lgv-est-europeenne-2\\\/#primaryimage\"},\"thumbnailUrl\":\"https:\\\/\\\/www.etf.fr\\\/wp-content\\\/uploads\\\/2017\\\/09\\\/Vue-g\u00e9n\u00e9rique-5.jpg\",\"datePublished\":\"2020-06-26T09:21:33+00:00\",\"dateModified\":\"2025-09-29T15:17:44+00:00\",\"description\":\"Voici pr\u00e8s de 2 mois que les \u00e9quipes d\u2019ETF se mobilisent pour r\u00e9tablir le trafic sur la LGV Est qui s\u2019\u00e9tait retrouv\u00e9e coup\u00e9e apr\u00e8s un affaissement de talus.\",\"breadcrumb\":{\"@id\":\"https:\\\/\\\/www.etf.fr\\\/en\\\/agence-travaux-en\\\/lagence-grand-est-detf-intervient-pour-remettre-en-etat-les-voies-de-la-lgv-est-europeenne-2\\\/#breadcrumb\"},\"inLanguage\":\"en-US\",\"potentialAction\":[{\"@type\":\"ReadAction\",\"target\":[\"https:\\\/\\\/www.etf.fr\\\/en\\\/agence-travaux-en\\\/lagence-grand-est-detf-intervient-pour-remettre-en-etat-les-voies-de-la-lgv-est-europeenne-2\\\/\"]}]},{\"@type\":\"ImageObject\",\"inLanguage\":\"en-US\",\"@id\":\"https:\\\/\\\/www.etf.fr\\\/en\\\/agence-travaux-en\\\/lagence-grand-est-detf-intervient-pour-remettre-en-etat-les-voies-de-la-lgv-est-europeenne-2\\\/#primaryimage\",\"url\":\"https:\\\/\\\/www.etf.fr\\\/wp-content\\\/uploads\\\/2017\\\/09\\\/Vue-g\u00e9n\u00e9rique-5.jpg\",\"contentUrl\":\"https:\\\/\\\/www.etf.fr\\\/wp-content\\\/uploads\\\/2017\\\/09\\\/Vue-g\u00e9n\u00e9rique-5.jpg\",\"width\":2560,\"height\":1704,\"caption\":\"Chantier de la LGV Est Europ\u00e9enne. ETF ( filiale travaux ferroviaires du groupe Eurovia) pose des voies. Traverse de b\u00e9ton arm\u00e9 monobloc, longs rails soud\u00e9s ( LRS) et ballast. Wagon de transport des longs rails soud\u00e9s.\"},{\"@type\":\"BreadcrumbList\",\"@id\":\"https:\\\/\\\/www.etf.fr\\\/en\\\/agence-travaux-en\\\/lagence-grand-est-detf-intervient-pour-remettre-en-etat-les-voies-de-la-lgv-est-europeenne-2\\\/#breadcrumb\",\"itemListElement\":[{\"@type\":\"ListItem\",\"position\":1,\"name\":\"Accueil\",\"item\":\"https:\\\/\\\/www.etf.fr\\\/en\\\/\"},{\"@type\":\"ListItem\",\"position\":2,\"name\":\"ETF&rsquo;s Grand Est agency is involved in refurbishing the tracks of the LGV Est Europ\u00e9enne high-speed rail line.\"}]},{\"@type\":\"WebSite\",\"@id\":\"https:\\\/\\\/www.etf.fr\\\/#website\",\"url\":\"https:\\\/\\\/www.etf.fr\\\/\",\"name\":\"ETF\",\"description\":\"Your transport partner worldwide\",\"publisher\":{\"@id\":\"https:\\\/\\\/www.etf.fr\\\/#organization\"},\"potentialAction\":[{\"@type\":\"SearchAction\",\"target\":{\"@type\":\"EntryPoint\",\"urlTemplate\":\"https:\\\/\\\/www.etf.fr\\\/?s={search_term_string}\"},\"query-input\":{\"@type\":\"PropertyValueSpecification\",\"valueRequired\":true,\"valueName\":\"search_term_string\"}}],\"inLanguage\":\"en-US\"},{\"@type\":\"Organization\",\"@id\":\"https:\\\/\\\/www.etf.fr\\\/#organization\",\"name\":\"ETF\",\"url\":\"https:\\\/\\\/www.etf.fr\\\/\",\"logo\":{\"@type\":\"ImageObject\",\"inLanguage\":\"en-US\",\"@id\":\"https:\\\/\\\/www.etf.fr\\\/#\\\/schema\\\/logo\\\/image\\\/\",\"url\":\"https:\\\/\\\/www.etf.fr\\\/wp-content\\\/uploads\\\/2019\\\/03\\\/logo-ETF.png\",\"contentUrl\":\"https:\\\/\\\/www.etf.fr\\\/wp-content\\\/uploads\\\/2019\\\/03\\\/logo-ETF.png\",\"width\":272,\"height\":161,\"caption\":\"ETF\"},\"image\":{\"@id\":\"https:\\\/\\\/www.etf.fr\\\/#\\\/schema\\\/logo\\\/image\\\/\"}},{\"@type\":\"Person\",\"@id\":\"https:\\\/\\\/www.etf.fr\\\/#\\\/schema\\\/person\\\/161a2c149c1f701b263f97f54de35dbd\",\"name\":\"mathilde\",\"url\":\"https:\\\/\\\/www.etf.fr\\\/en\\\/author\\\/mathilde\\\/\"}]}<\/script>\n<!-- \/ Yoast SEO plugin. -->","yoast_head_json":{"title":"ETF's Grand Est agency is involved in refurbishing the tracks of the LGV Est Europ\u00e9enne high-speed rail line. - ETF","description":"Voici pr\u00e8s de 2 mois que les \u00e9quipes d\u2019ETF se mobilisent pour r\u00e9tablir le trafic sur la LGV Est qui s\u2019\u00e9tait retrouv\u00e9e coup\u00e9e apr\u00e8s un affaissement de talus.","robots":{"index":"index","follow":"follow","max-snippet":"max-snippet:-1","max-image-preview":"max-image-preview:large","max-video-preview":"max-video-preview:-1"},"canonical":"https:\/\/www.etf.fr\/en\/agence-travaux-en\/lagence-grand-est-detf-intervient-pour-remettre-en-etat-les-voies-de-la-lgv-est-europeenne-2\/","og_locale":"en_US","og_type":"article","og_title":"ETF's Grand Est agency is involved in refurbishing the tracks of the LGV Est Europ\u00e9enne high-speed rail line. - ETF","og_description":"Voici pr\u00e8s de 2 mois que les \u00e9quipes d\u2019ETF se mobilisent pour r\u00e9tablir le trafic sur la LGV Est qui s\u2019\u00e9tait retrouv\u00e9e coup\u00e9e apr\u00e8s un affaissement de talus.","og_url":"https:\/\/www.etf.fr\/en\/agence-travaux-en\/lagence-grand-est-detf-intervient-pour-remettre-en-etat-les-voies-de-la-lgv-est-europeenne-2\/","og_site_name":"ETF","article_published_time":"2020-06-26T09:21:33+00:00","article_modified_time":"2025-09-29T15:17:44+00:00","og_image":[{"width":2560,"height":1704,"url":"https:\/\/www.etf.fr\/wp-content\/uploads\/2017\/09\/Vue-g\u00e9n\u00e9rique-5.jpg","type":"image\/jpeg"}],"author":"mathilde","twitter_card":"summary_large_image","twitter_misc":{"Written by":"mathilde","Est. reading time":"2 minutes"},"schema":{"@context":"https:\/\/schema.org","@graph":[{"@type":"Article","@id":"https:\/\/www.etf.fr\/en\/agence-travaux-en\/lagence-grand-est-detf-intervient-pour-remettre-en-etat-les-voies-de-la-lgv-est-europeenne-2\/#article","isPartOf":{"@id":"https:\/\/www.etf.fr\/en\/agence-travaux-en\/lagence-grand-est-detf-intervient-pour-remettre-en-etat-les-voies-de-la-lgv-est-europeenne-2\/"},"author":{"name":"mathilde","@id":"https:\/\/www.etf.fr\/#\/schema\/person\/161a2c149c1f701b263f97f54de35dbd"},"headline":"ETF&#8217;s Grand Est agency is involved in refurbishing the tracks of the LGV Est Europ\u00e9enne high-speed rail line.","datePublished":"2020-06-26T09:21:33+00:00","dateModified":"2025-09-29T15:17:44+00:00","mainEntityOfPage":{"@id":"https:\/\/www.etf.fr\/en\/agence-travaux-en\/lagence-grand-est-detf-intervient-pour-remettre-en-etat-les-voies-de-la-lgv-est-europeenne-2\/"},"wordCount":237,"publisher":{"@id":"https:\/\/www.etf.fr\/#organization"},"image":{"@id":"https:\/\/www.etf.fr\/en\/agence-travaux-en\/lagence-grand-est-detf-intervient-pour-remettre-en-etat-les-voies-de-la-lgv-est-europeenne-2\/#primaryimage"},"thumbnailUrl":"https:\/\/www.etf.fr\/wp-content\/uploads\/2017\/09\/Vue-g\u00e9n\u00e9rique-5.jpg","articleSection":["Agence Travaux M\u00e9canis\u00e9s","Agence Est"],"inLanguage":"en-US"},{"@type":"WebPage","@id":"https:\/\/www.etf.fr\/en\/agence-travaux-en\/lagence-grand-est-detf-intervient-pour-remettre-en-etat-les-voies-de-la-lgv-est-europeenne-2\/","url":"https:\/\/www.etf.fr\/en\/agence-travaux-en\/lagence-grand-est-detf-intervient-pour-remettre-en-etat-les-voies-de-la-lgv-est-europeenne-2\/","name":"ETF's Grand Est agency is involved in refurbishing the tracks of the LGV Est Europ\u00e9enne high-speed rail line. - ETF","isPartOf":{"@id":"https:\/\/www.etf.fr\/#website"},"primaryImageOfPage":{"@id":"https:\/\/www.etf.fr\/en\/agence-travaux-en\/lagence-grand-est-detf-intervient-pour-remettre-en-etat-les-voies-de-la-lgv-est-europeenne-2\/#primaryimage"},"image":{"@id":"https:\/\/www.etf.fr\/en\/agence-travaux-en\/lagence-grand-est-detf-intervient-pour-remettre-en-etat-les-voies-de-la-lgv-est-europeenne-2\/#primaryimage"},"thumbnailUrl":"https:\/\/www.etf.fr\/wp-content\/uploads\/2017\/09\/Vue-g\u00e9n\u00e9rique-5.jpg","datePublished":"2020-06-26T09:21:33+00:00","dateModified":"2025-09-29T15:17:44+00:00","description":"Voici pr\u00e8s de 2 mois que les \u00e9quipes d\u2019ETF se mobilisent pour r\u00e9tablir le trafic sur la LGV Est qui s\u2019\u00e9tait retrouv\u00e9e coup\u00e9e apr\u00e8s un affaissement de talus.","breadcrumb":{"@id":"https:\/\/www.etf.fr\/en\/agence-travaux-en\/lagence-grand-est-detf-intervient-pour-remettre-en-etat-les-voies-de-la-lgv-est-europeenne-2\/#breadcrumb"},"inLanguage":"en-US","potentialAction":[{"@type":"ReadAction","target":["https:\/\/www.etf.fr\/en\/agence-travaux-en\/lagence-grand-est-detf-intervient-pour-remettre-en-etat-les-voies-de-la-lgv-est-europeenne-2\/"]}]},{"@type":"ImageObject","inLanguage":"en-US","@id":"https:\/\/www.etf.fr\/en\/agence-travaux-en\/lagence-grand-est-detf-intervient-pour-remettre-en-etat-les-voies-de-la-lgv-est-europeenne-2\/#primaryimage","url":"https:\/\/www.etf.fr\/wp-content\/uploads\/2017\/09\/Vue-g\u00e9n\u00e9rique-5.jpg","contentUrl":"https:\/\/www.etf.fr\/wp-content\/uploads\/2017\/09\/Vue-g\u00e9n\u00e9rique-5.jpg","width":2560,"height":1704,"caption":"Chantier de la LGV Est Europ\u00e9enne. ETF ( filiale travaux ferroviaires du groupe Eurovia) pose des voies. Traverse de b\u00e9ton arm\u00e9 monobloc, longs rails soud\u00e9s ( LRS) et ballast. Wagon de transport des longs rails soud\u00e9s."},{"@type":"BreadcrumbList","@id":"https:\/\/www.etf.fr\/en\/agence-travaux-en\/lagence-grand-est-detf-intervient-pour-remettre-en-etat-les-voies-de-la-lgv-est-europeenne-2\/#breadcrumb","itemListElement":[{"@type":"ListItem","position":1,"name":"Accueil","item":"https:\/\/www.etf.fr\/en\/"},{"@type":"ListItem","position":2,"name":"ETF&rsquo;s Grand Est agency is involved in refurbishing the tracks of the LGV Est Europ\u00e9enne high-speed rail line."}]},{"@type":"WebSite","@id":"https:\/\/www.etf.fr\/#website","url":"https:\/\/www.etf.fr\/","name":"ETF","description":"Your transport partner worldwide","publisher":{"@id":"https:\/\/www.etf.fr\/#organization"},"potentialAction":[{"@type":"SearchAction","target":{"@type":"EntryPoint","urlTemplate":"https:\/\/www.etf.fr\/?s={search_term_string}"},"query-input":{"@type":"PropertyValueSpecification","valueRequired":true,"valueName":"search_term_string"}}],"inLanguage":"en-US"},{"@type":"Organization","@id":"https:\/\/www.etf.fr\/#organization","name":"ETF","url":"https:\/\/www.etf.fr\/","logo":{"@type":"ImageObject","inLanguage":"en-US","@id":"https:\/\/www.etf.fr\/#\/schema\/logo\/image\/","url":"https:\/\/www.etf.fr\/wp-content\/uploads\/2019\/03\/logo-ETF.png","contentUrl":"https:\/\/www.etf.fr\/wp-content\/uploads\/2019\/03\/logo-ETF.png","width":272,"height":161,"caption":"ETF"},"image":{"@id":"https:\/\/www.etf.fr\/#\/schema\/logo\/image\/"}},{"@type":"Person","@id":"https:\/\/www.etf.fr\/#\/schema\/person\/161a2c149c1f701b263f97f54de35dbd","name":"mathilde","url":"https:\/\/www.etf.fr\/en\/author\/mathilde\/"}]}},"_links":{"self":[{"href":"https:\/\/www.etf.fr\/en\/wp-json\/wp\/v2\/posts\/12516755","targetHints":{"allow":["GET"]}}],"collection":[{"href":"https:\/\/www.etf.fr\/en\/wp-json\/wp\/v2\/posts"}],"about":[{"href":"https:\/\/www.etf.fr\/en\/wp-json\/wp\/v2\/types\/post"}],"author":[{"embeddable":true,"href":"https:\/\/www.etf.fr\/en\/wp-json\/wp\/v2\/users\/5"}],"replies":[{"embeddable":true,"href":"https:\/\/www.etf.fr\/en\/wp-json\/wp\/v2\/comments?post=12516755"}],"version-history":[{"count":1,"href":"https:\/\/www.etf.fr\/en\/wp-json\/wp\/v2\/posts\/12516755\/revisions"}],"predecessor-version":[{"id":12516757,"href":"https:\/\/www.etf.fr\/en\/wp-json\/wp\/v2\/posts\/12516755\/revisions\/12516757"}],"wp:featuredmedia":[{"embeddable":true,"href":"https:\/\/www.etf.fr\/en\/wp-json\/wp\/v2\/media\/8851"}],"wp:attachment":[{"href":"https:\/\/www.etf.fr\/en\/wp-json\/wp\/v2\/media?parent=12516755"}],"wp:term":[{"taxonomy":"category","embeddable":true,"href":"https:\/\/www.etf.fr\/en\/wp-json\/wp\/v2\/categories?post=12516755"},{"taxonomy":"post_tag","embeddable":true,"href":"https:\/\/www.etf.fr\/en\/wp-json\/wp\/v2\/tags?post=12516755"}],"curies":[{"name":"wp","href":"https:\/\/api.w.org\/{rel}","templated":true}]}}