{"id":12516824,"date":"2020-06-03T14:40:12","date_gmt":"2020-06-03T12:40:12","guid":{"rendered":"https:\/\/www.etf.fr\/uncategorized\/premier-chantier-dessai-termine-pour-enorail\/"},"modified":"2025-09-29T17:22:11","modified_gmt":"2025-09-29T15:22:11","slug":"premier-chantier-dessai-termine-pour-enorail","status":"publish","type":"post","link":"https:\/\/www.etf.fr\/en\/grands-projets-ferroviaires-en\/premier-chantier-dessai-termine-pour-enorail\/","title":{"rendered":"First trial project completed for Enorail"},"content":{"rendered":"\n<p>Last Friday, teams from the Enorail consortium (Eiffage Rail and ETF) completed the renewal of 4.5 km of railway track between Brive-la-Gaillarde and Saint-Pantal\u00e9on-de-Larche. This test project, funded by <a href=\"https:\/\/www.facebook.com\/SNCFReseauOFFICIEL\/?__cft__[0]=AZV9Ogmcz078GplYABmr82bQxdIuMKcwYlqDaF_QBWumeGcy61nNu3TgplkIyU_vtEGkNkbik31V6bNOCCn67QbTuqgsxfHTmwDAAfnjlwhi242gTQl4-rUbl3QwoIofWGXVfwUe1F9M3ZOJIq08fx8M84GDBccBo2gNcFNgZzZAhg&amp;__tn__=kK-R\"><strong>SNCF <\/strong><\/a><a href=\"https:\/\/www.sncf-reseau.com\/fr\"><strong>R\u00e9seau<\/strong><\/a> and the Nouvelle-Aquitaine region, enabled the teams to familiarise themselves with this new-generation factory train!<\/p>\n\n\n\n<p>Now it&#8217;s time to get started on the next test project, which will take place this summer in N\u00eemes!<\/p>\n\n\n\n<p>Well done to all the men and women who work hard every day to make Enorail a success!<\/p>\n","protected":false},"excerpt":{"rendered":"<p>Last Friday, teams from the Enorail consortium (Eiffage Rail and ETF) completed the renewal of 4.5 km of railway track between Brive-la-Gaillarde and Saint-Pantal\u00e9on-de-Larche. <\/p>\n","protected":false},"author":5,"featured_media":8851,"comment_status":"closed","ping_status":"open","sticky":false,"template":"","format":"standard","meta":{"_acf_changed":false,"footnotes":""},"categories":[223],"tags":[],"class_list":["post-12516824","post","type-post","status-publish","format-standard","has-post-thumbnail","hentry","category-grands-projets-ferroviaires-en"],"acf":[],"yoast_head":"<!-- This site is optimized with the Yoast SEO plugin v27.5 - https:\/\/yoast.com\/product\/yoast-seo-wordpress\/ -->\n<title>First trial project completed for Enorail - ETF<\/title>\n<meta name=\"description\" content=\"Les \u00e9quipes du groupement Enorail (Eiffage Rail et ETF) ont finalis\u00e9 vendredi dernier le renouvellement de 4,5 km de voies ferr\u00e9es.\" \/>\n<meta name=\"robots\" content=\"index, follow, max-snippet:-1, max-image-preview:large, max-video-preview:-1\" \/>\n<link rel=\"canonical\" href=\"https:\/\/www.etf.fr\/en\/grands-projets-ferroviaires-en\/premier-chantier-dessai-termine-pour-enorail\/\" \/>\n<meta property=\"og:locale\" content=\"en_US\" \/>\n<meta property=\"og:type\" content=\"article\" \/>\n<meta property=\"og:title\" content=\"First trial project completed for Enorail - ETF\" \/>\n<meta property=\"og:description\" content=\"Les \u00e9quipes du groupement Enorail (Eiffage Rail et ETF) ont finalis\u00e9 vendredi dernier le renouvellement de 4,5 km de voies ferr\u00e9es.\" \/>\n<meta property=\"og:url\" content=\"https:\/\/www.etf.fr\/en\/grands-projets-ferroviaires-en\/premier-chantier-dessai-termine-pour-enorail\/\" \/>\n<meta property=\"og:site_name\" content=\"ETF\" \/>\n<meta property=\"article:published_time\" content=\"2020-06-03T12:40:12+00:00\" \/>\n<meta property=\"article:modified_time\" content=\"2025-09-29T15:22:11+00:00\" \/>\n<meta property=\"og:image\" content=\"https:\/\/www.etf.fr\/wp-content\/uploads\/2017\/09\/Vue-g\u00e9n\u00e9rique-5.jpg\" \/>\n\t<meta property=\"og:image:width\" content=\"2560\" \/>\n\t<meta property=\"og:image:height\" content=\"1704\" \/>\n\t<meta property=\"og:image:type\" content=\"image\/jpeg\" \/>\n<meta name=\"author\" content=\"mathilde\" \/>\n<meta name=\"twitter:card\" content=\"summary_large_image\" \/>\n<meta name=\"twitter:label1\" content=\"Written by\" \/>\n\t<meta name=\"twitter:data1\" content=\"mathilde\" \/>\n\t<meta name=\"twitter:label2\" content=\"Est. reading time\" \/>\n\t<meta name=\"twitter:data2\" content=\"1 minute\" \/>\n<script type=\"application\/ld+json\" class=\"yoast-schema-graph\">{\"@context\":\"https:\\\/\\\/schema.org\",\"@graph\":[{\"@type\":\"Article\",\"@id\":\"https:\\\/\\\/www.etf.fr\\\/en\\\/grands-projets-ferroviaires-en\\\/premier-chantier-dessai-termine-pour-enorail\\\/#article\",\"isPartOf\":{\"@id\":\"https:\\\/\\\/www.etf.fr\\\/en\\\/grands-projets-ferroviaires-en\\\/premier-chantier-dessai-termine-pour-enorail\\\/\"},\"author\":{\"name\":\"mathilde\",\"@id\":\"https:\\\/\\\/www.etf.fr\\\/#\\\/schema\\\/person\\\/161a2c149c1f701b263f97f54de35dbd\"},\"headline\":\"First trial project completed for Enorail\",\"datePublished\":\"2020-06-03T12:40:12+00:00\",\"dateModified\":\"2025-09-29T15:22:11+00:00\",\"mainEntityOfPage\":{\"@id\":\"https:\\\/\\\/www.etf.fr\\\/en\\\/grands-projets-ferroviaires-en\\\/premier-chantier-dessai-termine-pour-enorail\\\/\"},\"wordCount\":91,\"publisher\":{\"@id\":\"https:\\\/\\\/www.etf.fr\\\/#organization\"},\"image\":{\"@id\":\"https:\\\/\\\/www.etf.fr\\\/en\\\/grands-projets-ferroviaires-en\\\/premier-chantier-dessai-termine-pour-enorail\\\/#primaryimage\"},\"thumbnailUrl\":\"https:\\\/\\\/www.etf.fr\\\/wp-content\\\/uploads\\\/2017\\\/09\\\/Vue-g\u00e9n\u00e9rique-5.jpg\",\"articleSection\":[\"Grands Projets Ferroviaires\"],\"inLanguage\":\"en-US\"},{\"@type\":\"WebPage\",\"@id\":\"https:\\\/\\\/www.etf.fr\\\/en\\\/grands-projets-ferroviaires-en\\\/premier-chantier-dessai-termine-pour-enorail\\\/\",\"url\":\"https:\\\/\\\/www.etf.fr\\\/en\\\/grands-projets-ferroviaires-en\\\/premier-chantier-dessai-termine-pour-enorail\\\/\",\"name\":\"First trial project completed for Enorail - ETF\",\"isPartOf\":{\"@id\":\"https:\\\/\\\/www.etf.fr\\\/#website\"},\"primaryImageOfPage\":{\"@id\":\"https:\\\/\\\/www.etf.fr\\\/en\\\/grands-projets-ferroviaires-en\\\/premier-chantier-dessai-termine-pour-enorail\\\/#primaryimage\"},\"image\":{\"@id\":\"https:\\\/\\\/www.etf.fr\\\/en\\\/grands-projets-ferroviaires-en\\\/premier-chantier-dessai-termine-pour-enorail\\\/#primaryimage\"},\"thumbnailUrl\":\"https:\\\/\\\/www.etf.fr\\\/wp-content\\\/uploads\\\/2017\\\/09\\\/Vue-g\u00e9n\u00e9rique-5.jpg\",\"datePublished\":\"2020-06-03T12:40:12+00:00\",\"dateModified\":\"2025-09-29T15:22:11+00:00\",\"description\":\"Les \u00e9quipes du groupement Enorail (Eiffage Rail et ETF) ont finalis\u00e9 vendredi dernier le renouvellement de 4,5 km de voies ferr\u00e9es.\",\"breadcrumb\":{\"@id\":\"https:\\\/\\\/www.etf.fr\\\/en\\\/grands-projets-ferroviaires-en\\\/premier-chantier-dessai-termine-pour-enorail\\\/#breadcrumb\"},\"inLanguage\":\"en-US\",\"potentialAction\":[{\"@type\":\"ReadAction\",\"target\":[\"https:\\\/\\\/www.etf.fr\\\/en\\\/grands-projets-ferroviaires-en\\\/premier-chantier-dessai-termine-pour-enorail\\\/\"]}]},{\"@type\":\"ImageObject\",\"inLanguage\":\"en-US\",\"@id\":\"https:\\\/\\\/www.etf.fr\\\/en\\\/grands-projets-ferroviaires-en\\\/premier-chantier-dessai-termine-pour-enorail\\\/#primaryimage\",\"url\":\"https:\\\/\\\/www.etf.fr\\\/wp-content\\\/uploads\\\/2017\\\/09\\\/Vue-g\u00e9n\u00e9rique-5.jpg\",\"contentUrl\":\"https:\\\/\\\/www.etf.fr\\\/wp-content\\\/uploads\\\/2017\\\/09\\\/Vue-g\u00e9n\u00e9rique-5.jpg\",\"width\":2560,\"height\":1704,\"caption\":\"Chantier de la LGV Est Europ\u00e9enne. ETF ( filiale travaux ferroviaires du groupe Eurovia) pose des voies. Traverse de b\u00e9ton arm\u00e9 monobloc, longs rails soud\u00e9s ( LRS) et ballast. Wagon de transport des longs rails soud\u00e9s.\"},{\"@type\":\"BreadcrumbList\",\"@id\":\"https:\\\/\\\/www.etf.fr\\\/en\\\/grands-projets-ferroviaires-en\\\/premier-chantier-dessai-termine-pour-enorail\\\/#breadcrumb\",\"itemListElement\":[{\"@type\":\"ListItem\",\"position\":1,\"name\":\"Accueil\",\"item\":\"https:\\\/\\\/www.etf.fr\\\/en\\\/\"},{\"@type\":\"ListItem\",\"position\":2,\"name\":\"First trial project completed for Enorail\"}]},{\"@type\":\"WebSite\",\"@id\":\"https:\\\/\\\/www.etf.fr\\\/#website\",\"url\":\"https:\\\/\\\/www.etf.fr\\\/\",\"name\":\"ETF\",\"description\":\"Your transport partner worldwide\",\"publisher\":{\"@id\":\"https:\\\/\\\/www.etf.fr\\\/#organization\"},\"potentialAction\":[{\"@type\":\"SearchAction\",\"target\":{\"@type\":\"EntryPoint\",\"urlTemplate\":\"https:\\\/\\\/www.etf.fr\\\/?s={search_term_string}\"},\"query-input\":{\"@type\":\"PropertyValueSpecification\",\"valueRequired\":true,\"valueName\":\"search_term_string\"}}],\"inLanguage\":\"en-US\"},{\"@type\":\"Organization\",\"@id\":\"https:\\\/\\\/www.etf.fr\\\/#organization\",\"name\":\"ETF\",\"url\":\"https:\\\/\\\/www.etf.fr\\\/\",\"logo\":{\"@type\":\"ImageObject\",\"inLanguage\":\"en-US\",\"@id\":\"https:\\\/\\\/www.etf.fr\\\/#\\\/schema\\\/logo\\\/image\\\/\",\"url\":\"https:\\\/\\\/www.etf.fr\\\/wp-content\\\/uploads\\\/2019\\\/03\\\/logo-ETF.png\",\"contentUrl\":\"https:\\\/\\\/www.etf.fr\\\/wp-content\\\/uploads\\\/2019\\\/03\\\/logo-ETF.png\",\"width\":272,\"height\":161,\"caption\":\"ETF\"},\"image\":{\"@id\":\"https:\\\/\\\/www.etf.fr\\\/#\\\/schema\\\/logo\\\/image\\\/\"}},{\"@type\":\"Person\",\"@id\":\"https:\\\/\\\/www.etf.fr\\\/#\\\/schema\\\/person\\\/161a2c149c1f701b263f97f54de35dbd\",\"name\":\"mathilde\",\"url\":\"https:\\\/\\\/www.etf.fr\\\/en\\\/author\\\/mathilde\\\/\"}]}<\/script>\n<!-- \/ Yoast SEO plugin. -->","yoast_head_json":{"title":"First trial project completed for Enorail - ETF","description":"Les \u00e9quipes du groupement Enorail (Eiffage Rail et ETF) ont finalis\u00e9 vendredi dernier le renouvellement de 4,5 km de voies ferr\u00e9es.","robots":{"index":"index","follow":"follow","max-snippet":"max-snippet:-1","max-image-preview":"max-image-preview:large","max-video-preview":"max-video-preview:-1"},"canonical":"https:\/\/www.etf.fr\/en\/grands-projets-ferroviaires-en\/premier-chantier-dessai-termine-pour-enorail\/","og_locale":"en_US","og_type":"article","og_title":"First trial project completed for Enorail - ETF","og_description":"Les \u00e9quipes du groupement Enorail (Eiffage Rail et ETF) ont finalis\u00e9 vendredi dernier le renouvellement de 4,5 km de voies ferr\u00e9es.","og_url":"https:\/\/www.etf.fr\/en\/grands-projets-ferroviaires-en\/premier-chantier-dessai-termine-pour-enorail\/","og_site_name":"ETF","article_published_time":"2020-06-03T12:40:12+00:00","article_modified_time":"2025-09-29T15:22:11+00:00","og_image":[{"width":2560,"height":1704,"url":"https:\/\/www.etf.fr\/wp-content\/uploads\/2017\/09\/Vue-g\u00e9n\u00e9rique-5.jpg","type":"image\/jpeg"}],"author":"mathilde","twitter_card":"summary_large_image","twitter_misc":{"Written by":"mathilde","Est. reading time":"1 minute"},"schema":{"@context":"https:\/\/schema.org","@graph":[{"@type":"Article","@id":"https:\/\/www.etf.fr\/en\/grands-projets-ferroviaires-en\/premier-chantier-dessai-termine-pour-enorail\/#article","isPartOf":{"@id":"https:\/\/www.etf.fr\/en\/grands-projets-ferroviaires-en\/premier-chantier-dessai-termine-pour-enorail\/"},"author":{"name":"mathilde","@id":"https:\/\/www.etf.fr\/#\/schema\/person\/161a2c149c1f701b263f97f54de35dbd"},"headline":"First trial project completed for Enorail","datePublished":"2020-06-03T12:40:12+00:00","dateModified":"2025-09-29T15:22:11+00:00","mainEntityOfPage":{"@id":"https:\/\/www.etf.fr\/en\/grands-projets-ferroviaires-en\/premier-chantier-dessai-termine-pour-enorail\/"},"wordCount":91,"publisher":{"@id":"https:\/\/www.etf.fr\/#organization"},"image":{"@id":"https:\/\/www.etf.fr\/en\/grands-projets-ferroviaires-en\/premier-chantier-dessai-termine-pour-enorail\/#primaryimage"},"thumbnailUrl":"https:\/\/www.etf.fr\/wp-content\/uploads\/2017\/09\/Vue-g\u00e9n\u00e9rique-5.jpg","articleSection":["Grands Projets Ferroviaires"],"inLanguage":"en-US"},{"@type":"WebPage","@id":"https:\/\/www.etf.fr\/en\/grands-projets-ferroviaires-en\/premier-chantier-dessai-termine-pour-enorail\/","url":"https:\/\/www.etf.fr\/en\/grands-projets-ferroviaires-en\/premier-chantier-dessai-termine-pour-enorail\/","name":"First trial project completed for Enorail - ETF","isPartOf":{"@id":"https:\/\/www.etf.fr\/#website"},"primaryImageOfPage":{"@id":"https:\/\/www.etf.fr\/en\/grands-projets-ferroviaires-en\/premier-chantier-dessai-termine-pour-enorail\/#primaryimage"},"image":{"@id":"https:\/\/www.etf.fr\/en\/grands-projets-ferroviaires-en\/premier-chantier-dessai-termine-pour-enorail\/#primaryimage"},"thumbnailUrl":"https:\/\/www.etf.fr\/wp-content\/uploads\/2017\/09\/Vue-g\u00e9n\u00e9rique-5.jpg","datePublished":"2020-06-03T12:40:12+00:00","dateModified":"2025-09-29T15:22:11+00:00","description":"Les \u00e9quipes du groupement Enorail (Eiffage Rail et ETF) ont finalis\u00e9 vendredi dernier le renouvellement de 4,5 km de voies ferr\u00e9es.","breadcrumb":{"@id":"https:\/\/www.etf.fr\/en\/grands-projets-ferroviaires-en\/premier-chantier-dessai-termine-pour-enorail\/#breadcrumb"},"inLanguage":"en-US","potentialAction":[{"@type":"ReadAction","target":["https:\/\/www.etf.fr\/en\/grands-projets-ferroviaires-en\/premier-chantier-dessai-termine-pour-enorail\/"]}]},{"@type":"ImageObject","inLanguage":"en-US","@id":"https:\/\/www.etf.fr\/en\/grands-projets-ferroviaires-en\/premier-chantier-dessai-termine-pour-enorail\/#primaryimage","url":"https:\/\/www.etf.fr\/wp-content\/uploads\/2017\/09\/Vue-g\u00e9n\u00e9rique-5.jpg","contentUrl":"https:\/\/www.etf.fr\/wp-content\/uploads\/2017\/09\/Vue-g\u00e9n\u00e9rique-5.jpg","width":2560,"height":1704,"caption":"Chantier de la LGV Est Europ\u00e9enne. ETF ( filiale travaux ferroviaires du groupe Eurovia) pose des voies. Traverse de b\u00e9ton arm\u00e9 monobloc, longs rails soud\u00e9s ( LRS) et ballast. Wagon de transport des longs rails soud\u00e9s."},{"@type":"BreadcrumbList","@id":"https:\/\/www.etf.fr\/en\/grands-projets-ferroviaires-en\/premier-chantier-dessai-termine-pour-enorail\/#breadcrumb","itemListElement":[{"@type":"ListItem","position":1,"name":"Accueil","item":"https:\/\/www.etf.fr\/en\/"},{"@type":"ListItem","position":2,"name":"First trial project completed for Enorail"}]},{"@type":"WebSite","@id":"https:\/\/www.etf.fr\/#website","url":"https:\/\/www.etf.fr\/","name":"ETF","description":"Your transport partner worldwide","publisher":{"@id":"https:\/\/www.etf.fr\/#organization"},"potentialAction":[{"@type":"SearchAction","target":{"@type":"EntryPoint","urlTemplate":"https:\/\/www.etf.fr\/?s={search_term_string}"},"query-input":{"@type":"PropertyValueSpecification","valueRequired":true,"valueName":"search_term_string"}}],"inLanguage":"en-US"},{"@type":"Organization","@id":"https:\/\/www.etf.fr\/#organization","name":"ETF","url":"https:\/\/www.etf.fr\/","logo":{"@type":"ImageObject","inLanguage":"en-US","@id":"https:\/\/www.etf.fr\/#\/schema\/logo\/image\/","url":"https:\/\/www.etf.fr\/wp-content\/uploads\/2019\/03\/logo-ETF.png","contentUrl":"https:\/\/www.etf.fr\/wp-content\/uploads\/2019\/03\/logo-ETF.png","width":272,"height":161,"caption":"ETF"},"image":{"@id":"https:\/\/www.etf.fr\/#\/schema\/logo\/image\/"}},{"@type":"Person","@id":"https:\/\/www.etf.fr\/#\/schema\/person\/161a2c149c1f701b263f97f54de35dbd","name":"mathilde","url":"https:\/\/www.etf.fr\/en\/author\/mathilde\/"}]}},"_links":{"self":[{"href":"https:\/\/www.etf.fr\/en\/wp-json\/wp\/v2\/posts\/12516824","targetHints":{"allow":["GET"]}}],"collection":[{"href":"https:\/\/www.etf.fr\/en\/wp-json\/wp\/v2\/posts"}],"about":[{"href":"https:\/\/www.etf.fr\/en\/wp-json\/wp\/v2\/types\/post"}],"author":[{"embeddable":true,"href":"https:\/\/www.etf.fr\/en\/wp-json\/wp\/v2\/users\/5"}],"replies":[{"embeddable":true,"href":"https:\/\/www.etf.fr\/en\/wp-json\/wp\/v2\/comments?post=12516824"}],"version-history":[{"count":1,"href":"https:\/\/www.etf.fr\/en\/wp-json\/wp\/v2\/posts\/12516824\/revisions"}],"predecessor-version":[{"id":12516825,"href":"https:\/\/www.etf.fr\/en\/wp-json\/wp\/v2\/posts\/12516824\/revisions\/12516825"}],"wp:featuredmedia":[{"embeddable":true,"href":"https:\/\/www.etf.fr\/en\/wp-json\/wp\/v2\/media\/8851"}],"wp:attachment":[{"href":"https:\/\/www.etf.fr\/en\/wp-json\/wp\/v2\/media?parent=12516824"}],"wp:term":[{"taxonomy":"category","embeddable":true,"href":"https:\/\/www.etf.fr\/en\/wp-json\/wp\/v2\/categories?post=12516824"},{"taxonomy":"post_tag","embeddable":true,"href":"https:\/\/www.etf.fr\/en\/wp-json\/wp\/v2\/tags?post=12516824"}],"curies":[{"name":"wp","href":"https:\/\/api.w.org\/{rel}","templated":true}]}}