{"id":12523552,"date":"2020-03-11T15:46:23","date_gmt":"2020-03-11T14:46:23","guid":{"rendered":"https:\/\/www.etf.fr\/uncategorized\/de-santiago-a-chillan-ofc-poursuit-la-pose-des-appareils-de-voie\/"},"modified":"2025-09-30T09:10:06","modified_gmt":"2025-09-30T07:10:06","slug":"de-santiago-a-chillan-ofc-poursuit-la-pose-des-appareils-de-voie","status":"publish","type":"post","link":"https:\/\/www.etf.fr\/en\/international-en\/de-santiago-a-chillan-ofc-poursuit-la-pose-des-appareils-de-voie\/","title":{"rendered":"From Santiago to Chillan, OFC continues to install track equipment"},"content":{"rendered":"\n<p>This is a major step forward for the teams at OFC, ETF&#8217;s Chilean subsidiary, who delivered 90 points in 2019 and are starting the assembly phase this year!<\/p>\n\n\n\n<p>As a reminder, a three-year contract was signed at the end of 2018 with the public company EFE, which manages Chile&#8217;s national rail network. OFC is supplying and installing 265 points on the regional network around Santiago and as far as the city of Chillan, 400 km south of the capital.<\/p>\n\n\n\n<p>The teams are fully mobilised and working hard every day to complete this key project!<\/p>\n","protected":false},"excerpt":{"rendered":"<p>This is a major step forward for the teams at OFC, ETF&#8217;s Chilean subsidiary, who delivered 90 points in 2019 and are starting the assembly phase this year!<\/p>\n","protected":false},"author":5,"featured_media":7352,"comment_status":"closed","ping_status":"open","sticky":false,"template":"","format":"standard","meta":{"_acf_changed":false,"footnotes":""},"categories":[119],"tags":[],"class_list":["post-12523552","post","type-post","status-publish","format-standard","has-post-thumbnail","hentry","category-international-en"],"acf":[],"yoast_head":"<!-- This site is optimized with the Yoast SEO plugin v27.5 - https:\/\/yoast.com\/product\/yoast-seo-wordpress\/ -->\n<title>From Santiago to Chillan, OFC continues to install track equipment - ETF<\/title>\n<meta name=\"description\" content=\"C&#039;est une belle avanc\u00e9e pour les \u00e9quipes d&#039;OFC, filiale chilienne d&#039;ETF, qui ont livr\u00e9 90 appareils de voie en 2019 et qui commencent la phase de montage !\" \/>\n<meta name=\"robots\" content=\"index, follow, max-snippet:-1, max-image-preview:large, max-video-preview:-1\" \/>\n<link rel=\"canonical\" href=\"https:\/\/www.etf.fr\/en\/international-en\/de-santiago-a-chillan-ofc-poursuit-la-pose-des-appareils-de-voie\/\" \/>\n<meta property=\"og:locale\" content=\"en_US\" \/>\n<meta property=\"og:type\" content=\"article\" \/>\n<meta property=\"og:title\" content=\"From Santiago to Chillan, OFC continues to install track equipment - ETF\" \/>\n<meta property=\"og:description\" content=\"C&#039;est une belle avanc\u00e9e pour les \u00e9quipes d&#039;OFC, filiale chilienne d&#039;ETF, qui ont livr\u00e9 90 appareils de voie en 2019 et qui commencent la phase de montage !\" \/>\n<meta property=\"og:url\" content=\"https:\/\/www.etf.fr\/en\/international-en\/de-santiago-a-chillan-ofc-poursuit-la-pose-des-appareils-de-voie\/\" \/>\n<meta property=\"og:site_name\" content=\"ETF\" \/>\n<meta property=\"article:published_time\" content=\"2020-03-11T14:46:23+00:00\" \/>\n<meta property=\"article:modified_time\" content=\"2025-09-30T07:10:06+00:00\" \/>\n<meta property=\"og:image\" content=\"https:\/\/www.etf.fr\/wp-content\/uploads\/2020\/03\/20200311.png\" \/>\n\t<meta property=\"og:image:width\" content=\"300\" \/>\n\t<meta property=\"og:image:height\" content=\"200\" \/>\n\t<meta property=\"og:image:type\" content=\"image\/png\" \/>\n<meta name=\"author\" content=\"mathilde\" \/>\n<meta name=\"twitter:card\" content=\"summary_large_image\" \/>\n<meta name=\"twitter:label1\" content=\"Written by\" \/>\n\t<meta name=\"twitter:data1\" content=\"mathilde\" \/>\n\t<meta name=\"twitter:label2\" content=\"Est. reading time\" \/>\n\t<meta name=\"twitter:data2\" content=\"1 minute\" \/>\n<script type=\"application\/ld+json\" class=\"yoast-schema-graph\">{\"@context\":\"https:\\\/\\\/schema.org\",\"@graph\":[{\"@type\":\"Article\",\"@id\":\"https:\\\/\\\/www.etf.fr\\\/en\\\/international-en\\\/de-santiago-a-chillan-ofc-poursuit-la-pose-des-appareils-de-voie\\\/#article\",\"isPartOf\":{\"@id\":\"https:\\\/\\\/www.etf.fr\\\/en\\\/international-en\\\/de-santiago-a-chillan-ofc-poursuit-la-pose-des-appareils-de-voie\\\/\"},\"author\":{\"name\":\"mathilde\",\"@id\":\"https:\\\/\\\/www.etf.fr\\\/#\\\/schema\\\/person\\\/161a2c149c1f701b263f97f54de35dbd\"},\"headline\":\"From Santiago to Chillan, OFC continues to install track equipment\",\"datePublished\":\"2020-03-11T14:46:23+00:00\",\"dateModified\":\"2025-09-30T07:10:06+00:00\",\"mainEntityOfPage\":{\"@id\":\"https:\\\/\\\/www.etf.fr\\\/en\\\/international-en\\\/de-santiago-a-chillan-ofc-poursuit-la-pose-des-appareils-de-voie\\\/\"},\"wordCount\":99,\"publisher\":{\"@id\":\"https:\\\/\\\/www.etf.fr\\\/#organization\"},\"image\":{\"@id\":\"https:\\\/\\\/www.etf.fr\\\/en\\\/international-en\\\/de-santiago-a-chillan-ofc-poursuit-la-pose-des-appareils-de-voie\\\/#primaryimage\"},\"thumbnailUrl\":\"https:\\\/\\\/www.etf.fr\\\/wp-content\\\/uploads\\\/2020\\\/03\\\/20200311.png\",\"articleSection\":[\"International\"],\"inLanguage\":\"en-US\"},{\"@type\":\"WebPage\",\"@id\":\"https:\\\/\\\/www.etf.fr\\\/en\\\/international-en\\\/de-santiago-a-chillan-ofc-poursuit-la-pose-des-appareils-de-voie\\\/\",\"url\":\"https:\\\/\\\/www.etf.fr\\\/en\\\/international-en\\\/de-santiago-a-chillan-ofc-poursuit-la-pose-des-appareils-de-voie\\\/\",\"name\":\"From Santiago to Chillan, OFC continues to install track equipment - ETF\",\"isPartOf\":{\"@id\":\"https:\\\/\\\/www.etf.fr\\\/#website\"},\"primaryImageOfPage\":{\"@id\":\"https:\\\/\\\/www.etf.fr\\\/en\\\/international-en\\\/de-santiago-a-chillan-ofc-poursuit-la-pose-des-appareils-de-voie\\\/#primaryimage\"},\"image\":{\"@id\":\"https:\\\/\\\/www.etf.fr\\\/en\\\/international-en\\\/de-santiago-a-chillan-ofc-poursuit-la-pose-des-appareils-de-voie\\\/#primaryimage\"},\"thumbnailUrl\":\"https:\\\/\\\/www.etf.fr\\\/wp-content\\\/uploads\\\/2020\\\/03\\\/20200311.png\",\"datePublished\":\"2020-03-11T14:46:23+00:00\",\"dateModified\":\"2025-09-30T07:10:06+00:00\",\"description\":\"C'est une belle avanc\u00e9e pour les \u00e9quipes d'OFC, filiale chilienne d'ETF, qui ont livr\u00e9 90 appareils de voie en 2019 et qui commencent la phase de montage !\",\"breadcrumb\":{\"@id\":\"https:\\\/\\\/www.etf.fr\\\/en\\\/international-en\\\/de-santiago-a-chillan-ofc-poursuit-la-pose-des-appareils-de-voie\\\/#breadcrumb\"},\"inLanguage\":\"en-US\",\"potentialAction\":[{\"@type\":\"ReadAction\",\"target\":[\"https:\\\/\\\/www.etf.fr\\\/en\\\/international-en\\\/de-santiago-a-chillan-ofc-poursuit-la-pose-des-appareils-de-voie\\\/\"]}]},{\"@type\":\"ImageObject\",\"inLanguage\":\"en-US\",\"@id\":\"https:\\\/\\\/www.etf.fr\\\/en\\\/international-en\\\/de-santiago-a-chillan-ofc-poursuit-la-pose-des-appareils-de-voie\\\/#primaryimage\",\"url\":\"https:\\\/\\\/www.etf.fr\\\/wp-content\\\/uploads\\\/2020\\\/03\\\/20200311.png\",\"contentUrl\":\"https:\\\/\\\/www.etf.fr\\\/wp-content\\\/uploads\\\/2020\\\/03\\\/20200311.png\",\"width\":300,\"height\":200},{\"@type\":\"BreadcrumbList\",\"@id\":\"https:\\\/\\\/www.etf.fr\\\/en\\\/international-en\\\/de-santiago-a-chillan-ofc-poursuit-la-pose-des-appareils-de-voie\\\/#breadcrumb\",\"itemListElement\":[{\"@type\":\"ListItem\",\"position\":1,\"name\":\"Accueil\",\"item\":\"https:\\\/\\\/www.etf.fr\\\/en\\\/\"},{\"@type\":\"ListItem\",\"position\":2,\"name\":\"From Santiago to Chillan, OFC continues to install track equipment\"}]},{\"@type\":\"WebSite\",\"@id\":\"https:\\\/\\\/www.etf.fr\\\/#website\",\"url\":\"https:\\\/\\\/www.etf.fr\\\/\",\"name\":\"ETF\",\"description\":\"Your transport partner worldwide\",\"publisher\":{\"@id\":\"https:\\\/\\\/www.etf.fr\\\/#organization\"},\"potentialAction\":[{\"@type\":\"SearchAction\",\"target\":{\"@type\":\"EntryPoint\",\"urlTemplate\":\"https:\\\/\\\/www.etf.fr\\\/?s={search_term_string}\"},\"query-input\":{\"@type\":\"PropertyValueSpecification\",\"valueRequired\":true,\"valueName\":\"search_term_string\"}}],\"inLanguage\":\"en-US\"},{\"@type\":\"Organization\",\"@id\":\"https:\\\/\\\/www.etf.fr\\\/#organization\",\"name\":\"ETF\",\"url\":\"https:\\\/\\\/www.etf.fr\\\/\",\"logo\":{\"@type\":\"ImageObject\",\"inLanguage\":\"en-US\",\"@id\":\"https:\\\/\\\/www.etf.fr\\\/#\\\/schema\\\/logo\\\/image\\\/\",\"url\":\"https:\\\/\\\/www.etf.fr\\\/wp-content\\\/uploads\\\/2019\\\/03\\\/logo-ETF.png\",\"contentUrl\":\"https:\\\/\\\/www.etf.fr\\\/wp-content\\\/uploads\\\/2019\\\/03\\\/logo-ETF.png\",\"width\":272,\"height\":161,\"caption\":\"ETF\"},\"image\":{\"@id\":\"https:\\\/\\\/www.etf.fr\\\/#\\\/schema\\\/logo\\\/image\\\/\"}},{\"@type\":\"Person\",\"@id\":\"https:\\\/\\\/www.etf.fr\\\/#\\\/schema\\\/person\\\/161a2c149c1f701b263f97f54de35dbd\",\"name\":\"mathilde\",\"url\":\"https:\\\/\\\/www.etf.fr\\\/en\\\/author\\\/mathilde\\\/\"}]}<\/script>\n<!-- \/ Yoast SEO plugin. -->","yoast_head_json":{"title":"From Santiago to Chillan, OFC continues to install track equipment - ETF","description":"C'est une belle avanc\u00e9e pour les \u00e9quipes d'OFC, filiale chilienne d'ETF, qui ont livr\u00e9 90 appareils de voie en 2019 et qui commencent la phase de montage !","robots":{"index":"index","follow":"follow","max-snippet":"max-snippet:-1","max-image-preview":"max-image-preview:large","max-video-preview":"max-video-preview:-1"},"canonical":"https:\/\/www.etf.fr\/en\/international-en\/de-santiago-a-chillan-ofc-poursuit-la-pose-des-appareils-de-voie\/","og_locale":"en_US","og_type":"article","og_title":"From Santiago to Chillan, OFC continues to install track equipment - ETF","og_description":"C'est une belle avanc\u00e9e pour les \u00e9quipes d'OFC, filiale chilienne d'ETF, qui ont livr\u00e9 90 appareils de voie en 2019 et qui commencent la phase de montage !","og_url":"https:\/\/www.etf.fr\/en\/international-en\/de-santiago-a-chillan-ofc-poursuit-la-pose-des-appareils-de-voie\/","og_site_name":"ETF","article_published_time":"2020-03-11T14:46:23+00:00","article_modified_time":"2025-09-30T07:10:06+00:00","og_image":[{"width":300,"height":200,"url":"https:\/\/www.etf.fr\/wp-content\/uploads\/2020\/03\/20200311.png","type":"image\/png"}],"author":"mathilde","twitter_card":"summary_large_image","twitter_misc":{"Written by":"mathilde","Est. reading time":"1 minute"},"schema":{"@context":"https:\/\/schema.org","@graph":[{"@type":"Article","@id":"https:\/\/www.etf.fr\/en\/international-en\/de-santiago-a-chillan-ofc-poursuit-la-pose-des-appareils-de-voie\/#article","isPartOf":{"@id":"https:\/\/www.etf.fr\/en\/international-en\/de-santiago-a-chillan-ofc-poursuit-la-pose-des-appareils-de-voie\/"},"author":{"name":"mathilde","@id":"https:\/\/www.etf.fr\/#\/schema\/person\/161a2c149c1f701b263f97f54de35dbd"},"headline":"From Santiago to Chillan, OFC continues to install track equipment","datePublished":"2020-03-11T14:46:23+00:00","dateModified":"2025-09-30T07:10:06+00:00","mainEntityOfPage":{"@id":"https:\/\/www.etf.fr\/en\/international-en\/de-santiago-a-chillan-ofc-poursuit-la-pose-des-appareils-de-voie\/"},"wordCount":99,"publisher":{"@id":"https:\/\/www.etf.fr\/#organization"},"image":{"@id":"https:\/\/www.etf.fr\/en\/international-en\/de-santiago-a-chillan-ofc-poursuit-la-pose-des-appareils-de-voie\/#primaryimage"},"thumbnailUrl":"https:\/\/www.etf.fr\/wp-content\/uploads\/2020\/03\/20200311.png","articleSection":["International"],"inLanguage":"en-US"},{"@type":"WebPage","@id":"https:\/\/www.etf.fr\/en\/international-en\/de-santiago-a-chillan-ofc-poursuit-la-pose-des-appareils-de-voie\/","url":"https:\/\/www.etf.fr\/en\/international-en\/de-santiago-a-chillan-ofc-poursuit-la-pose-des-appareils-de-voie\/","name":"From Santiago to Chillan, OFC continues to install track equipment - ETF","isPartOf":{"@id":"https:\/\/www.etf.fr\/#website"},"primaryImageOfPage":{"@id":"https:\/\/www.etf.fr\/en\/international-en\/de-santiago-a-chillan-ofc-poursuit-la-pose-des-appareils-de-voie\/#primaryimage"},"image":{"@id":"https:\/\/www.etf.fr\/en\/international-en\/de-santiago-a-chillan-ofc-poursuit-la-pose-des-appareils-de-voie\/#primaryimage"},"thumbnailUrl":"https:\/\/www.etf.fr\/wp-content\/uploads\/2020\/03\/20200311.png","datePublished":"2020-03-11T14:46:23+00:00","dateModified":"2025-09-30T07:10:06+00:00","description":"C'est une belle avanc\u00e9e pour les \u00e9quipes d'OFC, filiale chilienne d'ETF, qui ont livr\u00e9 90 appareils de voie en 2019 et qui commencent la phase de montage !","breadcrumb":{"@id":"https:\/\/www.etf.fr\/en\/international-en\/de-santiago-a-chillan-ofc-poursuit-la-pose-des-appareils-de-voie\/#breadcrumb"},"inLanguage":"en-US","potentialAction":[{"@type":"ReadAction","target":["https:\/\/www.etf.fr\/en\/international-en\/de-santiago-a-chillan-ofc-poursuit-la-pose-des-appareils-de-voie\/"]}]},{"@type":"ImageObject","inLanguage":"en-US","@id":"https:\/\/www.etf.fr\/en\/international-en\/de-santiago-a-chillan-ofc-poursuit-la-pose-des-appareils-de-voie\/#primaryimage","url":"https:\/\/www.etf.fr\/wp-content\/uploads\/2020\/03\/20200311.png","contentUrl":"https:\/\/www.etf.fr\/wp-content\/uploads\/2020\/03\/20200311.png","width":300,"height":200},{"@type":"BreadcrumbList","@id":"https:\/\/www.etf.fr\/en\/international-en\/de-santiago-a-chillan-ofc-poursuit-la-pose-des-appareils-de-voie\/#breadcrumb","itemListElement":[{"@type":"ListItem","position":1,"name":"Accueil","item":"https:\/\/www.etf.fr\/en\/"},{"@type":"ListItem","position":2,"name":"From Santiago to Chillan, OFC continues to install track equipment"}]},{"@type":"WebSite","@id":"https:\/\/www.etf.fr\/#website","url":"https:\/\/www.etf.fr\/","name":"ETF","description":"Your transport partner worldwide","publisher":{"@id":"https:\/\/www.etf.fr\/#organization"},"potentialAction":[{"@type":"SearchAction","target":{"@type":"EntryPoint","urlTemplate":"https:\/\/www.etf.fr\/?s={search_term_string}"},"query-input":{"@type":"PropertyValueSpecification","valueRequired":true,"valueName":"search_term_string"}}],"inLanguage":"en-US"},{"@type":"Organization","@id":"https:\/\/www.etf.fr\/#organization","name":"ETF","url":"https:\/\/www.etf.fr\/","logo":{"@type":"ImageObject","inLanguage":"en-US","@id":"https:\/\/www.etf.fr\/#\/schema\/logo\/image\/","url":"https:\/\/www.etf.fr\/wp-content\/uploads\/2019\/03\/logo-ETF.png","contentUrl":"https:\/\/www.etf.fr\/wp-content\/uploads\/2019\/03\/logo-ETF.png","width":272,"height":161,"caption":"ETF"},"image":{"@id":"https:\/\/www.etf.fr\/#\/schema\/logo\/image\/"}},{"@type":"Person","@id":"https:\/\/www.etf.fr\/#\/schema\/person\/161a2c149c1f701b263f97f54de35dbd","name":"mathilde","url":"https:\/\/www.etf.fr\/en\/author\/mathilde\/"}]}},"_links":{"self":[{"href":"https:\/\/www.etf.fr\/en\/wp-json\/wp\/v2\/posts\/12523552","targetHints":{"allow":["GET"]}}],"collection":[{"href":"https:\/\/www.etf.fr\/en\/wp-json\/wp\/v2\/posts"}],"about":[{"href":"https:\/\/www.etf.fr\/en\/wp-json\/wp\/v2\/types\/post"}],"author":[{"embeddable":true,"href":"https:\/\/www.etf.fr\/en\/wp-json\/wp\/v2\/users\/5"}],"replies":[{"embeddable":true,"href":"https:\/\/www.etf.fr\/en\/wp-json\/wp\/v2\/comments?post=12523552"}],"version-history":[{"count":1,"href":"https:\/\/www.etf.fr\/en\/wp-json\/wp\/v2\/posts\/12523552\/revisions"}],"predecessor-version":[{"id":12523553,"href":"https:\/\/www.etf.fr\/en\/wp-json\/wp\/v2\/posts\/12523552\/revisions\/12523553"}],"wp:featuredmedia":[{"embeddable":true,"href":"https:\/\/www.etf.fr\/en\/wp-json\/wp\/v2\/media\/7352"}],"wp:attachment":[{"href":"https:\/\/www.etf.fr\/en\/wp-json\/wp\/v2\/media?parent=12523552"}],"wp:term":[{"taxonomy":"category","embeddable":true,"href":"https:\/\/www.etf.fr\/en\/wp-json\/wp\/v2\/categories?post=12523552"},{"taxonomy":"post_tag","embeddable":true,"href":"https:\/\/www.etf.fr\/en\/wp-json\/wp\/v2\/tags?post=12523552"}],"curies":[{"name":"wp","href":"https:\/\/api.w.org\/{rel}","templated":true}]}}