{"id":12523561,"date":"2020-02-17T14:33:59","date_gmt":"2020-02-17T13:33:59","guid":{"rendered":"https:\/\/www.etf.fr\/uncategorized\/grand-paris-express-etf-remporte-le-marche-de-la-ligne-14-sud\/"},"modified":"2025-09-30T09:13:58","modified_gmt":"2025-09-30T07:13:58","slug":"grand-paris-express-etf-remporte-le-marche-de-la-ligne-14-sud","status":"publish","type":"post","link":"https:\/\/www.etf.fr\/en\/agences-grands-projets-transports-urbains-en\/grand-paris-express-etf-remporte-le-marche-de-la-ligne-14-sud\/","title":{"rendered":"Grand Paris Express: ETF wins contract for Line 14 South as part of a consortium"},"content":{"rendered":"\n<p>ETF (project manager), in partnership with Colas Rail, will carry out <strong>the southern extension of line 14.<\/strong> With the aim of being operational for the 2024 Olympic Games, this project is <strong>one of the first steps in the commissioning of the Grand Paris project.<\/strong><\/p>\n\n\n\n<h3 class=\"wp-block-heading\">Project overview<\/h3>\n\n\n\n<p>Line 14 of the Paris Metro, currently 8.6 km long, will be extended north and south as part of the <a href=\"https:\/\/www.etf.fr\/actualites\/etf-remporte-le-marche-du-centre-dexploitation-de-vitry-grand-paris\/\">Grand Paris Express<\/a>. <strong>14 km long<\/strong>, the southern extension <strong>will serve 13 municipalities<\/strong> &#8211; mainly in Val-de-Marne (94) &#8211; and is expected to welcome 300,000 users every day. It will connect the current terminus and the airport in 15 minutes thanks to<strong> seven new stations.<\/strong><\/p>\n\n\n\n<p>Line 14 South will also be interconnected with metro line 7, RER C, tramway 7 and lines 15 South and 18 of the Grand Paris Express.<\/p>\n\n\n\n<h3 class=\"wp-block-heading\">Details of the work<\/h3>\n\n\n\n<p>For its client, the <strong>RATP<\/strong> (project owner), the teams will build the 14.4 km of tunnel track that make up this extension: concrete tracks, single and cross communications, walkways, handrails and tunnel signage.<\/p>\n\n\n\n<figure class=\"wp-block-image size-large is-resized\"><img loading=\"lazy\" decoding=\"async\" width=\"515\" height=\"535\" src=\"https:\/\/www.etf.fr\/wp-content\/uploads\/2020\/02\/Trac\u00e9-L14S-515x535.png\" alt=\"\" class=\"wp-image-6719\" style=\"width:396px;height:411px\" srcset=\"https:\/\/www.etf.fr\/wp-content\/uploads\/2020\/02\/Trac\u00e9-L14S-515x535.png 515w, https:\/\/www.etf.fr\/wp-content\/uploads\/2020\/02\/Trac\u00e9-L14S-241x250.png 241w, https:\/\/www.etf.fr\/wp-content\/uploads\/2020\/02\/Trac\u00e9-L14S-380x395.png 380w, https:\/\/www.etf.fr\/wp-content\/uploads\/2020\/02\/Trac\u00e9-L14S.png 523w\" sizes=\"auto, (max-width: 515px) 100vw, 515px\" \/><\/figure>\n\n\n\n<p>Currently in the planning stage, work will commence in early 2021.<\/p>\n","protected":false},"excerpt":{"rendered":"<p>As part of a consortium, ETF (project manager) will carry out the southern extension of line 14.<\/p>\n","protected":false},"author":5,"featured_media":7387,"comment_status":"closed","ping_status":"open","sticky":false,"template":"","format":"standard","meta":{"_acf_changed":false,"footnotes":""},"categories":[192],"tags":[],"class_list":["post-12523561","post","type-post","status-publish","format-standard","has-post-thumbnail","hentry","category-agences-grands-projets-transports-urbains-en"],"acf":[],"yoast_head":"<!-- This site is optimized with the Yoast SEO plugin v27.5 - https:\/\/yoast.com\/product\/yoast-seo-wordpress\/ -->\n<title>Grand Paris Express: ETF wins contract for Line 14 South as part of a consortium - ETF<\/title>\n<meta name=\"description\" content=\"Avec pour objectif d&#039;\u00eatre op\u00e9rationnelle pour les Jeux Olympiques de 2024, ce projet constitue l&#039;une des premi\u00e8res \u00e9tapes de mise en service du Grand Paris.\" \/>\n<meta name=\"robots\" content=\"index, follow, max-snippet:-1, max-image-preview:large, max-video-preview:-1\" \/>\n<link rel=\"canonical\" href=\"https:\/\/www.etf.fr\/en\/agences-grands-projets-transports-urbains-en\/grand-paris-express-etf-remporte-le-marche-de-la-ligne-14-sud\/\" \/>\n<meta property=\"og:locale\" content=\"en_US\" \/>\n<meta property=\"og:type\" content=\"article\" \/>\n<meta property=\"og:title\" content=\"Grand Paris Express: ETF wins contract for Line 14 South as part of a consortium - ETF\" \/>\n<meta property=\"og:description\" content=\"Avec pour objectif d&#039;\u00eatre op\u00e9rationnelle pour les Jeux Olympiques de 2024, ce projet constitue l&#039;une des premi\u00e8res \u00e9tapes de mise en service du Grand Paris.\" \/>\n<meta property=\"og:url\" content=\"https:\/\/www.etf.fr\/en\/agences-grands-projets-transports-urbains-en\/grand-paris-express-etf-remporte-le-marche-de-la-ligne-14-sud\/\" \/>\n<meta property=\"og:site_name\" content=\"ETF\" \/>\n<meta property=\"article:published_time\" content=\"2020-02-17T13:33:59+00:00\" \/>\n<meta property=\"article:modified_time\" content=\"2025-09-30T07:13:58+00:00\" \/>\n<meta property=\"og:image\" content=\"https:\/\/www.etf.fr\/wp-content\/uploads\/2020\/02\/20200217.png\" \/>\n\t<meta property=\"og:image:width\" content=\"300\" \/>\n\t<meta property=\"og:image:height\" content=\"200\" \/>\n\t<meta property=\"og:image:type\" content=\"image\/png\" \/>\n<meta name=\"author\" content=\"mathilde\" \/>\n<meta name=\"twitter:card\" content=\"summary_large_image\" \/>\n<meta name=\"twitter:label1\" content=\"Written by\" \/>\n\t<meta name=\"twitter:data1\" content=\"mathilde\" \/>\n\t<meta name=\"twitter:label2\" content=\"Est. reading time\" \/>\n\t<meta name=\"twitter:data2\" content=\"2 minutes\" \/>\n<script type=\"application\/ld+json\" class=\"yoast-schema-graph\">{\"@context\":\"https:\\\/\\\/schema.org\",\"@graph\":[{\"@type\":\"Article\",\"@id\":\"https:\\\/\\\/www.etf.fr\\\/en\\\/agences-grands-projets-transports-urbains-en\\\/grand-paris-express-etf-remporte-le-marche-de-la-ligne-14-sud\\\/#article\",\"isPartOf\":{\"@id\":\"https:\\\/\\\/www.etf.fr\\\/en\\\/agences-grands-projets-transports-urbains-en\\\/grand-paris-express-etf-remporte-le-marche-de-la-ligne-14-sud\\\/\"},\"author\":{\"name\":\"mathilde\",\"@id\":\"https:\\\/\\\/www.etf.fr\\\/#\\\/schema\\\/person\\\/161a2c149c1f701b263f97f54de35dbd\"},\"headline\":\"Grand Paris Express: ETF wins contract for Line 14 South as part of a consortium\",\"datePublished\":\"2020-02-17T13:33:59+00:00\",\"dateModified\":\"2025-09-30T07:13:58+00:00\",\"mainEntityOfPage\":{\"@id\":\"https:\\\/\\\/www.etf.fr\\\/en\\\/agences-grands-projets-transports-urbains-en\\\/grand-paris-express-etf-remporte-le-marche-de-la-ligne-14-sud\\\/\"},\"wordCount\":183,\"publisher\":{\"@id\":\"https:\\\/\\\/www.etf.fr\\\/#organization\"},\"image\":{\"@id\":\"https:\\\/\\\/www.etf.fr\\\/en\\\/agences-grands-projets-transports-urbains-en\\\/grand-paris-express-etf-remporte-le-marche-de-la-ligne-14-sud\\\/#primaryimage\"},\"thumbnailUrl\":\"https:\\\/\\\/www.etf.fr\\\/wp-content\\\/uploads\\\/2020\\\/02\\\/20200217.png\",\"articleSection\":[\"Agences Grands Projets Urbains\"],\"inLanguage\":\"en-US\"},{\"@type\":\"WebPage\",\"@id\":\"https:\\\/\\\/www.etf.fr\\\/en\\\/agences-grands-projets-transports-urbains-en\\\/grand-paris-express-etf-remporte-le-marche-de-la-ligne-14-sud\\\/\",\"url\":\"https:\\\/\\\/www.etf.fr\\\/en\\\/agences-grands-projets-transports-urbains-en\\\/grand-paris-express-etf-remporte-le-marche-de-la-ligne-14-sud\\\/\",\"name\":\"Grand Paris Express: ETF wins contract for Line 14 South as part of a consortium - ETF\",\"isPartOf\":{\"@id\":\"https:\\\/\\\/www.etf.fr\\\/#website\"},\"primaryImageOfPage\":{\"@id\":\"https:\\\/\\\/www.etf.fr\\\/en\\\/agences-grands-projets-transports-urbains-en\\\/grand-paris-express-etf-remporte-le-marche-de-la-ligne-14-sud\\\/#primaryimage\"},\"image\":{\"@id\":\"https:\\\/\\\/www.etf.fr\\\/en\\\/agences-grands-projets-transports-urbains-en\\\/grand-paris-express-etf-remporte-le-marche-de-la-ligne-14-sud\\\/#primaryimage\"},\"thumbnailUrl\":\"https:\\\/\\\/www.etf.fr\\\/wp-content\\\/uploads\\\/2020\\\/02\\\/20200217.png\",\"datePublished\":\"2020-02-17T13:33:59+00:00\",\"dateModified\":\"2025-09-30T07:13:58+00:00\",\"description\":\"Avec pour objectif d'\u00eatre op\u00e9rationnelle pour les Jeux Olympiques de 2024, ce projet constitue l'une des premi\u00e8res \u00e9tapes de mise en service du Grand Paris.\",\"breadcrumb\":{\"@id\":\"https:\\\/\\\/www.etf.fr\\\/en\\\/agences-grands-projets-transports-urbains-en\\\/grand-paris-express-etf-remporte-le-marche-de-la-ligne-14-sud\\\/#breadcrumb\"},\"inLanguage\":\"en-US\",\"potentialAction\":[{\"@type\":\"ReadAction\",\"target\":[\"https:\\\/\\\/www.etf.fr\\\/en\\\/agences-grands-projets-transports-urbains-en\\\/grand-paris-express-etf-remporte-le-marche-de-la-ligne-14-sud\\\/\"]}]},{\"@type\":\"ImageObject\",\"inLanguage\":\"en-US\",\"@id\":\"https:\\\/\\\/www.etf.fr\\\/en\\\/agences-grands-projets-transports-urbains-en\\\/grand-paris-express-etf-remporte-le-marche-de-la-ligne-14-sud\\\/#primaryimage\",\"url\":\"https:\\\/\\\/www.etf.fr\\\/wp-content\\\/uploads\\\/2020\\\/02\\\/20200217.png\",\"contentUrl\":\"https:\\\/\\\/www.etf.fr\\\/wp-content\\\/uploads\\\/2020\\\/02\\\/20200217.png\",\"width\":300,\"height\":200},{\"@type\":\"BreadcrumbList\",\"@id\":\"https:\\\/\\\/www.etf.fr\\\/en\\\/agences-grands-projets-transports-urbains-en\\\/grand-paris-express-etf-remporte-le-marche-de-la-ligne-14-sud\\\/#breadcrumb\",\"itemListElement\":[{\"@type\":\"ListItem\",\"position\":1,\"name\":\"Accueil\",\"item\":\"https:\\\/\\\/www.etf.fr\\\/en\\\/\"},{\"@type\":\"ListItem\",\"position\":2,\"name\":\"Grand Paris Express: ETF wins contract for Line 14 South as part of a consortium\"}]},{\"@type\":\"WebSite\",\"@id\":\"https:\\\/\\\/www.etf.fr\\\/#website\",\"url\":\"https:\\\/\\\/www.etf.fr\\\/\",\"name\":\"ETF\",\"description\":\"Your transport partner worldwide\",\"publisher\":{\"@id\":\"https:\\\/\\\/www.etf.fr\\\/#organization\"},\"potentialAction\":[{\"@type\":\"SearchAction\",\"target\":{\"@type\":\"EntryPoint\",\"urlTemplate\":\"https:\\\/\\\/www.etf.fr\\\/?s={search_term_string}\"},\"query-input\":{\"@type\":\"PropertyValueSpecification\",\"valueRequired\":true,\"valueName\":\"search_term_string\"}}],\"inLanguage\":\"en-US\"},{\"@type\":\"Organization\",\"@id\":\"https:\\\/\\\/www.etf.fr\\\/#organization\",\"name\":\"ETF\",\"url\":\"https:\\\/\\\/www.etf.fr\\\/\",\"logo\":{\"@type\":\"ImageObject\",\"inLanguage\":\"en-US\",\"@id\":\"https:\\\/\\\/www.etf.fr\\\/#\\\/schema\\\/logo\\\/image\\\/\",\"url\":\"https:\\\/\\\/www.etf.fr\\\/wp-content\\\/uploads\\\/2019\\\/03\\\/logo-ETF.png\",\"contentUrl\":\"https:\\\/\\\/www.etf.fr\\\/wp-content\\\/uploads\\\/2019\\\/03\\\/logo-ETF.png\",\"width\":272,\"height\":161,\"caption\":\"ETF\"},\"image\":{\"@id\":\"https:\\\/\\\/www.etf.fr\\\/#\\\/schema\\\/logo\\\/image\\\/\"}},{\"@type\":\"Person\",\"@id\":\"https:\\\/\\\/www.etf.fr\\\/#\\\/schema\\\/person\\\/161a2c149c1f701b263f97f54de35dbd\",\"name\":\"mathilde\",\"url\":\"https:\\\/\\\/www.etf.fr\\\/en\\\/author\\\/mathilde\\\/\"}]}<\/script>\n<!-- \/ Yoast SEO plugin. -->","yoast_head_json":{"title":"Grand Paris Express: ETF wins contract for Line 14 South as part of a consortium - ETF","description":"Avec pour objectif d'\u00eatre op\u00e9rationnelle pour les Jeux Olympiques de 2024, ce projet constitue l'une des premi\u00e8res \u00e9tapes de mise en service du Grand Paris.","robots":{"index":"index","follow":"follow","max-snippet":"max-snippet:-1","max-image-preview":"max-image-preview:large","max-video-preview":"max-video-preview:-1"},"canonical":"https:\/\/www.etf.fr\/en\/agences-grands-projets-transports-urbains-en\/grand-paris-express-etf-remporte-le-marche-de-la-ligne-14-sud\/","og_locale":"en_US","og_type":"article","og_title":"Grand Paris Express: ETF wins contract for Line 14 South as part of a consortium - ETF","og_description":"Avec pour objectif d'\u00eatre op\u00e9rationnelle pour les Jeux Olympiques de 2024, ce projet constitue l'une des premi\u00e8res \u00e9tapes de mise en service du Grand Paris.","og_url":"https:\/\/www.etf.fr\/en\/agences-grands-projets-transports-urbains-en\/grand-paris-express-etf-remporte-le-marche-de-la-ligne-14-sud\/","og_site_name":"ETF","article_published_time":"2020-02-17T13:33:59+00:00","article_modified_time":"2025-09-30T07:13:58+00:00","og_image":[{"width":300,"height":200,"url":"https:\/\/www.etf.fr\/wp-content\/uploads\/2020\/02\/20200217.png","type":"image\/png"}],"author":"mathilde","twitter_card":"summary_large_image","twitter_misc":{"Written by":"mathilde","Est. reading time":"2 minutes"},"schema":{"@context":"https:\/\/schema.org","@graph":[{"@type":"Article","@id":"https:\/\/www.etf.fr\/en\/agences-grands-projets-transports-urbains-en\/grand-paris-express-etf-remporte-le-marche-de-la-ligne-14-sud\/#article","isPartOf":{"@id":"https:\/\/www.etf.fr\/en\/agences-grands-projets-transports-urbains-en\/grand-paris-express-etf-remporte-le-marche-de-la-ligne-14-sud\/"},"author":{"name":"mathilde","@id":"https:\/\/www.etf.fr\/#\/schema\/person\/161a2c149c1f701b263f97f54de35dbd"},"headline":"Grand Paris Express: ETF wins contract for Line 14 South as part of a consortium","datePublished":"2020-02-17T13:33:59+00:00","dateModified":"2025-09-30T07:13:58+00:00","mainEntityOfPage":{"@id":"https:\/\/www.etf.fr\/en\/agences-grands-projets-transports-urbains-en\/grand-paris-express-etf-remporte-le-marche-de-la-ligne-14-sud\/"},"wordCount":183,"publisher":{"@id":"https:\/\/www.etf.fr\/#organization"},"image":{"@id":"https:\/\/www.etf.fr\/en\/agences-grands-projets-transports-urbains-en\/grand-paris-express-etf-remporte-le-marche-de-la-ligne-14-sud\/#primaryimage"},"thumbnailUrl":"https:\/\/www.etf.fr\/wp-content\/uploads\/2020\/02\/20200217.png","articleSection":["Agences Grands Projets Urbains"],"inLanguage":"en-US"},{"@type":"WebPage","@id":"https:\/\/www.etf.fr\/en\/agences-grands-projets-transports-urbains-en\/grand-paris-express-etf-remporte-le-marche-de-la-ligne-14-sud\/","url":"https:\/\/www.etf.fr\/en\/agences-grands-projets-transports-urbains-en\/grand-paris-express-etf-remporte-le-marche-de-la-ligne-14-sud\/","name":"Grand Paris Express: ETF wins contract for Line 14 South as part of a consortium - ETF","isPartOf":{"@id":"https:\/\/www.etf.fr\/#website"},"primaryImageOfPage":{"@id":"https:\/\/www.etf.fr\/en\/agences-grands-projets-transports-urbains-en\/grand-paris-express-etf-remporte-le-marche-de-la-ligne-14-sud\/#primaryimage"},"image":{"@id":"https:\/\/www.etf.fr\/en\/agences-grands-projets-transports-urbains-en\/grand-paris-express-etf-remporte-le-marche-de-la-ligne-14-sud\/#primaryimage"},"thumbnailUrl":"https:\/\/www.etf.fr\/wp-content\/uploads\/2020\/02\/20200217.png","datePublished":"2020-02-17T13:33:59+00:00","dateModified":"2025-09-30T07:13:58+00:00","description":"Avec pour objectif d'\u00eatre op\u00e9rationnelle pour les Jeux Olympiques de 2024, ce projet constitue l'une des premi\u00e8res \u00e9tapes de mise en service du Grand Paris.","breadcrumb":{"@id":"https:\/\/www.etf.fr\/en\/agences-grands-projets-transports-urbains-en\/grand-paris-express-etf-remporte-le-marche-de-la-ligne-14-sud\/#breadcrumb"},"inLanguage":"en-US","potentialAction":[{"@type":"ReadAction","target":["https:\/\/www.etf.fr\/en\/agences-grands-projets-transports-urbains-en\/grand-paris-express-etf-remporte-le-marche-de-la-ligne-14-sud\/"]}]},{"@type":"ImageObject","inLanguage":"en-US","@id":"https:\/\/www.etf.fr\/en\/agences-grands-projets-transports-urbains-en\/grand-paris-express-etf-remporte-le-marche-de-la-ligne-14-sud\/#primaryimage","url":"https:\/\/www.etf.fr\/wp-content\/uploads\/2020\/02\/20200217.png","contentUrl":"https:\/\/www.etf.fr\/wp-content\/uploads\/2020\/02\/20200217.png","width":300,"height":200},{"@type":"BreadcrumbList","@id":"https:\/\/www.etf.fr\/en\/agences-grands-projets-transports-urbains-en\/grand-paris-express-etf-remporte-le-marche-de-la-ligne-14-sud\/#breadcrumb","itemListElement":[{"@type":"ListItem","position":1,"name":"Accueil","item":"https:\/\/www.etf.fr\/en\/"},{"@type":"ListItem","position":2,"name":"Grand Paris Express: ETF wins contract for Line 14 South as part of a consortium"}]},{"@type":"WebSite","@id":"https:\/\/www.etf.fr\/#website","url":"https:\/\/www.etf.fr\/","name":"ETF","description":"Your transport partner worldwide","publisher":{"@id":"https:\/\/www.etf.fr\/#organization"},"potentialAction":[{"@type":"SearchAction","target":{"@type":"EntryPoint","urlTemplate":"https:\/\/www.etf.fr\/?s={search_term_string}"},"query-input":{"@type":"PropertyValueSpecification","valueRequired":true,"valueName":"search_term_string"}}],"inLanguage":"en-US"},{"@type":"Organization","@id":"https:\/\/www.etf.fr\/#organization","name":"ETF","url":"https:\/\/www.etf.fr\/","logo":{"@type":"ImageObject","inLanguage":"en-US","@id":"https:\/\/www.etf.fr\/#\/schema\/logo\/image\/","url":"https:\/\/www.etf.fr\/wp-content\/uploads\/2019\/03\/logo-ETF.png","contentUrl":"https:\/\/www.etf.fr\/wp-content\/uploads\/2019\/03\/logo-ETF.png","width":272,"height":161,"caption":"ETF"},"image":{"@id":"https:\/\/www.etf.fr\/#\/schema\/logo\/image\/"}},{"@type":"Person","@id":"https:\/\/www.etf.fr\/#\/schema\/person\/161a2c149c1f701b263f97f54de35dbd","name":"mathilde","url":"https:\/\/www.etf.fr\/en\/author\/mathilde\/"}]}},"_links":{"self":[{"href":"https:\/\/www.etf.fr\/en\/wp-json\/wp\/v2\/posts\/12523561","targetHints":{"allow":["GET"]}}],"collection":[{"href":"https:\/\/www.etf.fr\/en\/wp-json\/wp\/v2\/posts"}],"about":[{"href":"https:\/\/www.etf.fr\/en\/wp-json\/wp\/v2\/types\/post"}],"author":[{"embeddable":true,"href":"https:\/\/www.etf.fr\/en\/wp-json\/wp\/v2\/users\/5"}],"replies":[{"embeddable":true,"href":"https:\/\/www.etf.fr\/en\/wp-json\/wp\/v2\/comments?post=12523561"}],"version-history":[{"count":1,"href":"https:\/\/www.etf.fr\/en\/wp-json\/wp\/v2\/posts\/12523561\/revisions"}],"predecessor-version":[{"id":12523563,"href":"https:\/\/www.etf.fr\/en\/wp-json\/wp\/v2\/posts\/12523561\/revisions\/12523563"}],"wp:featuredmedia":[{"embeddable":true,"href":"https:\/\/www.etf.fr\/en\/wp-json\/wp\/v2\/media\/7387"}],"wp:attachment":[{"href":"https:\/\/www.etf.fr\/en\/wp-json\/wp\/v2\/media?parent=12523561"}],"wp:term":[{"taxonomy":"category","embeddable":true,"href":"https:\/\/www.etf.fr\/en\/wp-json\/wp\/v2\/categories?post=12523561"},{"taxonomy":"post_tag","embeddable":true,"href":"https:\/\/www.etf.fr\/en\/wp-json\/wp\/v2\/tags?post=12523561"}],"curies":[{"name":"wp","href":"https:\/\/api.w.org\/{rel}","templated":true}]}}