{"id":12523697,"date":"2020-01-17T13:30:08","date_gmt":"2020-01-17T12:30:08","guid":{"rendered":"https:\/\/www.etf.fr\/uncategorized\/fin-de-chantier-a-creil\/"},"modified":"2025-09-30T09:24:49","modified_gmt":"2025-09-30T07:24:49","slug":"fin-de-chantier-a-creil","status":"publish","type":"post","link":"https:\/\/www.etf.fr\/en\/agence-nord-en\/fin-de-chantier-a-creil\/","title":{"rendered":"End of construction in Creil!"},"content":{"rendered":"\n<p><strong>ETF carried out the regeneration of the Creil Regional Transport and Supply Unit (URAA) for its client Infrap\u00f4le Paris Nord.<\/strong><\/p>\n\n\n\n<p>As project manager, ETF removed and replaced 2.2 km of track. Jean Lefebvre, as co-contractor, was responsible for the earthworks.<\/p>\n\n\n\n<p>This URAA regeneration project, which began in mid-September 2019, was divided into two lots: the site access area and the rear base area.<\/p>\n\n\n\n<p><em>The URAA is the logistics base for Infrap\u00f4le Paris Nord, which uses it to organise construction sites (garage and training of work trains, loading and unloading of materials, etc.). ).<\/em><\/p>\n\n\n\n<p>This project, which lasted four months and involved around twenty people, enabled:<\/p>\n\n\n\n<ul class=\"wp-block-list\">\n<li>the installation of seven sets of points<\/li>\n\n\n\n<li>the renewal of seven tracks: two complete and five partial<\/li>\n<\/ul>\n\n\n\n<p>The specific feature of this project is that ETF supplied all the materials. The points were also designed using existing components.<\/p>\n\n\n\n<p>Materials used:<\/p>\n\n\n\n<ul class=\"wp-block-list\">\n<li>4,500 linear metres of rail<\/li>\n\n\n\n<li>3,800 sleepers<\/li>\n\n\n\n<li>5,000 tonnes of ballast<\/li>\n<\/ul>\n","protected":false},"excerpt":{"rendered":"<p>ETF carried out the regeneration of the Creil Regional Transport and Supply Unit (URAA) for its client Infrap\u00f4le Paris Nord.<\/p>\n","protected":false},"author":5,"featured_media":7366,"comment_status":"closed","ping_status":"open","sticky":false,"template":"","format":"standard","meta":{"_acf_changed":false,"footnotes":""},"categories":[200],"tags":[],"class_list":["post-12523697","post","type-post","status-publish","format-standard","has-post-thumbnail","hentry","category-agence-nord-en"],"acf":[],"yoast_head":"<!-- This site is optimized with the Yoast SEO plugin v27.5 - https:\/\/yoast.com\/product\/yoast-seo-wordpress\/ -->\n<title>End of construction in Creil! - ETF<\/title>\n<meta name=\"description\" content=\"ETF a r\u00e9alis\u00e9 pour INFRAPOLE la r\u00e9organisation des t\u00eates de triage de la base SNCF de Creil servant \u00e0 la composition des trains de travaux de Paris-Nord.\" \/>\n<meta name=\"robots\" content=\"index, follow, max-snippet:-1, max-image-preview:large, max-video-preview:-1\" \/>\n<link rel=\"canonical\" href=\"https:\/\/www.etf.fr\/en\/agence-nord-en\/fin-de-chantier-a-creil\/\" \/>\n<meta property=\"og:locale\" content=\"en_US\" \/>\n<meta property=\"og:type\" content=\"article\" \/>\n<meta property=\"og:title\" content=\"End of construction in Creil! - ETF\" \/>\n<meta property=\"og:description\" content=\"ETF a r\u00e9alis\u00e9 pour INFRAPOLE la r\u00e9organisation des t\u00eates de triage de la base SNCF de Creil servant \u00e0 la composition des trains de travaux de Paris-Nord.\" \/>\n<meta property=\"og:url\" content=\"https:\/\/www.etf.fr\/en\/agence-nord-en\/fin-de-chantier-a-creil\/\" \/>\n<meta property=\"og:site_name\" content=\"ETF\" \/>\n<meta property=\"article:published_time\" content=\"2020-01-17T12:30:08+00:00\" \/>\n<meta property=\"article:modified_time\" content=\"2025-09-30T07:24:49+00:00\" \/>\n<meta property=\"og:image\" content=\"https:\/\/www.etf.fr\/wp-content\/uploads\/2020\/03\/20200117.png\" \/>\n\t<meta property=\"og:image:width\" content=\"300\" \/>\n\t<meta property=\"og:image:height\" content=\"200\" \/>\n\t<meta property=\"og:image:type\" content=\"image\/png\" \/>\n<meta name=\"author\" content=\"mathilde\" \/>\n<meta name=\"twitter:card\" content=\"summary_large_image\" \/>\n<meta name=\"twitter:label1\" content=\"Written by\" \/>\n\t<meta name=\"twitter:data1\" content=\"mathilde\" \/>\n\t<meta name=\"twitter:label2\" content=\"Est. reading time\" \/>\n\t<meta name=\"twitter:data2\" content=\"1 minute\" \/>\n<script type=\"application\/ld+json\" class=\"yoast-schema-graph\">{\"@context\":\"https:\\\/\\\/schema.org\",\"@graph\":[{\"@type\":\"Article\",\"@id\":\"https:\\\/\\\/www.etf.fr\\\/en\\\/agence-nord-en\\\/fin-de-chantier-a-creil\\\/#article\",\"isPartOf\":{\"@id\":\"https:\\\/\\\/www.etf.fr\\\/en\\\/agence-nord-en\\\/fin-de-chantier-a-creil\\\/\"},\"author\":{\"name\":\"mathilde\",\"@id\":\"https:\\\/\\\/www.etf.fr\\\/#\\\/schema\\\/person\\\/161a2c149c1f701b263f97f54de35dbd\"},\"headline\":\"End of construction in Creil!\",\"datePublished\":\"2020-01-17T12:30:08+00:00\",\"dateModified\":\"2025-09-30T07:24:49+00:00\",\"mainEntityOfPage\":{\"@id\":\"https:\\\/\\\/www.etf.fr\\\/en\\\/agence-nord-en\\\/fin-de-chantier-a-creil\\\/\"},\"wordCount\":157,\"publisher\":{\"@id\":\"https:\\\/\\\/www.etf.fr\\\/#organization\"},\"image\":{\"@id\":\"https:\\\/\\\/www.etf.fr\\\/en\\\/agence-nord-en\\\/fin-de-chantier-a-creil\\\/#primaryimage\"},\"thumbnailUrl\":\"https:\\\/\\\/www.etf.fr\\\/wp-content\\\/uploads\\\/2020\\\/03\\\/20200117.png\",\"articleSection\":[\"Agence Nord\"],\"inLanguage\":\"en-US\"},{\"@type\":\"WebPage\",\"@id\":\"https:\\\/\\\/www.etf.fr\\\/en\\\/agence-nord-en\\\/fin-de-chantier-a-creil\\\/\",\"url\":\"https:\\\/\\\/www.etf.fr\\\/en\\\/agence-nord-en\\\/fin-de-chantier-a-creil\\\/\",\"name\":\"End of construction in Creil! - ETF\",\"isPartOf\":{\"@id\":\"https:\\\/\\\/www.etf.fr\\\/#website\"},\"primaryImageOfPage\":{\"@id\":\"https:\\\/\\\/www.etf.fr\\\/en\\\/agence-nord-en\\\/fin-de-chantier-a-creil\\\/#primaryimage\"},\"image\":{\"@id\":\"https:\\\/\\\/www.etf.fr\\\/en\\\/agence-nord-en\\\/fin-de-chantier-a-creil\\\/#primaryimage\"},\"thumbnailUrl\":\"https:\\\/\\\/www.etf.fr\\\/wp-content\\\/uploads\\\/2020\\\/03\\\/20200117.png\",\"datePublished\":\"2020-01-17T12:30:08+00:00\",\"dateModified\":\"2025-09-30T07:24:49+00:00\",\"description\":\"ETF a r\u00e9alis\u00e9 pour INFRAPOLE la r\u00e9organisation des t\u00eates de triage de la base SNCF de Creil servant \u00e0 la composition des trains de travaux de Paris-Nord.\",\"breadcrumb\":{\"@id\":\"https:\\\/\\\/www.etf.fr\\\/en\\\/agence-nord-en\\\/fin-de-chantier-a-creil\\\/#breadcrumb\"},\"inLanguage\":\"en-US\",\"potentialAction\":[{\"@type\":\"ReadAction\",\"target\":[\"https:\\\/\\\/www.etf.fr\\\/en\\\/agence-nord-en\\\/fin-de-chantier-a-creil\\\/\"]}]},{\"@type\":\"ImageObject\",\"inLanguage\":\"en-US\",\"@id\":\"https:\\\/\\\/www.etf.fr\\\/en\\\/agence-nord-en\\\/fin-de-chantier-a-creil\\\/#primaryimage\",\"url\":\"https:\\\/\\\/www.etf.fr\\\/wp-content\\\/uploads\\\/2020\\\/03\\\/20200117.png\",\"contentUrl\":\"https:\\\/\\\/www.etf.fr\\\/wp-content\\\/uploads\\\/2020\\\/03\\\/20200117.png\",\"width\":300,\"height\":200},{\"@type\":\"BreadcrumbList\",\"@id\":\"https:\\\/\\\/www.etf.fr\\\/en\\\/agence-nord-en\\\/fin-de-chantier-a-creil\\\/#breadcrumb\",\"itemListElement\":[{\"@type\":\"ListItem\",\"position\":1,\"name\":\"Accueil\",\"item\":\"https:\\\/\\\/www.etf.fr\\\/en\\\/\"},{\"@type\":\"ListItem\",\"position\":2,\"name\":\"End of construction in Creil!\"}]},{\"@type\":\"WebSite\",\"@id\":\"https:\\\/\\\/www.etf.fr\\\/#website\",\"url\":\"https:\\\/\\\/www.etf.fr\\\/\",\"name\":\"ETF\",\"description\":\"Your transport partner worldwide\",\"publisher\":{\"@id\":\"https:\\\/\\\/www.etf.fr\\\/#organization\"},\"potentialAction\":[{\"@type\":\"SearchAction\",\"target\":{\"@type\":\"EntryPoint\",\"urlTemplate\":\"https:\\\/\\\/www.etf.fr\\\/?s={search_term_string}\"},\"query-input\":{\"@type\":\"PropertyValueSpecification\",\"valueRequired\":true,\"valueName\":\"search_term_string\"}}],\"inLanguage\":\"en-US\"},{\"@type\":\"Organization\",\"@id\":\"https:\\\/\\\/www.etf.fr\\\/#organization\",\"name\":\"ETF\",\"url\":\"https:\\\/\\\/www.etf.fr\\\/\",\"logo\":{\"@type\":\"ImageObject\",\"inLanguage\":\"en-US\",\"@id\":\"https:\\\/\\\/www.etf.fr\\\/#\\\/schema\\\/logo\\\/image\\\/\",\"url\":\"https:\\\/\\\/www.etf.fr\\\/wp-content\\\/uploads\\\/2019\\\/03\\\/logo-ETF.png\",\"contentUrl\":\"https:\\\/\\\/www.etf.fr\\\/wp-content\\\/uploads\\\/2019\\\/03\\\/logo-ETF.png\",\"width\":272,\"height\":161,\"caption\":\"ETF\"},\"image\":{\"@id\":\"https:\\\/\\\/www.etf.fr\\\/#\\\/schema\\\/logo\\\/image\\\/\"}},{\"@type\":\"Person\",\"@id\":\"https:\\\/\\\/www.etf.fr\\\/#\\\/schema\\\/person\\\/161a2c149c1f701b263f97f54de35dbd\",\"name\":\"mathilde\",\"url\":\"https:\\\/\\\/www.etf.fr\\\/en\\\/author\\\/mathilde\\\/\"}]}<\/script>\n<!-- \/ Yoast SEO plugin. -->","yoast_head_json":{"title":"End of construction in Creil! - ETF","description":"ETF a r\u00e9alis\u00e9 pour INFRAPOLE la r\u00e9organisation des t\u00eates de triage de la base SNCF de Creil servant \u00e0 la composition des trains de travaux de Paris-Nord.","robots":{"index":"index","follow":"follow","max-snippet":"max-snippet:-1","max-image-preview":"max-image-preview:large","max-video-preview":"max-video-preview:-1"},"canonical":"https:\/\/www.etf.fr\/en\/agence-nord-en\/fin-de-chantier-a-creil\/","og_locale":"en_US","og_type":"article","og_title":"End of construction in Creil! - ETF","og_description":"ETF a r\u00e9alis\u00e9 pour INFRAPOLE la r\u00e9organisation des t\u00eates de triage de la base SNCF de Creil servant \u00e0 la composition des trains de travaux de Paris-Nord.","og_url":"https:\/\/www.etf.fr\/en\/agence-nord-en\/fin-de-chantier-a-creil\/","og_site_name":"ETF","article_published_time":"2020-01-17T12:30:08+00:00","article_modified_time":"2025-09-30T07:24:49+00:00","og_image":[{"width":300,"height":200,"url":"https:\/\/www.etf.fr\/wp-content\/uploads\/2020\/03\/20200117.png","type":"image\/png"}],"author":"mathilde","twitter_card":"summary_large_image","twitter_misc":{"Written by":"mathilde","Est. reading time":"1 minute"},"schema":{"@context":"https:\/\/schema.org","@graph":[{"@type":"Article","@id":"https:\/\/www.etf.fr\/en\/agence-nord-en\/fin-de-chantier-a-creil\/#article","isPartOf":{"@id":"https:\/\/www.etf.fr\/en\/agence-nord-en\/fin-de-chantier-a-creil\/"},"author":{"name":"mathilde","@id":"https:\/\/www.etf.fr\/#\/schema\/person\/161a2c149c1f701b263f97f54de35dbd"},"headline":"End of construction in Creil!","datePublished":"2020-01-17T12:30:08+00:00","dateModified":"2025-09-30T07:24:49+00:00","mainEntityOfPage":{"@id":"https:\/\/www.etf.fr\/en\/agence-nord-en\/fin-de-chantier-a-creil\/"},"wordCount":157,"publisher":{"@id":"https:\/\/www.etf.fr\/#organization"},"image":{"@id":"https:\/\/www.etf.fr\/en\/agence-nord-en\/fin-de-chantier-a-creil\/#primaryimage"},"thumbnailUrl":"https:\/\/www.etf.fr\/wp-content\/uploads\/2020\/03\/20200117.png","articleSection":["Agence Nord"],"inLanguage":"en-US"},{"@type":"WebPage","@id":"https:\/\/www.etf.fr\/en\/agence-nord-en\/fin-de-chantier-a-creil\/","url":"https:\/\/www.etf.fr\/en\/agence-nord-en\/fin-de-chantier-a-creil\/","name":"End of construction in Creil! - ETF","isPartOf":{"@id":"https:\/\/www.etf.fr\/#website"},"primaryImageOfPage":{"@id":"https:\/\/www.etf.fr\/en\/agence-nord-en\/fin-de-chantier-a-creil\/#primaryimage"},"image":{"@id":"https:\/\/www.etf.fr\/en\/agence-nord-en\/fin-de-chantier-a-creil\/#primaryimage"},"thumbnailUrl":"https:\/\/www.etf.fr\/wp-content\/uploads\/2020\/03\/20200117.png","datePublished":"2020-01-17T12:30:08+00:00","dateModified":"2025-09-30T07:24:49+00:00","description":"ETF a r\u00e9alis\u00e9 pour INFRAPOLE la r\u00e9organisation des t\u00eates de triage de la base SNCF de Creil servant \u00e0 la composition des trains de travaux de Paris-Nord.","breadcrumb":{"@id":"https:\/\/www.etf.fr\/en\/agence-nord-en\/fin-de-chantier-a-creil\/#breadcrumb"},"inLanguage":"en-US","potentialAction":[{"@type":"ReadAction","target":["https:\/\/www.etf.fr\/en\/agence-nord-en\/fin-de-chantier-a-creil\/"]}]},{"@type":"ImageObject","inLanguage":"en-US","@id":"https:\/\/www.etf.fr\/en\/agence-nord-en\/fin-de-chantier-a-creil\/#primaryimage","url":"https:\/\/www.etf.fr\/wp-content\/uploads\/2020\/03\/20200117.png","contentUrl":"https:\/\/www.etf.fr\/wp-content\/uploads\/2020\/03\/20200117.png","width":300,"height":200},{"@type":"BreadcrumbList","@id":"https:\/\/www.etf.fr\/en\/agence-nord-en\/fin-de-chantier-a-creil\/#breadcrumb","itemListElement":[{"@type":"ListItem","position":1,"name":"Accueil","item":"https:\/\/www.etf.fr\/en\/"},{"@type":"ListItem","position":2,"name":"End of construction in Creil!"}]},{"@type":"WebSite","@id":"https:\/\/www.etf.fr\/#website","url":"https:\/\/www.etf.fr\/","name":"ETF","description":"Your transport partner worldwide","publisher":{"@id":"https:\/\/www.etf.fr\/#organization"},"potentialAction":[{"@type":"SearchAction","target":{"@type":"EntryPoint","urlTemplate":"https:\/\/www.etf.fr\/?s={search_term_string}"},"query-input":{"@type":"PropertyValueSpecification","valueRequired":true,"valueName":"search_term_string"}}],"inLanguage":"en-US"},{"@type":"Organization","@id":"https:\/\/www.etf.fr\/#organization","name":"ETF","url":"https:\/\/www.etf.fr\/","logo":{"@type":"ImageObject","inLanguage":"en-US","@id":"https:\/\/www.etf.fr\/#\/schema\/logo\/image\/","url":"https:\/\/www.etf.fr\/wp-content\/uploads\/2019\/03\/logo-ETF.png","contentUrl":"https:\/\/www.etf.fr\/wp-content\/uploads\/2019\/03\/logo-ETF.png","width":272,"height":161,"caption":"ETF"},"image":{"@id":"https:\/\/www.etf.fr\/#\/schema\/logo\/image\/"}},{"@type":"Person","@id":"https:\/\/www.etf.fr\/#\/schema\/person\/161a2c149c1f701b263f97f54de35dbd","name":"mathilde","url":"https:\/\/www.etf.fr\/en\/author\/mathilde\/"}]}},"_links":{"self":[{"href":"https:\/\/www.etf.fr\/en\/wp-json\/wp\/v2\/posts\/12523697","targetHints":{"allow":["GET"]}}],"collection":[{"href":"https:\/\/www.etf.fr\/en\/wp-json\/wp\/v2\/posts"}],"about":[{"href":"https:\/\/www.etf.fr\/en\/wp-json\/wp\/v2\/types\/post"}],"author":[{"embeddable":true,"href":"https:\/\/www.etf.fr\/en\/wp-json\/wp\/v2\/users\/5"}],"replies":[{"embeddable":true,"href":"https:\/\/www.etf.fr\/en\/wp-json\/wp\/v2\/comments?post=12523697"}],"version-history":[{"count":1,"href":"https:\/\/www.etf.fr\/en\/wp-json\/wp\/v2\/posts\/12523697\/revisions"}],"predecessor-version":[{"id":12523698,"href":"https:\/\/www.etf.fr\/en\/wp-json\/wp\/v2\/posts\/12523697\/revisions\/12523698"}],"wp:featuredmedia":[{"embeddable":true,"href":"https:\/\/www.etf.fr\/en\/wp-json\/wp\/v2\/media\/7366"}],"wp:attachment":[{"href":"https:\/\/www.etf.fr\/en\/wp-json\/wp\/v2\/media?parent=12523697"}],"wp:term":[{"taxonomy":"category","embeddable":true,"href":"https:\/\/www.etf.fr\/en\/wp-json\/wp\/v2\/categories?post=12523697"},{"taxonomy":"post_tag","embeddable":true,"href":"https:\/\/www.etf.fr\/en\/wp-json\/wp\/v2\/tags?post=12523697"}],"curies":[{"name":"wp","href":"https:\/\/api.w.org\/{rel}","templated":true}]}}