{"id":12523711,"date":"2020-01-14T17:00:24","date_gmt":"2020-01-14T16:00:24","guid":{"rendered":"https:\/\/www.etf.fr\/uncategorized\/un-beau-succes-pour-etf-en-allemagne\/"},"modified":"2025-09-30T09:26:25","modified_gmt":"2025-09-30T07:26:25","slug":"un-beau-succes-pour-etf-en-allemagne","status":"publish","type":"post","link":"https:\/\/www.etf.fr\/en\/international-en\/un-beau-succes-pour-etf-en-allemagne\/","title":{"rendered":"A great success for ETF in Germany!"},"content":{"rendered":"\n<p><strong>ETF teams renovated the Bonn-Rheinaue station between 1 October and 20 December 2019.<\/strong><\/p>\n\n\n\n<p>This civil engineering project was unique in that the station is located between two motorway lanes. It was therefore necessary to adapt to this very specific environment.<\/p>\n\n\n\n<p><strong>It was no coincidence that ETF was chosen by the city of Bonn to carry out this project!<\/strong> As the station is located in the middle of a motorway, one lane in each direction had to be closed to ensure the safety of the teams. This represented a very significant cost for the city of Bonn. By proposing a solution using prefabricated concrete platforms, ETF was able to reduce the construction time from 7 months to 3 months, thus limiting the disruption to the motorway.<\/p>\n\n\n\n<p>Project details:<\/p>\n\n\n\n<ul class=\"wp-block-list\">\n<li>demolition of the existing platform<\/li>\n\n\n\n<li>installation of a new 91-metre central platform<\/li>\n\n\n\n<li>dismantling of the existing roof<\/li>\n<\/ul>\n\n\n\n<p>Thanks to the work of two teams of eight people equipped with two road-rail excavators, the project was completed on schedule.<\/p>\n\n\n\n<figure class=\"wp-block-gallery has-nested-images columns-default is-cropped wp-block-gallery-1 is-layout-flex wp-block-gallery-is-layout-flex\">\n<figure class=\"wp-block-image size-large\"><img loading=\"lazy\" decoding=\"async\" width=\"400\" height=\"300\" data-id=\"5087\" src=\"https:\/\/www.etf.fr\/wp-content\/uploads\/2020\/01\/20191016_112851_opt-1.jpg\" alt=\"\" class=\"wp-image-5087\" srcset=\"https:\/\/www.etf.fr\/wp-content\/uploads\/2020\/01\/20191016_112851_opt-1.jpg 400w, https:\/\/www.etf.fr\/wp-content\/uploads\/2020\/01\/20191016_112851_opt-1-250x188.jpg 250w\" sizes=\"auto, (max-width: 400px) 100vw, 400px\" \/><\/figure>\n\n\n\n<figure class=\"wp-block-image size-large\"><img loading=\"lazy\" decoding=\"async\" width=\"400\" height=\"300\" data-id=\"5085\" src=\"https:\/\/www.etf.fr\/wp-content\/uploads\/2020\/01\/20191017_125100_opt-1.jpg\" alt=\"\" class=\"wp-image-5085\" srcset=\"https:\/\/www.etf.fr\/wp-content\/uploads\/2020\/01\/20191017_125100_opt-1.jpg 400w, https:\/\/www.etf.fr\/wp-content\/uploads\/2020\/01\/20191017_125100_opt-1-250x188.jpg 250w\" sizes=\"auto, (max-width: 400px) 100vw, 400px\" \/><\/figure>\n\n\n\n<figure class=\"wp-block-image size-large\"><img loading=\"lazy\" decoding=\"async\" width=\"245\" height=\"184\" data-id=\"5083\" src=\"https:\/\/www.etf.fr\/wp-content\/uploads\/2020\/01\/20191021_151742_opt-1.jpg\" alt=\"\" class=\"wp-image-5083\" \/><\/figure>\n\n\n\n<figure class=\"wp-block-image size-large\"><img loading=\"lazy\" decoding=\"async\" width=\"400\" height=\"300\" data-id=\"5081\" src=\"https:\/\/www.etf.fr\/wp-content\/uploads\/2020\/01\/20191113_095122_opt-2.jpg\" alt=\"\" class=\"wp-image-5081\" srcset=\"https:\/\/www.etf.fr\/wp-content\/uploads\/2020\/01\/20191113_095122_opt-2.jpg 400w, https:\/\/www.etf.fr\/wp-content\/uploads\/2020\/01\/20191113_095122_opt-2-250x188.jpg 250w\" sizes=\"auto, (max-width: 400px) 100vw, 400px\" \/><\/figure>\n\n\n\n<figure class=\"wp-block-image size-large\"><img loading=\"lazy\" decoding=\"async\" width=\"400\" height=\"300\" data-id=\"5089\" src=\"https:\/\/www.etf.fr\/wp-content\/uploads\/2020\/01\/20190923_085956_opt-3-1.jpg\" alt=\"\" class=\"wp-image-5089\" srcset=\"https:\/\/www.etf.fr\/wp-content\/uploads\/2020\/01\/20190923_085956_opt-3-1.jpg 400w, https:\/\/www.etf.fr\/wp-content\/uploads\/2020\/01\/20190923_085956_opt-3-1-250x188.jpg 250w\" sizes=\"auto, (max-width: 400px) 100vw, 400px\" \/><\/figure>\n<\/figure>\n\n\n\n<p><strong>A great success that brings 2019 in Germany to a wonderful close!<\/strong><\/p>\n","protected":false},"excerpt":{"rendered":"<p>ETF teams renovated the Bonn-Rheinaue station between 1 October and 20 December 2019.<\/p>\n","protected":false},"author":5,"featured_media":7364,"comment_status":"closed","ping_status":"open","sticky":false,"template":"","format":"standard","meta":{"_acf_changed":false,"footnotes":""},"categories":[119],"tags":[],"class_list":["post-12523711","post","type-post","status-publish","format-standard","has-post-thumbnail","hentry","category-international-en"],"acf":[],"yoast_head":"<!-- This site is optimized with the Yoast SEO plugin v27.5 - https:\/\/yoast.com\/product\/yoast-seo-wordpress\/ -->\n<title>A great success for ETF in Germany! - ETF<\/title>\n<meta name=\"description\" content=\"Les \u00e9quipes d&#039;ETF en Allemagne ont renouvel\u00e9 avec succ\u00e8s la station Bonn-Rheinaue entre le 1er octobre et le 20 d\u00e9cembre 2019.\" \/>\n<meta name=\"robots\" content=\"index, follow, max-snippet:-1, max-image-preview:large, max-video-preview:-1\" \/>\n<link rel=\"canonical\" href=\"https:\/\/www.etf.fr\/en\/international-en\/un-beau-succes-pour-etf-en-allemagne\/\" \/>\n<meta property=\"og:locale\" content=\"en_US\" \/>\n<meta property=\"og:type\" content=\"article\" \/>\n<meta property=\"og:title\" content=\"A great success for ETF in Germany! - ETF\" \/>\n<meta property=\"og:description\" content=\"Les \u00e9quipes d&#039;ETF en Allemagne ont renouvel\u00e9 avec succ\u00e8s la station Bonn-Rheinaue entre le 1er octobre et le 20 d\u00e9cembre 2019.\" \/>\n<meta property=\"og:url\" content=\"https:\/\/www.etf.fr\/en\/international-en\/un-beau-succes-pour-etf-en-allemagne\/\" \/>\n<meta property=\"og:site_name\" content=\"ETF\" \/>\n<meta property=\"article:published_time\" content=\"2020-01-14T16:00:24+00:00\" \/>\n<meta property=\"article:modified_time\" content=\"2025-09-30T07:26:25+00:00\" \/>\n<meta property=\"og:image\" content=\"https:\/\/www.etf.fr\/wp-content\/uploads\/2020\/03\/20200114.png\" \/>\n\t<meta property=\"og:image:width\" content=\"300\" \/>\n\t<meta property=\"og:image:height\" content=\"200\" \/>\n\t<meta property=\"og:image:type\" content=\"image\/png\" \/>\n<meta name=\"author\" content=\"mathilde\" \/>\n<meta name=\"twitter:card\" content=\"summary_large_image\" \/>\n<meta name=\"twitter:label1\" content=\"Written by\" \/>\n\t<meta name=\"twitter:data1\" content=\"mathilde\" \/>\n\t<meta name=\"twitter:label2\" content=\"Est. reading time\" \/>\n\t<meta name=\"twitter:data2\" content=\"3 minutes\" \/>\n<script type=\"application\/ld+json\" class=\"yoast-schema-graph\">{\"@context\":\"https:\\\/\\\/schema.org\",\"@graph\":[{\"@type\":\"Article\",\"@id\":\"https:\\\/\\\/www.etf.fr\\\/en\\\/international-en\\\/un-beau-succes-pour-etf-en-allemagne\\\/#article\",\"isPartOf\":{\"@id\":\"https:\\\/\\\/www.etf.fr\\\/en\\\/international-en\\\/un-beau-succes-pour-etf-en-allemagne\\\/\"},\"author\":{\"name\":\"mathilde\",\"@id\":\"https:\\\/\\\/www.etf.fr\\\/#\\\/schema\\\/person\\\/161a2c149c1f701b263f97f54de35dbd\"},\"headline\":\"A great success for ETF in Germany!\",\"datePublished\":\"2020-01-14T16:00:24+00:00\",\"dateModified\":\"2025-09-30T07:26:25+00:00\",\"mainEntityOfPage\":{\"@id\":\"https:\\\/\\\/www.etf.fr\\\/en\\\/international-en\\\/un-beau-succes-pour-etf-en-allemagne\\\/\"},\"wordCount\":178,\"publisher\":{\"@id\":\"https:\\\/\\\/www.etf.fr\\\/#organization\"},\"image\":{\"@id\":\"https:\\\/\\\/www.etf.fr\\\/en\\\/international-en\\\/un-beau-succes-pour-etf-en-allemagne\\\/#primaryimage\"},\"thumbnailUrl\":\"https:\\\/\\\/www.etf.fr\\\/wp-content\\\/uploads\\\/2020\\\/03\\\/20200114.png\",\"articleSection\":[\"International\"],\"inLanguage\":\"en-US\"},{\"@type\":\"WebPage\",\"@id\":\"https:\\\/\\\/www.etf.fr\\\/en\\\/international-en\\\/un-beau-succes-pour-etf-en-allemagne\\\/\",\"url\":\"https:\\\/\\\/www.etf.fr\\\/en\\\/international-en\\\/un-beau-succes-pour-etf-en-allemagne\\\/\",\"name\":\"A great success for ETF in Germany! - ETF\",\"isPartOf\":{\"@id\":\"https:\\\/\\\/www.etf.fr\\\/#website\"},\"primaryImageOfPage\":{\"@id\":\"https:\\\/\\\/www.etf.fr\\\/en\\\/international-en\\\/un-beau-succes-pour-etf-en-allemagne\\\/#primaryimage\"},\"image\":{\"@id\":\"https:\\\/\\\/www.etf.fr\\\/en\\\/international-en\\\/un-beau-succes-pour-etf-en-allemagne\\\/#primaryimage\"},\"thumbnailUrl\":\"https:\\\/\\\/www.etf.fr\\\/wp-content\\\/uploads\\\/2020\\\/03\\\/20200114.png\",\"datePublished\":\"2020-01-14T16:00:24+00:00\",\"dateModified\":\"2025-09-30T07:26:25+00:00\",\"description\":\"Les \u00e9quipes d'ETF en Allemagne ont renouvel\u00e9 avec succ\u00e8s la station Bonn-Rheinaue entre le 1er octobre et le 20 d\u00e9cembre 2019.\",\"breadcrumb\":{\"@id\":\"https:\\\/\\\/www.etf.fr\\\/en\\\/international-en\\\/un-beau-succes-pour-etf-en-allemagne\\\/#breadcrumb\"},\"inLanguage\":\"en-US\",\"potentialAction\":[{\"@type\":\"ReadAction\",\"target\":[\"https:\\\/\\\/www.etf.fr\\\/en\\\/international-en\\\/un-beau-succes-pour-etf-en-allemagne\\\/\"]}]},{\"@type\":\"ImageObject\",\"inLanguage\":\"en-US\",\"@id\":\"https:\\\/\\\/www.etf.fr\\\/en\\\/international-en\\\/un-beau-succes-pour-etf-en-allemagne\\\/#primaryimage\",\"url\":\"https:\\\/\\\/www.etf.fr\\\/wp-content\\\/uploads\\\/2020\\\/03\\\/20200114.png\",\"contentUrl\":\"https:\\\/\\\/www.etf.fr\\\/wp-content\\\/uploads\\\/2020\\\/03\\\/20200114.png\",\"width\":300,\"height\":200},{\"@type\":\"BreadcrumbList\",\"@id\":\"https:\\\/\\\/www.etf.fr\\\/en\\\/international-en\\\/un-beau-succes-pour-etf-en-allemagne\\\/#breadcrumb\",\"itemListElement\":[{\"@type\":\"ListItem\",\"position\":1,\"name\":\"Accueil\",\"item\":\"https:\\\/\\\/www.etf.fr\\\/en\\\/\"},{\"@type\":\"ListItem\",\"position\":2,\"name\":\"A great success for ETF in Germany!\"}]},{\"@type\":\"WebSite\",\"@id\":\"https:\\\/\\\/www.etf.fr\\\/#website\",\"url\":\"https:\\\/\\\/www.etf.fr\\\/\",\"name\":\"ETF\",\"description\":\"Your transport partner worldwide\",\"publisher\":{\"@id\":\"https:\\\/\\\/www.etf.fr\\\/#organization\"},\"potentialAction\":[{\"@type\":\"SearchAction\",\"target\":{\"@type\":\"EntryPoint\",\"urlTemplate\":\"https:\\\/\\\/www.etf.fr\\\/?s={search_term_string}\"},\"query-input\":{\"@type\":\"PropertyValueSpecification\",\"valueRequired\":true,\"valueName\":\"search_term_string\"}}],\"inLanguage\":\"en-US\"},{\"@type\":\"Organization\",\"@id\":\"https:\\\/\\\/www.etf.fr\\\/#organization\",\"name\":\"ETF\",\"url\":\"https:\\\/\\\/www.etf.fr\\\/\",\"logo\":{\"@type\":\"ImageObject\",\"inLanguage\":\"en-US\",\"@id\":\"https:\\\/\\\/www.etf.fr\\\/#\\\/schema\\\/logo\\\/image\\\/\",\"url\":\"https:\\\/\\\/www.etf.fr\\\/wp-content\\\/uploads\\\/2019\\\/03\\\/logo-ETF.png\",\"contentUrl\":\"https:\\\/\\\/www.etf.fr\\\/wp-content\\\/uploads\\\/2019\\\/03\\\/logo-ETF.png\",\"width\":272,\"height\":161,\"caption\":\"ETF\"},\"image\":{\"@id\":\"https:\\\/\\\/www.etf.fr\\\/#\\\/schema\\\/logo\\\/image\\\/\"}},{\"@type\":\"Person\",\"@id\":\"https:\\\/\\\/www.etf.fr\\\/#\\\/schema\\\/person\\\/161a2c149c1f701b263f97f54de35dbd\",\"name\":\"mathilde\",\"url\":\"https:\\\/\\\/www.etf.fr\\\/en\\\/author\\\/mathilde\\\/\"}]}<\/script>\n<!-- \/ Yoast SEO plugin. -->","yoast_head_json":{"title":"A great success for ETF in Germany! - ETF","description":"Les \u00e9quipes d'ETF en Allemagne ont renouvel\u00e9 avec succ\u00e8s la station Bonn-Rheinaue entre le 1er octobre et le 20 d\u00e9cembre 2019.","robots":{"index":"index","follow":"follow","max-snippet":"max-snippet:-1","max-image-preview":"max-image-preview:large","max-video-preview":"max-video-preview:-1"},"canonical":"https:\/\/www.etf.fr\/en\/international-en\/un-beau-succes-pour-etf-en-allemagne\/","og_locale":"en_US","og_type":"article","og_title":"A great success for ETF in Germany! - ETF","og_description":"Les \u00e9quipes d'ETF en Allemagne ont renouvel\u00e9 avec succ\u00e8s la station Bonn-Rheinaue entre le 1er octobre et le 20 d\u00e9cembre 2019.","og_url":"https:\/\/www.etf.fr\/en\/international-en\/un-beau-succes-pour-etf-en-allemagne\/","og_site_name":"ETF","article_published_time":"2020-01-14T16:00:24+00:00","article_modified_time":"2025-09-30T07:26:25+00:00","og_image":[{"width":300,"height":200,"url":"https:\/\/www.etf.fr\/wp-content\/uploads\/2020\/03\/20200114.png","type":"image\/png"}],"author":"mathilde","twitter_card":"summary_large_image","twitter_misc":{"Written by":"mathilde","Est. reading time":"3 minutes"},"schema":{"@context":"https:\/\/schema.org","@graph":[{"@type":"Article","@id":"https:\/\/www.etf.fr\/en\/international-en\/un-beau-succes-pour-etf-en-allemagne\/#article","isPartOf":{"@id":"https:\/\/www.etf.fr\/en\/international-en\/un-beau-succes-pour-etf-en-allemagne\/"},"author":{"name":"mathilde","@id":"https:\/\/www.etf.fr\/#\/schema\/person\/161a2c149c1f701b263f97f54de35dbd"},"headline":"A great success for ETF in Germany!","datePublished":"2020-01-14T16:00:24+00:00","dateModified":"2025-09-30T07:26:25+00:00","mainEntityOfPage":{"@id":"https:\/\/www.etf.fr\/en\/international-en\/un-beau-succes-pour-etf-en-allemagne\/"},"wordCount":178,"publisher":{"@id":"https:\/\/www.etf.fr\/#organization"},"image":{"@id":"https:\/\/www.etf.fr\/en\/international-en\/un-beau-succes-pour-etf-en-allemagne\/#primaryimage"},"thumbnailUrl":"https:\/\/www.etf.fr\/wp-content\/uploads\/2020\/03\/20200114.png","articleSection":["International"],"inLanguage":"en-US"},{"@type":"WebPage","@id":"https:\/\/www.etf.fr\/en\/international-en\/un-beau-succes-pour-etf-en-allemagne\/","url":"https:\/\/www.etf.fr\/en\/international-en\/un-beau-succes-pour-etf-en-allemagne\/","name":"A great success for ETF in Germany! - ETF","isPartOf":{"@id":"https:\/\/www.etf.fr\/#website"},"primaryImageOfPage":{"@id":"https:\/\/www.etf.fr\/en\/international-en\/un-beau-succes-pour-etf-en-allemagne\/#primaryimage"},"image":{"@id":"https:\/\/www.etf.fr\/en\/international-en\/un-beau-succes-pour-etf-en-allemagne\/#primaryimage"},"thumbnailUrl":"https:\/\/www.etf.fr\/wp-content\/uploads\/2020\/03\/20200114.png","datePublished":"2020-01-14T16:00:24+00:00","dateModified":"2025-09-30T07:26:25+00:00","description":"Les \u00e9quipes d'ETF en Allemagne ont renouvel\u00e9 avec succ\u00e8s la station Bonn-Rheinaue entre le 1er octobre et le 20 d\u00e9cembre 2019.","breadcrumb":{"@id":"https:\/\/www.etf.fr\/en\/international-en\/un-beau-succes-pour-etf-en-allemagne\/#breadcrumb"},"inLanguage":"en-US","potentialAction":[{"@type":"ReadAction","target":["https:\/\/www.etf.fr\/en\/international-en\/un-beau-succes-pour-etf-en-allemagne\/"]}]},{"@type":"ImageObject","inLanguage":"en-US","@id":"https:\/\/www.etf.fr\/en\/international-en\/un-beau-succes-pour-etf-en-allemagne\/#primaryimage","url":"https:\/\/www.etf.fr\/wp-content\/uploads\/2020\/03\/20200114.png","contentUrl":"https:\/\/www.etf.fr\/wp-content\/uploads\/2020\/03\/20200114.png","width":300,"height":200},{"@type":"BreadcrumbList","@id":"https:\/\/www.etf.fr\/en\/international-en\/un-beau-succes-pour-etf-en-allemagne\/#breadcrumb","itemListElement":[{"@type":"ListItem","position":1,"name":"Accueil","item":"https:\/\/www.etf.fr\/en\/"},{"@type":"ListItem","position":2,"name":"A great success for ETF in Germany!"}]},{"@type":"WebSite","@id":"https:\/\/www.etf.fr\/#website","url":"https:\/\/www.etf.fr\/","name":"ETF","description":"Your transport partner worldwide","publisher":{"@id":"https:\/\/www.etf.fr\/#organization"},"potentialAction":[{"@type":"SearchAction","target":{"@type":"EntryPoint","urlTemplate":"https:\/\/www.etf.fr\/?s={search_term_string}"},"query-input":{"@type":"PropertyValueSpecification","valueRequired":true,"valueName":"search_term_string"}}],"inLanguage":"en-US"},{"@type":"Organization","@id":"https:\/\/www.etf.fr\/#organization","name":"ETF","url":"https:\/\/www.etf.fr\/","logo":{"@type":"ImageObject","inLanguage":"en-US","@id":"https:\/\/www.etf.fr\/#\/schema\/logo\/image\/","url":"https:\/\/www.etf.fr\/wp-content\/uploads\/2019\/03\/logo-ETF.png","contentUrl":"https:\/\/www.etf.fr\/wp-content\/uploads\/2019\/03\/logo-ETF.png","width":272,"height":161,"caption":"ETF"},"image":{"@id":"https:\/\/www.etf.fr\/#\/schema\/logo\/image\/"}},{"@type":"Person","@id":"https:\/\/www.etf.fr\/#\/schema\/person\/161a2c149c1f701b263f97f54de35dbd","name":"mathilde","url":"https:\/\/www.etf.fr\/en\/author\/mathilde\/"}]}},"_links":{"self":[{"href":"https:\/\/www.etf.fr\/en\/wp-json\/wp\/v2\/posts\/12523711","targetHints":{"allow":["GET"]}}],"collection":[{"href":"https:\/\/www.etf.fr\/en\/wp-json\/wp\/v2\/posts"}],"about":[{"href":"https:\/\/www.etf.fr\/en\/wp-json\/wp\/v2\/types\/post"}],"author":[{"embeddable":true,"href":"https:\/\/www.etf.fr\/en\/wp-json\/wp\/v2\/users\/5"}],"replies":[{"embeddable":true,"href":"https:\/\/www.etf.fr\/en\/wp-json\/wp\/v2\/comments?post=12523711"}],"version-history":[{"count":1,"href":"https:\/\/www.etf.fr\/en\/wp-json\/wp\/v2\/posts\/12523711\/revisions"}],"predecessor-version":[{"id":12523758,"href":"https:\/\/www.etf.fr\/en\/wp-json\/wp\/v2\/posts\/12523711\/revisions\/12523758"}],"wp:featuredmedia":[{"embeddable":true,"href":"https:\/\/www.etf.fr\/en\/wp-json\/wp\/v2\/media\/7364"}],"wp:attachment":[{"href":"https:\/\/www.etf.fr\/en\/wp-json\/wp\/v2\/media?parent=12523711"}],"wp:term":[{"taxonomy":"category","embeddable":true,"href":"https:\/\/www.etf.fr\/en\/wp-json\/wp\/v2\/categories?post=12523711"},{"taxonomy":"post_tag","embeddable":true,"href":"https:\/\/www.etf.fr\/en\/wp-json\/wp\/v2\/tags?post=12523711"}],"curies":[{"name":"wp","href":"https:\/\/api.w.org\/{rel}","templated":true}]}}