{"id":12523760,"date":"2020-01-06T13:28:07","date_gmt":"2020-01-06T12:28:07","guid":{"rendered":"https:\/\/www.etf.fr\/uncategorized\/106-du-lineaire-realise-en-2019-par-la-suite-rapide-zones-denses\/"},"modified":"2025-09-30T09:27:35","modified_gmt":"2025-09-30T07:27:35","slug":"106-du-lineaire-realise-en-2019-par-la-suite-rapide-zones-denses","status":"publish","type":"post","link":"https:\/\/www.etf.fr\/en\/grands-projets-ferroviaires-en\/106-du-lineaire-realise-en-2019-par-la-suite-rapide-zones-denses\/","title":{"rendered":"106% of the linear achieved in 2019 by the Rapid Suite for Dense Areas"},"content":{"rendered":"\n<p>The modernisation and maintenance of railway infrastructure in the \u00cele-de-France region is a daily challenge, or rather a nightly one. Launched in 2017, the TEVO and REVO factory trains are in daily operation on the \u00cele-de-France network!<\/p>\n\n\n\n<h4 class=\"wp-block-heading\">2019, let&#8217;s take stock<\/h4>\n\n\n\n<p>The efforts of the 264 ETF employees working on this Rapid Suite have paid off! A total of 106% of the linear distance was completed over the past year. This represents 85,132 linear metres, or 5,000 metres more than planned. The RER C and D lines and the H line have therefore been upgraded, mainly for the comfort of users.<\/p>\n\n\n\n<p>Train regularity has improved significantly. The impact on traffic has decreased by 50% compared to 2018. From August onwards, the works went completely unnoticed by users.<\/p>\n\n\n\n<p>Environmental issues were at the heart of the actions taken. In particular, an agreement was reached with Eurovia to recycle the sleepers and old ballast for use on other construction sites.<\/p>\n\n\n\n<p>Thanks to the good maintenance of the trains by the equipment maintenance department, the availability rate was 93%. This is a first in France and will be quickly replicated.<\/p>\n\n\n\n<h4 class=\"wp-block-heading\">24 hours in dense areas<\/h4>\n\n\n\n<figure class=\"wp-block-embed is-type-video is-provider-youtube wp-block-embed-youtube wp-embed-aspect-16-9 wp-has-aspect-ratio\"><div class=\"wp-block-embed__wrapper\">\n<div class=\"oembed\">\n\t<iframe loading=\"lazy\" title=\"24H EN ZONES DENSES\" width=\"500\" height=\"281\" src=\"https:\/\/www.youtube.com\/embed\/qq-BXFR12lk?feature=oembed\" frameborder=\"0\" allow=\"accelerometer; autoplay; clipboard-write; encrypted-media; gyroscope; picture-in-picture; web-share\" referrerpolicy=\"strict-origin-when-cross-origin\" allowfullscreen><\/iframe><\/div>\n\n<\/div><\/figure>\n","protected":false},"excerpt":{"rendered":"<p>The modernisation and maintenance of railway infrastructure in the \u00cele-de-France region is a daily challenge, or rather a nightly one. Launched in 2017, the TEVO and REVO factory trains are in daily operation on the \u00cele-de-France network!<\/p>\n","protected":false},"author":5,"featured_media":7362,"comment_status":"closed","ping_status":"open","sticky":false,"template":"","format":"standard","meta":{"_acf_changed":false,"footnotes":""},"categories":[223],"tags":[],"class_list":["post-12523760","post","type-post","status-publish","format-standard","has-post-thumbnail","hentry","category-grands-projets-ferroviaires-en"],"acf":[],"yoast_head":"<!-- This site is optimized with the Yoast SEO plugin v27.5 - https:\/\/yoast.com\/product\/yoast-seo-wordpress\/ -->\n<title>106% of the linear achieved in 2019 by the Rapid Suite for Dense Areas - ETF<\/title>\n<meta name=\"description\" content=\"Au total 106% du lin\u00e9aire a \u00e9t\u00e9 r\u00e9alis\u00e9 sur l&#039;ensemble de l&#039;ann\u00e9e \u00e9coul\u00e9e. Cela repr\u00e9sente 85 132 m\u00e8tres lin\u00e9aires soit 5 000 m\u00e8tres de plus que pr\u00e9vu.\" \/>\n<meta name=\"robots\" content=\"index, follow, max-snippet:-1, max-image-preview:large, max-video-preview:-1\" \/>\n<link rel=\"canonical\" href=\"https:\/\/www.etf.fr\/en\/grands-projets-ferroviaires-en\/106-du-lineaire-realise-en-2019-par-la-suite-rapide-zones-denses\/\" \/>\n<meta property=\"og:locale\" content=\"en_US\" \/>\n<meta property=\"og:type\" content=\"article\" \/>\n<meta property=\"og:title\" content=\"106% of the linear achieved in 2019 by the Rapid Suite for Dense Areas - ETF\" \/>\n<meta property=\"og:description\" content=\"Au total 106% du lin\u00e9aire a \u00e9t\u00e9 r\u00e9alis\u00e9 sur l&#039;ensemble de l&#039;ann\u00e9e \u00e9coul\u00e9e. Cela repr\u00e9sente 85 132 m\u00e8tres lin\u00e9aires soit 5 000 m\u00e8tres de plus que pr\u00e9vu.\" \/>\n<meta property=\"og:url\" content=\"https:\/\/www.etf.fr\/en\/grands-projets-ferroviaires-en\/106-du-lineaire-realise-en-2019-par-la-suite-rapide-zones-denses\/\" \/>\n<meta property=\"og:site_name\" content=\"ETF\" \/>\n<meta property=\"article:published_time\" content=\"2020-01-06T12:28:07+00:00\" \/>\n<meta property=\"article:modified_time\" content=\"2025-09-30T07:27:35+00:00\" \/>\n<meta property=\"og:image\" content=\"https:\/\/www.etf.fr\/wp-content\/uploads\/2020\/01\/P1344449_opt-1.jpg\" \/>\n<meta name=\"author\" content=\"mathilde\" \/>\n<meta name=\"twitter:card\" content=\"summary_large_image\" \/>\n<meta name=\"twitter:title\" content=\"106% du lin\u00e9aire r\u00e9alis\u00e9 en 2019 par la Suite Rapide Zones Denses\" \/>\n<meta name=\"twitter:description\" content=\"La modernisation et la maintenance des infrastructures ferroviaires en \u00cele-de-France est un challenge de tous les jours, ou plut\u00f4t de toutes les nuits.\" \/>\n<meta name=\"twitter:label1\" content=\"Written by\" \/>\n\t<meta name=\"twitter:data1\" content=\"mathilde\" \/>\n\t<meta name=\"twitter:label2\" content=\"Est. reading time\" \/>\n\t<meta name=\"twitter:data2\" content=\"2 minutes\" \/>\n<script type=\"application\/ld+json\" class=\"yoast-schema-graph\">{\"@context\":\"https:\\\/\\\/schema.org\",\"@graph\":[{\"@type\":\"Article\",\"@id\":\"https:\\\/\\\/www.etf.fr\\\/en\\\/grands-projets-ferroviaires-en\\\/106-du-lineaire-realise-en-2019-par-la-suite-rapide-zones-denses\\\/#article\",\"isPartOf\":{\"@id\":\"https:\\\/\\\/www.etf.fr\\\/en\\\/grands-projets-ferroviaires-en\\\/106-du-lineaire-realise-en-2019-par-la-suite-rapide-zones-denses\\\/\"},\"author\":{\"name\":\"mathilde\",\"@id\":\"https:\\\/\\\/www.etf.fr\\\/#\\\/schema\\\/person\\\/161a2c149c1f701b263f97f54de35dbd\"},\"headline\":\"106% of the linear achieved in 2019 by the Rapid Suite for Dense Areas\",\"datePublished\":\"2020-01-06T12:28:07+00:00\",\"dateModified\":\"2025-09-30T07:27:35+00:00\",\"mainEntityOfPage\":{\"@id\":\"https:\\\/\\\/www.etf.fr\\\/en\\\/grands-projets-ferroviaires-en\\\/106-du-lineaire-realise-en-2019-par-la-suite-rapide-zones-denses\\\/\"},\"wordCount\":202,\"publisher\":{\"@id\":\"https:\\\/\\\/www.etf.fr\\\/#organization\"},\"image\":{\"@id\":\"https:\\\/\\\/www.etf.fr\\\/en\\\/grands-projets-ferroviaires-en\\\/106-du-lineaire-realise-en-2019-par-la-suite-rapide-zones-denses\\\/#primaryimage\"},\"thumbnailUrl\":\"https:\\\/\\\/www.etf.fr\\\/wp-content\\\/uploads\\\/2020\\\/03\\\/20200106.png\",\"articleSection\":[\"Grands Projets Ferroviaires\"],\"inLanguage\":\"en-US\"},{\"@type\":\"WebPage\",\"@id\":\"https:\\\/\\\/www.etf.fr\\\/en\\\/grands-projets-ferroviaires-en\\\/106-du-lineaire-realise-en-2019-par-la-suite-rapide-zones-denses\\\/\",\"url\":\"https:\\\/\\\/www.etf.fr\\\/en\\\/grands-projets-ferroviaires-en\\\/106-du-lineaire-realise-en-2019-par-la-suite-rapide-zones-denses\\\/\",\"name\":\"106% of the linear achieved in 2019 by the Rapid Suite for Dense Areas - ETF\",\"isPartOf\":{\"@id\":\"https:\\\/\\\/www.etf.fr\\\/#website\"},\"primaryImageOfPage\":{\"@id\":\"https:\\\/\\\/www.etf.fr\\\/en\\\/grands-projets-ferroviaires-en\\\/106-du-lineaire-realise-en-2019-par-la-suite-rapide-zones-denses\\\/#primaryimage\"},\"image\":{\"@id\":\"https:\\\/\\\/www.etf.fr\\\/en\\\/grands-projets-ferroviaires-en\\\/106-du-lineaire-realise-en-2019-par-la-suite-rapide-zones-denses\\\/#primaryimage\"},\"thumbnailUrl\":\"https:\\\/\\\/www.etf.fr\\\/wp-content\\\/uploads\\\/2020\\\/03\\\/20200106.png\",\"datePublished\":\"2020-01-06T12:28:07+00:00\",\"dateModified\":\"2025-09-30T07:27:35+00:00\",\"description\":\"Au total 106% du lin\u00e9aire a \u00e9t\u00e9 r\u00e9alis\u00e9 sur l'ensemble de l'ann\u00e9e \u00e9coul\u00e9e. Cela repr\u00e9sente 85 132 m\u00e8tres lin\u00e9aires soit 5 000 m\u00e8tres de plus que pr\u00e9vu.\",\"breadcrumb\":{\"@id\":\"https:\\\/\\\/www.etf.fr\\\/en\\\/grands-projets-ferroviaires-en\\\/106-du-lineaire-realise-en-2019-par-la-suite-rapide-zones-denses\\\/#breadcrumb\"},\"inLanguage\":\"en-US\",\"potentialAction\":[{\"@type\":\"ReadAction\",\"target\":[\"https:\\\/\\\/www.etf.fr\\\/en\\\/grands-projets-ferroviaires-en\\\/106-du-lineaire-realise-en-2019-par-la-suite-rapide-zones-denses\\\/\"]}]},{\"@type\":\"ImageObject\",\"inLanguage\":\"en-US\",\"@id\":\"https:\\\/\\\/www.etf.fr\\\/en\\\/grands-projets-ferroviaires-en\\\/106-du-lineaire-realise-en-2019-par-la-suite-rapide-zones-denses\\\/#primaryimage\",\"url\":\"https:\\\/\\\/www.etf.fr\\\/wp-content\\\/uploads\\\/2020\\\/03\\\/20200106.png\",\"contentUrl\":\"https:\\\/\\\/www.etf.fr\\\/wp-content\\\/uploads\\\/2020\\\/03\\\/20200106.png\",\"width\":300,\"height\":200},{\"@type\":\"BreadcrumbList\",\"@id\":\"https:\\\/\\\/www.etf.fr\\\/en\\\/grands-projets-ferroviaires-en\\\/106-du-lineaire-realise-en-2019-par-la-suite-rapide-zones-denses\\\/#breadcrumb\",\"itemListElement\":[{\"@type\":\"ListItem\",\"position\":1,\"name\":\"Accueil\",\"item\":\"https:\\\/\\\/www.etf.fr\\\/en\\\/\"},{\"@type\":\"ListItem\",\"position\":2,\"name\":\"106% of the linear achieved in 2019 by the Rapid Suite for Dense Areas\"}]},{\"@type\":\"WebSite\",\"@id\":\"https:\\\/\\\/www.etf.fr\\\/#website\",\"url\":\"https:\\\/\\\/www.etf.fr\\\/\",\"name\":\"ETF\",\"description\":\"Your transport partner worldwide\",\"publisher\":{\"@id\":\"https:\\\/\\\/www.etf.fr\\\/#organization\"},\"potentialAction\":[{\"@type\":\"SearchAction\",\"target\":{\"@type\":\"EntryPoint\",\"urlTemplate\":\"https:\\\/\\\/www.etf.fr\\\/?s={search_term_string}\"},\"query-input\":{\"@type\":\"PropertyValueSpecification\",\"valueRequired\":true,\"valueName\":\"search_term_string\"}}],\"inLanguage\":\"en-US\"},{\"@type\":\"Organization\",\"@id\":\"https:\\\/\\\/www.etf.fr\\\/#organization\",\"name\":\"ETF\",\"url\":\"https:\\\/\\\/www.etf.fr\\\/\",\"logo\":{\"@type\":\"ImageObject\",\"inLanguage\":\"en-US\",\"@id\":\"https:\\\/\\\/www.etf.fr\\\/#\\\/schema\\\/logo\\\/image\\\/\",\"url\":\"https:\\\/\\\/www.etf.fr\\\/wp-content\\\/uploads\\\/2019\\\/03\\\/logo-ETF.png\",\"contentUrl\":\"https:\\\/\\\/www.etf.fr\\\/wp-content\\\/uploads\\\/2019\\\/03\\\/logo-ETF.png\",\"width\":272,\"height\":161,\"caption\":\"ETF\"},\"image\":{\"@id\":\"https:\\\/\\\/www.etf.fr\\\/#\\\/schema\\\/logo\\\/image\\\/\"}},{\"@type\":\"Person\",\"@id\":\"https:\\\/\\\/www.etf.fr\\\/#\\\/schema\\\/person\\\/161a2c149c1f701b263f97f54de35dbd\",\"name\":\"mathilde\",\"url\":\"https:\\\/\\\/www.etf.fr\\\/en\\\/author\\\/mathilde\\\/\"}]}<\/script>\n<!-- \/ Yoast SEO plugin. -->","yoast_head_json":{"title":"106% of the linear achieved in 2019 by the Rapid Suite for Dense Areas - ETF","description":"Au total 106% du lin\u00e9aire a \u00e9t\u00e9 r\u00e9alis\u00e9 sur l'ensemble de l'ann\u00e9e \u00e9coul\u00e9e. Cela repr\u00e9sente 85 132 m\u00e8tres lin\u00e9aires soit 5 000 m\u00e8tres de plus que pr\u00e9vu.","robots":{"index":"index","follow":"follow","max-snippet":"max-snippet:-1","max-image-preview":"max-image-preview:large","max-video-preview":"max-video-preview:-1"},"canonical":"https:\/\/www.etf.fr\/en\/grands-projets-ferroviaires-en\/106-du-lineaire-realise-en-2019-par-la-suite-rapide-zones-denses\/","og_locale":"en_US","og_type":"article","og_title":"106% of the linear achieved in 2019 by the Rapid Suite for Dense Areas - ETF","og_description":"Au total 106% du lin\u00e9aire a \u00e9t\u00e9 r\u00e9alis\u00e9 sur l'ensemble de l'ann\u00e9e \u00e9coul\u00e9e. Cela repr\u00e9sente 85 132 m\u00e8tres lin\u00e9aires soit 5 000 m\u00e8tres de plus que pr\u00e9vu.","og_url":"https:\/\/www.etf.fr\/en\/grands-projets-ferroviaires-en\/106-du-lineaire-realise-en-2019-par-la-suite-rapide-zones-denses\/","og_site_name":"ETF","article_published_time":"2020-01-06T12:28:07+00:00","article_modified_time":"2025-09-30T07:27:35+00:00","og_image":[{"url":"https:\/\/www.etf.fr\/wp-content\/uploads\/2020\/01\/P1344449_opt-1.jpg","type":"","width":"","height":""}],"author":"mathilde","twitter_card":"summary_large_image","twitter_title":"106% du lin\u00e9aire r\u00e9alis\u00e9 en 2019 par la Suite Rapide Zones Denses","twitter_description":"La modernisation et la maintenance des infrastructures ferroviaires en \u00cele-de-France est un challenge de tous les jours, ou plut\u00f4t de toutes les nuits.","twitter_misc":{"Written by":"mathilde","Est. reading time":"2 minutes"},"schema":{"@context":"https:\/\/schema.org","@graph":[{"@type":"Article","@id":"https:\/\/www.etf.fr\/en\/grands-projets-ferroviaires-en\/106-du-lineaire-realise-en-2019-par-la-suite-rapide-zones-denses\/#article","isPartOf":{"@id":"https:\/\/www.etf.fr\/en\/grands-projets-ferroviaires-en\/106-du-lineaire-realise-en-2019-par-la-suite-rapide-zones-denses\/"},"author":{"name":"mathilde","@id":"https:\/\/www.etf.fr\/#\/schema\/person\/161a2c149c1f701b263f97f54de35dbd"},"headline":"106% of the linear achieved in 2019 by the Rapid Suite for Dense Areas","datePublished":"2020-01-06T12:28:07+00:00","dateModified":"2025-09-30T07:27:35+00:00","mainEntityOfPage":{"@id":"https:\/\/www.etf.fr\/en\/grands-projets-ferroviaires-en\/106-du-lineaire-realise-en-2019-par-la-suite-rapide-zones-denses\/"},"wordCount":202,"publisher":{"@id":"https:\/\/www.etf.fr\/#organization"},"image":{"@id":"https:\/\/www.etf.fr\/en\/grands-projets-ferroviaires-en\/106-du-lineaire-realise-en-2019-par-la-suite-rapide-zones-denses\/#primaryimage"},"thumbnailUrl":"https:\/\/www.etf.fr\/wp-content\/uploads\/2020\/03\/20200106.png","articleSection":["Grands Projets Ferroviaires"],"inLanguage":"en-US"},{"@type":"WebPage","@id":"https:\/\/www.etf.fr\/en\/grands-projets-ferroviaires-en\/106-du-lineaire-realise-en-2019-par-la-suite-rapide-zones-denses\/","url":"https:\/\/www.etf.fr\/en\/grands-projets-ferroviaires-en\/106-du-lineaire-realise-en-2019-par-la-suite-rapide-zones-denses\/","name":"106% of the linear achieved in 2019 by the Rapid Suite for Dense Areas - ETF","isPartOf":{"@id":"https:\/\/www.etf.fr\/#website"},"primaryImageOfPage":{"@id":"https:\/\/www.etf.fr\/en\/grands-projets-ferroviaires-en\/106-du-lineaire-realise-en-2019-par-la-suite-rapide-zones-denses\/#primaryimage"},"image":{"@id":"https:\/\/www.etf.fr\/en\/grands-projets-ferroviaires-en\/106-du-lineaire-realise-en-2019-par-la-suite-rapide-zones-denses\/#primaryimage"},"thumbnailUrl":"https:\/\/www.etf.fr\/wp-content\/uploads\/2020\/03\/20200106.png","datePublished":"2020-01-06T12:28:07+00:00","dateModified":"2025-09-30T07:27:35+00:00","description":"Au total 106% du lin\u00e9aire a \u00e9t\u00e9 r\u00e9alis\u00e9 sur l'ensemble de l'ann\u00e9e \u00e9coul\u00e9e. Cela repr\u00e9sente 85 132 m\u00e8tres lin\u00e9aires soit 5 000 m\u00e8tres de plus que pr\u00e9vu.","breadcrumb":{"@id":"https:\/\/www.etf.fr\/en\/grands-projets-ferroviaires-en\/106-du-lineaire-realise-en-2019-par-la-suite-rapide-zones-denses\/#breadcrumb"},"inLanguage":"en-US","potentialAction":[{"@type":"ReadAction","target":["https:\/\/www.etf.fr\/en\/grands-projets-ferroviaires-en\/106-du-lineaire-realise-en-2019-par-la-suite-rapide-zones-denses\/"]}]},{"@type":"ImageObject","inLanguage":"en-US","@id":"https:\/\/www.etf.fr\/en\/grands-projets-ferroviaires-en\/106-du-lineaire-realise-en-2019-par-la-suite-rapide-zones-denses\/#primaryimage","url":"https:\/\/www.etf.fr\/wp-content\/uploads\/2020\/03\/20200106.png","contentUrl":"https:\/\/www.etf.fr\/wp-content\/uploads\/2020\/03\/20200106.png","width":300,"height":200},{"@type":"BreadcrumbList","@id":"https:\/\/www.etf.fr\/en\/grands-projets-ferroviaires-en\/106-du-lineaire-realise-en-2019-par-la-suite-rapide-zones-denses\/#breadcrumb","itemListElement":[{"@type":"ListItem","position":1,"name":"Accueil","item":"https:\/\/www.etf.fr\/en\/"},{"@type":"ListItem","position":2,"name":"106% of the linear achieved in 2019 by the Rapid Suite for Dense Areas"}]},{"@type":"WebSite","@id":"https:\/\/www.etf.fr\/#website","url":"https:\/\/www.etf.fr\/","name":"ETF","description":"Your transport partner worldwide","publisher":{"@id":"https:\/\/www.etf.fr\/#organization"},"potentialAction":[{"@type":"SearchAction","target":{"@type":"EntryPoint","urlTemplate":"https:\/\/www.etf.fr\/?s={search_term_string}"},"query-input":{"@type":"PropertyValueSpecification","valueRequired":true,"valueName":"search_term_string"}}],"inLanguage":"en-US"},{"@type":"Organization","@id":"https:\/\/www.etf.fr\/#organization","name":"ETF","url":"https:\/\/www.etf.fr\/","logo":{"@type":"ImageObject","inLanguage":"en-US","@id":"https:\/\/www.etf.fr\/#\/schema\/logo\/image\/","url":"https:\/\/www.etf.fr\/wp-content\/uploads\/2019\/03\/logo-ETF.png","contentUrl":"https:\/\/www.etf.fr\/wp-content\/uploads\/2019\/03\/logo-ETF.png","width":272,"height":161,"caption":"ETF"},"image":{"@id":"https:\/\/www.etf.fr\/#\/schema\/logo\/image\/"}},{"@type":"Person","@id":"https:\/\/www.etf.fr\/#\/schema\/person\/161a2c149c1f701b263f97f54de35dbd","name":"mathilde","url":"https:\/\/www.etf.fr\/en\/author\/mathilde\/"}]}},"_links":{"self":[{"href":"https:\/\/www.etf.fr\/en\/wp-json\/wp\/v2\/posts\/12523760","targetHints":{"allow":["GET"]}}],"collection":[{"href":"https:\/\/www.etf.fr\/en\/wp-json\/wp\/v2\/posts"}],"about":[{"href":"https:\/\/www.etf.fr\/en\/wp-json\/wp\/v2\/types\/post"}],"author":[{"embeddable":true,"href":"https:\/\/www.etf.fr\/en\/wp-json\/wp\/v2\/users\/5"}],"replies":[{"embeddable":true,"href":"https:\/\/www.etf.fr\/en\/wp-json\/wp\/v2\/comments?post=12523760"}],"version-history":[{"count":1,"href":"https:\/\/www.etf.fr\/en\/wp-json\/wp\/v2\/posts\/12523760\/revisions"}],"predecessor-version":[{"id":12523761,"href":"https:\/\/www.etf.fr\/en\/wp-json\/wp\/v2\/posts\/12523760\/revisions\/12523761"}],"wp:featuredmedia":[{"embeddable":true,"href":"https:\/\/www.etf.fr\/en\/wp-json\/wp\/v2\/media\/7362"}],"wp:attachment":[{"href":"https:\/\/www.etf.fr\/en\/wp-json\/wp\/v2\/media?parent=12523760"}],"wp:term":[{"taxonomy":"category","embeddable":true,"href":"https:\/\/www.etf.fr\/en\/wp-json\/wp\/v2\/categories?post=12523760"},{"taxonomy":"post_tag","embeddable":true,"href":"https:\/\/www.etf.fr\/en\/wp-json\/wp\/v2\/tags?post=12523760"}],"curies":[{"name":"wp","href":"https:\/\/api.w.org\/{rel}","templated":true}]}}