{"id":12523766,"date":"2019-12-16T12:13:00","date_gmt":"2019-12-16T11:13:00","guid":{"rendered":"https:\/\/www.etf.fr\/uncategorized\/lancement-officiel-du-chantier-de-transfert-dactivites-ferroviaires-vers-nantes-blottereau\/"},"modified":"2025-09-30T09:30:22","modified_gmt":"2025-09-30T07:30:22","slug":"lancement-officiel-du-chantier-de-transfert-dactivites-ferroviaires-vers-nantes-blottereau","status":"publish","type":"post","link":"https:\/\/www.etf.fr\/en\/agence-atlantique-en\/lancement-officiel-du-chantier-de-transfert-dactivites-ferroviaires-vers-nantes-blottereau\/","title":{"rendered":"Official launch of the project to transfer rail activities to Nantes Blottereau!"},"content":{"rendered":"\n<p><strong>The ETF (agent)\/UNIFER consortium is carrying out the AT01 contract for SNCF R\u00e9seau for the project to transfer rail activities from Nantes-Etat to Nantes-Blottereau. This includes laying all the new track and connecting it to the existing network.<\/strong><\/p>\n\n\n\n<h3 class=\"wp-block-heading\">Official launch with an initial intensive weekend<\/h3>\n\n\n\n<p>On 9, 10 and 11 November, 30 of our employees were mobilised for a 40-hour intensive operation.<\/p>\n\n\n\n<p>During the weekend, the teams carried out:<\/p>\n\n\n\n<ul class=\"wp-block-list\">\n<li>The removal and replacement of 100 metres of track on a structure<\/li>\n\n\n\n<li>The construction of a 70-metre underpass<\/li>\n\n\n\n<li>The installation of a set of points<\/li>\n<\/ul>\n\n\n\n<p><\/p>\n\n\n\n<figure class=\"wp-block-embed-youtube aligncenter wp-block-embed is-type-video is-provider-youtube wp-embed-aspect-4-3 wp-has-aspect-ratio\"><div class=\"wp-block-embed__wrapper\">\n<div class=\"oembed\">\n\t<iframe loading=\"lazy\" title=\"Transfert des activit\u00e9s ferroviaires Nantes Bloterreau -  Pose d&#039;un appareil de voie\" width=\"500\" height=\"375\" src=\"https:\/\/www.youtube.com\/embed\/um5TbCzmxWM?feature=oembed\" frameborder=\"0\" allow=\"accelerometer; autoplay; clipboard-write; encrypted-media; gyroscope; picture-in-picture; web-share\" referrerpolicy=\"strict-origin-when-cross-origin\" allowfullscreen><\/iframe><\/div>\n\n<\/div><\/figure>\n\n\n\n<figure class=\"wp-block-gallery has-nested-images columns-5 is-cropped wp-block-gallery-1 is-layout-flex wp-block-gallery-is-layout-flex\">\n<figure class=\"wp-block-image size-large\"><img loading=\"lazy\" decoding=\"async\" width=\"400\" height=\"300\" data-id=\"4614\" src=\"https:\/\/www.etf.fr\/wp-content\/uploads\/2019\/12\/Nantes-Blottereau-OCP-nov-2019-6_opt.jpg\" alt=\"\" class=\"wp-image-4614\" srcset=\"https:\/\/www.etf.fr\/wp-content\/uploads\/2019\/12\/Nantes-Blottereau-OCP-nov-2019-6_opt.jpg 400w, https:\/\/www.etf.fr\/wp-content\/uploads\/2019\/12\/Nantes-Blottereau-OCP-nov-2019-6_opt-250x188.jpg 250w\" sizes=\"auto, (max-width: 400px) 100vw, 400px\" \/><\/figure>\n\n\n\n<figure class=\"wp-block-image size-large\"><img loading=\"lazy\" decoding=\"async\" width=\"400\" height=\"300\" data-id=\"4616\" src=\"https:\/\/www.etf.fr\/wp-content\/uploads\/2019\/12\/Nantes-Blottereau-OCP-nov-2019-3_opt-1.jpg\" alt=\"\" class=\"wp-image-4616\" srcset=\"https:\/\/www.etf.fr\/wp-content\/uploads\/2019\/12\/Nantes-Blottereau-OCP-nov-2019-3_opt-1.jpg 400w, https:\/\/www.etf.fr\/wp-content\/uploads\/2019\/12\/Nantes-Blottereau-OCP-nov-2019-3_opt-1-250x188.jpg 250w\" sizes=\"auto, (max-width: 400px) 100vw, 400px\" \/><\/figure>\n\n\n\n<figure class=\"wp-block-image size-large\"><img loading=\"lazy\" decoding=\"async\" width=\"400\" height=\"300\" data-id=\"4618\" src=\"https:\/\/www.etf.fr\/wp-content\/uploads\/2019\/12\/Nantes-Blottereau-OCP-nov-2019-3_opt-2.jpg\" alt=\"\" class=\"wp-image-4618\" srcset=\"https:\/\/www.etf.fr\/wp-content\/uploads\/2019\/12\/Nantes-Blottereau-OCP-nov-2019-3_opt-2.jpg 400w, https:\/\/www.etf.fr\/wp-content\/uploads\/2019\/12\/Nantes-Blottereau-OCP-nov-2019-3_opt-2-250x188.jpg 250w\" sizes=\"auto, (max-width: 400px) 100vw, 400px\" \/><\/figure>\n\n\n\n<figure class=\"wp-block-image size-large\"><img loading=\"lazy\" decoding=\"async\" width=\"400\" height=\"300\" data-id=\"4620\" src=\"https:\/\/www.etf.fr\/wp-content\/uploads\/2019\/12\/Nantes-Blottereau-OCP-nov-2019-2_opt.jpg\" alt=\"\" class=\"wp-image-4620\" srcset=\"https:\/\/www.etf.fr\/wp-content\/uploads\/2019\/12\/Nantes-Blottereau-OCP-nov-2019-2_opt.jpg 400w, https:\/\/www.etf.fr\/wp-content\/uploads\/2019\/12\/Nantes-Blottereau-OCP-nov-2019-2_opt-250x188.jpg 250w\" sizes=\"auto, (max-width: 400px) 100vw, 400px\" \/><\/figure>\n\n\n\n<figure class=\"wp-block-image size-large\"><img loading=\"lazy\" decoding=\"async\" width=\"400\" height=\"300\" data-id=\"4612\" src=\"https:\/\/www.etf.fr\/wp-content\/uploads\/2019\/12\/Nantes-Blottereau-OCP-nov-2019-8_opt.jpg\" alt=\"\" class=\"wp-image-4612\" srcset=\"https:\/\/www.etf.fr\/wp-content\/uploads\/2019\/12\/Nantes-Blottereau-OCP-nov-2019-8_opt.jpg 400w, https:\/\/www.etf.fr\/wp-content\/uploads\/2019\/12\/Nantes-Blottereau-OCP-nov-2019-8_opt-250x188.jpg 250w\" sizes=\"auto, (max-width: 400px) 100vw, 400px\" \/><\/figure>\n<\/figure>\n\n\n\n<p>The work was carried out safely thanks to the intervention of ETF Services teams: ground staff, train attendants, and autonomous driving services.<\/p>\n\n\n\n<p>This blitz operation is the first in a series of four. There will be three more between now and 2022, at a rate of one per year.<\/p>\n\n\n\n<p><strong>Equipment used: <\/strong>2 V212 locomotives, 1 108-275 tamping machine, 15 R90 wagons, 4 ballast spreaders, 6 sets of PEM\/LEM<\/p>\n\n\n\n<h3 class=\"wp-block-heading\">The next stage of the project<\/h3>\n\n\n\n<p><strong>The most important phase of the project will begin in April 2020 with the laying of 20 km of track and 60 sets of points.<\/strong><\/p>\n","protected":false},"excerpt":{"rendered":"<p>The ETF (agent)\/UNIFER consortium is carrying out the AT01 contract for SNCF R\u00e9seau for the project to transfer rail activities from Nantes-Etat to Nantes-Blottereau. This includes laying all the new track and connecting it to the existing network.<\/p>\n","protected":false},"author":5,"featured_media":7358,"comment_status":"closed","ping_status":"open","sticky":false,"template":"","format":"standard","meta":{"_acf_changed":false,"footnotes":""},"categories":[199],"tags":[],"class_list":["post-12523766","post","type-post","status-publish","format-standard","has-post-thumbnail","hentry","category-agence-atlantique-en"],"acf":[],"yoast_head":"<!-- This site is optimized with the Yoast SEO plugin v27.5 - https:\/\/yoast.com\/product\/yoast-seo-wordpress\/ -->\n<title>Official launch of the project to transfer rail activities to Nantes Blottereau! - ETF<\/title>\n<meta name=\"description\" content=\"Les 9, 10 et 11 novembre derniers, 30 de nos collaborateurs ont \u00e9t\u00e9 mobilis\u00e9s pour r\u00e9aliser une op\u00e9ration coup de poing de 40h.\" \/>\n<meta name=\"robots\" content=\"index, follow, max-snippet:-1, max-image-preview:large, max-video-preview:-1\" \/>\n<link rel=\"canonical\" href=\"https:\/\/www.etf.fr\/en\/agence-atlantique-en\/lancement-officiel-du-chantier-de-transfert-dactivites-ferroviaires-vers-nantes-blottereau\/\" \/>\n<meta property=\"og:locale\" content=\"en_US\" \/>\n<meta property=\"og:type\" content=\"article\" \/>\n<meta property=\"og:title\" content=\"Official launch of the project to transfer rail activities to Nantes Blottereau! - ETF\" \/>\n<meta property=\"og:description\" content=\"Les 9, 10 et 11 novembre derniers, 30 de nos collaborateurs ont \u00e9t\u00e9 mobilis\u00e9s pour r\u00e9aliser une op\u00e9ration coup de poing de 40h.\" \/>\n<meta property=\"og:url\" content=\"https:\/\/www.etf.fr\/en\/agence-atlantique-en\/lancement-officiel-du-chantier-de-transfert-dactivites-ferroviaires-vers-nantes-blottereau\/\" \/>\n<meta property=\"og:site_name\" content=\"ETF\" \/>\n<meta property=\"article:published_time\" content=\"2019-12-16T11:13:00+00:00\" \/>\n<meta property=\"article:modified_time\" content=\"2025-09-30T07:30:22+00:00\" \/>\n<meta property=\"og:image\" content=\"https:\/\/www.etf.fr\/wp-content\/uploads\/2020\/03\/20191216.png\" \/>\n\t<meta property=\"og:image:width\" content=\"300\" \/>\n\t<meta property=\"og:image:height\" content=\"200\" \/>\n\t<meta property=\"og:image:type\" content=\"image\/png\" \/>\n<meta name=\"author\" content=\"mathilde\" \/>\n<meta name=\"twitter:card\" content=\"summary_large_image\" \/>\n<meta name=\"twitter:label1\" content=\"Written by\" \/>\n\t<meta name=\"twitter:data1\" content=\"mathilde\" \/>\n\t<meta name=\"twitter:label2\" content=\"Est. reading time\" \/>\n\t<meta name=\"twitter:data2\" content=\"3 minutes\" \/>\n<script type=\"application\/ld+json\" class=\"yoast-schema-graph\">{\"@context\":\"https:\\\/\\\/schema.org\",\"@graph\":[{\"@type\":\"Article\",\"@id\":\"https:\\\/\\\/www.etf.fr\\\/en\\\/agence-atlantique-en\\\/lancement-officiel-du-chantier-de-transfert-dactivites-ferroviaires-vers-nantes-blottereau\\\/#article\",\"isPartOf\":{\"@id\":\"https:\\\/\\\/www.etf.fr\\\/en\\\/agence-atlantique-en\\\/lancement-officiel-du-chantier-de-transfert-dactivites-ferroviaires-vers-nantes-blottereau\\\/\"},\"author\":{\"name\":\"mathilde\",\"@id\":\"https:\\\/\\\/www.etf.fr\\\/#\\\/schema\\\/person\\\/161a2c149c1f701b263f97f54de35dbd\"},\"headline\":\"Official launch of the project to transfer rail activities to Nantes Blottereau!\",\"datePublished\":\"2019-12-16T11:13:00+00:00\",\"dateModified\":\"2025-09-30T07:30:22+00:00\",\"mainEntityOfPage\":{\"@id\":\"https:\\\/\\\/www.etf.fr\\\/en\\\/agence-atlantique-en\\\/lancement-officiel-du-chantier-de-transfert-dactivites-ferroviaires-vers-nantes-blottereau\\\/\"},\"wordCount\":206,\"publisher\":{\"@id\":\"https:\\\/\\\/www.etf.fr\\\/#organization\"},\"image\":{\"@id\":\"https:\\\/\\\/www.etf.fr\\\/en\\\/agence-atlantique-en\\\/lancement-officiel-du-chantier-de-transfert-dactivites-ferroviaires-vers-nantes-blottereau\\\/#primaryimage\"},\"thumbnailUrl\":\"https:\\\/\\\/www.etf.fr\\\/wp-content\\\/uploads\\\/2020\\\/03\\\/20191216.png\",\"articleSection\":[\"Agence Atlantique\"],\"inLanguage\":\"en-US\"},{\"@type\":\"WebPage\",\"@id\":\"https:\\\/\\\/www.etf.fr\\\/en\\\/agence-atlantique-en\\\/lancement-officiel-du-chantier-de-transfert-dactivites-ferroviaires-vers-nantes-blottereau\\\/\",\"url\":\"https:\\\/\\\/www.etf.fr\\\/en\\\/agence-atlantique-en\\\/lancement-officiel-du-chantier-de-transfert-dactivites-ferroviaires-vers-nantes-blottereau\\\/\",\"name\":\"Official launch of the project to transfer rail activities to Nantes Blottereau! - ETF\",\"isPartOf\":{\"@id\":\"https:\\\/\\\/www.etf.fr\\\/#website\"},\"primaryImageOfPage\":{\"@id\":\"https:\\\/\\\/www.etf.fr\\\/en\\\/agence-atlantique-en\\\/lancement-officiel-du-chantier-de-transfert-dactivites-ferroviaires-vers-nantes-blottereau\\\/#primaryimage\"},\"image\":{\"@id\":\"https:\\\/\\\/www.etf.fr\\\/en\\\/agence-atlantique-en\\\/lancement-officiel-du-chantier-de-transfert-dactivites-ferroviaires-vers-nantes-blottereau\\\/#primaryimage\"},\"thumbnailUrl\":\"https:\\\/\\\/www.etf.fr\\\/wp-content\\\/uploads\\\/2020\\\/03\\\/20191216.png\",\"datePublished\":\"2019-12-16T11:13:00+00:00\",\"dateModified\":\"2025-09-30T07:30:22+00:00\",\"description\":\"Les 9, 10 et 11 novembre derniers, 30 de nos collaborateurs ont \u00e9t\u00e9 mobilis\u00e9s pour r\u00e9aliser une op\u00e9ration coup de poing de 40h.\",\"breadcrumb\":{\"@id\":\"https:\\\/\\\/www.etf.fr\\\/en\\\/agence-atlantique-en\\\/lancement-officiel-du-chantier-de-transfert-dactivites-ferroviaires-vers-nantes-blottereau\\\/#breadcrumb\"},\"inLanguage\":\"en-US\",\"potentialAction\":[{\"@type\":\"ReadAction\",\"target\":[\"https:\\\/\\\/www.etf.fr\\\/en\\\/agence-atlantique-en\\\/lancement-officiel-du-chantier-de-transfert-dactivites-ferroviaires-vers-nantes-blottereau\\\/\"]}]},{\"@type\":\"ImageObject\",\"inLanguage\":\"en-US\",\"@id\":\"https:\\\/\\\/www.etf.fr\\\/en\\\/agence-atlantique-en\\\/lancement-officiel-du-chantier-de-transfert-dactivites-ferroviaires-vers-nantes-blottereau\\\/#primaryimage\",\"url\":\"https:\\\/\\\/www.etf.fr\\\/wp-content\\\/uploads\\\/2020\\\/03\\\/20191216.png\",\"contentUrl\":\"https:\\\/\\\/www.etf.fr\\\/wp-content\\\/uploads\\\/2020\\\/03\\\/20191216.png\",\"width\":300,\"height\":200},{\"@type\":\"BreadcrumbList\",\"@id\":\"https:\\\/\\\/www.etf.fr\\\/en\\\/agence-atlantique-en\\\/lancement-officiel-du-chantier-de-transfert-dactivites-ferroviaires-vers-nantes-blottereau\\\/#breadcrumb\",\"itemListElement\":[{\"@type\":\"ListItem\",\"position\":1,\"name\":\"Accueil\",\"item\":\"https:\\\/\\\/www.etf.fr\\\/en\\\/\"},{\"@type\":\"ListItem\",\"position\":2,\"name\":\"Official launch of the project to transfer rail activities to Nantes Blottereau!\"}]},{\"@type\":\"WebSite\",\"@id\":\"https:\\\/\\\/www.etf.fr\\\/#website\",\"url\":\"https:\\\/\\\/www.etf.fr\\\/\",\"name\":\"ETF\",\"description\":\"Your transport partner worldwide\",\"publisher\":{\"@id\":\"https:\\\/\\\/www.etf.fr\\\/#organization\"},\"potentialAction\":[{\"@type\":\"SearchAction\",\"target\":{\"@type\":\"EntryPoint\",\"urlTemplate\":\"https:\\\/\\\/www.etf.fr\\\/?s={search_term_string}\"},\"query-input\":{\"@type\":\"PropertyValueSpecification\",\"valueRequired\":true,\"valueName\":\"search_term_string\"}}],\"inLanguage\":\"en-US\"},{\"@type\":\"Organization\",\"@id\":\"https:\\\/\\\/www.etf.fr\\\/#organization\",\"name\":\"ETF\",\"url\":\"https:\\\/\\\/www.etf.fr\\\/\",\"logo\":{\"@type\":\"ImageObject\",\"inLanguage\":\"en-US\",\"@id\":\"https:\\\/\\\/www.etf.fr\\\/#\\\/schema\\\/logo\\\/image\\\/\",\"url\":\"https:\\\/\\\/www.etf.fr\\\/wp-content\\\/uploads\\\/2019\\\/03\\\/logo-ETF.png\",\"contentUrl\":\"https:\\\/\\\/www.etf.fr\\\/wp-content\\\/uploads\\\/2019\\\/03\\\/logo-ETF.png\",\"width\":272,\"height\":161,\"caption\":\"ETF\"},\"image\":{\"@id\":\"https:\\\/\\\/www.etf.fr\\\/#\\\/schema\\\/logo\\\/image\\\/\"}},{\"@type\":\"Person\",\"@id\":\"https:\\\/\\\/www.etf.fr\\\/#\\\/schema\\\/person\\\/161a2c149c1f701b263f97f54de35dbd\",\"name\":\"mathilde\",\"url\":\"https:\\\/\\\/www.etf.fr\\\/en\\\/author\\\/mathilde\\\/\"}]}<\/script>\n<!-- \/ Yoast SEO plugin. -->","yoast_head_json":{"title":"Official launch of the project to transfer rail activities to Nantes Blottereau! - ETF","description":"Les 9, 10 et 11 novembre derniers, 30 de nos collaborateurs ont \u00e9t\u00e9 mobilis\u00e9s pour r\u00e9aliser une op\u00e9ration coup de poing de 40h.","robots":{"index":"index","follow":"follow","max-snippet":"max-snippet:-1","max-image-preview":"max-image-preview:large","max-video-preview":"max-video-preview:-1"},"canonical":"https:\/\/www.etf.fr\/en\/agence-atlantique-en\/lancement-officiel-du-chantier-de-transfert-dactivites-ferroviaires-vers-nantes-blottereau\/","og_locale":"en_US","og_type":"article","og_title":"Official launch of the project to transfer rail activities to Nantes Blottereau! - ETF","og_description":"Les 9, 10 et 11 novembre derniers, 30 de nos collaborateurs ont \u00e9t\u00e9 mobilis\u00e9s pour r\u00e9aliser une op\u00e9ration coup de poing de 40h.","og_url":"https:\/\/www.etf.fr\/en\/agence-atlantique-en\/lancement-officiel-du-chantier-de-transfert-dactivites-ferroviaires-vers-nantes-blottereau\/","og_site_name":"ETF","article_published_time":"2019-12-16T11:13:00+00:00","article_modified_time":"2025-09-30T07:30:22+00:00","og_image":[{"width":300,"height":200,"url":"https:\/\/www.etf.fr\/wp-content\/uploads\/2020\/03\/20191216.png","type":"image\/png"}],"author":"mathilde","twitter_card":"summary_large_image","twitter_misc":{"Written by":"mathilde","Est. reading time":"3 minutes"},"schema":{"@context":"https:\/\/schema.org","@graph":[{"@type":"Article","@id":"https:\/\/www.etf.fr\/en\/agence-atlantique-en\/lancement-officiel-du-chantier-de-transfert-dactivites-ferroviaires-vers-nantes-blottereau\/#article","isPartOf":{"@id":"https:\/\/www.etf.fr\/en\/agence-atlantique-en\/lancement-officiel-du-chantier-de-transfert-dactivites-ferroviaires-vers-nantes-blottereau\/"},"author":{"name":"mathilde","@id":"https:\/\/www.etf.fr\/#\/schema\/person\/161a2c149c1f701b263f97f54de35dbd"},"headline":"Official launch of the project to transfer rail activities to Nantes Blottereau!","datePublished":"2019-12-16T11:13:00+00:00","dateModified":"2025-09-30T07:30:22+00:00","mainEntityOfPage":{"@id":"https:\/\/www.etf.fr\/en\/agence-atlantique-en\/lancement-officiel-du-chantier-de-transfert-dactivites-ferroviaires-vers-nantes-blottereau\/"},"wordCount":206,"publisher":{"@id":"https:\/\/www.etf.fr\/#organization"},"image":{"@id":"https:\/\/www.etf.fr\/en\/agence-atlantique-en\/lancement-officiel-du-chantier-de-transfert-dactivites-ferroviaires-vers-nantes-blottereau\/#primaryimage"},"thumbnailUrl":"https:\/\/www.etf.fr\/wp-content\/uploads\/2020\/03\/20191216.png","articleSection":["Agence Atlantique"],"inLanguage":"en-US"},{"@type":"WebPage","@id":"https:\/\/www.etf.fr\/en\/agence-atlantique-en\/lancement-officiel-du-chantier-de-transfert-dactivites-ferroviaires-vers-nantes-blottereau\/","url":"https:\/\/www.etf.fr\/en\/agence-atlantique-en\/lancement-officiel-du-chantier-de-transfert-dactivites-ferroviaires-vers-nantes-blottereau\/","name":"Official launch of the project to transfer rail activities to Nantes Blottereau! - ETF","isPartOf":{"@id":"https:\/\/www.etf.fr\/#website"},"primaryImageOfPage":{"@id":"https:\/\/www.etf.fr\/en\/agence-atlantique-en\/lancement-officiel-du-chantier-de-transfert-dactivites-ferroviaires-vers-nantes-blottereau\/#primaryimage"},"image":{"@id":"https:\/\/www.etf.fr\/en\/agence-atlantique-en\/lancement-officiel-du-chantier-de-transfert-dactivites-ferroviaires-vers-nantes-blottereau\/#primaryimage"},"thumbnailUrl":"https:\/\/www.etf.fr\/wp-content\/uploads\/2020\/03\/20191216.png","datePublished":"2019-12-16T11:13:00+00:00","dateModified":"2025-09-30T07:30:22+00:00","description":"Les 9, 10 et 11 novembre derniers, 30 de nos collaborateurs ont \u00e9t\u00e9 mobilis\u00e9s pour r\u00e9aliser une op\u00e9ration coup de poing de 40h.","breadcrumb":{"@id":"https:\/\/www.etf.fr\/en\/agence-atlantique-en\/lancement-officiel-du-chantier-de-transfert-dactivites-ferroviaires-vers-nantes-blottereau\/#breadcrumb"},"inLanguage":"en-US","potentialAction":[{"@type":"ReadAction","target":["https:\/\/www.etf.fr\/en\/agence-atlantique-en\/lancement-officiel-du-chantier-de-transfert-dactivites-ferroviaires-vers-nantes-blottereau\/"]}]},{"@type":"ImageObject","inLanguage":"en-US","@id":"https:\/\/www.etf.fr\/en\/agence-atlantique-en\/lancement-officiel-du-chantier-de-transfert-dactivites-ferroviaires-vers-nantes-blottereau\/#primaryimage","url":"https:\/\/www.etf.fr\/wp-content\/uploads\/2020\/03\/20191216.png","contentUrl":"https:\/\/www.etf.fr\/wp-content\/uploads\/2020\/03\/20191216.png","width":300,"height":200},{"@type":"BreadcrumbList","@id":"https:\/\/www.etf.fr\/en\/agence-atlantique-en\/lancement-officiel-du-chantier-de-transfert-dactivites-ferroviaires-vers-nantes-blottereau\/#breadcrumb","itemListElement":[{"@type":"ListItem","position":1,"name":"Accueil","item":"https:\/\/www.etf.fr\/en\/"},{"@type":"ListItem","position":2,"name":"Official launch of the project to transfer rail activities to Nantes Blottereau!"}]},{"@type":"WebSite","@id":"https:\/\/www.etf.fr\/#website","url":"https:\/\/www.etf.fr\/","name":"ETF","description":"Your transport partner worldwide","publisher":{"@id":"https:\/\/www.etf.fr\/#organization"},"potentialAction":[{"@type":"SearchAction","target":{"@type":"EntryPoint","urlTemplate":"https:\/\/www.etf.fr\/?s={search_term_string}"},"query-input":{"@type":"PropertyValueSpecification","valueRequired":true,"valueName":"search_term_string"}}],"inLanguage":"en-US"},{"@type":"Organization","@id":"https:\/\/www.etf.fr\/#organization","name":"ETF","url":"https:\/\/www.etf.fr\/","logo":{"@type":"ImageObject","inLanguage":"en-US","@id":"https:\/\/www.etf.fr\/#\/schema\/logo\/image\/","url":"https:\/\/www.etf.fr\/wp-content\/uploads\/2019\/03\/logo-ETF.png","contentUrl":"https:\/\/www.etf.fr\/wp-content\/uploads\/2019\/03\/logo-ETF.png","width":272,"height":161,"caption":"ETF"},"image":{"@id":"https:\/\/www.etf.fr\/#\/schema\/logo\/image\/"}},{"@type":"Person","@id":"https:\/\/www.etf.fr\/#\/schema\/person\/161a2c149c1f701b263f97f54de35dbd","name":"mathilde","url":"https:\/\/www.etf.fr\/en\/author\/mathilde\/"}]}},"_links":{"self":[{"href":"https:\/\/www.etf.fr\/en\/wp-json\/wp\/v2\/posts\/12523766","targetHints":{"allow":["GET"]}}],"collection":[{"href":"https:\/\/www.etf.fr\/en\/wp-json\/wp\/v2\/posts"}],"about":[{"href":"https:\/\/www.etf.fr\/en\/wp-json\/wp\/v2\/types\/post"}],"author":[{"embeddable":true,"href":"https:\/\/www.etf.fr\/en\/wp-json\/wp\/v2\/users\/5"}],"replies":[{"embeddable":true,"href":"https:\/\/www.etf.fr\/en\/wp-json\/wp\/v2\/comments?post=12523766"}],"version-history":[{"count":1,"href":"https:\/\/www.etf.fr\/en\/wp-json\/wp\/v2\/posts\/12523766\/revisions"}],"predecessor-version":[{"id":12523768,"href":"https:\/\/www.etf.fr\/en\/wp-json\/wp\/v2\/posts\/12523766\/revisions\/12523768"}],"wp:featuredmedia":[{"embeddable":true,"href":"https:\/\/www.etf.fr\/en\/wp-json\/wp\/v2\/media\/7358"}],"wp:attachment":[{"href":"https:\/\/www.etf.fr\/en\/wp-json\/wp\/v2\/media?parent=12523766"}],"wp:term":[{"taxonomy":"category","embeddable":true,"href":"https:\/\/www.etf.fr\/en\/wp-json\/wp\/v2\/categories?post=12523766"},{"taxonomy":"post_tag","embeddable":true,"href":"https:\/\/www.etf.fr\/en\/wp-json\/wp\/v2\/tags?post=12523766"}],"curies":[{"name":"wp","href":"https:\/\/api.w.org\/{rel}","templated":true}]}}