{"id":12523840,"date":"2019-11-18T12:12:58","date_gmt":"2019-11-18T11:12:58","guid":{"rendered":"https:\/\/www.etf.fr\/uncategorized\/un-ete-dans-le-tunnel-de-coudray\/"},"modified":"2025-09-30T09:36:54","modified_gmt":"2025-09-30T07:36:54","slug":"un-ete-dans-le-tunnel-de-coudray","status":"publish","type":"post","link":"https:\/\/www.etf.fr\/en\/agence-nord-en\/un-ete-dans-le-tunnel-de-coudray\/","title":{"rendered":"A summer in the Coudray tunnel"},"content":{"rendered":"<strong>ETF teams worked in the Coudray tunnel for seven weeks between 15 July and the end of August 2019 to carry out renewal work.<\/strong>\n\nThis 1.5 km single-track tunnel connects the towns of Beauvais and M\u00e9ru. A total of 40 people were mobilised to carry out 550 metres of track\/ballast renewal and the removal\/replacement of tracks on two engineering structures.\n\nThe ETF Paris Nord agency, which was in charge of this project, called on the entire company to work together to complete it. Other agencies also worked on the project: ETF \u00cele-de-France Ouest, ETF Travaux M\u00e9canis\u00e9s, ETF Arras, ETF Zones Denses and ETF Services. This was a great success for the company, demonstrating the complementary nature of its skills.\n\n<strong>Equipment used:<\/strong>\n<ul>\n \t<li>Mechanised works &#8211; <a href=\"https:\/\/www.youtube.com\/watch?v=qfRbpx0jtDM&amp;list=UUOMZE-DEINyIltBUys4H3Cw&amp;index=25\">SPAC system<\/a><\/li>\n \t<li>2 60,000 locomotives<\/li>\n \t<li>1 tamping machine<\/li>\n \t<li>1 ballasting machine<\/li>\n \t<li>5 rail\/road excavators<\/li>\n \t<li>2 M\u00e9calac excavators<\/li>\n \t<li>1 bulldozer (loader)<\/li>\n \t<li>1 WAD triplet<\/li>\n<\/ul>","protected":false},"excerpt":{"rendered":"<p>ETF teams worked in the Coudray tunnel for seven weeks between 15 July and the end of August 2019 to carry out renewal work.<\/p>\n","protected":false},"author":5,"featured_media":12523841,"comment_status":"closed","ping_status":"open","sticky":false,"template":"","format":"standard","meta":{"_acf_changed":false,"footnotes":""},"categories":[200],"tags":[],"class_list":["post-12523840","post","type-post","status-publish","format-standard","has-post-thumbnail","hentry","category-agence-nord-en"],"acf":[],"yoast_head":"<!-- This site is optimized with the Yoast SEO plugin v27.5 - https:\/\/yoast.com\/product\/yoast-seo-wordpress\/ -->\n<title>A summer in the Coudray tunnel - ETF<\/title>\n<meta name=\"robots\" content=\"index, follow, max-snippet:-1, max-image-preview:large, max-video-preview:-1\" \/>\n<link rel=\"canonical\" href=\"https:\/\/www.etf.fr\/en\/agence-nord-en\/un-ete-dans-le-tunnel-de-coudray\/\" \/>\n<meta property=\"og:locale\" content=\"en_US\" \/>\n<meta property=\"og:type\" content=\"article\" \/>\n<meta property=\"og:title\" content=\"A summer in the Coudray tunnel - ETF\" \/>\n<meta property=\"og:description\" content=\"ETF teams worked in the Coudray tunnel for seven weeks between 15 July and the end of August 2019 to carry out renewal work.\" \/>\n<meta property=\"og:url\" content=\"https:\/\/www.etf.fr\/en\/agence-nord-en\/un-ete-dans-le-tunnel-de-coudray\/\" \/>\n<meta property=\"og:site_name\" content=\"ETF\" \/>\n<meta property=\"article:published_time\" content=\"2019-11-18T11:12:58+00:00\" \/>\n<meta property=\"article:modified_time\" content=\"2025-09-30T07:36:54+00:00\" \/>\n<meta property=\"og:image\" content=\"https:\/\/www.etf.fr\/wp-content\/uploads\/2019\/11\/SI20190722_071855.jpg\" \/>\n\t<meta property=\"og:image:width\" content=\"2592\" \/>\n\t<meta property=\"og:image:height\" content=\"2016\" \/>\n\t<meta property=\"og:image:type\" content=\"image\/jpeg\" \/>\n<meta name=\"author\" content=\"mathilde\" \/>\n<meta name=\"twitter:card\" content=\"summary_large_image\" \/>\n<meta name=\"twitter:label1\" content=\"Written by\" \/>\n\t<meta name=\"twitter:data1\" content=\"mathilde\" \/>\n\t<meta name=\"twitter:label2\" content=\"Est. reading time\" \/>\n\t<meta name=\"twitter:data2\" content=\"1 minute\" \/>\n<script type=\"application\/ld+json\" class=\"yoast-schema-graph\">{\"@context\":\"https:\\\/\\\/schema.org\",\"@graph\":[{\"@type\":\"Article\",\"@id\":\"https:\\\/\\\/www.etf.fr\\\/en\\\/agence-nord-en\\\/un-ete-dans-le-tunnel-de-coudray\\\/#article\",\"isPartOf\":{\"@id\":\"https:\\\/\\\/www.etf.fr\\\/en\\\/agence-nord-en\\\/un-ete-dans-le-tunnel-de-coudray\\\/\"},\"author\":{\"name\":\"mathilde\",\"@id\":\"https:\\\/\\\/www.etf.fr\\\/#\\\/schema\\\/person\\\/161a2c149c1f701b263f97f54de35dbd\"},\"headline\":\"A summer in the Coudray tunnel\",\"datePublished\":\"2019-11-18T11:12:58+00:00\",\"dateModified\":\"2025-09-30T07:36:54+00:00\",\"mainEntityOfPage\":{\"@id\":\"https:\\\/\\\/www.etf.fr\\\/en\\\/agence-nord-en\\\/un-ete-dans-le-tunnel-de-coudray\\\/\"},\"wordCount\":147,\"publisher\":{\"@id\":\"https:\\\/\\\/www.etf.fr\\\/#organization\"},\"image\":{\"@id\":\"https:\\\/\\\/www.etf.fr\\\/en\\\/agence-nord-en\\\/un-ete-dans-le-tunnel-de-coudray\\\/#primaryimage\"},\"thumbnailUrl\":\"https:\\\/\\\/www.etf.fr\\\/wp-content\\\/uploads\\\/2019\\\/11\\\/SI20190722_071855.jpg\",\"articleSection\":[\"Agence Nord\"],\"inLanguage\":\"en-US\"},{\"@type\":\"WebPage\",\"@id\":\"https:\\\/\\\/www.etf.fr\\\/en\\\/agence-nord-en\\\/un-ete-dans-le-tunnel-de-coudray\\\/\",\"url\":\"https:\\\/\\\/www.etf.fr\\\/en\\\/agence-nord-en\\\/un-ete-dans-le-tunnel-de-coudray\\\/\",\"name\":\"A summer in the Coudray tunnel - ETF\",\"isPartOf\":{\"@id\":\"https:\\\/\\\/www.etf.fr\\\/#website\"},\"primaryImageOfPage\":{\"@id\":\"https:\\\/\\\/www.etf.fr\\\/en\\\/agence-nord-en\\\/un-ete-dans-le-tunnel-de-coudray\\\/#primaryimage\"},\"image\":{\"@id\":\"https:\\\/\\\/www.etf.fr\\\/en\\\/agence-nord-en\\\/un-ete-dans-le-tunnel-de-coudray\\\/#primaryimage\"},\"thumbnailUrl\":\"https:\\\/\\\/www.etf.fr\\\/wp-content\\\/uploads\\\/2019\\\/11\\\/SI20190722_071855.jpg\",\"datePublished\":\"2019-11-18T11:12:58+00:00\",\"dateModified\":\"2025-09-30T07:36:54+00:00\",\"breadcrumb\":{\"@id\":\"https:\\\/\\\/www.etf.fr\\\/en\\\/agence-nord-en\\\/un-ete-dans-le-tunnel-de-coudray\\\/#breadcrumb\"},\"inLanguage\":\"en-US\",\"potentialAction\":[{\"@type\":\"ReadAction\",\"target\":[\"https:\\\/\\\/www.etf.fr\\\/en\\\/agence-nord-en\\\/un-ete-dans-le-tunnel-de-coudray\\\/\"]}]},{\"@type\":\"ImageObject\",\"inLanguage\":\"en-US\",\"@id\":\"https:\\\/\\\/www.etf.fr\\\/en\\\/agence-nord-en\\\/un-ete-dans-le-tunnel-de-coudray\\\/#primaryimage\",\"url\":\"https:\\\/\\\/www.etf.fr\\\/wp-content\\\/uploads\\\/2019\\\/11\\\/SI20190722_071855.jpg\",\"contentUrl\":\"https:\\\/\\\/www.etf.fr\\\/wp-content\\\/uploads\\\/2019\\\/11\\\/SI20190722_071855.jpg\",\"width\":2592,\"height\":2016},{\"@type\":\"BreadcrumbList\",\"@id\":\"https:\\\/\\\/www.etf.fr\\\/en\\\/agence-nord-en\\\/un-ete-dans-le-tunnel-de-coudray\\\/#breadcrumb\",\"itemListElement\":[{\"@type\":\"ListItem\",\"position\":1,\"name\":\"Accueil\",\"item\":\"https:\\\/\\\/www.etf.fr\\\/en\\\/\"},{\"@type\":\"ListItem\",\"position\":2,\"name\":\"A summer in the Coudray tunnel\"}]},{\"@type\":\"WebSite\",\"@id\":\"https:\\\/\\\/www.etf.fr\\\/#website\",\"url\":\"https:\\\/\\\/www.etf.fr\\\/\",\"name\":\"ETF\",\"description\":\"Your transport partner worldwide\",\"publisher\":{\"@id\":\"https:\\\/\\\/www.etf.fr\\\/#organization\"},\"potentialAction\":[{\"@type\":\"SearchAction\",\"target\":{\"@type\":\"EntryPoint\",\"urlTemplate\":\"https:\\\/\\\/www.etf.fr\\\/?s={search_term_string}\"},\"query-input\":{\"@type\":\"PropertyValueSpecification\",\"valueRequired\":true,\"valueName\":\"search_term_string\"}}],\"inLanguage\":\"en-US\"},{\"@type\":\"Organization\",\"@id\":\"https:\\\/\\\/www.etf.fr\\\/#organization\",\"name\":\"ETF\",\"url\":\"https:\\\/\\\/www.etf.fr\\\/\",\"logo\":{\"@type\":\"ImageObject\",\"inLanguage\":\"en-US\",\"@id\":\"https:\\\/\\\/www.etf.fr\\\/#\\\/schema\\\/logo\\\/image\\\/\",\"url\":\"https:\\\/\\\/www.etf.fr\\\/wp-content\\\/uploads\\\/2019\\\/03\\\/logo-ETF.png\",\"contentUrl\":\"https:\\\/\\\/www.etf.fr\\\/wp-content\\\/uploads\\\/2019\\\/03\\\/logo-ETF.png\",\"width\":272,\"height\":161,\"caption\":\"ETF\"},\"image\":{\"@id\":\"https:\\\/\\\/www.etf.fr\\\/#\\\/schema\\\/logo\\\/image\\\/\"}},{\"@type\":\"Person\",\"@id\":\"https:\\\/\\\/www.etf.fr\\\/#\\\/schema\\\/person\\\/161a2c149c1f701b263f97f54de35dbd\",\"name\":\"mathilde\",\"url\":\"https:\\\/\\\/www.etf.fr\\\/en\\\/author\\\/mathilde\\\/\"}]}<\/script>\n<!-- \/ Yoast SEO plugin. -->","yoast_head_json":{"title":"A summer in the Coudray tunnel - ETF","robots":{"index":"index","follow":"follow","max-snippet":"max-snippet:-1","max-image-preview":"max-image-preview:large","max-video-preview":"max-video-preview:-1"},"canonical":"https:\/\/www.etf.fr\/en\/agence-nord-en\/un-ete-dans-le-tunnel-de-coudray\/","og_locale":"en_US","og_type":"article","og_title":"A summer in the Coudray tunnel - ETF","og_description":"ETF teams worked in the Coudray tunnel for seven weeks between 15 July and the end of August 2019 to carry out renewal work.","og_url":"https:\/\/www.etf.fr\/en\/agence-nord-en\/un-ete-dans-le-tunnel-de-coudray\/","og_site_name":"ETF","article_published_time":"2019-11-18T11:12:58+00:00","article_modified_time":"2025-09-30T07:36:54+00:00","og_image":[{"width":2592,"height":2016,"url":"https:\/\/www.etf.fr\/wp-content\/uploads\/2019\/11\/SI20190722_071855.jpg","type":"image\/jpeg"}],"author":"mathilde","twitter_card":"summary_large_image","twitter_misc":{"Written by":"mathilde","Est. reading time":"1 minute"},"schema":{"@context":"https:\/\/schema.org","@graph":[{"@type":"Article","@id":"https:\/\/www.etf.fr\/en\/agence-nord-en\/un-ete-dans-le-tunnel-de-coudray\/#article","isPartOf":{"@id":"https:\/\/www.etf.fr\/en\/agence-nord-en\/un-ete-dans-le-tunnel-de-coudray\/"},"author":{"name":"mathilde","@id":"https:\/\/www.etf.fr\/#\/schema\/person\/161a2c149c1f701b263f97f54de35dbd"},"headline":"A summer in the Coudray tunnel","datePublished":"2019-11-18T11:12:58+00:00","dateModified":"2025-09-30T07:36:54+00:00","mainEntityOfPage":{"@id":"https:\/\/www.etf.fr\/en\/agence-nord-en\/un-ete-dans-le-tunnel-de-coudray\/"},"wordCount":147,"publisher":{"@id":"https:\/\/www.etf.fr\/#organization"},"image":{"@id":"https:\/\/www.etf.fr\/en\/agence-nord-en\/un-ete-dans-le-tunnel-de-coudray\/#primaryimage"},"thumbnailUrl":"https:\/\/www.etf.fr\/wp-content\/uploads\/2019\/11\/SI20190722_071855.jpg","articleSection":["Agence Nord"],"inLanguage":"en-US"},{"@type":"WebPage","@id":"https:\/\/www.etf.fr\/en\/agence-nord-en\/un-ete-dans-le-tunnel-de-coudray\/","url":"https:\/\/www.etf.fr\/en\/agence-nord-en\/un-ete-dans-le-tunnel-de-coudray\/","name":"A summer in the Coudray tunnel - ETF","isPartOf":{"@id":"https:\/\/www.etf.fr\/#website"},"primaryImageOfPage":{"@id":"https:\/\/www.etf.fr\/en\/agence-nord-en\/un-ete-dans-le-tunnel-de-coudray\/#primaryimage"},"image":{"@id":"https:\/\/www.etf.fr\/en\/agence-nord-en\/un-ete-dans-le-tunnel-de-coudray\/#primaryimage"},"thumbnailUrl":"https:\/\/www.etf.fr\/wp-content\/uploads\/2019\/11\/SI20190722_071855.jpg","datePublished":"2019-11-18T11:12:58+00:00","dateModified":"2025-09-30T07:36:54+00:00","breadcrumb":{"@id":"https:\/\/www.etf.fr\/en\/agence-nord-en\/un-ete-dans-le-tunnel-de-coudray\/#breadcrumb"},"inLanguage":"en-US","potentialAction":[{"@type":"ReadAction","target":["https:\/\/www.etf.fr\/en\/agence-nord-en\/un-ete-dans-le-tunnel-de-coudray\/"]}]},{"@type":"ImageObject","inLanguage":"en-US","@id":"https:\/\/www.etf.fr\/en\/agence-nord-en\/un-ete-dans-le-tunnel-de-coudray\/#primaryimage","url":"https:\/\/www.etf.fr\/wp-content\/uploads\/2019\/11\/SI20190722_071855.jpg","contentUrl":"https:\/\/www.etf.fr\/wp-content\/uploads\/2019\/11\/SI20190722_071855.jpg","width":2592,"height":2016},{"@type":"BreadcrumbList","@id":"https:\/\/www.etf.fr\/en\/agence-nord-en\/un-ete-dans-le-tunnel-de-coudray\/#breadcrumb","itemListElement":[{"@type":"ListItem","position":1,"name":"Accueil","item":"https:\/\/www.etf.fr\/en\/"},{"@type":"ListItem","position":2,"name":"A summer in the Coudray tunnel"}]},{"@type":"WebSite","@id":"https:\/\/www.etf.fr\/#website","url":"https:\/\/www.etf.fr\/","name":"ETF","description":"Your transport partner worldwide","publisher":{"@id":"https:\/\/www.etf.fr\/#organization"},"potentialAction":[{"@type":"SearchAction","target":{"@type":"EntryPoint","urlTemplate":"https:\/\/www.etf.fr\/?s={search_term_string}"},"query-input":{"@type":"PropertyValueSpecification","valueRequired":true,"valueName":"search_term_string"}}],"inLanguage":"en-US"},{"@type":"Organization","@id":"https:\/\/www.etf.fr\/#organization","name":"ETF","url":"https:\/\/www.etf.fr\/","logo":{"@type":"ImageObject","inLanguage":"en-US","@id":"https:\/\/www.etf.fr\/#\/schema\/logo\/image\/","url":"https:\/\/www.etf.fr\/wp-content\/uploads\/2019\/03\/logo-ETF.png","contentUrl":"https:\/\/www.etf.fr\/wp-content\/uploads\/2019\/03\/logo-ETF.png","width":272,"height":161,"caption":"ETF"},"image":{"@id":"https:\/\/www.etf.fr\/#\/schema\/logo\/image\/"}},{"@type":"Person","@id":"https:\/\/www.etf.fr\/#\/schema\/person\/161a2c149c1f701b263f97f54de35dbd","name":"mathilde","url":"https:\/\/www.etf.fr\/en\/author\/mathilde\/"}]}},"_links":{"self":[{"href":"https:\/\/www.etf.fr\/en\/wp-json\/wp\/v2\/posts\/12523840","targetHints":{"allow":["GET"]}}],"collection":[{"href":"https:\/\/www.etf.fr\/en\/wp-json\/wp\/v2\/posts"}],"about":[{"href":"https:\/\/www.etf.fr\/en\/wp-json\/wp\/v2\/types\/post"}],"author":[{"embeddable":true,"href":"https:\/\/www.etf.fr\/en\/wp-json\/wp\/v2\/users\/5"}],"replies":[{"embeddable":true,"href":"https:\/\/www.etf.fr\/en\/wp-json\/wp\/v2\/comments?post=12523840"}],"version-history":[{"count":1,"href":"https:\/\/www.etf.fr\/en\/wp-json\/wp\/v2\/posts\/12523840\/revisions"}],"predecessor-version":[{"id":12523842,"href":"https:\/\/www.etf.fr\/en\/wp-json\/wp\/v2\/posts\/12523840\/revisions\/12523842"}],"wp:featuredmedia":[{"embeddable":true,"href":"https:\/\/www.etf.fr\/en\/wp-json\/wp\/v2\/media\/12523841"}],"wp:attachment":[{"href":"https:\/\/www.etf.fr\/en\/wp-json\/wp\/v2\/media?parent=12523840"}],"wp:term":[{"taxonomy":"category","embeddable":true,"href":"https:\/\/www.etf.fr\/en\/wp-json\/wp\/v2\/categories?post=12523840"},{"taxonomy":"post_tag","embeddable":true,"href":"https:\/\/www.etf.fr\/en\/wp-json\/wp\/v2\/tags?post=12523840"}],"curies":[{"name":"wp","href":"https:\/\/api.w.org\/{rel}","templated":true}]}}