{"id":12524080,"date":"2019-02-01T14:02:44","date_gmt":"2019-02-01T13:02:44","guid":{"rendered":"https:\/\/www.etf.fr\/uncategorized\/notre-organisme-de-formation-etf-academy-fete-son-premier-anniversaire-2\/"},"modified":"2025-09-30T10:02:45","modified_gmt":"2025-09-30T08:02:45","slug":"notre-organisme-de-formation-etf-academy-fete-son-premier-anniversaire-2","status":"publish","type":"post","link":"https:\/\/www.etf.fr\/en\/etf-academy-en\/notre-organisme-de-formation-etf-academy-fete-son-premier-anniversaire-2\/","title":{"rendered":"Our training organisation, ETF Academy, is celebrating its first anniversary!"},"content":{"rendered":"<div class=\"subtitle\">\n\n<strong>After only one year in operation, ETF Academy has already provided more than 18,500 hours of training dedicated to various railway professions!<\/strong>\n\nThis organisation, which offers practical and theoretical training, enables our employees to consolidate their expertise and support their skills development.\n\nETF Academy continues to develop its training programmes in order to anticipate changes in the industry and provide the most comprehensive support possible. The EPSF (\u00c9tablissement Public de S\u00e9curit\u00e9 Ferroviaire) has just granted ETF Academy accreditation to organise training courses for its train drivers and all professions related to railway infrastructure safety management.\n\n<\/div>","protected":false},"excerpt":{"rendered":"<p>After only one year in operation, ETF Academy has already provided more than 18,500 hours of training dedicated to various railway professions!<\/p>\n","protected":false},"author":5,"featured_media":12524081,"comment_status":"closed","ping_status":"open","sticky":false,"template":"","format":"standard","meta":{"_acf_changed":false,"footnotes":""},"categories":[195,191],"tags":[],"class_list":["post-12524080","post","type-post","status-publish","format-standard","has-post-thumbnail","hentry","category-etf-academy-en","category-actualites-en"],"acf":[],"yoast_head":"<!-- This site is optimized with the Yoast SEO plugin v27.5 - https:\/\/yoast.com\/product\/yoast-seo-wordpress\/ -->\n<title>Our training organisation, ETF Academy, is celebrating its first anniversary! - ETF<\/title>\n<meta name=\"description\" content=\"Apr\u00e8s seulement un an d\u2019existence, ETF Academy a d\u00e9j\u00e0 dispens\u00e9 plus de 18 500 heures de formations d\u00e9di\u00e9es aux divers m\u00e9tiers du ferroviaire !\" \/>\n<meta name=\"robots\" content=\"index, follow, max-snippet:-1, max-image-preview:large, max-video-preview:-1\" \/>\n<link rel=\"canonical\" href=\"https:\/\/www.etf.fr\/en\/etf-academy-en\/notre-organisme-de-formation-etf-academy-fete-son-premier-anniversaire-2\/\" \/>\n<meta property=\"og:locale\" content=\"en_US\" \/>\n<meta property=\"og:type\" content=\"article\" \/>\n<meta property=\"og:title\" content=\"Our training organisation, ETF Academy, is celebrating its first anniversary! - ETF\" \/>\n<meta property=\"og:description\" content=\"Apr\u00e8s seulement un an d\u2019existence, ETF Academy a d\u00e9j\u00e0 dispens\u00e9 plus de 18 500 heures de formations d\u00e9di\u00e9es aux divers m\u00e9tiers du ferroviaire !\" \/>\n<meta property=\"og:url\" content=\"https:\/\/www.etf.fr\/en\/etf-academy-en\/notre-organisme-de-formation-etf-academy-fete-son-premier-anniversaire-2\/\" \/>\n<meta property=\"og:site_name\" content=\"ETF\" \/>\n<meta property=\"article:published_time\" content=\"2019-02-01T13:02:44+00:00\" \/>\n<meta property=\"article:modified_time\" content=\"2025-09-30T08:02:45+00:00\" \/>\n<meta property=\"og:image\" content=\"https:\/\/www.etf.fr\/wp-content\/uploads\/2019\/02\/51545812_377023953114081_2840906182363709440_o.jpg\" \/>\n\t<meta property=\"og:image:width\" content=\"1728\" \/>\n\t<meta property=\"og:image:height\" content=\"1296\" \/>\n\t<meta property=\"og:image:type\" content=\"image\/jpeg\" \/>\n<meta name=\"author\" content=\"mathilde\" \/>\n<meta name=\"twitter:card\" content=\"summary_large_image\" \/>\n<meta name=\"twitter:label1\" content=\"Written by\" \/>\n\t<meta name=\"twitter:data1\" content=\"mathilde\" \/>\n\t<meta name=\"twitter:label2\" content=\"Est. reading time\" \/>\n\t<meta name=\"twitter:data2\" content=\"1 minute\" \/>\n<script type=\"application\/ld+json\" class=\"yoast-schema-graph\">{\"@context\":\"https:\\\/\\\/schema.org\",\"@graph\":[{\"@type\":\"Article\",\"@id\":\"https:\\\/\\\/www.etf.fr\\\/en\\\/etf-academy-en\\\/notre-organisme-de-formation-etf-academy-fete-son-premier-anniversaire-2\\\/#article\",\"isPartOf\":{\"@id\":\"https:\\\/\\\/www.etf.fr\\\/en\\\/etf-academy-en\\\/notre-organisme-de-formation-etf-academy-fete-son-premier-anniversaire-2\\\/\"},\"author\":{\"name\":\"mathilde\",\"@id\":\"https:\\\/\\\/www.etf.fr\\\/#\\\/schema\\\/person\\\/161a2c149c1f701b263f97f54de35dbd\"},\"headline\":\"Our training organisation, ETF Academy, is celebrating its first anniversary!\",\"datePublished\":\"2019-02-01T13:02:44+00:00\",\"dateModified\":\"2025-09-30T08:02:45+00:00\",\"mainEntityOfPage\":{\"@id\":\"https:\\\/\\\/www.etf.fr\\\/en\\\/etf-academy-en\\\/notre-organisme-de-formation-etf-academy-fete-son-premier-anniversaire-2\\\/\"},\"wordCount\":105,\"publisher\":{\"@id\":\"https:\\\/\\\/www.etf.fr\\\/#organization\"},\"image\":{\"@id\":\"https:\\\/\\\/www.etf.fr\\\/en\\\/etf-academy-en\\\/notre-organisme-de-formation-etf-academy-fete-son-premier-anniversaire-2\\\/#primaryimage\"},\"thumbnailUrl\":\"https:\\\/\\\/www.etf.fr\\\/wp-content\\\/uploads\\\/2019\\\/02\\\/51545812_377023953114081_2840906182363709440_o.jpg\",\"articleSection\":[\"ETF Academy\",\"Actualit\u00e9s\"],\"inLanguage\":\"en-US\"},{\"@type\":\"WebPage\",\"@id\":\"https:\\\/\\\/www.etf.fr\\\/en\\\/etf-academy-en\\\/notre-organisme-de-formation-etf-academy-fete-son-premier-anniversaire-2\\\/\",\"url\":\"https:\\\/\\\/www.etf.fr\\\/en\\\/etf-academy-en\\\/notre-organisme-de-formation-etf-academy-fete-son-premier-anniversaire-2\\\/\",\"name\":\"Our training organisation, ETF Academy, is celebrating its first anniversary! - ETF\",\"isPartOf\":{\"@id\":\"https:\\\/\\\/www.etf.fr\\\/#website\"},\"primaryImageOfPage\":{\"@id\":\"https:\\\/\\\/www.etf.fr\\\/en\\\/etf-academy-en\\\/notre-organisme-de-formation-etf-academy-fete-son-premier-anniversaire-2\\\/#primaryimage\"},\"image\":{\"@id\":\"https:\\\/\\\/www.etf.fr\\\/en\\\/etf-academy-en\\\/notre-organisme-de-formation-etf-academy-fete-son-premier-anniversaire-2\\\/#primaryimage\"},\"thumbnailUrl\":\"https:\\\/\\\/www.etf.fr\\\/wp-content\\\/uploads\\\/2019\\\/02\\\/51545812_377023953114081_2840906182363709440_o.jpg\",\"datePublished\":\"2019-02-01T13:02:44+00:00\",\"dateModified\":\"2025-09-30T08:02:45+00:00\",\"description\":\"Apr\u00e8s seulement un an d\u2019existence, ETF Academy a d\u00e9j\u00e0 dispens\u00e9 plus de 18 500 heures de formations d\u00e9di\u00e9es aux divers m\u00e9tiers du ferroviaire !\",\"breadcrumb\":{\"@id\":\"https:\\\/\\\/www.etf.fr\\\/en\\\/etf-academy-en\\\/notre-organisme-de-formation-etf-academy-fete-son-premier-anniversaire-2\\\/#breadcrumb\"},\"inLanguage\":\"en-US\",\"potentialAction\":[{\"@type\":\"ReadAction\",\"target\":[\"https:\\\/\\\/www.etf.fr\\\/en\\\/etf-academy-en\\\/notre-organisme-de-formation-etf-academy-fete-son-premier-anniversaire-2\\\/\"]}]},{\"@type\":\"ImageObject\",\"inLanguage\":\"en-US\",\"@id\":\"https:\\\/\\\/www.etf.fr\\\/en\\\/etf-academy-en\\\/notre-organisme-de-formation-etf-academy-fete-son-premier-anniversaire-2\\\/#primaryimage\",\"url\":\"https:\\\/\\\/www.etf.fr\\\/wp-content\\\/uploads\\\/2019\\\/02\\\/51545812_377023953114081_2840906182363709440_o.jpg\",\"contentUrl\":\"https:\\\/\\\/www.etf.fr\\\/wp-content\\\/uploads\\\/2019\\\/02\\\/51545812_377023953114081_2840906182363709440_o.jpg\",\"width\":1728,\"height\":1296},{\"@type\":\"BreadcrumbList\",\"@id\":\"https:\\\/\\\/www.etf.fr\\\/en\\\/etf-academy-en\\\/notre-organisme-de-formation-etf-academy-fete-son-premier-anniversaire-2\\\/#breadcrumb\",\"itemListElement\":[{\"@type\":\"ListItem\",\"position\":1,\"name\":\"Accueil\",\"item\":\"https:\\\/\\\/www.etf.fr\\\/en\\\/\"},{\"@type\":\"ListItem\",\"position\":2,\"name\":\"Our training organisation, ETF Academy, is celebrating its first anniversary!\"}]},{\"@type\":\"WebSite\",\"@id\":\"https:\\\/\\\/www.etf.fr\\\/#website\",\"url\":\"https:\\\/\\\/www.etf.fr\\\/\",\"name\":\"ETF\",\"description\":\"Your transport partner worldwide\",\"publisher\":{\"@id\":\"https:\\\/\\\/www.etf.fr\\\/#organization\"},\"potentialAction\":[{\"@type\":\"SearchAction\",\"target\":{\"@type\":\"EntryPoint\",\"urlTemplate\":\"https:\\\/\\\/www.etf.fr\\\/?s={search_term_string}\"},\"query-input\":{\"@type\":\"PropertyValueSpecification\",\"valueRequired\":true,\"valueName\":\"search_term_string\"}}],\"inLanguage\":\"en-US\"},{\"@type\":\"Organization\",\"@id\":\"https:\\\/\\\/www.etf.fr\\\/#organization\",\"name\":\"ETF\",\"url\":\"https:\\\/\\\/www.etf.fr\\\/\",\"logo\":{\"@type\":\"ImageObject\",\"inLanguage\":\"en-US\",\"@id\":\"https:\\\/\\\/www.etf.fr\\\/#\\\/schema\\\/logo\\\/image\\\/\",\"url\":\"https:\\\/\\\/www.etf.fr\\\/wp-content\\\/uploads\\\/2019\\\/03\\\/logo-ETF.png\",\"contentUrl\":\"https:\\\/\\\/www.etf.fr\\\/wp-content\\\/uploads\\\/2019\\\/03\\\/logo-ETF.png\",\"width\":272,\"height\":161,\"caption\":\"ETF\"},\"image\":{\"@id\":\"https:\\\/\\\/www.etf.fr\\\/#\\\/schema\\\/logo\\\/image\\\/\"}},{\"@type\":\"Person\",\"@id\":\"https:\\\/\\\/www.etf.fr\\\/#\\\/schema\\\/person\\\/161a2c149c1f701b263f97f54de35dbd\",\"name\":\"mathilde\",\"url\":\"https:\\\/\\\/www.etf.fr\\\/en\\\/author\\\/mathilde\\\/\"}]}<\/script>\n<!-- \/ Yoast SEO plugin. -->","yoast_head_json":{"title":"Our training organisation, ETF Academy, is celebrating its first anniversary! - ETF","description":"Apr\u00e8s seulement un an d\u2019existence, ETF Academy a d\u00e9j\u00e0 dispens\u00e9 plus de 18 500 heures de formations d\u00e9di\u00e9es aux divers m\u00e9tiers du ferroviaire !","robots":{"index":"index","follow":"follow","max-snippet":"max-snippet:-1","max-image-preview":"max-image-preview:large","max-video-preview":"max-video-preview:-1"},"canonical":"https:\/\/www.etf.fr\/en\/etf-academy-en\/notre-organisme-de-formation-etf-academy-fete-son-premier-anniversaire-2\/","og_locale":"en_US","og_type":"article","og_title":"Our training organisation, ETF Academy, is celebrating its first anniversary! - ETF","og_description":"Apr\u00e8s seulement un an d\u2019existence, ETF Academy a d\u00e9j\u00e0 dispens\u00e9 plus de 18 500 heures de formations d\u00e9di\u00e9es aux divers m\u00e9tiers du ferroviaire !","og_url":"https:\/\/www.etf.fr\/en\/etf-academy-en\/notre-organisme-de-formation-etf-academy-fete-son-premier-anniversaire-2\/","og_site_name":"ETF","article_published_time":"2019-02-01T13:02:44+00:00","article_modified_time":"2025-09-30T08:02:45+00:00","og_image":[{"width":1728,"height":1296,"url":"https:\/\/www.etf.fr\/wp-content\/uploads\/2019\/02\/51545812_377023953114081_2840906182363709440_o.jpg","type":"image\/jpeg"}],"author":"mathilde","twitter_card":"summary_large_image","twitter_misc":{"Written by":"mathilde","Est. reading time":"1 minute"},"schema":{"@context":"https:\/\/schema.org","@graph":[{"@type":"Article","@id":"https:\/\/www.etf.fr\/en\/etf-academy-en\/notre-organisme-de-formation-etf-academy-fete-son-premier-anniversaire-2\/#article","isPartOf":{"@id":"https:\/\/www.etf.fr\/en\/etf-academy-en\/notre-organisme-de-formation-etf-academy-fete-son-premier-anniversaire-2\/"},"author":{"name":"mathilde","@id":"https:\/\/www.etf.fr\/#\/schema\/person\/161a2c149c1f701b263f97f54de35dbd"},"headline":"Our training organisation, ETF Academy, is celebrating its first anniversary!","datePublished":"2019-02-01T13:02:44+00:00","dateModified":"2025-09-30T08:02:45+00:00","mainEntityOfPage":{"@id":"https:\/\/www.etf.fr\/en\/etf-academy-en\/notre-organisme-de-formation-etf-academy-fete-son-premier-anniversaire-2\/"},"wordCount":105,"publisher":{"@id":"https:\/\/www.etf.fr\/#organization"},"image":{"@id":"https:\/\/www.etf.fr\/en\/etf-academy-en\/notre-organisme-de-formation-etf-academy-fete-son-premier-anniversaire-2\/#primaryimage"},"thumbnailUrl":"https:\/\/www.etf.fr\/wp-content\/uploads\/2019\/02\/51545812_377023953114081_2840906182363709440_o.jpg","articleSection":["ETF Academy","Actualit\u00e9s"],"inLanguage":"en-US"},{"@type":"WebPage","@id":"https:\/\/www.etf.fr\/en\/etf-academy-en\/notre-organisme-de-formation-etf-academy-fete-son-premier-anniversaire-2\/","url":"https:\/\/www.etf.fr\/en\/etf-academy-en\/notre-organisme-de-formation-etf-academy-fete-son-premier-anniversaire-2\/","name":"Our training organisation, ETF Academy, is celebrating its first anniversary! - ETF","isPartOf":{"@id":"https:\/\/www.etf.fr\/#website"},"primaryImageOfPage":{"@id":"https:\/\/www.etf.fr\/en\/etf-academy-en\/notre-organisme-de-formation-etf-academy-fete-son-premier-anniversaire-2\/#primaryimage"},"image":{"@id":"https:\/\/www.etf.fr\/en\/etf-academy-en\/notre-organisme-de-formation-etf-academy-fete-son-premier-anniversaire-2\/#primaryimage"},"thumbnailUrl":"https:\/\/www.etf.fr\/wp-content\/uploads\/2019\/02\/51545812_377023953114081_2840906182363709440_o.jpg","datePublished":"2019-02-01T13:02:44+00:00","dateModified":"2025-09-30T08:02:45+00:00","description":"Apr\u00e8s seulement un an d\u2019existence, ETF Academy a d\u00e9j\u00e0 dispens\u00e9 plus de 18 500 heures de formations d\u00e9di\u00e9es aux divers m\u00e9tiers du ferroviaire !","breadcrumb":{"@id":"https:\/\/www.etf.fr\/en\/etf-academy-en\/notre-organisme-de-formation-etf-academy-fete-son-premier-anniversaire-2\/#breadcrumb"},"inLanguage":"en-US","potentialAction":[{"@type":"ReadAction","target":["https:\/\/www.etf.fr\/en\/etf-academy-en\/notre-organisme-de-formation-etf-academy-fete-son-premier-anniversaire-2\/"]}]},{"@type":"ImageObject","inLanguage":"en-US","@id":"https:\/\/www.etf.fr\/en\/etf-academy-en\/notre-organisme-de-formation-etf-academy-fete-son-premier-anniversaire-2\/#primaryimage","url":"https:\/\/www.etf.fr\/wp-content\/uploads\/2019\/02\/51545812_377023953114081_2840906182363709440_o.jpg","contentUrl":"https:\/\/www.etf.fr\/wp-content\/uploads\/2019\/02\/51545812_377023953114081_2840906182363709440_o.jpg","width":1728,"height":1296},{"@type":"BreadcrumbList","@id":"https:\/\/www.etf.fr\/en\/etf-academy-en\/notre-organisme-de-formation-etf-academy-fete-son-premier-anniversaire-2\/#breadcrumb","itemListElement":[{"@type":"ListItem","position":1,"name":"Accueil","item":"https:\/\/www.etf.fr\/en\/"},{"@type":"ListItem","position":2,"name":"Our training organisation, ETF Academy, is celebrating its first anniversary!"}]},{"@type":"WebSite","@id":"https:\/\/www.etf.fr\/#website","url":"https:\/\/www.etf.fr\/","name":"ETF","description":"Your transport partner worldwide","publisher":{"@id":"https:\/\/www.etf.fr\/#organization"},"potentialAction":[{"@type":"SearchAction","target":{"@type":"EntryPoint","urlTemplate":"https:\/\/www.etf.fr\/?s={search_term_string}"},"query-input":{"@type":"PropertyValueSpecification","valueRequired":true,"valueName":"search_term_string"}}],"inLanguage":"en-US"},{"@type":"Organization","@id":"https:\/\/www.etf.fr\/#organization","name":"ETF","url":"https:\/\/www.etf.fr\/","logo":{"@type":"ImageObject","inLanguage":"en-US","@id":"https:\/\/www.etf.fr\/#\/schema\/logo\/image\/","url":"https:\/\/www.etf.fr\/wp-content\/uploads\/2019\/03\/logo-ETF.png","contentUrl":"https:\/\/www.etf.fr\/wp-content\/uploads\/2019\/03\/logo-ETF.png","width":272,"height":161,"caption":"ETF"},"image":{"@id":"https:\/\/www.etf.fr\/#\/schema\/logo\/image\/"}},{"@type":"Person","@id":"https:\/\/www.etf.fr\/#\/schema\/person\/161a2c149c1f701b263f97f54de35dbd","name":"mathilde","url":"https:\/\/www.etf.fr\/en\/author\/mathilde\/"}]}},"_links":{"self":[{"href":"https:\/\/www.etf.fr\/en\/wp-json\/wp\/v2\/posts\/12524080","targetHints":{"allow":["GET"]}}],"collection":[{"href":"https:\/\/www.etf.fr\/en\/wp-json\/wp\/v2\/posts"}],"about":[{"href":"https:\/\/www.etf.fr\/en\/wp-json\/wp\/v2\/types\/post"}],"author":[{"embeddable":true,"href":"https:\/\/www.etf.fr\/en\/wp-json\/wp\/v2\/users\/5"}],"replies":[{"embeddable":true,"href":"https:\/\/www.etf.fr\/en\/wp-json\/wp\/v2\/comments?post=12524080"}],"version-history":[{"count":1,"href":"https:\/\/www.etf.fr\/en\/wp-json\/wp\/v2\/posts\/12524080\/revisions"}],"predecessor-version":[{"id":12524082,"href":"https:\/\/www.etf.fr\/en\/wp-json\/wp\/v2\/posts\/12524080\/revisions\/12524082"}],"wp:featuredmedia":[{"embeddable":true,"href":"https:\/\/www.etf.fr\/en\/wp-json\/wp\/v2\/media\/12524081"}],"wp:attachment":[{"href":"https:\/\/www.etf.fr\/en\/wp-json\/wp\/v2\/media?parent=12524080"}],"wp:term":[{"taxonomy":"category","embeddable":true,"href":"https:\/\/www.etf.fr\/en\/wp-json\/wp\/v2\/categories?post=12524080"},{"taxonomy":"post_tag","embeddable":true,"href":"https:\/\/www.etf.fr\/en\/wp-json\/wp\/v2\/tags?post=12524080"}],"curies":[{"name":"wp","href":"https:\/\/api.w.org\/{rel}","templated":true}]}}