{"id":12524092,"date":"2018-10-30T11:47:00","date_gmt":"2018-10-30T10:47:00","guid":{"rendered":"https:\/\/www.etf.fr\/uncategorized\/la-champenoise-lance-sa-campagne-vigirail-2017\/"},"modified":"2025-09-30T10:06:27","modified_gmt":"2025-09-30T08:06:27","slug":"la-champenoise-lance-sa-campagne-vigirail-2017","status":"publish","type":"post","link":"https:\/\/www.etf.fr\/en\/la-champenoise-en\/la-champenoise-lance-sa-campagne-vigirail-2017\/","title":{"rendered":"La Champenoise launches its VIGIRAIL 2017 campaign"},"content":{"rendered":"A consortium comprising 100% Eurovia companies, including La Champenoise TP &amp; VF (lead contractor), ETF Sud-Est, ETF Luxembourg, ETF Services and ETF Sud-Ouest, has launched its Vigirail campaign with a major project at Lyon Perrache station (69).\n\nFor the record, Vigirail is a programme launched by SNCF R\u00e9seau and SNCF to strengthen surveillance, modernise maintenance and accelerate the replacement of points on their railway installations.\n\nThis large-scale project, which requires particularly sophisticated working techniques, marks the launch of the 2017 Vigirail campaign, which plans to carry out 15 basic projects and replace more than 100 pieces of track equipment.\n\nThe pre-assembly of the points was carried out at the end of 2016 over a period of more than two months. The work now consists of renewing 34 sets of points and nearly 1,200 metres of track at Lyon-Perrache station. This first part of the project must be delivered on 3 March in order to switch to the other half of the beam and thus meet the delivery date of 7 April 2017. Partially closed since 30 January 2017, Lyon-Perrache station will be back in service without interruption from 8 April 2017.\n\nTo complete this project on schedule, teams are working around the clock, bringing together more than 50 employees specialising in different but complementary areas of expertise.\n\n<b>Watch the video <\/b><a href=\"https:\/\/youtu.be\/CDO3hpv0UAY?list=PLu1yzE_1ZjcZxfyxpuMJ70SpFKWxd_9dB\"><b>by clicking here<\/b><\/a>","protected":false},"excerpt":{"rendered":"<p>A consortium comprising 100% Eurovia companies, including La Champenoise TP &amp; VF (lead contractor), ETF Sud-Est, ETF Luxembourg, ETF Services and ETF Sud-Ouest, kicked off its Vigirail campaign with a major project at Lyon Perrache station (69).<\/p>\n","protected":false},"author":3,"featured_media":8851,"comment_status":"closed","ping_status":"open","sticky":false,"template":"","format":"standard","meta":{"_acf_changed":false,"footnotes":""},"categories":[196,191],"tags":[],"class_list":["post-12524092","post","type-post","status-publish","format-standard","has-post-thumbnail","hentry","category-la-champenoise-en","category-actualites-en"],"acf":[],"yoast_head":"<!-- This site is optimized with the Yoast SEO plugin v27.5 - https:\/\/yoast.com\/product\/yoast-seo-wordpress\/ -->\n<title>La Champenoise lance sa campagne VIGIRAIL 2017<\/title>\n<meta name=\"description\" content=\"Un groupement 100% Eurovia, a entam\u00e9 sa campagne Vigirail par un chantier majeur en gare de Lyon Perrache (69).\" \/>\n<meta name=\"robots\" content=\"index, follow, max-snippet:-1, max-image-preview:large, max-video-preview:-1\" \/>\n<link rel=\"canonical\" href=\"https:\/\/www.etf.fr\/en\/la-champenoise-en\/la-champenoise-lance-sa-campagne-vigirail-2017\/\" \/>\n<meta property=\"og:locale\" content=\"en_US\" \/>\n<meta property=\"og:type\" content=\"article\" \/>\n<meta property=\"og:title\" content=\"La Champenoise lance sa campagne VIGIRAIL 2017\" \/>\n<meta property=\"og:description\" content=\"Un groupement 100% Eurovia, a entam\u00e9 sa campagne Vigirail par un chantier majeur en gare de Lyon Perrache (69).\" \/>\n<meta property=\"og:url\" content=\"https:\/\/www.etf.fr\/en\/la-champenoise-en\/la-champenoise-lance-sa-campagne-vigirail-2017\/\" \/>\n<meta property=\"og:site_name\" content=\"ETF\" \/>\n<meta property=\"article:published_time\" content=\"2018-10-30T10:47:00+00:00\" \/>\n<meta property=\"article:modified_time\" content=\"2025-09-30T08:06:27+00:00\" \/>\n<meta property=\"og:image\" content=\"https:\/\/www.etf.fr\/wp-content\/uploads\/2017\/09\/Vue-g\u00e9n\u00e9rique-5.jpg\" \/>\n\t<meta property=\"og:image:width\" content=\"2560\" \/>\n\t<meta property=\"og:image:height\" content=\"1704\" \/>\n\t<meta property=\"og:image:type\" content=\"image\/jpeg\" \/>\n<meta name=\"author\" content=\"brice\" \/>\n<meta name=\"twitter:card\" content=\"summary_large_image\" \/>\n<meta name=\"twitter:label1\" content=\"Written by\" \/>\n\t<meta name=\"twitter:data1\" content=\"brice\" \/>\n\t<meta name=\"twitter:label2\" content=\"Est. reading time\" \/>\n\t<meta name=\"twitter:data2\" content=\"2 minutes\" \/>\n<script type=\"application\/ld+json\" class=\"yoast-schema-graph\">{\"@context\":\"https:\\\/\\\/schema.org\",\"@graph\":[{\"@type\":\"Article\",\"@id\":\"https:\\\/\\\/www.etf.fr\\\/en\\\/la-champenoise-en\\\/la-champenoise-lance-sa-campagne-vigirail-2017\\\/#article\",\"isPartOf\":{\"@id\":\"https:\\\/\\\/www.etf.fr\\\/en\\\/la-champenoise-en\\\/la-champenoise-lance-sa-campagne-vigirail-2017\\\/\"},\"author\":{\"name\":\"brice\",\"@id\":\"https:\\\/\\\/www.etf.fr\\\/#\\\/schema\\\/person\\\/732055a69ee6fdaf6db70f6bb1d3b5ae\"},\"headline\":\"La Champenoise launches its VIGIRAIL 2017 campaign\",\"datePublished\":\"2018-10-30T10:47:00+00:00\",\"dateModified\":\"2025-09-30T08:06:27+00:00\",\"mainEntityOfPage\":{\"@id\":\"https:\\\/\\\/www.etf.fr\\\/en\\\/la-champenoise-en\\\/la-champenoise-lance-sa-campagne-vigirail-2017\\\/\"},\"wordCount\":214,\"publisher\":{\"@id\":\"https:\\\/\\\/www.etf.fr\\\/#organization\"},\"image\":{\"@id\":\"https:\\\/\\\/www.etf.fr\\\/en\\\/la-champenoise-en\\\/la-champenoise-lance-sa-campagne-vigirail-2017\\\/#primaryimage\"},\"thumbnailUrl\":\"https:\\\/\\\/www.etf.fr\\\/wp-content\\\/uploads\\\/2017\\\/09\\\/Vue-g\u00e9n\u00e9rique-5.jpg\",\"articleSection\":[\"La Champenoise\",\"Actualit\u00e9s\"],\"inLanguage\":\"en-US\"},{\"@type\":\"WebPage\",\"@id\":\"https:\\\/\\\/www.etf.fr\\\/en\\\/la-champenoise-en\\\/la-champenoise-lance-sa-campagne-vigirail-2017\\\/\",\"url\":\"https:\\\/\\\/www.etf.fr\\\/en\\\/la-champenoise-en\\\/la-champenoise-lance-sa-campagne-vigirail-2017\\\/\",\"name\":\"La Champenoise lance sa campagne VIGIRAIL 2017\",\"isPartOf\":{\"@id\":\"https:\\\/\\\/www.etf.fr\\\/#website\"},\"primaryImageOfPage\":{\"@id\":\"https:\\\/\\\/www.etf.fr\\\/en\\\/la-champenoise-en\\\/la-champenoise-lance-sa-campagne-vigirail-2017\\\/#primaryimage\"},\"image\":{\"@id\":\"https:\\\/\\\/www.etf.fr\\\/en\\\/la-champenoise-en\\\/la-champenoise-lance-sa-campagne-vigirail-2017\\\/#primaryimage\"},\"thumbnailUrl\":\"https:\\\/\\\/www.etf.fr\\\/wp-content\\\/uploads\\\/2017\\\/09\\\/Vue-g\u00e9n\u00e9rique-5.jpg\",\"datePublished\":\"2018-10-30T10:47:00+00:00\",\"dateModified\":\"2025-09-30T08:06:27+00:00\",\"description\":\"Un groupement 100% Eurovia, a entam\u00e9 sa campagne Vigirail par un chantier majeur en gare de Lyon Perrache (69).\",\"breadcrumb\":{\"@id\":\"https:\\\/\\\/www.etf.fr\\\/en\\\/la-champenoise-en\\\/la-champenoise-lance-sa-campagne-vigirail-2017\\\/#breadcrumb\"},\"inLanguage\":\"en-US\",\"potentialAction\":[{\"@type\":\"ReadAction\",\"target\":[\"https:\\\/\\\/www.etf.fr\\\/en\\\/la-champenoise-en\\\/la-champenoise-lance-sa-campagne-vigirail-2017\\\/\"]}]},{\"@type\":\"ImageObject\",\"inLanguage\":\"en-US\",\"@id\":\"https:\\\/\\\/www.etf.fr\\\/en\\\/la-champenoise-en\\\/la-champenoise-lance-sa-campagne-vigirail-2017\\\/#primaryimage\",\"url\":\"https:\\\/\\\/www.etf.fr\\\/wp-content\\\/uploads\\\/2017\\\/09\\\/Vue-g\u00e9n\u00e9rique-5.jpg\",\"contentUrl\":\"https:\\\/\\\/www.etf.fr\\\/wp-content\\\/uploads\\\/2017\\\/09\\\/Vue-g\u00e9n\u00e9rique-5.jpg\",\"width\":2560,\"height\":1704,\"caption\":\"Chantier de la LGV Est Europ\u00e9enne. ETF ( filiale travaux ferroviaires du groupe Eurovia) pose des voies. Traverse de b\u00e9ton arm\u00e9 monobloc, longs rails soud\u00e9s ( LRS) et ballast. Wagon de transport des longs rails soud\u00e9s.\"},{\"@type\":\"BreadcrumbList\",\"@id\":\"https:\\\/\\\/www.etf.fr\\\/en\\\/la-champenoise-en\\\/la-champenoise-lance-sa-campagne-vigirail-2017\\\/#breadcrumb\",\"itemListElement\":[{\"@type\":\"ListItem\",\"position\":1,\"name\":\"Accueil\",\"item\":\"https:\\\/\\\/www.etf.fr\\\/en\\\/\"},{\"@type\":\"ListItem\",\"position\":2,\"name\":\"La Champenoise launches its VIGIRAIL 2017 campaign\"}]},{\"@type\":\"WebSite\",\"@id\":\"https:\\\/\\\/www.etf.fr\\\/#website\",\"url\":\"https:\\\/\\\/www.etf.fr\\\/\",\"name\":\"ETF\",\"description\":\"Your transport partner worldwide\",\"publisher\":{\"@id\":\"https:\\\/\\\/www.etf.fr\\\/#organization\"},\"potentialAction\":[{\"@type\":\"SearchAction\",\"target\":{\"@type\":\"EntryPoint\",\"urlTemplate\":\"https:\\\/\\\/www.etf.fr\\\/?s={search_term_string}\"},\"query-input\":{\"@type\":\"PropertyValueSpecification\",\"valueRequired\":true,\"valueName\":\"search_term_string\"}}],\"inLanguage\":\"en-US\"},{\"@type\":\"Organization\",\"@id\":\"https:\\\/\\\/www.etf.fr\\\/#organization\",\"name\":\"ETF\",\"url\":\"https:\\\/\\\/www.etf.fr\\\/\",\"logo\":{\"@type\":\"ImageObject\",\"inLanguage\":\"en-US\",\"@id\":\"https:\\\/\\\/www.etf.fr\\\/#\\\/schema\\\/logo\\\/image\\\/\",\"url\":\"https:\\\/\\\/www.etf.fr\\\/wp-content\\\/uploads\\\/2019\\\/03\\\/logo-ETF.png\",\"contentUrl\":\"https:\\\/\\\/www.etf.fr\\\/wp-content\\\/uploads\\\/2019\\\/03\\\/logo-ETF.png\",\"width\":272,\"height\":161,\"caption\":\"ETF\"},\"image\":{\"@id\":\"https:\\\/\\\/www.etf.fr\\\/#\\\/schema\\\/logo\\\/image\\\/\"}},{\"@type\":\"Person\",\"@id\":\"https:\\\/\\\/www.etf.fr\\\/#\\\/schema\\\/person\\\/732055a69ee6fdaf6db70f6bb1d3b5ae\",\"name\":\"brice\",\"url\":\"https:\\\/\\\/www.etf.fr\\\/en\\\/author\\\/brice\\\/\"}]}<\/script>\n<!-- \/ Yoast SEO plugin. -->","yoast_head_json":{"title":"La Champenoise lance sa campagne VIGIRAIL 2017","description":"Un groupement 100% Eurovia, a entam\u00e9 sa campagne Vigirail par un chantier majeur en gare de Lyon Perrache (69).","robots":{"index":"index","follow":"follow","max-snippet":"max-snippet:-1","max-image-preview":"max-image-preview:large","max-video-preview":"max-video-preview:-1"},"canonical":"https:\/\/www.etf.fr\/en\/la-champenoise-en\/la-champenoise-lance-sa-campagne-vigirail-2017\/","og_locale":"en_US","og_type":"article","og_title":"La Champenoise lance sa campagne VIGIRAIL 2017","og_description":"Un groupement 100% Eurovia, a entam\u00e9 sa campagne Vigirail par un chantier majeur en gare de Lyon Perrache (69).","og_url":"https:\/\/www.etf.fr\/en\/la-champenoise-en\/la-champenoise-lance-sa-campagne-vigirail-2017\/","og_site_name":"ETF","article_published_time":"2018-10-30T10:47:00+00:00","article_modified_time":"2025-09-30T08:06:27+00:00","og_image":[{"width":2560,"height":1704,"url":"https:\/\/www.etf.fr\/wp-content\/uploads\/2017\/09\/Vue-g\u00e9n\u00e9rique-5.jpg","type":"image\/jpeg"}],"author":"brice","twitter_card":"summary_large_image","twitter_misc":{"Written by":"brice","Est. reading time":"2 minutes"},"schema":{"@context":"https:\/\/schema.org","@graph":[{"@type":"Article","@id":"https:\/\/www.etf.fr\/en\/la-champenoise-en\/la-champenoise-lance-sa-campagne-vigirail-2017\/#article","isPartOf":{"@id":"https:\/\/www.etf.fr\/en\/la-champenoise-en\/la-champenoise-lance-sa-campagne-vigirail-2017\/"},"author":{"name":"brice","@id":"https:\/\/www.etf.fr\/#\/schema\/person\/732055a69ee6fdaf6db70f6bb1d3b5ae"},"headline":"La Champenoise launches its VIGIRAIL 2017 campaign","datePublished":"2018-10-30T10:47:00+00:00","dateModified":"2025-09-30T08:06:27+00:00","mainEntityOfPage":{"@id":"https:\/\/www.etf.fr\/en\/la-champenoise-en\/la-champenoise-lance-sa-campagne-vigirail-2017\/"},"wordCount":214,"publisher":{"@id":"https:\/\/www.etf.fr\/#organization"},"image":{"@id":"https:\/\/www.etf.fr\/en\/la-champenoise-en\/la-champenoise-lance-sa-campagne-vigirail-2017\/#primaryimage"},"thumbnailUrl":"https:\/\/www.etf.fr\/wp-content\/uploads\/2017\/09\/Vue-g\u00e9n\u00e9rique-5.jpg","articleSection":["La Champenoise","Actualit\u00e9s"],"inLanguage":"en-US"},{"@type":"WebPage","@id":"https:\/\/www.etf.fr\/en\/la-champenoise-en\/la-champenoise-lance-sa-campagne-vigirail-2017\/","url":"https:\/\/www.etf.fr\/en\/la-champenoise-en\/la-champenoise-lance-sa-campagne-vigirail-2017\/","name":"La Champenoise lance sa campagne VIGIRAIL 2017","isPartOf":{"@id":"https:\/\/www.etf.fr\/#website"},"primaryImageOfPage":{"@id":"https:\/\/www.etf.fr\/en\/la-champenoise-en\/la-champenoise-lance-sa-campagne-vigirail-2017\/#primaryimage"},"image":{"@id":"https:\/\/www.etf.fr\/en\/la-champenoise-en\/la-champenoise-lance-sa-campagne-vigirail-2017\/#primaryimage"},"thumbnailUrl":"https:\/\/www.etf.fr\/wp-content\/uploads\/2017\/09\/Vue-g\u00e9n\u00e9rique-5.jpg","datePublished":"2018-10-30T10:47:00+00:00","dateModified":"2025-09-30T08:06:27+00:00","description":"Un groupement 100% Eurovia, a entam\u00e9 sa campagne Vigirail par un chantier majeur en gare de Lyon Perrache (69).","breadcrumb":{"@id":"https:\/\/www.etf.fr\/en\/la-champenoise-en\/la-champenoise-lance-sa-campagne-vigirail-2017\/#breadcrumb"},"inLanguage":"en-US","potentialAction":[{"@type":"ReadAction","target":["https:\/\/www.etf.fr\/en\/la-champenoise-en\/la-champenoise-lance-sa-campagne-vigirail-2017\/"]}]},{"@type":"ImageObject","inLanguage":"en-US","@id":"https:\/\/www.etf.fr\/en\/la-champenoise-en\/la-champenoise-lance-sa-campagne-vigirail-2017\/#primaryimage","url":"https:\/\/www.etf.fr\/wp-content\/uploads\/2017\/09\/Vue-g\u00e9n\u00e9rique-5.jpg","contentUrl":"https:\/\/www.etf.fr\/wp-content\/uploads\/2017\/09\/Vue-g\u00e9n\u00e9rique-5.jpg","width":2560,"height":1704,"caption":"Chantier de la LGV Est Europ\u00e9enne. ETF ( filiale travaux ferroviaires du groupe Eurovia) pose des voies. Traverse de b\u00e9ton arm\u00e9 monobloc, longs rails soud\u00e9s ( LRS) et ballast. Wagon de transport des longs rails soud\u00e9s."},{"@type":"BreadcrumbList","@id":"https:\/\/www.etf.fr\/en\/la-champenoise-en\/la-champenoise-lance-sa-campagne-vigirail-2017\/#breadcrumb","itemListElement":[{"@type":"ListItem","position":1,"name":"Accueil","item":"https:\/\/www.etf.fr\/en\/"},{"@type":"ListItem","position":2,"name":"La Champenoise launches its VIGIRAIL 2017 campaign"}]},{"@type":"WebSite","@id":"https:\/\/www.etf.fr\/#website","url":"https:\/\/www.etf.fr\/","name":"ETF","description":"Your transport partner worldwide","publisher":{"@id":"https:\/\/www.etf.fr\/#organization"},"potentialAction":[{"@type":"SearchAction","target":{"@type":"EntryPoint","urlTemplate":"https:\/\/www.etf.fr\/?s={search_term_string}"},"query-input":{"@type":"PropertyValueSpecification","valueRequired":true,"valueName":"search_term_string"}}],"inLanguage":"en-US"},{"@type":"Organization","@id":"https:\/\/www.etf.fr\/#organization","name":"ETF","url":"https:\/\/www.etf.fr\/","logo":{"@type":"ImageObject","inLanguage":"en-US","@id":"https:\/\/www.etf.fr\/#\/schema\/logo\/image\/","url":"https:\/\/www.etf.fr\/wp-content\/uploads\/2019\/03\/logo-ETF.png","contentUrl":"https:\/\/www.etf.fr\/wp-content\/uploads\/2019\/03\/logo-ETF.png","width":272,"height":161,"caption":"ETF"},"image":{"@id":"https:\/\/www.etf.fr\/#\/schema\/logo\/image\/"}},{"@type":"Person","@id":"https:\/\/www.etf.fr\/#\/schema\/person\/732055a69ee6fdaf6db70f6bb1d3b5ae","name":"brice","url":"https:\/\/www.etf.fr\/en\/author\/brice\/"}]}},"_links":{"self":[{"href":"https:\/\/www.etf.fr\/en\/wp-json\/wp\/v2\/posts\/12524092","targetHints":{"allow":["GET"]}}],"collection":[{"href":"https:\/\/www.etf.fr\/en\/wp-json\/wp\/v2\/posts"}],"about":[{"href":"https:\/\/www.etf.fr\/en\/wp-json\/wp\/v2\/types\/post"}],"author":[{"embeddable":true,"href":"https:\/\/www.etf.fr\/en\/wp-json\/wp\/v2\/users\/3"}],"replies":[{"embeddable":true,"href":"https:\/\/www.etf.fr\/en\/wp-json\/wp\/v2\/comments?post=12524092"}],"version-history":[{"count":1,"href":"https:\/\/www.etf.fr\/en\/wp-json\/wp\/v2\/posts\/12524092\/revisions"}],"predecessor-version":[{"id":12524094,"href":"https:\/\/www.etf.fr\/en\/wp-json\/wp\/v2\/posts\/12524092\/revisions\/12524094"}],"wp:featuredmedia":[{"embeddable":true,"href":"https:\/\/www.etf.fr\/en\/wp-json\/wp\/v2\/media\/8851"}],"wp:attachment":[{"href":"https:\/\/www.etf.fr\/en\/wp-json\/wp\/v2\/media?parent=12524092"}],"wp:term":[{"taxonomy":"category","embeddable":true,"href":"https:\/\/www.etf.fr\/en\/wp-json\/wp\/v2\/categories?post=12524092"},{"taxonomy":"post_tag","embeddable":true,"href":"https:\/\/www.etf.fr\/en\/wp-json\/wp\/v2\/tags?post=12524092"}],"curies":[{"name":"wp","href":"https:\/\/api.w.org\/{rel}","templated":true}]}}