{"id":12524100,"date":"2018-09-14T11:54:57","date_gmt":"2018-09-14T09:54:57","guid":{"rendered":"https:\/\/www.etf.fr\/uncategorized\/etf-prime-par-sncf-reseau\/"},"modified":"2025-09-30T10:08:36","modified_gmt":"2025-09-30T08:08:36","slug":"etf-prime-par-sncf-reseau","status":"publish","type":"post","link":"https:\/\/www.etf.fr\/en\/actualites-en\/etf-prime-par-sncf-reseau\/","title":{"rendered":"ETF awarded by SNCF R\u00e9seau"},"content":{"rendered":"At the \u2018Victoires de la s\u00e9curit\u00e9 des chantiers\u2019 (Construction Site Safety Awards) organised by SNCF R\u00e9seau, the Civil Engineering agency received the \u2018Successful Cooperation\u2019 award in the \u2018People and Practices\u2019 category for its \u2018VIDEO RAIL\u2019 initiative. This is a great achievement for the ETF teams, who demonstrate their commitment to prevention in the field.","protected":false},"excerpt":{"rendered":"<p>At the \u2018Victoires de la s\u00e9curit\u00e9 des chantiers\u2019 (Construction Site Safety Awards) organised by SNCF R\u00e9seau, the Civil Engineering agency received the \u2018Successful Cooperation\u2019 award in the \u2018People and Practices\u2019 category for its \u2018VIDEO RAIL\u2019 initiative.<\/p>\n","protected":false},"author":5,"featured_media":12524101,"comment_status":"closed","ping_status":"open","sticky":false,"template":"","format":"standard","meta":{"_acf_changed":false,"footnotes":""},"categories":[191],"tags":[],"class_list":["post-12524100","post","type-post","status-publish","format-standard","has-post-thumbnail","hentry","category-actualites-en"],"acf":[],"yoast_head":"<!-- This site is optimized with the Yoast SEO plugin v27.1.1 - https:\/\/yoast.com\/product\/yoast-seo-wordpress\/ -->\n<title>ETF awarded by SNCF R\u00e9seau - ETF<\/title>\n<meta name=\"description\" content=\"A l&#039;occasion des &quot;Victoires de la s\u00e9curit\u00e9 des chantiers&quot; organis\u00e9es par SNCF R\u00e9seau, l&#039;agence G\u00e9nie Civil a re\u00e7u le prix &quot;Coop\u00e9ration r\u00e9ussie&quot; dans la cat\u00e9gorie des &quot;Hommes et les pratiques&quot;\u00a0 pour la d\u00e9marche &quot;VIDEO RAIL&quot;.\u00a0\" \/>\n<meta name=\"robots\" content=\"index, follow, max-snippet:-1, max-image-preview:large, max-video-preview:-1\" \/>\n<link rel=\"canonical\" href=\"https:\/\/www.etf.fr\/en\/actualites-en\/etf-prime-par-sncf-reseau\/\" \/>\n<meta property=\"og:locale\" content=\"en_US\" \/>\n<meta property=\"og:type\" content=\"article\" \/>\n<meta property=\"og:title\" content=\"ETF awarded by SNCF R\u00e9seau - ETF\" \/>\n<meta property=\"og:description\" content=\"A l&#039;occasion des &quot;Victoires de la s\u00e9curit\u00e9 des chantiers&quot; organis\u00e9es par SNCF R\u00e9seau, l&#039;agence G\u00e9nie Civil a re\u00e7u le prix &quot;Coop\u00e9ration r\u00e9ussie&quot; dans la cat\u00e9gorie des &quot;Hommes et les pratiques&quot;\u00a0 pour la d\u00e9marche &quot;VIDEO RAIL&quot;.\u00a0\" \/>\n<meta property=\"og:url\" content=\"https:\/\/www.etf.fr\/en\/actualites-en\/etf-prime-par-sncf-reseau\/\" \/>\n<meta property=\"og:site_name\" content=\"ETF\" \/>\n<meta property=\"article:published_time\" content=\"2018-09-14T09:54:57+00:00\" \/>\n<meta property=\"article:modified_time\" content=\"2025-09-30T08:08:36+00:00\" \/>\n<meta property=\"og:image\" content=\"https:\/\/www.etf.fr\/wp-content\/uploads\/2018\/12\/Victoires-de-la-s\u00e9curit\u00e9-des-chantiers-SNCF-2018.jpg\" \/>\n\t<meta property=\"og:image:width\" content=\"960\" \/>\n\t<meta property=\"og:image:height\" content=\"720\" \/>\n\t<meta property=\"og:image:type\" content=\"image\/jpeg\" \/>\n<meta name=\"author\" content=\"mathilde\" \/>\n<meta name=\"twitter:card\" content=\"summary_large_image\" \/>\n<meta name=\"twitter:label1\" content=\"Written by\" \/>\n\t<meta name=\"twitter:data1\" content=\"mathilde\" \/>\n\t<meta name=\"twitter:label2\" content=\"Est. reading time\" \/>\n\t<meta name=\"twitter:data2\" content=\"1 minute\" \/>\n<script type=\"application\/ld+json\" class=\"yoast-schema-graph\">{\"@context\":\"https:\/\/schema.org\",\"@graph\":[{\"@type\":\"Article\",\"@id\":\"https:\/\/www.etf.fr\/en\/actualites-en\/etf-prime-par-sncf-reseau\/#article\",\"isPartOf\":{\"@id\":\"https:\/\/www.etf.fr\/en\/actualites-en\/etf-prime-par-sncf-reseau\/\"},\"author\":{\"name\":\"mathilde\",\"@id\":\"https:\/\/www.etf.fr\/#\/schema\/person\/161a2c149c1f701b263f97f54de35dbd\"},\"headline\":\"ETF awarded by SNCF R\u00e9seau\",\"datePublished\":\"2018-09-14T09:54:57+00:00\",\"dateModified\":\"2025-09-30T08:08:36+00:00\",\"mainEntityOfPage\":{\"@id\":\"https:\/\/www.etf.fr\/en\/actualites-en\/etf-prime-par-sncf-reseau\/\"},\"wordCount\":62,\"publisher\":{\"@id\":\"https:\/\/www.etf.fr\/#organization\"},\"image\":{\"@id\":\"https:\/\/www.etf.fr\/en\/actualites-en\/etf-prime-par-sncf-reseau\/#primaryimage\"},\"thumbnailUrl\":\"https:\/\/www.etf.fr\/wp-content\/uploads\/2018\/12\/Victoires-de-la-s\u00e9curit\u00e9-des-chantiers-SNCF-2018.jpg\",\"articleSection\":[\"Actualit\u00e9s\"],\"inLanguage\":\"en-US\"},{\"@type\":\"WebPage\",\"@id\":\"https:\/\/www.etf.fr\/en\/actualites-en\/etf-prime-par-sncf-reseau\/\",\"url\":\"https:\/\/www.etf.fr\/en\/actualites-en\/etf-prime-par-sncf-reseau\/\",\"name\":\"ETF awarded by SNCF R\u00e9seau - ETF\",\"isPartOf\":{\"@id\":\"https:\/\/www.etf.fr\/#website\"},\"primaryImageOfPage\":{\"@id\":\"https:\/\/www.etf.fr\/en\/actualites-en\/etf-prime-par-sncf-reseau\/#primaryimage\"},\"image\":{\"@id\":\"https:\/\/www.etf.fr\/en\/actualites-en\/etf-prime-par-sncf-reseau\/#primaryimage\"},\"thumbnailUrl\":\"https:\/\/www.etf.fr\/wp-content\/uploads\/2018\/12\/Victoires-de-la-s\u00e9curit\u00e9-des-chantiers-SNCF-2018.jpg\",\"datePublished\":\"2018-09-14T09:54:57+00:00\",\"dateModified\":\"2025-09-30T08:08:36+00:00\",\"description\":\"A l'occasion des \\\"Victoires de la s\u00e9curit\u00e9 des chantiers\\\" organis\u00e9es par SNCF R\u00e9seau, l'agence G\u00e9nie Civil a re\u00e7u le prix \\\"Coop\u00e9ration r\u00e9ussie\\\" dans la cat\u00e9gorie des \\\"Hommes et les pratiques\\\"\u00a0 pour la d\u00e9marche \\\"VIDEO RAIL\\\".\u00a0\",\"breadcrumb\":{\"@id\":\"https:\/\/www.etf.fr\/en\/actualites-en\/etf-prime-par-sncf-reseau\/#breadcrumb\"},\"inLanguage\":\"en-US\",\"potentialAction\":[{\"@type\":\"ReadAction\",\"target\":[\"https:\/\/www.etf.fr\/en\/actualites-en\/etf-prime-par-sncf-reseau\/\"]}]},{\"@type\":\"ImageObject\",\"inLanguage\":\"en-US\",\"@id\":\"https:\/\/www.etf.fr\/en\/actualites-en\/etf-prime-par-sncf-reseau\/#primaryimage\",\"url\":\"https:\/\/www.etf.fr\/wp-content\/uploads\/2018\/12\/Victoires-de-la-s\u00e9curit\u00e9-des-chantiers-SNCF-2018.jpg\",\"contentUrl\":\"https:\/\/www.etf.fr\/wp-content\/uploads\/2018\/12\/Victoires-de-la-s\u00e9curit\u00e9-des-chantiers-SNCF-2018.jpg\",\"width\":960,\"height\":720},{\"@type\":\"BreadcrumbList\",\"@id\":\"https:\/\/www.etf.fr\/en\/actualites-en\/etf-prime-par-sncf-reseau\/#breadcrumb\",\"itemListElement\":[{\"@type\":\"ListItem\",\"position\":1,\"name\":\"Accueil\",\"item\":\"https:\/\/www.etf.fr\/en\/\"},{\"@type\":\"ListItem\",\"position\":2,\"name\":\"ETF awarded by SNCF R\u00e9seau\"}]},{\"@type\":\"WebSite\",\"@id\":\"https:\/\/www.etf.fr\/#website\",\"url\":\"https:\/\/www.etf.fr\/\",\"name\":\"ETF\",\"description\":\"Your transport partner worldwide\",\"publisher\":{\"@id\":\"https:\/\/www.etf.fr\/#organization\"},\"potentialAction\":[{\"@type\":\"SearchAction\",\"target\":{\"@type\":\"EntryPoint\",\"urlTemplate\":\"https:\/\/www.etf.fr\/?s={search_term_string}\"},\"query-input\":{\"@type\":\"PropertyValueSpecification\",\"valueRequired\":true,\"valueName\":\"search_term_string\"}}],\"inLanguage\":\"en-US\"},{\"@type\":\"Organization\",\"@id\":\"https:\/\/www.etf.fr\/#organization\",\"name\":\"ETF\",\"url\":\"https:\/\/www.etf.fr\/\",\"logo\":{\"@type\":\"ImageObject\",\"inLanguage\":\"en-US\",\"@id\":\"https:\/\/www.etf.fr\/#\/schema\/logo\/image\/\",\"url\":\"https:\/\/www.etf.fr\/wp-content\/uploads\/2019\/03\/logo-ETF.png\",\"contentUrl\":\"https:\/\/www.etf.fr\/wp-content\/uploads\/2019\/03\/logo-ETF.png\",\"width\":272,\"height\":161,\"caption\":\"ETF\"},\"image\":{\"@id\":\"https:\/\/www.etf.fr\/#\/schema\/logo\/image\/\"}},{\"@type\":\"Person\",\"@id\":\"https:\/\/www.etf.fr\/#\/schema\/person\/161a2c149c1f701b263f97f54de35dbd\",\"name\":\"mathilde\",\"url\":\"https:\/\/www.etf.fr\/en\/author\/mathilde\/\"}]}<\/script>\n<!-- \/ Yoast SEO plugin. -->","yoast_head_json":{"title":"ETF awarded by SNCF R\u00e9seau - ETF","description":"A l'occasion des \"Victoires de la s\u00e9curit\u00e9 des chantiers\" organis\u00e9es par SNCF R\u00e9seau, l'agence G\u00e9nie Civil a re\u00e7u le prix \"Coop\u00e9ration r\u00e9ussie\" dans la cat\u00e9gorie des \"Hommes et les pratiques\"\u00a0 pour la d\u00e9marche \"VIDEO RAIL\".\u00a0","robots":{"index":"index","follow":"follow","max-snippet":"max-snippet:-1","max-image-preview":"max-image-preview:large","max-video-preview":"max-video-preview:-1"},"canonical":"https:\/\/www.etf.fr\/en\/actualites-en\/etf-prime-par-sncf-reseau\/","og_locale":"en_US","og_type":"article","og_title":"ETF awarded by SNCF R\u00e9seau - ETF","og_description":"A l'occasion des \"Victoires de la s\u00e9curit\u00e9 des chantiers\" organis\u00e9es par SNCF R\u00e9seau, l'agence G\u00e9nie Civil a re\u00e7u le prix \"Coop\u00e9ration r\u00e9ussie\" dans la cat\u00e9gorie des \"Hommes et les pratiques\"\u00a0 pour la d\u00e9marche \"VIDEO RAIL\".\u00a0","og_url":"https:\/\/www.etf.fr\/en\/actualites-en\/etf-prime-par-sncf-reseau\/","og_site_name":"ETF","article_published_time":"2018-09-14T09:54:57+00:00","article_modified_time":"2025-09-30T08:08:36+00:00","og_image":[{"width":960,"height":720,"url":"https:\/\/www.etf.fr\/wp-content\/uploads\/2018\/12\/Victoires-de-la-s\u00e9curit\u00e9-des-chantiers-SNCF-2018.jpg","type":"image\/jpeg"}],"author":"mathilde","twitter_card":"summary_large_image","twitter_misc":{"Written by":"mathilde","Est. reading time":"1 minute"},"schema":{"@context":"https:\/\/schema.org","@graph":[{"@type":"Article","@id":"https:\/\/www.etf.fr\/en\/actualites-en\/etf-prime-par-sncf-reseau\/#article","isPartOf":{"@id":"https:\/\/www.etf.fr\/en\/actualites-en\/etf-prime-par-sncf-reseau\/"},"author":{"name":"mathilde","@id":"https:\/\/www.etf.fr\/#\/schema\/person\/161a2c149c1f701b263f97f54de35dbd"},"headline":"ETF awarded by SNCF R\u00e9seau","datePublished":"2018-09-14T09:54:57+00:00","dateModified":"2025-09-30T08:08:36+00:00","mainEntityOfPage":{"@id":"https:\/\/www.etf.fr\/en\/actualites-en\/etf-prime-par-sncf-reseau\/"},"wordCount":62,"publisher":{"@id":"https:\/\/www.etf.fr\/#organization"},"image":{"@id":"https:\/\/www.etf.fr\/en\/actualites-en\/etf-prime-par-sncf-reseau\/#primaryimage"},"thumbnailUrl":"https:\/\/www.etf.fr\/wp-content\/uploads\/2018\/12\/Victoires-de-la-s\u00e9curit\u00e9-des-chantiers-SNCF-2018.jpg","articleSection":["Actualit\u00e9s"],"inLanguage":"en-US"},{"@type":"WebPage","@id":"https:\/\/www.etf.fr\/en\/actualites-en\/etf-prime-par-sncf-reseau\/","url":"https:\/\/www.etf.fr\/en\/actualites-en\/etf-prime-par-sncf-reseau\/","name":"ETF awarded by SNCF R\u00e9seau - ETF","isPartOf":{"@id":"https:\/\/www.etf.fr\/#website"},"primaryImageOfPage":{"@id":"https:\/\/www.etf.fr\/en\/actualites-en\/etf-prime-par-sncf-reseau\/#primaryimage"},"image":{"@id":"https:\/\/www.etf.fr\/en\/actualites-en\/etf-prime-par-sncf-reseau\/#primaryimage"},"thumbnailUrl":"https:\/\/www.etf.fr\/wp-content\/uploads\/2018\/12\/Victoires-de-la-s\u00e9curit\u00e9-des-chantiers-SNCF-2018.jpg","datePublished":"2018-09-14T09:54:57+00:00","dateModified":"2025-09-30T08:08:36+00:00","description":"A l'occasion des \"Victoires de la s\u00e9curit\u00e9 des chantiers\" organis\u00e9es par SNCF R\u00e9seau, l'agence G\u00e9nie Civil a re\u00e7u le prix \"Coop\u00e9ration r\u00e9ussie\" dans la cat\u00e9gorie des \"Hommes et les pratiques\"\u00a0 pour la d\u00e9marche \"VIDEO RAIL\".\u00a0","breadcrumb":{"@id":"https:\/\/www.etf.fr\/en\/actualites-en\/etf-prime-par-sncf-reseau\/#breadcrumb"},"inLanguage":"en-US","potentialAction":[{"@type":"ReadAction","target":["https:\/\/www.etf.fr\/en\/actualites-en\/etf-prime-par-sncf-reseau\/"]}]},{"@type":"ImageObject","inLanguage":"en-US","@id":"https:\/\/www.etf.fr\/en\/actualites-en\/etf-prime-par-sncf-reseau\/#primaryimage","url":"https:\/\/www.etf.fr\/wp-content\/uploads\/2018\/12\/Victoires-de-la-s\u00e9curit\u00e9-des-chantiers-SNCF-2018.jpg","contentUrl":"https:\/\/www.etf.fr\/wp-content\/uploads\/2018\/12\/Victoires-de-la-s\u00e9curit\u00e9-des-chantiers-SNCF-2018.jpg","width":960,"height":720},{"@type":"BreadcrumbList","@id":"https:\/\/www.etf.fr\/en\/actualites-en\/etf-prime-par-sncf-reseau\/#breadcrumb","itemListElement":[{"@type":"ListItem","position":1,"name":"Accueil","item":"https:\/\/www.etf.fr\/en\/"},{"@type":"ListItem","position":2,"name":"ETF awarded by SNCF R\u00e9seau"}]},{"@type":"WebSite","@id":"https:\/\/www.etf.fr\/#website","url":"https:\/\/www.etf.fr\/","name":"ETF","description":"Your transport partner worldwide","publisher":{"@id":"https:\/\/www.etf.fr\/#organization"},"potentialAction":[{"@type":"SearchAction","target":{"@type":"EntryPoint","urlTemplate":"https:\/\/www.etf.fr\/?s={search_term_string}"},"query-input":{"@type":"PropertyValueSpecification","valueRequired":true,"valueName":"search_term_string"}}],"inLanguage":"en-US"},{"@type":"Organization","@id":"https:\/\/www.etf.fr\/#organization","name":"ETF","url":"https:\/\/www.etf.fr\/","logo":{"@type":"ImageObject","inLanguage":"en-US","@id":"https:\/\/www.etf.fr\/#\/schema\/logo\/image\/","url":"https:\/\/www.etf.fr\/wp-content\/uploads\/2019\/03\/logo-ETF.png","contentUrl":"https:\/\/www.etf.fr\/wp-content\/uploads\/2019\/03\/logo-ETF.png","width":272,"height":161,"caption":"ETF"},"image":{"@id":"https:\/\/www.etf.fr\/#\/schema\/logo\/image\/"}},{"@type":"Person","@id":"https:\/\/www.etf.fr\/#\/schema\/person\/161a2c149c1f701b263f97f54de35dbd","name":"mathilde","url":"https:\/\/www.etf.fr\/en\/author\/mathilde\/"}]}},"_links":{"self":[{"href":"https:\/\/www.etf.fr\/en\/wp-json\/wp\/v2\/posts\/12524100","targetHints":{"allow":["GET"]}}],"collection":[{"href":"https:\/\/www.etf.fr\/en\/wp-json\/wp\/v2\/posts"}],"about":[{"href":"https:\/\/www.etf.fr\/en\/wp-json\/wp\/v2\/types\/post"}],"author":[{"embeddable":true,"href":"https:\/\/www.etf.fr\/en\/wp-json\/wp\/v2\/users\/5"}],"replies":[{"embeddable":true,"href":"https:\/\/www.etf.fr\/en\/wp-json\/wp\/v2\/comments?post=12524100"}],"version-history":[{"count":1,"href":"https:\/\/www.etf.fr\/en\/wp-json\/wp\/v2\/posts\/12524100\/revisions"}],"predecessor-version":[{"id":12524102,"href":"https:\/\/www.etf.fr\/en\/wp-json\/wp\/v2\/posts\/12524100\/revisions\/12524102"}],"wp:featuredmedia":[{"embeddable":true,"href":"https:\/\/www.etf.fr\/en\/wp-json\/wp\/v2\/media\/12524101"}],"wp:attachment":[{"href":"https:\/\/www.etf.fr\/en\/wp-json\/wp\/v2\/media?parent=12524100"}],"wp:term":[{"taxonomy":"category","embeddable":true,"href":"https:\/\/www.etf.fr\/en\/wp-json\/wp\/v2\/categories?post=12524100"},{"taxonomy":"post_tag","embeddable":true,"href":"https:\/\/www.etf.fr\/en\/wp-json\/wp\/v2\/tags?post=12524100"}],"curies":[{"name":"wp","href":"https:\/\/api.w.org\/{rel}","templated":true}]}}