{"id":12524104,"date":"2018-08-31T11:16:52","date_gmt":"2018-08-31T09:16:52","guid":{"rendered":"https:\/\/www.etf.fr\/uncategorized\/etf-se-developpe-en-allemagne\/"},"modified":"2025-09-30T10:09:55","modified_gmt":"2025-09-30T08:09:55","slug":"etf-se-developpe-en-allemagne","status":"publish","type":"post","link":"https:\/\/www.etf.fr\/en\/international-en\/etf-se-developpe-en-allemagne\/","title":{"rendered":"ETF expands in Germany"},"content":{"rendered":"THG Baugesellschaft mbh joins ETF.\n\nBased in North Rhine-Westphalia, THG works on tram networks and the national rail network.\n\nTHG employs around 60 people and generated turnover of \u20ac17 million in 2016. THG offers a wide range of services, including track renewal, track equipment, foundations and civil engineering.\n\nTHG is currently involved in the construction of the Rhein Ruhr Express line between D\u00fcsseldorf and Dortmund and in regional projects related to the development of the Rotterdam-Genoa European freight corridor.\n\nThis operation is part of a context of significant investments planned in Germany for the renewal of its rail infrastructure in the coming years.\n\n<a href=\"https:\/\/www.etf.fr\/media\/1283249\/eurovia_se_d_veloppe_en_allemagne_dans_le_rail_et_la_r_novation_d_ouvrages_en_b_ton.pdf\">Download \u2018Press release &#8211; EUROVIA expands in Germany\u2019 &gt;<\/a>","protected":false},"excerpt":{"rendered":"<p>THG Baugesellschaft mbh joins ETF.<br \/>\nBased in North Rhine-Westphalia, THG operates on tram networks as well as the national rail network.<\/p>\n","protected":false},"author":3,"featured_media":12524105,"comment_status":"closed","ping_status":"open","sticky":false,"template":"","format":"standard","meta":{"_acf_changed":false,"footnotes":""},"categories":[119],"tags":[],"class_list":["post-12524104","post","type-post","status-publish","format-standard","has-post-thumbnail","hentry","category-international-en"],"acf":[],"yoast_head":"<!-- This site is optimized with the Yoast SEO plugin v27.1.1 - https:\/\/yoast.com\/product\/yoast-seo-wordpress\/ -->\n<title>ETF se d\u00e9veloppe en Allemagne<\/title>\n<meta name=\"description\" content=\"THG Baugesellschaft mbh rejoint ETF. Install\u00e9e en Rh\u00e9nanie du Nord-Westphalie, THG intervient sur les r\u00e9seaux de tramway comme sur le r\u00e9seau ferr\u00e9 national.\" \/>\n<meta name=\"robots\" content=\"index, follow, max-snippet:-1, max-image-preview:large, max-video-preview:-1\" \/>\n<link rel=\"canonical\" href=\"https:\/\/www.etf.fr\/en\/international-en\/etf-se-developpe-en-allemagne\/\" \/>\n<meta property=\"og:locale\" content=\"en_US\" \/>\n<meta property=\"og:type\" content=\"article\" \/>\n<meta property=\"og:title\" content=\"ETF se d\u00e9veloppe en Allemagne\" \/>\n<meta property=\"og:description\" content=\"THG Baugesellschaft mbh rejoint ETF. Install\u00e9e en Rh\u00e9nanie du Nord-Westphalie, THG intervient sur les r\u00e9seaux de tramway comme sur le r\u00e9seau ferr\u00e9 national.\" \/>\n<meta property=\"og:url\" content=\"https:\/\/www.etf.fr\/en\/international-en\/etf-se-developpe-en-allemagne\/\" \/>\n<meta property=\"og:site_name\" content=\"ETF\" \/>\n<meta property=\"article:published_time\" content=\"2018-08-31T09:16:52+00:00\" \/>\n<meta property=\"article:modified_time\" content=\"2025-09-30T08:09:55+00:00\" \/>\n<meta property=\"og:image\" content=\"https:\/\/www.etf.fr\/wp-content\/uploads\/2018\/11\/thg_gmbh.png\" \/>\n\t<meta property=\"og:image:width\" content=\"800\" \/>\n\t<meta property=\"og:image:height\" content=\"603\" \/>\n\t<meta property=\"og:image:type\" content=\"image\/png\" \/>\n<meta name=\"author\" content=\"brice\" \/>\n<meta name=\"twitter:card\" content=\"summary_large_image\" \/>\n<meta name=\"twitter:label1\" content=\"Written by\" \/>\n\t<meta name=\"twitter:data1\" content=\"brice\" \/>\n\t<meta name=\"twitter:label2\" content=\"Est. reading time\" \/>\n\t<meta name=\"twitter:data2\" content=\"1 minute\" \/>\n<script type=\"application\/ld+json\" class=\"yoast-schema-graph\">{\"@context\":\"https:\/\/schema.org\",\"@graph\":[{\"@type\":\"Article\",\"@id\":\"https:\/\/www.etf.fr\/en\/international-en\/etf-se-developpe-en-allemagne\/#article\",\"isPartOf\":{\"@id\":\"https:\/\/www.etf.fr\/en\/international-en\/etf-se-developpe-en-allemagne\/\"},\"author\":{\"name\":\"brice\",\"@id\":\"https:\/\/www.etf.fr\/#\/schema\/person\/732055a69ee6fdaf6db70f6bb1d3b5ae\"},\"headline\":\"ETF expands in Germany\",\"datePublished\":\"2018-08-31T09:16:52+00:00\",\"dateModified\":\"2025-09-30T08:09:55+00:00\",\"mainEntityOfPage\":{\"@id\":\"https:\/\/www.etf.fr\/en\/international-en\/etf-se-developpe-en-allemagne\/\"},\"wordCount\":114,\"publisher\":{\"@id\":\"https:\/\/www.etf.fr\/#organization\"},\"image\":{\"@id\":\"https:\/\/www.etf.fr\/en\/international-en\/etf-se-developpe-en-allemagne\/#primaryimage\"},\"thumbnailUrl\":\"https:\/\/www.etf.fr\/wp-content\/uploads\/2018\/11\/thg_gmbh.png\",\"articleSection\":[\"International\"],\"inLanguage\":\"en-US\"},{\"@type\":\"WebPage\",\"@id\":\"https:\/\/www.etf.fr\/en\/international-en\/etf-se-developpe-en-allemagne\/\",\"url\":\"https:\/\/www.etf.fr\/en\/international-en\/etf-se-developpe-en-allemagne\/\",\"name\":\"ETF se d\u00e9veloppe en Allemagne\",\"isPartOf\":{\"@id\":\"https:\/\/www.etf.fr\/#website\"},\"primaryImageOfPage\":{\"@id\":\"https:\/\/www.etf.fr\/en\/international-en\/etf-se-developpe-en-allemagne\/#primaryimage\"},\"image\":{\"@id\":\"https:\/\/www.etf.fr\/en\/international-en\/etf-se-developpe-en-allemagne\/#primaryimage\"},\"thumbnailUrl\":\"https:\/\/www.etf.fr\/wp-content\/uploads\/2018\/11\/thg_gmbh.png\",\"datePublished\":\"2018-08-31T09:16:52+00:00\",\"dateModified\":\"2025-09-30T08:09:55+00:00\",\"description\":\"THG Baugesellschaft mbh rejoint ETF. Install\u00e9e en Rh\u00e9nanie du Nord-Westphalie, THG intervient sur les r\u00e9seaux de tramway comme sur le r\u00e9seau ferr\u00e9 national.\",\"breadcrumb\":{\"@id\":\"https:\/\/www.etf.fr\/en\/international-en\/etf-se-developpe-en-allemagne\/#breadcrumb\"},\"inLanguage\":\"en-US\",\"potentialAction\":[{\"@type\":\"ReadAction\",\"target\":[\"https:\/\/www.etf.fr\/en\/international-en\/etf-se-developpe-en-allemagne\/\"]}]},{\"@type\":\"ImageObject\",\"inLanguage\":\"en-US\",\"@id\":\"https:\/\/www.etf.fr\/en\/international-en\/etf-se-developpe-en-allemagne\/#primaryimage\",\"url\":\"https:\/\/www.etf.fr\/wp-content\/uploads\/2018\/11\/thg_gmbh.png\",\"contentUrl\":\"https:\/\/www.etf.fr\/wp-content\/uploads\/2018\/11\/thg_gmbh.png\",\"width\":800,\"height\":603},{\"@type\":\"BreadcrumbList\",\"@id\":\"https:\/\/www.etf.fr\/en\/international-en\/etf-se-developpe-en-allemagne\/#breadcrumb\",\"itemListElement\":[{\"@type\":\"ListItem\",\"position\":1,\"name\":\"Accueil\",\"item\":\"https:\/\/www.etf.fr\/en\/\"},{\"@type\":\"ListItem\",\"position\":2,\"name\":\"ETF expands in Germany\"}]},{\"@type\":\"WebSite\",\"@id\":\"https:\/\/www.etf.fr\/#website\",\"url\":\"https:\/\/www.etf.fr\/\",\"name\":\"ETF\",\"description\":\"Your transport partner worldwide\",\"publisher\":{\"@id\":\"https:\/\/www.etf.fr\/#organization\"},\"potentialAction\":[{\"@type\":\"SearchAction\",\"target\":{\"@type\":\"EntryPoint\",\"urlTemplate\":\"https:\/\/www.etf.fr\/?s={search_term_string}\"},\"query-input\":{\"@type\":\"PropertyValueSpecification\",\"valueRequired\":true,\"valueName\":\"search_term_string\"}}],\"inLanguage\":\"en-US\"},{\"@type\":\"Organization\",\"@id\":\"https:\/\/www.etf.fr\/#organization\",\"name\":\"ETF\",\"url\":\"https:\/\/www.etf.fr\/\",\"logo\":{\"@type\":\"ImageObject\",\"inLanguage\":\"en-US\",\"@id\":\"https:\/\/www.etf.fr\/#\/schema\/logo\/image\/\",\"url\":\"https:\/\/www.etf.fr\/wp-content\/uploads\/2019\/03\/logo-ETF.png\",\"contentUrl\":\"https:\/\/www.etf.fr\/wp-content\/uploads\/2019\/03\/logo-ETF.png\",\"width\":272,\"height\":161,\"caption\":\"ETF\"},\"image\":{\"@id\":\"https:\/\/www.etf.fr\/#\/schema\/logo\/image\/\"}},{\"@type\":\"Person\",\"@id\":\"https:\/\/www.etf.fr\/#\/schema\/person\/732055a69ee6fdaf6db70f6bb1d3b5ae\",\"name\":\"brice\",\"url\":\"https:\/\/www.etf.fr\/en\/author\/brice\/\"}]}<\/script>\n<!-- \/ Yoast SEO plugin. -->","yoast_head_json":{"title":"ETF se d\u00e9veloppe en Allemagne","description":"THG Baugesellschaft mbh rejoint ETF. Install\u00e9e en Rh\u00e9nanie du Nord-Westphalie, THG intervient sur les r\u00e9seaux de tramway comme sur le r\u00e9seau ferr\u00e9 national.","robots":{"index":"index","follow":"follow","max-snippet":"max-snippet:-1","max-image-preview":"max-image-preview:large","max-video-preview":"max-video-preview:-1"},"canonical":"https:\/\/www.etf.fr\/en\/international-en\/etf-se-developpe-en-allemagne\/","og_locale":"en_US","og_type":"article","og_title":"ETF se d\u00e9veloppe en Allemagne","og_description":"THG Baugesellschaft mbh rejoint ETF. Install\u00e9e en Rh\u00e9nanie du Nord-Westphalie, THG intervient sur les r\u00e9seaux de tramway comme sur le r\u00e9seau ferr\u00e9 national.","og_url":"https:\/\/www.etf.fr\/en\/international-en\/etf-se-developpe-en-allemagne\/","og_site_name":"ETF","article_published_time":"2018-08-31T09:16:52+00:00","article_modified_time":"2025-09-30T08:09:55+00:00","og_image":[{"width":800,"height":603,"url":"https:\/\/www.etf.fr\/wp-content\/uploads\/2018\/11\/thg_gmbh.png","type":"image\/png"}],"author":"brice","twitter_card":"summary_large_image","twitter_misc":{"Written by":"brice","Est. reading time":"1 minute"},"schema":{"@context":"https:\/\/schema.org","@graph":[{"@type":"Article","@id":"https:\/\/www.etf.fr\/en\/international-en\/etf-se-developpe-en-allemagne\/#article","isPartOf":{"@id":"https:\/\/www.etf.fr\/en\/international-en\/etf-se-developpe-en-allemagne\/"},"author":{"name":"brice","@id":"https:\/\/www.etf.fr\/#\/schema\/person\/732055a69ee6fdaf6db70f6bb1d3b5ae"},"headline":"ETF expands in Germany","datePublished":"2018-08-31T09:16:52+00:00","dateModified":"2025-09-30T08:09:55+00:00","mainEntityOfPage":{"@id":"https:\/\/www.etf.fr\/en\/international-en\/etf-se-developpe-en-allemagne\/"},"wordCount":114,"publisher":{"@id":"https:\/\/www.etf.fr\/#organization"},"image":{"@id":"https:\/\/www.etf.fr\/en\/international-en\/etf-se-developpe-en-allemagne\/#primaryimage"},"thumbnailUrl":"https:\/\/www.etf.fr\/wp-content\/uploads\/2018\/11\/thg_gmbh.png","articleSection":["International"],"inLanguage":"en-US"},{"@type":"WebPage","@id":"https:\/\/www.etf.fr\/en\/international-en\/etf-se-developpe-en-allemagne\/","url":"https:\/\/www.etf.fr\/en\/international-en\/etf-se-developpe-en-allemagne\/","name":"ETF se d\u00e9veloppe en Allemagne","isPartOf":{"@id":"https:\/\/www.etf.fr\/#website"},"primaryImageOfPage":{"@id":"https:\/\/www.etf.fr\/en\/international-en\/etf-se-developpe-en-allemagne\/#primaryimage"},"image":{"@id":"https:\/\/www.etf.fr\/en\/international-en\/etf-se-developpe-en-allemagne\/#primaryimage"},"thumbnailUrl":"https:\/\/www.etf.fr\/wp-content\/uploads\/2018\/11\/thg_gmbh.png","datePublished":"2018-08-31T09:16:52+00:00","dateModified":"2025-09-30T08:09:55+00:00","description":"THG Baugesellschaft mbh rejoint ETF. Install\u00e9e en Rh\u00e9nanie du Nord-Westphalie, THG intervient sur les r\u00e9seaux de tramway comme sur le r\u00e9seau ferr\u00e9 national.","breadcrumb":{"@id":"https:\/\/www.etf.fr\/en\/international-en\/etf-se-developpe-en-allemagne\/#breadcrumb"},"inLanguage":"en-US","potentialAction":[{"@type":"ReadAction","target":["https:\/\/www.etf.fr\/en\/international-en\/etf-se-developpe-en-allemagne\/"]}]},{"@type":"ImageObject","inLanguage":"en-US","@id":"https:\/\/www.etf.fr\/en\/international-en\/etf-se-developpe-en-allemagne\/#primaryimage","url":"https:\/\/www.etf.fr\/wp-content\/uploads\/2018\/11\/thg_gmbh.png","contentUrl":"https:\/\/www.etf.fr\/wp-content\/uploads\/2018\/11\/thg_gmbh.png","width":800,"height":603},{"@type":"BreadcrumbList","@id":"https:\/\/www.etf.fr\/en\/international-en\/etf-se-developpe-en-allemagne\/#breadcrumb","itemListElement":[{"@type":"ListItem","position":1,"name":"Accueil","item":"https:\/\/www.etf.fr\/en\/"},{"@type":"ListItem","position":2,"name":"ETF expands in Germany"}]},{"@type":"WebSite","@id":"https:\/\/www.etf.fr\/#website","url":"https:\/\/www.etf.fr\/","name":"ETF","description":"Your transport partner worldwide","publisher":{"@id":"https:\/\/www.etf.fr\/#organization"},"potentialAction":[{"@type":"SearchAction","target":{"@type":"EntryPoint","urlTemplate":"https:\/\/www.etf.fr\/?s={search_term_string}"},"query-input":{"@type":"PropertyValueSpecification","valueRequired":true,"valueName":"search_term_string"}}],"inLanguage":"en-US"},{"@type":"Organization","@id":"https:\/\/www.etf.fr\/#organization","name":"ETF","url":"https:\/\/www.etf.fr\/","logo":{"@type":"ImageObject","inLanguage":"en-US","@id":"https:\/\/www.etf.fr\/#\/schema\/logo\/image\/","url":"https:\/\/www.etf.fr\/wp-content\/uploads\/2019\/03\/logo-ETF.png","contentUrl":"https:\/\/www.etf.fr\/wp-content\/uploads\/2019\/03\/logo-ETF.png","width":272,"height":161,"caption":"ETF"},"image":{"@id":"https:\/\/www.etf.fr\/#\/schema\/logo\/image\/"}},{"@type":"Person","@id":"https:\/\/www.etf.fr\/#\/schema\/person\/732055a69ee6fdaf6db70f6bb1d3b5ae","name":"brice","url":"https:\/\/www.etf.fr\/en\/author\/brice\/"}]}},"_links":{"self":[{"href":"https:\/\/www.etf.fr\/en\/wp-json\/wp\/v2\/posts\/12524104","targetHints":{"allow":["GET"]}}],"collection":[{"href":"https:\/\/www.etf.fr\/en\/wp-json\/wp\/v2\/posts"}],"about":[{"href":"https:\/\/www.etf.fr\/en\/wp-json\/wp\/v2\/types\/post"}],"author":[{"embeddable":true,"href":"https:\/\/www.etf.fr\/en\/wp-json\/wp\/v2\/users\/3"}],"replies":[{"embeddable":true,"href":"https:\/\/www.etf.fr\/en\/wp-json\/wp\/v2\/comments?post=12524104"}],"version-history":[{"count":1,"href":"https:\/\/www.etf.fr\/en\/wp-json\/wp\/v2\/posts\/12524104\/revisions"}],"predecessor-version":[{"id":12524106,"href":"https:\/\/www.etf.fr\/en\/wp-json\/wp\/v2\/posts\/12524104\/revisions\/12524106"}],"wp:featuredmedia":[{"embeddable":true,"href":"https:\/\/www.etf.fr\/en\/wp-json\/wp\/v2\/media\/12524105"}],"wp:attachment":[{"href":"https:\/\/www.etf.fr\/en\/wp-json\/wp\/v2\/media?parent=12524104"}],"wp:term":[{"taxonomy":"category","embeddable":true,"href":"https:\/\/www.etf.fr\/en\/wp-json\/wp\/v2\/categories?post=12524104"},{"taxonomy":"post_tag","embeddable":true,"href":"https:\/\/www.etf.fr\/en\/wp-json\/wp\/v2\/tags?post=12524104"}],"curies":[{"name":"wp","href":"https:\/\/api.w.org\/{rel}","templated":true}]}}