{"id":12524164,"date":"2018-07-30T11:20:26","date_gmt":"2018-07-30T09:20:26","guid":{"rendered":"https:\/\/www.etf.fr\/uncategorized\/le-tramway-de-nice-en-bonne-voie\/"},"modified":"2025-09-30T10:11:13","modified_gmt":"2025-09-30T08:11:13","slug":"le-tramway-de-nice-en-bonne-voie","status":"publish","type":"post","link":"https:\/\/www.etf.fr\/en\/agences-grands-projets-transports-urbains-en\/le-tramway-de-nice-en-bonne-voie\/","title":{"rendered":"The Nice tramway is on track!"},"content":{"rendered":"<em><strong>It has now been two years since the Nice C\u00f4te d&#8217;Azur metropolitan area called on ETF to develop the west-east and north-south tram lines that will connect Nice Airport to the Allianz Riviera stadium via the Promenade des Anglais.<\/strong><\/em>\n\nThis June, teams are working in the tunnel to lay 7 km of single concrete tracks. This work, which will take eight months, will enable efficient service to the city centre and preserve Nice&#8217;s historical heritage.\n\nAnother challenge of this project is the wide range of techniques and expertise deployed by the ETF teams, with no fewer than nine different types of track laying: conventional concrete, -10dBv, -20dBv, posts, bonded, conventional green track, sliding track, etc.\n\n<strong>With the project scheduled for completion in July 2019, the work will have lasted three years and will have required:<\/strong>\n\n&#8211; 48,000 sleepers,\n\n&#8211; 4,000 tonnes of rail,\n\n&#8211; 40 equivalent connections on concrete flooring,\n\n&#8211; 4,700 welds (80% electric, mostly carried out by ETF Luxembourg, 20% aluminothermic),\n\n&#8211; 25,000m3 of foundation concrete (type C20\/25),\n\n&#8211; 19,600m3 of track bedding concrete (type C35\/45).","protected":false},"excerpt":{"rendered":"<p>It has now been two years since the Nice C\u00f4te d&#8217;Azur metropolitan area called on ETF to develop the west-east and north-south tram lines that will connect Nice Airport to the Allianz Riviera stadium via the Promenade des Anglais.<\/p>\n","protected":false},"author":3,"featured_media":12524165,"comment_status":"closed","ping_status":"open","sticky":false,"template":"","format":"standard","meta":{"_acf_changed":false,"footnotes":""},"categories":[192],"tags":[],"class_list":["post-12524164","post","type-post","status-publish","format-standard","has-post-thumbnail","hentry","category-agences-grands-projets-transports-urbains-en"],"acf":[],"yoast_head":"<!-- This site is optimized with the Yoast SEO plugin v27.1.1 - https:\/\/yoast.com\/product\/yoast-seo-wordpress\/ -->\n<title>Le tramway de Nice est en bonne voie !<\/title>\n<meta name=\"description\" content=\"Voil\u00e0 maintenant 2 ans que la m\u00e9tropole Nice C\u00f4te d\u2019Azur a fait appel \u00e0 ETF pour l\u2019am\u00e9nagement des lignes Ouest-Est et Nord-Sud du tramway.\" \/>\n<meta name=\"robots\" content=\"index, follow, max-snippet:-1, max-image-preview:large, max-video-preview:-1\" \/>\n<link rel=\"canonical\" href=\"https:\/\/www.etf.fr\/en\/agences-grands-projets-transports-urbains-en\/le-tramway-de-nice-en-bonne-voie\/\" \/>\n<meta property=\"og:locale\" content=\"en_US\" \/>\n<meta property=\"og:type\" content=\"article\" \/>\n<meta property=\"og:title\" content=\"Le tramway de Nice est en bonne voie !\" \/>\n<meta property=\"og:description\" content=\"Voil\u00e0 maintenant 2 ans que la m\u00e9tropole Nice C\u00f4te d\u2019Azur a fait appel \u00e0 ETF pour l\u2019am\u00e9nagement des lignes Ouest-Est et Nord-Sud du tramway.\" \/>\n<meta property=\"og:url\" content=\"https:\/\/www.etf.fr\/en\/agences-grands-projets-transports-urbains-en\/le-tramway-de-nice-en-bonne-voie\/\" \/>\n<meta property=\"og:site_name\" content=\"ETF\" \/>\n<meta property=\"article:published_time\" content=\"2018-07-30T09:20:26+00:00\" \/>\n<meta property=\"article:modified_time\" content=\"2025-09-30T08:11:13+00:00\" \/>\n<meta property=\"og:image\" content=\"https:\/\/www.etf.fr\/wp-content\/uploads\/2018\/07\/chantier-ETF-Nice-Tram.jpeg\" \/>\n\t<meta property=\"og:image:width\" content=\"600\" \/>\n\t<meta property=\"og:image:height\" content=\"600\" \/>\n\t<meta property=\"og:image:type\" content=\"image\/jpeg\" \/>\n<meta name=\"author\" content=\"brice\" \/>\n<meta name=\"twitter:card\" content=\"summary_large_image\" \/>\n<meta name=\"twitter:label1\" content=\"Written by\" \/>\n\t<meta name=\"twitter:data1\" content=\"brice\" \/>\n\t<meta name=\"twitter:label2\" content=\"Est. reading time\" \/>\n\t<meta name=\"twitter:data2\" content=\"2 minutes\" \/>\n<script type=\"application\/ld+json\" class=\"yoast-schema-graph\">{\"@context\":\"https:\/\/schema.org\",\"@graph\":[{\"@type\":\"Article\",\"@id\":\"https:\/\/www.etf.fr\/en\/agences-grands-projets-transports-urbains-en\/le-tramway-de-nice-en-bonne-voie\/#article\",\"isPartOf\":{\"@id\":\"https:\/\/www.etf.fr\/en\/agences-grands-projets-transports-urbains-en\/le-tramway-de-nice-en-bonne-voie\/\"},\"author\":{\"name\":\"brice\",\"@id\":\"https:\/\/www.etf.fr\/#\/schema\/person\/732055a69ee6fdaf6db70f6bb1d3b5ae\"},\"headline\":\"The Nice tramway is on track!\",\"datePublished\":\"2018-07-30T09:20:26+00:00\",\"dateModified\":\"2025-09-30T08:11:13+00:00\",\"mainEntityOfPage\":{\"@id\":\"https:\/\/www.etf.fr\/en\/agences-grands-projets-transports-urbains-en\/le-tramway-de-nice-en-bonne-voie\/\"},\"wordCount\":179,\"publisher\":{\"@id\":\"https:\/\/www.etf.fr\/#organization\"},\"image\":{\"@id\":\"https:\/\/www.etf.fr\/en\/agences-grands-projets-transports-urbains-en\/le-tramway-de-nice-en-bonne-voie\/#primaryimage\"},\"thumbnailUrl\":\"https:\/\/www.etf.fr\/wp-content\/uploads\/2018\/07\/chantier-ETF-Nice-Tram.jpeg\",\"articleSection\":[\"Agences Grands Projets Urbains\"],\"inLanguage\":\"en-US\"},{\"@type\":\"WebPage\",\"@id\":\"https:\/\/www.etf.fr\/en\/agences-grands-projets-transports-urbains-en\/le-tramway-de-nice-en-bonne-voie\/\",\"url\":\"https:\/\/www.etf.fr\/en\/agences-grands-projets-transports-urbains-en\/le-tramway-de-nice-en-bonne-voie\/\",\"name\":\"Le tramway de Nice est en bonne voie !\",\"isPartOf\":{\"@id\":\"https:\/\/www.etf.fr\/#website\"},\"primaryImageOfPage\":{\"@id\":\"https:\/\/www.etf.fr\/en\/agences-grands-projets-transports-urbains-en\/le-tramway-de-nice-en-bonne-voie\/#primaryimage\"},\"image\":{\"@id\":\"https:\/\/www.etf.fr\/en\/agences-grands-projets-transports-urbains-en\/le-tramway-de-nice-en-bonne-voie\/#primaryimage\"},\"thumbnailUrl\":\"https:\/\/www.etf.fr\/wp-content\/uploads\/2018\/07\/chantier-ETF-Nice-Tram.jpeg\",\"datePublished\":\"2018-07-30T09:20:26+00:00\",\"dateModified\":\"2025-09-30T08:11:13+00:00\",\"description\":\"Voil\u00e0 maintenant 2 ans que la m\u00e9tropole Nice C\u00f4te d\u2019Azur a fait appel \u00e0 ETF pour l\u2019am\u00e9nagement des lignes Ouest-Est et Nord-Sud du tramway.\",\"breadcrumb\":{\"@id\":\"https:\/\/www.etf.fr\/en\/agences-grands-projets-transports-urbains-en\/le-tramway-de-nice-en-bonne-voie\/#breadcrumb\"},\"inLanguage\":\"en-US\",\"potentialAction\":[{\"@type\":\"ReadAction\",\"target\":[\"https:\/\/www.etf.fr\/en\/agences-grands-projets-transports-urbains-en\/le-tramway-de-nice-en-bonne-voie\/\"]}]},{\"@type\":\"ImageObject\",\"inLanguage\":\"en-US\",\"@id\":\"https:\/\/www.etf.fr\/en\/agences-grands-projets-transports-urbains-en\/le-tramway-de-nice-en-bonne-voie\/#primaryimage\",\"url\":\"https:\/\/www.etf.fr\/wp-content\/uploads\/2018\/07\/chantier-ETF-Nice-Tram.jpeg\",\"contentUrl\":\"https:\/\/www.etf.fr\/wp-content\/uploads\/2018\/07\/chantier-ETF-Nice-Tram.jpeg\",\"width\":600,\"height\":600,\"caption\":\"Chantier du Tram de Nice r\u00e9alis\u00e9 par les \u00e9quipes de ETF\"},{\"@type\":\"BreadcrumbList\",\"@id\":\"https:\/\/www.etf.fr\/en\/agences-grands-projets-transports-urbains-en\/le-tramway-de-nice-en-bonne-voie\/#breadcrumb\",\"itemListElement\":[{\"@type\":\"ListItem\",\"position\":1,\"name\":\"Accueil\",\"item\":\"https:\/\/www.etf.fr\/en\/\"},{\"@type\":\"ListItem\",\"position\":2,\"name\":\"The Nice tramway is on track!\"}]},{\"@type\":\"WebSite\",\"@id\":\"https:\/\/www.etf.fr\/#website\",\"url\":\"https:\/\/www.etf.fr\/\",\"name\":\"ETF\",\"description\":\"Your transport partner worldwide\",\"publisher\":{\"@id\":\"https:\/\/www.etf.fr\/#organization\"},\"potentialAction\":[{\"@type\":\"SearchAction\",\"target\":{\"@type\":\"EntryPoint\",\"urlTemplate\":\"https:\/\/www.etf.fr\/?s={search_term_string}\"},\"query-input\":{\"@type\":\"PropertyValueSpecification\",\"valueRequired\":true,\"valueName\":\"search_term_string\"}}],\"inLanguage\":\"en-US\"},{\"@type\":\"Organization\",\"@id\":\"https:\/\/www.etf.fr\/#organization\",\"name\":\"ETF\",\"url\":\"https:\/\/www.etf.fr\/\",\"logo\":{\"@type\":\"ImageObject\",\"inLanguage\":\"en-US\",\"@id\":\"https:\/\/www.etf.fr\/#\/schema\/logo\/image\/\",\"url\":\"https:\/\/www.etf.fr\/wp-content\/uploads\/2019\/03\/logo-ETF.png\",\"contentUrl\":\"https:\/\/www.etf.fr\/wp-content\/uploads\/2019\/03\/logo-ETF.png\",\"width\":272,\"height\":161,\"caption\":\"ETF\"},\"image\":{\"@id\":\"https:\/\/www.etf.fr\/#\/schema\/logo\/image\/\"}},{\"@type\":\"Person\",\"@id\":\"https:\/\/www.etf.fr\/#\/schema\/person\/732055a69ee6fdaf6db70f6bb1d3b5ae\",\"name\":\"brice\",\"url\":\"https:\/\/www.etf.fr\/en\/author\/brice\/\"}]}<\/script>\n<!-- \/ Yoast SEO plugin. -->","yoast_head_json":{"title":"Le tramway de Nice est en bonne voie !","description":"Voil\u00e0 maintenant 2 ans que la m\u00e9tropole Nice C\u00f4te d\u2019Azur a fait appel \u00e0 ETF pour l\u2019am\u00e9nagement des lignes Ouest-Est et Nord-Sud du tramway.","robots":{"index":"index","follow":"follow","max-snippet":"max-snippet:-1","max-image-preview":"max-image-preview:large","max-video-preview":"max-video-preview:-1"},"canonical":"https:\/\/www.etf.fr\/en\/agences-grands-projets-transports-urbains-en\/le-tramway-de-nice-en-bonne-voie\/","og_locale":"en_US","og_type":"article","og_title":"Le tramway de Nice est en bonne voie !","og_description":"Voil\u00e0 maintenant 2 ans que la m\u00e9tropole Nice C\u00f4te d\u2019Azur a fait appel \u00e0 ETF pour l\u2019am\u00e9nagement des lignes Ouest-Est et Nord-Sud du tramway.","og_url":"https:\/\/www.etf.fr\/en\/agences-grands-projets-transports-urbains-en\/le-tramway-de-nice-en-bonne-voie\/","og_site_name":"ETF","article_published_time":"2018-07-30T09:20:26+00:00","article_modified_time":"2025-09-30T08:11:13+00:00","og_image":[{"width":600,"height":600,"url":"https:\/\/www.etf.fr\/wp-content\/uploads\/2018\/07\/chantier-ETF-Nice-Tram.jpeg","type":"image\/jpeg"}],"author":"brice","twitter_card":"summary_large_image","twitter_misc":{"Written by":"brice","Est. reading time":"2 minutes"},"schema":{"@context":"https:\/\/schema.org","@graph":[{"@type":"Article","@id":"https:\/\/www.etf.fr\/en\/agences-grands-projets-transports-urbains-en\/le-tramway-de-nice-en-bonne-voie\/#article","isPartOf":{"@id":"https:\/\/www.etf.fr\/en\/agences-grands-projets-transports-urbains-en\/le-tramway-de-nice-en-bonne-voie\/"},"author":{"name":"brice","@id":"https:\/\/www.etf.fr\/#\/schema\/person\/732055a69ee6fdaf6db70f6bb1d3b5ae"},"headline":"The Nice tramway is on track!","datePublished":"2018-07-30T09:20:26+00:00","dateModified":"2025-09-30T08:11:13+00:00","mainEntityOfPage":{"@id":"https:\/\/www.etf.fr\/en\/agences-grands-projets-transports-urbains-en\/le-tramway-de-nice-en-bonne-voie\/"},"wordCount":179,"publisher":{"@id":"https:\/\/www.etf.fr\/#organization"},"image":{"@id":"https:\/\/www.etf.fr\/en\/agences-grands-projets-transports-urbains-en\/le-tramway-de-nice-en-bonne-voie\/#primaryimage"},"thumbnailUrl":"https:\/\/www.etf.fr\/wp-content\/uploads\/2018\/07\/chantier-ETF-Nice-Tram.jpeg","articleSection":["Agences Grands Projets Urbains"],"inLanguage":"en-US"},{"@type":"WebPage","@id":"https:\/\/www.etf.fr\/en\/agences-grands-projets-transports-urbains-en\/le-tramway-de-nice-en-bonne-voie\/","url":"https:\/\/www.etf.fr\/en\/agences-grands-projets-transports-urbains-en\/le-tramway-de-nice-en-bonne-voie\/","name":"Le tramway de Nice est en bonne voie !","isPartOf":{"@id":"https:\/\/www.etf.fr\/#website"},"primaryImageOfPage":{"@id":"https:\/\/www.etf.fr\/en\/agences-grands-projets-transports-urbains-en\/le-tramway-de-nice-en-bonne-voie\/#primaryimage"},"image":{"@id":"https:\/\/www.etf.fr\/en\/agences-grands-projets-transports-urbains-en\/le-tramway-de-nice-en-bonne-voie\/#primaryimage"},"thumbnailUrl":"https:\/\/www.etf.fr\/wp-content\/uploads\/2018\/07\/chantier-ETF-Nice-Tram.jpeg","datePublished":"2018-07-30T09:20:26+00:00","dateModified":"2025-09-30T08:11:13+00:00","description":"Voil\u00e0 maintenant 2 ans que la m\u00e9tropole Nice C\u00f4te d\u2019Azur a fait appel \u00e0 ETF pour l\u2019am\u00e9nagement des lignes Ouest-Est et Nord-Sud du tramway.","breadcrumb":{"@id":"https:\/\/www.etf.fr\/en\/agences-grands-projets-transports-urbains-en\/le-tramway-de-nice-en-bonne-voie\/#breadcrumb"},"inLanguage":"en-US","potentialAction":[{"@type":"ReadAction","target":["https:\/\/www.etf.fr\/en\/agences-grands-projets-transports-urbains-en\/le-tramway-de-nice-en-bonne-voie\/"]}]},{"@type":"ImageObject","inLanguage":"en-US","@id":"https:\/\/www.etf.fr\/en\/agences-grands-projets-transports-urbains-en\/le-tramway-de-nice-en-bonne-voie\/#primaryimage","url":"https:\/\/www.etf.fr\/wp-content\/uploads\/2018\/07\/chantier-ETF-Nice-Tram.jpeg","contentUrl":"https:\/\/www.etf.fr\/wp-content\/uploads\/2018\/07\/chantier-ETF-Nice-Tram.jpeg","width":600,"height":600,"caption":"Chantier du Tram de Nice r\u00e9alis\u00e9 par les \u00e9quipes de ETF"},{"@type":"BreadcrumbList","@id":"https:\/\/www.etf.fr\/en\/agences-grands-projets-transports-urbains-en\/le-tramway-de-nice-en-bonne-voie\/#breadcrumb","itemListElement":[{"@type":"ListItem","position":1,"name":"Accueil","item":"https:\/\/www.etf.fr\/en\/"},{"@type":"ListItem","position":2,"name":"The Nice tramway is on track!"}]},{"@type":"WebSite","@id":"https:\/\/www.etf.fr\/#website","url":"https:\/\/www.etf.fr\/","name":"ETF","description":"Your transport partner worldwide","publisher":{"@id":"https:\/\/www.etf.fr\/#organization"},"potentialAction":[{"@type":"SearchAction","target":{"@type":"EntryPoint","urlTemplate":"https:\/\/www.etf.fr\/?s={search_term_string}"},"query-input":{"@type":"PropertyValueSpecification","valueRequired":true,"valueName":"search_term_string"}}],"inLanguage":"en-US"},{"@type":"Organization","@id":"https:\/\/www.etf.fr\/#organization","name":"ETF","url":"https:\/\/www.etf.fr\/","logo":{"@type":"ImageObject","inLanguage":"en-US","@id":"https:\/\/www.etf.fr\/#\/schema\/logo\/image\/","url":"https:\/\/www.etf.fr\/wp-content\/uploads\/2019\/03\/logo-ETF.png","contentUrl":"https:\/\/www.etf.fr\/wp-content\/uploads\/2019\/03\/logo-ETF.png","width":272,"height":161,"caption":"ETF"},"image":{"@id":"https:\/\/www.etf.fr\/#\/schema\/logo\/image\/"}},{"@type":"Person","@id":"https:\/\/www.etf.fr\/#\/schema\/person\/732055a69ee6fdaf6db70f6bb1d3b5ae","name":"brice","url":"https:\/\/www.etf.fr\/en\/author\/brice\/"}]}},"_links":{"self":[{"href":"https:\/\/www.etf.fr\/en\/wp-json\/wp\/v2\/posts\/12524164","targetHints":{"allow":["GET"]}}],"collection":[{"href":"https:\/\/www.etf.fr\/en\/wp-json\/wp\/v2\/posts"}],"about":[{"href":"https:\/\/www.etf.fr\/en\/wp-json\/wp\/v2\/types\/post"}],"author":[{"embeddable":true,"href":"https:\/\/www.etf.fr\/en\/wp-json\/wp\/v2\/users\/3"}],"replies":[{"embeddable":true,"href":"https:\/\/www.etf.fr\/en\/wp-json\/wp\/v2\/comments?post=12524164"}],"version-history":[{"count":1,"href":"https:\/\/www.etf.fr\/en\/wp-json\/wp\/v2\/posts\/12524164\/revisions"}],"predecessor-version":[{"id":12524166,"href":"https:\/\/www.etf.fr\/en\/wp-json\/wp\/v2\/posts\/12524164\/revisions\/12524166"}],"wp:featuredmedia":[{"embeddable":true,"href":"https:\/\/www.etf.fr\/en\/wp-json\/wp\/v2\/media\/12524165"}],"wp:attachment":[{"href":"https:\/\/www.etf.fr\/en\/wp-json\/wp\/v2\/media?parent=12524164"}],"wp:term":[{"taxonomy":"category","embeddable":true,"href":"https:\/\/www.etf.fr\/en\/wp-json\/wp\/v2\/categories?post=12524164"},{"taxonomy":"post_tag","embeddable":true,"href":"https:\/\/www.etf.fr\/en\/wp-json\/wp\/v2\/tags?post=12524164"}],"curies":[{"name":"wp","href":"https:\/\/api.w.org\/{rel}","templated":true}]}}