{"id":12524174,"date":"2018-07-10T11:11:20","date_gmt":"2018-07-10T09:11:20","guid":{"rendered":"https:\/\/www.etf.fr\/uncategorized\/lancement-des-travaux-de-lextension-4b-du-metro-du-caire\/"},"modified":"2025-09-30T10:15:17","modified_gmt":"2025-09-30T08:15:17","slug":"lancement-des-travaux-de-lextension-4b-du-metro-du-caire","status":"publish","type":"post","link":"https:\/\/www.etf.fr\/en\/international-en\/lancement-des-travaux-de-lextension-4b-du-metro-du-caire\/","title":{"rendered":"Commencement of work on the 4B extension of the Cairo Metro"},"content":{"rendered":"<em><strong>ETF, the contractor for the construction of Cairo Metro Line 3, is currently completing phase 4A and beginning construction of extension 4B after completing phases 1 and 2.<\/strong><\/em>\n\n<img loading=\"lazy\" decoding=\"async\" src=\"https:\/\/news.etf.fr\/wp-content\/uploads\/sites\/3\/2018\/07\/chantier-caire-etf-2-329x329.jpg\" alt=\"Chantier du m\u00e9tro du Caire\" width=\"329\" height=\"329\" class=\"alignright size-medium wp-image-65\" \/>This new 5 km phase 4B of line 3 will be entirely above ground. It includes the creation of four new stations and a major central depot for the entire line.\n\nThis will be the largest depot ever built for a metro in Egypt. It will have nearly 15.5 km of various tracks and around 60 pieces of track equipment.\n\nWork on the main line began in May 2018 and will last for one year. Work on the workshop will begin in August 2018 and be completed in November 2019. In total, between 65 and 160 people will be involved in this project every day.\n\nThe aim of this 4B extension of Line 3 is to enable passengers to reach the very centre of Cairo from the multimodal hub on the city&#8217;s eastern ring road.","protected":false},"excerpt":{"rendered":"<p>ETF, the contractor for the construction of Cairo Metro Line 3, is currently completing phase 4A and beginning construction of extension 4B after completing phases 1 and 2.<\/p>\n","protected":false},"author":3,"featured_media":12524176,"comment_status":"closed","ping_status":"open","sticky":false,"template":"","format":"standard","meta":{"_acf_changed":false,"footnotes":""},"categories":[119],"tags":[],"class_list":["post-12524174","post","type-post","status-publish","format-standard","has-post-thumbnail","hentry","category-international-en"],"acf":[],"yoast_head":"<!-- This site is optimized with the Yoast SEO plugin v27.1.1 - https:\/\/yoast.com\/product\/yoast-seo-wordpress\/ -->\n<title>Lancement des travaux de l&#039;extension 4B du m\u00e9tro de Caire<\/title>\n<meta name=\"description\" content=\"Le chantier de la ligne principale a d\u00e9but\u00e9 en mai 2018. Le chantier de l\u2019atelier d\u00e9marrera, quant \u00e0 lui, en ao\u00fbt 2018 pour \u00eatre termin\u00e9 en novembre 2019.\" \/>\n<meta name=\"robots\" content=\"index, follow, max-snippet:-1, max-image-preview:large, max-video-preview:-1\" \/>\n<link rel=\"canonical\" href=\"https:\/\/www.etf.fr\/en\/international-en\/lancement-des-travaux-de-lextension-4b-du-metro-du-caire\/\" \/>\n<meta property=\"og:locale\" content=\"en_US\" \/>\n<meta property=\"og:type\" content=\"article\" \/>\n<meta property=\"og:title\" content=\"Lancement des travaux de l&#039;extension 4B du m\u00e9tro de Caire\" \/>\n<meta property=\"og:description\" content=\"Le chantier de la ligne principale a d\u00e9but\u00e9 en mai 2018. Le chantier de l\u2019atelier d\u00e9marrera, quant \u00e0 lui, en ao\u00fbt 2018 pour \u00eatre termin\u00e9 en novembre 2019.\" \/>\n<meta property=\"og:url\" content=\"https:\/\/www.etf.fr\/en\/international-en\/lancement-des-travaux-de-lextension-4b-du-metro-du-caire\/\" \/>\n<meta property=\"og:site_name\" content=\"ETF\" \/>\n<meta property=\"article:published_time\" content=\"2018-07-10T09:11:20+00:00\" \/>\n<meta property=\"article:modified_time\" content=\"2025-09-30T08:15:17+00:00\" \/>\n<meta property=\"og:image\" content=\"https:\/\/www.etf.fr\/wp-content\/uploads\/2018\/07\/chantier-caire-etf-1.jpeg\" \/>\n\t<meta property=\"og:image:width\" content=\"600\" \/>\n\t<meta property=\"og:image:height\" content=\"600\" \/>\n\t<meta property=\"og:image:type\" content=\"image\/jpeg\" \/>\n<meta name=\"author\" content=\"brice\" \/>\n<meta name=\"twitter:card\" content=\"summary_large_image\" \/>\n<meta name=\"twitter:label1\" content=\"Written by\" \/>\n\t<meta name=\"twitter:data1\" content=\"brice\" \/>\n\t<meta name=\"twitter:label2\" content=\"Est. reading time\" \/>\n\t<meta name=\"twitter:data2\" content=\"2 minutes\" \/>\n<script type=\"application\/ld+json\" class=\"yoast-schema-graph\">{\"@context\":\"https:\/\/schema.org\",\"@graph\":[{\"@type\":\"Article\",\"@id\":\"https:\/\/www.etf.fr\/en\/international-en\/lancement-des-travaux-de-lextension-4b-du-metro-du-caire\/#article\",\"isPartOf\":{\"@id\":\"https:\/\/www.etf.fr\/en\/international-en\/lancement-des-travaux-de-lextension-4b-du-metro-du-caire\/\"},\"author\":{\"name\":\"brice\",\"@id\":\"https:\/\/www.etf.fr\/#\/schema\/person\/732055a69ee6fdaf6db70f6bb1d3b5ae\"},\"headline\":\"Commencement of work on the 4B extension of the Cairo Metro\",\"datePublished\":\"2018-07-10T09:11:20+00:00\",\"dateModified\":\"2025-09-30T08:15:17+00:00\",\"mainEntityOfPage\":{\"@id\":\"https:\/\/www.etf.fr\/en\/international-en\/lancement-des-travaux-de-lextension-4b-du-metro-du-caire\/\"},\"wordCount\":161,\"publisher\":{\"@id\":\"https:\/\/www.etf.fr\/#organization\"},\"image\":{\"@id\":\"https:\/\/www.etf.fr\/en\/international-en\/lancement-des-travaux-de-lextension-4b-du-metro-du-caire\/#primaryimage\"},\"thumbnailUrl\":\"https:\/\/www.etf.fr\/wp-content\/uploads\/2018\/07\/chantier-caire-etf-1.jpeg\",\"articleSection\":[\"International\"],\"inLanguage\":\"en-US\"},{\"@type\":\"WebPage\",\"@id\":\"https:\/\/www.etf.fr\/en\/international-en\/lancement-des-travaux-de-lextension-4b-du-metro-du-caire\/\",\"url\":\"https:\/\/www.etf.fr\/en\/international-en\/lancement-des-travaux-de-lextension-4b-du-metro-du-caire\/\",\"name\":\"Lancement des travaux de l'extension 4B du m\u00e9tro de Caire\",\"isPartOf\":{\"@id\":\"https:\/\/www.etf.fr\/#website\"},\"primaryImageOfPage\":{\"@id\":\"https:\/\/www.etf.fr\/en\/international-en\/lancement-des-travaux-de-lextension-4b-du-metro-du-caire\/#primaryimage\"},\"image\":{\"@id\":\"https:\/\/www.etf.fr\/en\/international-en\/lancement-des-travaux-de-lextension-4b-du-metro-du-caire\/#primaryimage\"},\"thumbnailUrl\":\"https:\/\/www.etf.fr\/wp-content\/uploads\/2018\/07\/chantier-caire-etf-1.jpeg\",\"datePublished\":\"2018-07-10T09:11:20+00:00\",\"dateModified\":\"2025-09-30T08:15:17+00:00\",\"description\":\"Le chantier de la ligne principale a d\u00e9but\u00e9 en mai 2018. Le chantier de l\u2019atelier d\u00e9marrera, quant \u00e0 lui, en ao\u00fbt 2018 pour \u00eatre termin\u00e9 en novembre 2019.\",\"breadcrumb\":{\"@id\":\"https:\/\/www.etf.fr\/en\/international-en\/lancement-des-travaux-de-lextension-4b-du-metro-du-caire\/#breadcrumb\"},\"inLanguage\":\"en-US\",\"potentialAction\":[{\"@type\":\"ReadAction\",\"target\":[\"https:\/\/www.etf.fr\/en\/international-en\/lancement-des-travaux-de-lextension-4b-du-metro-du-caire\/\"]}]},{\"@type\":\"ImageObject\",\"inLanguage\":\"en-US\",\"@id\":\"https:\/\/www.etf.fr\/en\/international-en\/lancement-des-travaux-de-lextension-4b-du-metro-du-caire\/#primaryimage\",\"url\":\"https:\/\/www.etf.fr\/wp-content\/uploads\/2018\/07\/chantier-caire-etf-1.jpeg\",\"contentUrl\":\"https:\/\/www.etf.fr\/wp-content\/uploads\/2018\/07\/chantier-caire-etf-1.jpeg\",\"width\":600,\"height\":600,\"caption\":\"Travaux du m\u00e9tro du Caire par ETF\"},{\"@type\":\"BreadcrumbList\",\"@id\":\"https:\/\/www.etf.fr\/en\/international-en\/lancement-des-travaux-de-lextension-4b-du-metro-du-caire\/#breadcrumb\",\"itemListElement\":[{\"@type\":\"ListItem\",\"position\":1,\"name\":\"Accueil\",\"item\":\"https:\/\/www.etf.fr\/en\/\"},{\"@type\":\"ListItem\",\"position\":2,\"name\":\"Commencement of work on the 4B extension of the Cairo Metro\"}]},{\"@type\":\"WebSite\",\"@id\":\"https:\/\/www.etf.fr\/#website\",\"url\":\"https:\/\/www.etf.fr\/\",\"name\":\"ETF\",\"description\":\"Your transport partner worldwide\",\"publisher\":{\"@id\":\"https:\/\/www.etf.fr\/#organization\"},\"potentialAction\":[{\"@type\":\"SearchAction\",\"target\":{\"@type\":\"EntryPoint\",\"urlTemplate\":\"https:\/\/www.etf.fr\/?s={search_term_string}\"},\"query-input\":{\"@type\":\"PropertyValueSpecification\",\"valueRequired\":true,\"valueName\":\"search_term_string\"}}],\"inLanguage\":\"en-US\"},{\"@type\":\"Organization\",\"@id\":\"https:\/\/www.etf.fr\/#organization\",\"name\":\"ETF\",\"url\":\"https:\/\/www.etf.fr\/\",\"logo\":{\"@type\":\"ImageObject\",\"inLanguage\":\"en-US\",\"@id\":\"https:\/\/www.etf.fr\/#\/schema\/logo\/image\/\",\"url\":\"https:\/\/www.etf.fr\/wp-content\/uploads\/2019\/03\/logo-ETF.png\",\"contentUrl\":\"https:\/\/www.etf.fr\/wp-content\/uploads\/2019\/03\/logo-ETF.png\",\"width\":272,\"height\":161,\"caption\":\"ETF\"},\"image\":{\"@id\":\"https:\/\/www.etf.fr\/#\/schema\/logo\/image\/\"}},{\"@type\":\"Person\",\"@id\":\"https:\/\/www.etf.fr\/#\/schema\/person\/732055a69ee6fdaf6db70f6bb1d3b5ae\",\"name\":\"brice\",\"url\":\"https:\/\/www.etf.fr\/en\/author\/brice\/\"}]}<\/script>\n<!-- \/ Yoast SEO plugin. -->","yoast_head_json":{"title":"Lancement des travaux de l'extension 4B du m\u00e9tro de Caire","description":"Le chantier de la ligne principale a d\u00e9but\u00e9 en mai 2018. Le chantier de l\u2019atelier d\u00e9marrera, quant \u00e0 lui, en ao\u00fbt 2018 pour \u00eatre termin\u00e9 en novembre 2019.","robots":{"index":"index","follow":"follow","max-snippet":"max-snippet:-1","max-image-preview":"max-image-preview:large","max-video-preview":"max-video-preview:-1"},"canonical":"https:\/\/www.etf.fr\/en\/international-en\/lancement-des-travaux-de-lextension-4b-du-metro-du-caire\/","og_locale":"en_US","og_type":"article","og_title":"Lancement des travaux de l'extension 4B du m\u00e9tro de Caire","og_description":"Le chantier de la ligne principale a d\u00e9but\u00e9 en mai 2018. Le chantier de l\u2019atelier d\u00e9marrera, quant \u00e0 lui, en ao\u00fbt 2018 pour \u00eatre termin\u00e9 en novembre 2019.","og_url":"https:\/\/www.etf.fr\/en\/international-en\/lancement-des-travaux-de-lextension-4b-du-metro-du-caire\/","og_site_name":"ETF","article_published_time":"2018-07-10T09:11:20+00:00","article_modified_time":"2025-09-30T08:15:17+00:00","og_image":[{"width":600,"height":600,"url":"https:\/\/www.etf.fr\/wp-content\/uploads\/2018\/07\/chantier-caire-etf-1.jpeg","type":"image\/jpeg"}],"author":"brice","twitter_card":"summary_large_image","twitter_misc":{"Written by":"brice","Est. reading time":"2 minutes"},"schema":{"@context":"https:\/\/schema.org","@graph":[{"@type":"Article","@id":"https:\/\/www.etf.fr\/en\/international-en\/lancement-des-travaux-de-lextension-4b-du-metro-du-caire\/#article","isPartOf":{"@id":"https:\/\/www.etf.fr\/en\/international-en\/lancement-des-travaux-de-lextension-4b-du-metro-du-caire\/"},"author":{"name":"brice","@id":"https:\/\/www.etf.fr\/#\/schema\/person\/732055a69ee6fdaf6db70f6bb1d3b5ae"},"headline":"Commencement of work on the 4B extension of the Cairo Metro","datePublished":"2018-07-10T09:11:20+00:00","dateModified":"2025-09-30T08:15:17+00:00","mainEntityOfPage":{"@id":"https:\/\/www.etf.fr\/en\/international-en\/lancement-des-travaux-de-lextension-4b-du-metro-du-caire\/"},"wordCount":161,"publisher":{"@id":"https:\/\/www.etf.fr\/#organization"},"image":{"@id":"https:\/\/www.etf.fr\/en\/international-en\/lancement-des-travaux-de-lextension-4b-du-metro-du-caire\/#primaryimage"},"thumbnailUrl":"https:\/\/www.etf.fr\/wp-content\/uploads\/2018\/07\/chantier-caire-etf-1.jpeg","articleSection":["International"],"inLanguage":"en-US"},{"@type":"WebPage","@id":"https:\/\/www.etf.fr\/en\/international-en\/lancement-des-travaux-de-lextension-4b-du-metro-du-caire\/","url":"https:\/\/www.etf.fr\/en\/international-en\/lancement-des-travaux-de-lextension-4b-du-metro-du-caire\/","name":"Lancement des travaux de l'extension 4B du m\u00e9tro de Caire","isPartOf":{"@id":"https:\/\/www.etf.fr\/#website"},"primaryImageOfPage":{"@id":"https:\/\/www.etf.fr\/en\/international-en\/lancement-des-travaux-de-lextension-4b-du-metro-du-caire\/#primaryimage"},"image":{"@id":"https:\/\/www.etf.fr\/en\/international-en\/lancement-des-travaux-de-lextension-4b-du-metro-du-caire\/#primaryimage"},"thumbnailUrl":"https:\/\/www.etf.fr\/wp-content\/uploads\/2018\/07\/chantier-caire-etf-1.jpeg","datePublished":"2018-07-10T09:11:20+00:00","dateModified":"2025-09-30T08:15:17+00:00","description":"Le chantier de la ligne principale a d\u00e9but\u00e9 en mai 2018. Le chantier de l\u2019atelier d\u00e9marrera, quant \u00e0 lui, en ao\u00fbt 2018 pour \u00eatre termin\u00e9 en novembre 2019.","breadcrumb":{"@id":"https:\/\/www.etf.fr\/en\/international-en\/lancement-des-travaux-de-lextension-4b-du-metro-du-caire\/#breadcrumb"},"inLanguage":"en-US","potentialAction":[{"@type":"ReadAction","target":["https:\/\/www.etf.fr\/en\/international-en\/lancement-des-travaux-de-lextension-4b-du-metro-du-caire\/"]}]},{"@type":"ImageObject","inLanguage":"en-US","@id":"https:\/\/www.etf.fr\/en\/international-en\/lancement-des-travaux-de-lextension-4b-du-metro-du-caire\/#primaryimage","url":"https:\/\/www.etf.fr\/wp-content\/uploads\/2018\/07\/chantier-caire-etf-1.jpeg","contentUrl":"https:\/\/www.etf.fr\/wp-content\/uploads\/2018\/07\/chantier-caire-etf-1.jpeg","width":600,"height":600,"caption":"Travaux du m\u00e9tro du Caire par ETF"},{"@type":"BreadcrumbList","@id":"https:\/\/www.etf.fr\/en\/international-en\/lancement-des-travaux-de-lextension-4b-du-metro-du-caire\/#breadcrumb","itemListElement":[{"@type":"ListItem","position":1,"name":"Accueil","item":"https:\/\/www.etf.fr\/en\/"},{"@type":"ListItem","position":2,"name":"Commencement of work on the 4B extension of the Cairo Metro"}]},{"@type":"WebSite","@id":"https:\/\/www.etf.fr\/#website","url":"https:\/\/www.etf.fr\/","name":"ETF","description":"Your transport partner worldwide","publisher":{"@id":"https:\/\/www.etf.fr\/#organization"},"potentialAction":[{"@type":"SearchAction","target":{"@type":"EntryPoint","urlTemplate":"https:\/\/www.etf.fr\/?s={search_term_string}"},"query-input":{"@type":"PropertyValueSpecification","valueRequired":true,"valueName":"search_term_string"}}],"inLanguage":"en-US"},{"@type":"Organization","@id":"https:\/\/www.etf.fr\/#organization","name":"ETF","url":"https:\/\/www.etf.fr\/","logo":{"@type":"ImageObject","inLanguage":"en-US","@id":"https:\/\/www.etf.fr\/#\/schema\/logo\/image\/","url":"https:\/\/www.etf.fr\/wp-content\/uploads\/2019\/03\/logo-ETF.png","contentUrl":"https:\/\/www.etf.fr\/wp-content\/uploads\/2019\/03\/logo-ETF.png","width":272,"height":161,"caption":"ETF"},"image":{"@id":"https:\/\/www.etf.fr\/#\/schema\/logo\/image\/"}},{"@type":"Person","@id":"https:\/\/www.etf.fr\/#\/schema\/person\/732055a69ee6fdaf6db70f6bb1d3b5ae","name":"brice","url":"https:\/\/www.etf.fr\/en\/author\/brice\/"}]}},"_links":{"self":[{"href":"https:\/\/www.etf.fr\/en\/wp-json\/wp\/v2\/posts\/12524174","targetHints":{"allow":["GET"]}}],"collection":[{"href":"https:\/\/www.etf.fr\/en\/wp-json\/wp\/v2\/posts"}],"about":[{"href":"https:\/\/www.etf.fr\/en\/wp-json\/wp\/v2\/types\/post"}],"author":[{"embeddable":true,"href":"https:\/\/www.etf.fr\/en\/wp-json\/wp\/v2\/users\/3"}],"replies":[{"embeddable":true,"href":"https:\/\/www.etf.fr\/en\/wp-json\/wp\/v2\/comments?post=12524174"}],"version-history":[{"count":1,"href":"https:\/\/www.etf.fr\/en\/wp-json\/wp\/v2\/posts\/12524174\/revisions"}],"predecessor-version":[{"id":12524234,"href":"https:\/\/www.etf.fr\/en\/wp-json\/wp\/v2\/posts\/12524174\/revisions\/12524234"}],"wp:featuredmedia":[{"embeddable":true,"href":"https:\/\/www.etf.fr\/en\/wp-json\/wp\/v2\/media\/12524176"}],"wp:attachment":[{"href":"https:\/\/www.etf.fr\/en\/wp-json\/wp\/v2\/media?parent=12524174"}],"wp:term":[{"taxonomy":"category","embeddable":true,"href":"https:\/\/www.etf.fr\/en\/wp-json\/wp\/v2\/categories?post=12524174"},{"taxonomy":"post_tag","embeddable":true,"href":"https:\/\/www.etf.fr\/en\/wp-json\/wp\/v2\/tags?post=12524174"}],"curies":[{"name":"wp","href":"https:\/\/api.w.org\/{rel}","templated":true}]}}