{"id":12524301,"date":"2018-05-17T10:39:47","date_gmt":"2018-05-17T08:39:47","guid":{"rendered":"https:\/\/www.etf.fr\/uncategorized\/le-depot-de-tramway-de-meyzieu-vient-de-sagrandir-pour-accueillir-plus-de-rames\/"},"modified":"2025-09-30T10:22:00","modified_gmt":"2025-09-30T08:22:00","slug":"le-depot-de-tramway-de-meyzieu-vient-de-sagrandir-pour-accueillir-plus-de-rames","status":"publish","type":"post","link":"https:\/\/www.etf.fr\/en\/agences-grands-projets-transports-urbains-en\/le-depot-de-tramway-de-meyzieu-vient-de-sagrandir-pour-accueillir-plus-de-rames\/","title":{"rendered":"The Meyzieu tram depot has just been expanded to accommodate more trains!"},"content":{"rendered":"After six months of work, the ETF Lyon teams have just completed the extension of the storage facilities at the Meyzieu tram maintenance centre.\n\nFor this project, ETF was the lead contractor alongside Jean Lefebvre Rh\u00f4ne-Alpes for the entire \u2018Platform and Railway Track\u2019 lot. A welding team from the ETF Rh\u00f4ne Alpes Auvergne welding division (ETF Lyon) and a team from ETF Luxembourg were also involved in carrying out the aluminothermic welding. The smooth coordination and cooperation between all the teams involved in this project ensured its success and smooth organisation.\n\nDifferent phases of the project:\n\n&#8211; Direct laying of 850 ml of track on a monolithic slab\n&#8211; Extension of the 8 existing storage tracks\n&#8211; Creation of 2 new 200 ml storage tracks\n&#8211; Curved rail connection track (by ETF Luxembourg) with a radius of 25 m.\n&#8211; Installation of a curved connection on sleepers and new structure\n&#8211; Direct installation of a connection inserted into the existing tracks.\n\nAll of this work was carried out while the workshops remained in operation. The new tracks allow 16 additional 43-metre trains to be parked at the Meyzieu maintenance centre.\nThe connection to the existing tracks was installed in sections.","protected":false},"excerpt":{"rendered":"<p>After six months of work, the ETF Lyon teams have just completed the extension of the storage facilities at the Meyzieu tram maintenance centre.<\/p>\n","protected":false},"author":3,"featured_media":12524302,"comment_status":"closed","ping_status":"open","sticky":false,"template":"","format":"standard","meta":{"_acf_changed":false,"footnotes":""},"categories":[192,191],"tags":[],"class_list":["post-12524301","post","type-post","status-publish","format-standard","has-post-thumbnail","hentry","category-agences-grands-projets-transports-urbains-en","category-actualites-en"],"acf":[],"yoast_head":"<!-- This site is optimized with the Yoast SEO plugin v27.1.1 - https:\/\/yoast.com\/product\/yoast-seo-wordpress\/ -->\n<title>Le d\u00e9p\u00f4t de tramway de Meyzieu vient de s&#039;agrandir !<\/title>\n<meta name=\"description\" content=\"Apr\u00e8s 6 mois de travail, les \u00e9quipes ETF Lyon viennent de finaliser l&#039;extension des remisages du centre de maintenance tramway de Meyzieu.\" \/>\n<meta name=\"robots\" content=\"index, follow, max-snippet:-1, max-image-preview:large, max-video-preview:-1\" \/>\n<link rel=\"canonical\" href=\"https:\/\/www.etf.fr\/en\/agences-grands-projets-transports-urbains-en\/le-depot-de-tramway-de-meyzieu-vient-de-sagrandir-pour-accueillir-plus-de-rames\/\" \/>\n<meta property=\"og:locale\" content=\"en_US\" \/>\n<meta property=\"og:type\" content=\"article\" \/>\n<meta property=\"og:title\" content=\"Le d\u00e9p\u00f4t de tramway de Meyzieu vient de s&#039;agrandir !\" \/>\n<meta property=\"og:description\" content=\"Apr\u00e8s 6 mois de travail, les \u00e9quipes ETF Lyon viennent de finaliser l&#039;extension des remisages du centre de maintenance tramway de Meyzieu.\" \/>\n<meta property=\"og:url\" content=\"https:\/\/www.etf.fr\/en\/agences-grands-projets-transports-urbains-en\/le-depot-de-tramway-de-meyzieu-vient-de-sagrandir-pour-accueillir-plus-de-rames\/\" \/>\n<meta property=\"og:site_name\" content=\"ETF\" \/>\n<meta property=\"article:published_time\" content=\"2018-05-17T08:39:47+00:00\" \/>\n<meta property=\"article:modified_time\" content=\"2025-09-30T08:22:00+00:00\" \/>\n<meta property=\"og:image\" content=\"https:\/\/www.etf.fr\/wp-content\/uploads\/2018\/11\/20180125_121017.jpg\" \/>\n\t<meta property=\"og:image:width\" content=\"800\" \/>\n\t<meta property=\"og:image:height\" content=\"600\" \/>\n\t<meta property=\"og:image:type\" content=\"image\/jpeg\" \/>\n<meta name=\"author\" content=\"brice\" \/>\n<meta name=\"twitter:card\" content=\"summary_large_image\" \/>\n<meta name=\"twitter:label1\" content=\"Written by\" \/>\n\t<meta name=\"twitter:data1\" content=\"brice\" \/>\n\t<meta name=\"twitter:label2\" content=\"Est. reading time\" \/>\n\t<meta name=\"twitter:data2\" content=\"2 minutes\" \/>\n<script type=\"application\/ld+json\" class=\"yoast-schema-graph\">{\"@context\":\"https:\/\/schema.org\",\"@graph\":[{\"@type\":\"Article\",\"@id\":\"https:\/\/www.etf.fr\/en\/agences-grands-projets-transports-urbains-en\/le-depot-de-tramway-de-meyzieu-vient-de-sagrandir-pour-accueillir-plus-de-rames\/#article\",\"isPartOf\":{\"@id\":\"https:\/\/www.etf.fr\/en\/agences-grands-projets-transports-urbains-en\/le-depot-de-tramway-de-meyzieu-vient-de-sagrandir-pour-accueillir-plus-de-rames\/\"},\"author\":{\"name\":\"brice\",\"@id\":\"https:\/\/www.etf.fr\/#\/schema\/person\/732055a69ee6fdaf6db70f6bb1d3b5ae\"},\"headline\":\"The Meyzieu tram depot has just been expanded to accommodate more trains!\",\"datePublished\":\"2018-05-17T08:39:47+00:00\",\"dateModified\":\"2025-09-30T08:22:00+00:00\",\"mainEntityOfPage\":{\"@id\":\"https:\/\/www.etf.fr\/en\/agences-grands-projets-transports-urbains-en\/le-depot-de-tramway-de-meyzieu-vient-de-sagrandir-pour-accueillir-plus-de-rames\/\"},\"wordCount\":208,\"publisher\":{\"@id\":\"https:\/\/www.etf.fr\/#organization\"},\"image\":{\"@id\":\"https:\/\/www.etf.fr\/en\/agences-grands-projets-transports-urbains-en\/le-depot-de-tramway-de-meyzieu-vient-de-sagrandir-pour-accueillir-plus-de-rames\/#primaryimage\"},\"thumbnailUrl\":\"https:\/\/www.etf.fr\/wp-content\/uploads\/2018\/11\/20180125_121017.jpg\",\"articleSection\":[\"Agences Grands Projets Urbains\",\"Actualit\u00e9s\"],\"inLanguage\":\"en-US\"},{\"@type\":\"WebPage\",\"@id\":\"https:\/\/www.etf.fr\/en\/agences-grands-projets-transports-urbains-en\/le-depot-de-tramway-de-meyzieu-vient-de-sagrandir-pour-accueillir-plus-de-rames\/\",\"url\":\"https:\/\/www.etf.fr\/en\/agences-grands-projets-transports-urbains-en\/le-depot-de-tramway-de-meyzieu-vient-de-sagrandir-pour-accueillir-plus-de-rames\/\",\"name\":\"Le d\u00e9p\u00f4t de tramway de Meyzieu vient de s'agrandir !\",\"isPartOf\":{\"@id\":\"https:\/\/www.etf.fr\/#website\"},\"primaryImageOfPage\":{\"@id\":\"https:\/\/www.etf.fr\/en\/agences-grands-projets-transports-urbains-en\/le-depot-de-tramway-de-meyzieu-vient-de-sagrandir-pour-accueillir-plus-de-rames\/#primaryimage\"},\"image\":{\"@id\":\"https:\/\/www.etf.fr\/en\/agences-grands-projets-transports-urbains-en\/le-depot-de-tramway-de-meyzieu-vient-de-sagrandir-pour-accueillir-plus-de-rames\/#primaryimage\"},\"thumbnailUrl\":\"https:\/\/www.etf.fr\/wp-content\/uploads\/2018\/11\/20180125_121017.jpg\",\"datePublished\":\"2018-05-17T08:39:47+00:00\",\"dateModified\":\"2025-09-30T08:22:00+00:00\",\"description\":\"Apr\u00e8s 6 mois de travail, les \u00e9quipes ETF Lyon viennent de finaliser l'extension des remisages du centre de maintenance tramway de Meyzieu.\",\"breadcrumb\":{\"@id\":\"https:\/\/www.etf.fr\/en\/agences-grands-projets-transports-urbains-en\/le-depot-de-tramway-de-meyzieu-vient-de-sagrandir-pour-accueillir-plus-de-rames\/#breadcrumb\"},\"inLanguage\":\"en-US\",\"potentialAction\":[{\"@type\":\"ReadAction\",\"target\":[\"https:\/\/www.etf.fr\/en\/agences-grands-projets-transports-urbains-en\/le-depot-de-tramway-de-meyzieu-vient-de-sagrandir-pour-accueillir-plus-de-rames\/\"]}]},{\"@type\":\"ImageObject\",\"inLanguage\":\"en-US\",\"@id\":\"https:\/\/www.etf.fr\/en\/agences-grands-projets-transports-urbains-en\/le-depot-de-tramway-de-meyzieu-vient-de-sagrandir-pour-accueillir-plus-de-rames\/#primaryimage\",\"url\":\"https:\/\/www.etf.fr\/wp-content\/uploads\/2018\/11\/20180125_121017.jpg\",\"contentUrl\":\"https:\/\/www.etf.fr\/wp-content\/uploads\/2018\/11\/20180125_121017.jpg\",\"width\":800,\"height\":600},{\"@type\":\"BreadcrumbList\",\"@id\":\"https:\/\/www.etf.fr\/en\/agences-grands-projets-transports-urbains-en\/le-depot-de-tramway-de-meyzieu-vient-de-sagrandir-pour-accueillir-plus-de-rames\/#breadcrumb\",\"itemListElement\":[{\"@type\":\"ListItem\",\"position\":1,\"name\":\"Accueil\",\"item\":\"https:\/\/www.etf.fr\/en\/\"},{\"@type\":\"ListItem\",\"position\":2,\"name\":\"The Meyzieu tram depot has just been expanded to accommodate more trains!\"}]},{\"@type\":\"WebSite\",\"@id\":\"https:\/\/www.etf.fr\/#website\",\"url\":\"https:\/\/www.etf.fr\/\",\"name\":\"ETF\",\"description\":\"Your transport partner worldwide\",\"publisher\":{\"@id\":\"https:\/\/www.etf.fr\/#organization\"},\"potentialAction\":[{\"@type\":\"SearchAction\",\"target\":{\"@type\":\"EntryPoint\",\"urlTemplate\":\"https:\/\/www.etf.fr\/?s={search_term_string}\"},\"query-input\":{\"@type\":\"PropertyValueSpecification\",\"valueRequired\":true,\"valueName\":\"search_term_string\"}}],\"inLanguage\":\"en-US\"},{\"@type\":\"Organization\",\"@id\":\"https:\/\/www.etf.fr\/#organization\",\"name\":\"ETF\",\"url\":\"https:\/\/www.etf.fr\/\",\"logo\":{\"@type\":\"ImageObject\",\"inLanguage\":\"en-US\",\"@id\":\"https:\/\/www.etf.fr\/#\/schema\/logo\/image\/\",\"url\":\"https:\/\/www.etf.fr\/wp-content\/uploads\/2019\/03\/logo-ETF.png\",\"contentUrl\":\"https:\/\/www.etf.fr\/wp-content\/uploads\/2019\/03\/logo-ETF.png\",\"width\":272,\"height\":161,\"caption\":\"ETF\"},\"image\":{\"@id\":\"https:\/\/www.etf.fr\/#\/schema\/logo\/image\/\"}},{\"@type\":\"Person\",\"@id\":\"https:\/\/www.etf.fr\/#\/schema\/person\/732055a69ee6fdaf6db70f6bb1d3b5ae\",\"name\":\"brice\",\"url\":\"https:\/\/www.etf.fr\/en\/author\/brice\/\"}]}<\/script>\n<!-- \/ Yoast SEO plugin. -->","yoast_head_json":{"title":"Le d\u00e9p\u00f4t de tramway de Meyzieu vient de s'agrandir !","description":"Apr\u00e8s 6 mois de travail, les \u00e9quipes ETF Lyon viennent de finaliser l'extension des remisages du centre de maintenance tramway de Meyzieu.","robots":{"index":"index","follow":"follow","max-snippet":"max-snippet:-1","max-image-preview":"max-image-preview:large","max-video-preview":"max-video-preview:-1"},"canonical":"https:\/\/www.etf.fr\/en\/agences-grands-projets-transports-urbains-en\/le-depot-de-tramway-de-meyzieu-vient-de-sagrandir-pour-accueillir-plus-de-rames\/","og_locale":"en_US","og_type":"article","og_title":"Le d\u00e9p\u00f4t de tramway de Meyzieu vient de s'agrandir !","og_description":"Apr\u00e8s 6 mois de travail, les \u00e9quipes ETF Lyon viennent de finaliser l'extension des remisages du centre de maintenance tramway de Meyzieu.","og_url":"https:\/\/www.etf.fr\/en\/agences-grands-projets-transports-urbains-en\/le-depot-de-tramway-de-meyzieu-vient-de-sagrandir-pour-accueillir-plus-de-rames\/","og_site_name":"ETF","article_published_time":"2018-05-17T08:39:47+00:00","article_modified_time":"2025-09-30T08:22:00+00:00","og_image":[{"width":800,"height":600,"url":"https:\/\/www.etf.fr\/wp-content\/uploads\/2018\/11\/20180125_121017.jpg","type":"image\/jpeg"}],"author":"brice","twitter_card":"summary_large_image","twitter_misc":{"Written by":"brice","Est. reading time":"2 minutes"},"schema":{"@context":"https:\/\/schema.org","@graph":[{"@type":"Article","@id":"https:\/\/www.etf.fr\/en\/agences-grands-projets-transports-urbains-en\/le-depot-de-tramway-de-meyzieu-vient-de-sagrandir-pour-accueillir-plus-de-rames\/#article","isPartOf":{"@id":"https:\/\/www.etf.fr\/en\/agences-grands-projets-transports-urbains-en\/le-depot-de-tramway-de-meyzieu-vient-de-sagrandir-pour-accueillir-plus-de-rames\/"},"author":{"name":"brice","@id":"https:\/\/www.etf.fr\/#\/schema\/person\/732055a69ee6fdaf6db70f6bb1d3b5ae"},"headline":"The Meyzieu tram depot has just been expanded to accommodate more trains!","datePublished":"2018-05-17T08:39:47+00:00","dateModified":"2025-09-30T08:22:00+00:00","mainEntityOfPage":{"@id":"https:\/\/www.etf.fr\/en\/agences-grands-projets-transports-urbains-en\/le-depot-de-tramway-de-meyzieu-vient-de-sagrandir-pour-accueillir-plus-de-rames\/"},"wordCount":208,"publisher":{"@id":"https:\/\/www.etf.fr\/#organization"},"image":{"@id":"https:\/\/www.etf.fr\/en\/agences-grands-projets-transports-urbains-en\/le-depot-de-tramway-de-meyzieu-vient-de-sagrandir-pour-accueillir-plus-de-rames\/#primaryimage"},"thumbnailUrl":"https:\/\/www.etf.fr\/wp-content\/uploads\/2018\/11\/20180125_121017.jpg","articleSection":["Agences Grands Projets Urbains","Actualit\u00e9s"],"inLanguage":"en-US"},{"@type":"WebPage","@id":"https:\/\/www.etf.fr\/en\/agences-grands-projets-transports-urbains-en\/le-depot-de-tramway-de-meyzieu-vient-de-sagrandir-pour-accueillir-plus-de-rames\/","url":"https:\/\/www.etf.fr\/en\/agences-grands-projets-transports-urbains-en\/le-depot-de-tramway-de-meyzieu-vient-de-sagrandir-pour-accueillir-plus-de-rames\/","name":"Le d\u00e9p\u00f4t de tramway de Meyzieu vient de s'agrandir !","isPartOf":{"@id":"https:\/\/www.etf.fr\/#website"},"primaryImageOfPage":{"@id":"https:\/\/www.etf.fr\/en\/agences-grands-projets-transports-urbains-en\/le-depot-de-tramway-de-meyzieu-vient-de-sagrandir-pour-accueillir-plus-de-rames\/#primaryimage"},"image":{"@id":"https:\/\/www.etf.fr\/en\/agences-grands-projets-transports-urbains-en\/le-depot-de-tramway-de-meyzieu-vient-de-sagrandir-pour-accueillir-plus-de-rames\/#primaryimage"},"thumbnailUrl":"https:\/\/www.etf.fr\/wp-content\/uploads\/2018\/11\/20180125_121017.jpg","datePublished":"2018-05-17T08:39:47+00:00","dateModified":"2025-09-30T08:22:00+00:00","description":"Apr\u00e8s 6 mois de travail, les \u00e9quipes ETF Lyon viennent de finaliser l'extension des remisages du centre de maintenance tramway de Meyzieu.","breadcrumb":{"@id":"https:\/\/www.etf.fr\/en\/agences-grands-projets-transports-urbains-en\/le-depot-de-tramway-de-meyzieu-vient-de-sagrandir-pour-accueillir-plus-de-rames\/#breadcrumb"},"inLanguage":"en-US","potentialAction":[{"@type":"ReadAction","target":["https:\/\/www.etf.fr\/en\/agences-grands-projets-transports-urbains-en\/le-depot-de-tramway-de-meyzieu-vient-de-sagrandir-pour-accueillir-plus-de-rames\/"]}]},{"@type":"ImageObject","inLanguage":"en-US","@id":"https:\/\/www.etf.fr\/en\/agences-grands-projets-transports-urbains-en\/le-depot-de-tramway-de-meyzieu-vient-de-sagrandir-pour-accueillir-plus-de-rames\/#primaryimage","url":"https:\/\/www.etf.fr\/wp-content\/uploads\/2018\/11\/20180125_121017.jpg","contentUrl":"https:\/\/www.etf.fr\/wp-content\/uploads\/2018\/11\/20180125_121017.jpg","width":800,"height":600},{"@type":"BreadcrumbList","@id":"https:\/\/www.etf.fr\/en\/agences-grands-projets-transports-urbains-en\/le-depot-de-tramway-de-meyzieu-vient-de-sagrandir-pour-accueillir-plus-de-rames\/#breadcrumb","itemListElement":[{"@type":"ListItem","position":1,"name":"Accueil","item":"https:\/\/www.etf.fr\/en\/"},{"@type":"ListItem","position":2,"name":"The Meyzieu tram depot has just been expanded to accommodate more trains!"}]},{"@type":"WebSite","@id":"https:\/\/www.etf.fr\/#website","url":"https:\/\/www.etf.fr\/","name":"ETF","description":"Your transport partner worldwide","publisher":{"@id":"https:\/\/www.etf.fr\/#organization"},"potentialAction":[{"@type":"SearchAction","target":{"@type":"EntryPoint","urlTemplate":"https:\/\/www.etf.fr\/?s={search_term_string}"},"query-input":{"@type":"PropertyValueSpecification","valueRequired":true,"valueName":"search_term_string"}}],"inLanguage":"en-US"},{"@type":"Organization","@id":"https:\/\/www.etf.fr\/#organization","name":"ETF","url":"https:\/\/www.etf.fr\/","logo":{"@type":"ImageObject","inLanguage":"en-US","@id":"https:\/\/www.etf.fr\/#\/schema\/logo\/image\/","url":"https:\/\/www.etf.fr\/wp-content\/uploads\/2019\/03\/logo-ETF.png","contentUrl":"https:\/\/www.etf.fr\/wp-content\/uploads\/2019\/03\/logo-ETF.png","width":272,"height":161,"caption":"ETF"},"image":{"@id":"https:\/\/www.etf.fr\/#\/schema\/logo\/image\/"}},{"@type":"Person","@id":"https:\/\/www.etf.fr\/#\/schema\/person\/732055a69ee6fdaf6db70f6bb1d3b5ae","name":"brice","url":"https:\/\/www.etf.fr\/en\/author\/brice\/"}]}},"_links":{"self":[{"href":"https:\/\/www.etf.fr\/en\/wp-json\/wp\/v2\/posts\/12524301","targetHints":{"allow":["GET"]}}],"collection":[{"href":"https:\/\/www.etf.fr\/en\/wp-json\/wp\/v2\/posts"}],"about":[{"href":"https:\/\/www.etf.fr\/en\/wp-json\/wp\/v2\/types\/post"}],"author":[{"embeddable":true,"href":"https:\/\/www.etf.fr\/en\/wp-json\/wp\/v2\/users\/3"}],"replies":[{"embeddable":true,"href":"https:\/\/www.etf.fr\/en\/wp-json\/wp\/v2\/comments?post=12524301"}],"version-history":[{"count":1,"href":"https:\/\/www.etf.fr\/en\/wp-json\/wp\/v2\/posts\/12524301\/revisions"}],"predecessor-version":[{"id":12524304,"href":"https:\/\/www.etf.fr\/en\/wp-json\/wp\/v2\/posts\/12524301\/revisions\/12524304"}],"wp:featuredmedia":[{"embeddable":true,"href":"https:\/\/www.etf.fr\/en\/wp-json\/wp\/v2\/media\/12524302"}],"wp:attachment":[{"href":"https:\/\/www.etf.fr\/en\/wp-json\/wp\/v2\/media?parent=12524301"}],"wp:term":[{"taxonomy":"category","embeddable":true,"href":"https:\/\/www.etf.fr\/en\/wp-json\/wp\/v2\/categories?post=12524301"},{"taxonomy":"post_tag","embeddable":true,"href":"https:\/\/www.etf.fr\/en\/wp-json\/wp\/v2\/tags?post=12524301"}],"curies":[{"name":"wp","href":"https:\/\/api.w.org\/{rel}","templated":true}]}}