{"id":12524306,"date":"2018-05-16T10:45:45","date_gmt":"2018-05-16T08:45:45","guid":{"rendered":"https:\/\/www.etf.fr\/uncategorized\/un-grand-chantier-de-plus-pour-etf-polska\/"},"modified":"2025-09-30T10:23:13","modified_gmt":"2025-09-30T08:23:13","slug":"un-grand-chantier-de-plus-pour-etf-polska","status":"publish","type":"post","link":"https:\/\/www.etf.fr\/en\/international-en\/un-grand-chantier-de-plus-pour-etf-polska\/","title":{"rendered":"Another major project for ETF Polska"},"content":{"rendered":"Almost a year ago, ETF began work on renewing railway line No. 131 in Poland, connecting the cities of Bytom and Zdunska Wola Karsznice. The project, which will be completed in December 2018, has been organised into two sections: the first between Bytom P\u00f3\u0142noc and Radzionk\u00f3w (approximately 7 km), and the second between Chorzew Siemkowice and Chociw \u0141aski (approximately 20 km).\n\nThe aim of this operation is to rebuild the track system, including the treatment of 25 km of ballast, the replacement of 26 km of track and the construction of 21 sets of points.\nMaterials used :\n\n&#8211; 3,184 tonnes of rails\n&#8211; 37,000 sleepers\n&#8211; 42,000 tonnes of ballast","protected":false},"excerpt":{"rendered":"<p>It has been nearly a year since ETF began work on renewing railway line No. 131 in Poland, connecting the cities of Bytom and Zdunska.<\/p>\n","protected":false},"author":3,"featured_media":12524307,"comment_status":"closed","ping_status":"open","sticky":false,"template":"","format":"standard","meta":{"_acf_changed":false,"footnotes":""},"categories":[119],"tags":[],"class_list":["post-12524306","post","type-post","status-publish","format-standard","has-post-thumbnail","hentry","category-international-en"],"acf":[],"yoast_head":"<!-- This site is optimized with the Yoast SEO plugin v27.1.1 - https:\/\/yoast.com\/product\/yoast-seo-wordpress\/ -->\n<title>Un grand chantier de plus pour ETF Polska en Pologne<\/title>\n<meta name=\"description\" content=\"Voici pr\u00e8s d\u2019un an que ETF a d\u00e9but\u00e9 un chantier de renouvellement de la ligne de voie ferr\u00e9e n\u00b0131 en Pologne reliant les villes de Bytom et Zdunska.\" \/>\n<meta name=\"robots\" content=\"index, follow, max-snippet:-1, max-image-preview:large, max-video-preview:-1\" \/>\n<link rel=\"canonical\" href=\"https:\/\/www.etf.fr\/en\/international-en\/un-grand-chantier-de-plus-pour-etf-polska\/\" \/>\n<meta property=\"og:locale\" content=\"en_US\" \/>\n<meta property=\"og:type\" content=\"article\" \/>\n<meta property=\"og:title\" content=\"Un grand chantier de plus pour ETF Polska en Pologne\" \/>\n<meta property=\"og:description\" content=\"Voici pr\u00e8s d\u2019un an que ETF a d\u00e9but\u00e9 un chantier de renouvellement de la ligne de voie ferr\u00e9e n\u00b0131 en Pologne reliant les villes de Bytom et Zdunska.\" \/>\n<meta property=\"og:url\" content=\"https:\/\/www.etf.fr\/en\/international-en\/un-grand-chantier-de-plus-pour-etf-polska\/\" \/>\n<meta property=\"og:site_name\" content=\"ETF\" \/>\n<meta property=\"article:published_time\" content=\"2018-05-16T08:45:45+00:00\" \/>\n<meta property=\"article:modified_time\" content=\"2025-09-30T08:23:13+00:00\" \/>\n<meta property=\"og:image\" content=\"https:\/\/www.etf.fr\/wp-content\/uploads\/2018\/11\/WhatsApp-Image-2018-05-03-at-12.09.04.jpg\" \/>\n\t<meta property=\"og:image:width\" content=\"800\" \/>\n\t<meta property=\"og:image:height\" content=\"765\" \/>\n\t<meta property=\"og:image:type\" content=\"image\/jpeg\" \/>\n<meta name=\"author\" content=\"brice\" \/>\n<meta name=\"twitter:card\" content=\"summary_large_image\" \/>\n<meta name=\"twitter:label1\" content=\"Written by\" \/>\n\t<meta name=\"twitter:data1\" content=\"brice\" \/>\n\t<meta name=\"twitter:label2\" content=\"Est. reading time\" \/>\n\t<meta name=\"twitter:data2\" content=\"1 minute\" \/>\n<script type=\"application\/ld+json\" class=\"yoast-schema-graph\">{\"@context\":\"https:\/\/schema.org\",\"@graph\":[{\"@type\":\"Article\",\"@id\":\"https:\/\/www.etf.fr\/en\/international-en\/un-grand-chantier-de-plus-pour-etf-polska\/#article\",\"isPartOf\":{\"@id\":\"https:\/\/www.etf.fr\/en\/international-en\/un-grand-chantier-de-plus-pour-etf-polska\/\"},\"author\":{\"name\":\"brice\",\"@id\":\"https:\/\/www.etf.fr\/#\/schema\/person\/732055a69ee6fdaf6db70f6bb1d3b5ae\"},\"headline\":\"Another major project for ETF Polska\",\"datePublished\":\"2018-05-16T08:45:45+00:00\",\"dateModified\":\"2025-09-30T08:23:13+00:00\",\"mainEntityOfPage\":{\"@id\":\"https:\/\/www.etf.fr\/en\/international-en\/un-grand-chantier-de-plus-pour-etf-polska\/\"},\"wordCount\":108,\"publisher\":{\"@id\":\"https:\/\/www.etf.fr\/#organization\"},\"image\":{\"@id\":\"https:\/\/www.etf.fr\/en\/international-en\/un-grand-chantier-de-plus-pour-etf-polska\/#primaryimage\"},\"thumbnailUrl\":\"https:\/\/www.etf.fr\/wp-content\/uploads\/2018\/11\/WhatsApp-Image-2018-05-03-at-12.09.04.jpg\",\"articleSection\":[\"International\"],\"inLanguage\":\"en-US\"},{\"@type\":\"WebPage\",\"@id\":\"https:\/\/www.etf.fr\/en\/international-en\/un-grand-chantier-de-plus-pour-etf-polska\/\",\"url\":\"https:\/\/www.etf.fr\/en\/international-en\/un-grand-chantier-de-plus-pour-etf-polska\/\",\"name\":\"Un grand chantier de plus pour ETF Polska en Pologne\",\"isPartOf\":{\"@id\":\"https:\/\/www.etf.fr\/#website\"},\"primaryImageOfPage\":{\"@id\":\"https:\/\/www.etf.fr\/en\/international-en\/un-grand-chantier-de-plus-pour-etf-polska\/#primaryimage\"},\"image\":{\"@id\":\"https:\/\/www.etf.fr\/en\/international-en\/un-grand-chantier-de-plus-pour-etf-polska\/#primaryimage\"},\"thumbnailUrl\":\"https:\/\/www.etf.fr\/wp-content\/uploads\/2018\/11\/WhatsApp-Image-2018-05-03-at-12.09.04.jpg\",\"datePublished\":\"2018-05-16T08:45:45+00:00\",\"dateModified\":\"2025-09-30T08:23:13+00:00\",\"description\":\"Voici pr\u00e8s d\u2019un an que ETF a d\u00e9but\u00e9 un chantier de renouvellement de la ligne de voie ferr\u00e9e n\u00b0131 en Pologne reliant les villes de Bytom et Zdunska.\",\"breadcrumb\":{\"@id\":\"https:\/\/www.etf.fr\/en\/international-en\/un-grand-chantier-de-plus-pour-etf-polska\/#breadcrumb\"},\"inLanguage\":\"en-US\",\"potentialAction\":[{\"@type\":\"ReadAction\",\"target\":[\"https:\/\/www.etf.fr\/en\/international-en\/un-grand-chantier-de-plus-pour-etf-polska\/\"]}]},{\"@type\":\"ImageObject\",\"inLanguage\":\"en-US\",\"@id\":\"https:\/\/www.etf.fr\/en\/international-en\/un-grand-chantier-de-plus-pour-etf-polska\/#primaryimage\",\"url\":\"https:\/\/www.etf.fr\/wp-content\/uploads\/2018\/11\/WhatsApp-Image-2018-05-03-at-12.09.04.jpg\",\"contentUrl\":\"https:\/\/www.etf.fr\/wp-content\/uploads\/2018\/11\/WhatsApp-Image-2018-05-03-at-12.09.04.jpg\",\"width\":800,\"height\":765},{\"@type\":\"BreadcrumbList\",\"@id\":\"https:\/\/www.etf.fr\/en\/international-en\/un-grand-chantier-de-plus-pour-etf-polska\/#breadcrumb\",\"itemListElement\":[{\"@type\":\"ListItem\",\"position\":1,\"name\":\"Accueil\",\"item\":\"https:\/\/www.etf.fr\/en\/\"},{\"@type\":\"ListItem\",\"position\":2,\"name\":\"Another major project for ETF Polska\"}]},{\"@type\":\"WebSite\",\"@id\":\"https:\/\/www.etf.fr\/#website\",\"url\":\"https:\/\/www.etf.fr\/\",\"name\":\"ETF\",\"description\":\"Your transport partner worldwide\",\"publisher\":{\"@id\":\"https:\/\/www.etf.fr\/#organization\"},\"potentialAction\":[{\"@type\":\"SearchAction\",\"target\":{\"@type\":\"EntryPoint\",\"urlTemplate\":\"https:\/\/www.etf.fr\/?s={search_term_string}\"},\"query-input\":{\"@type\":\"PropertyValueSpecification\",\"valueRequired\":true,\"valueName\":\"search_term_string\"}}],\"inLanguage\":\"en-US\"},{\"@type\":\"Organization\",\"@id\":\"https:\/\/www.etf.fr\/#organization\",\"name\":\"ETF\",\"url\":\"https:\/\/www.etf.fr\/\",\"logo\":{\"@type\":\"ImageObject\",\"inLanguage\":\"en-US\",\"@id\":\"https:\/\/www.etf.fr\/#\/schema\/logo\/image\/\",\"url\":\"https:\/\/www.etf.fr\/wp-content\/uploads\/2019\/03\/logo-ETF.png\",\"contentUrl\":\"https:\/\/www.etf.fr\/wp-content\/uploads\/2019\/03\/logo-ETF.png\",\"width\":272,\"height\":161,\"caption\":\"ETF\"},\"image\":{\"@id\":\"https:\/\/www.etf.fr\/#\/schema\/logo\/image\/\"}},{\"@type\":\"Person\",\"@id\":\"https:\/\/www.etf.fr\/#\/schema\/person\/732055a69ee6fdaf6db70f6bb1d3b5ae\",\"name\":\"brice\",\"url\":\"https:\/\/www.etf.fr\/en\/author\/brice\/\"}]}<\/script>\n<!-- \/ Yoast SEO plugin. -->","yoast_head_json":{"title":"Un grand chantier de plus pour ETF Polska en Pologne","description":"Voici pr\u00e8s d\u2019un an que ETF a d\u00e9but\u00e9 un chantier de renouvellement de la ligne de voie ferr\u00e9e n\u00b0131 en Pologne reliant les villes de Bytom et Zdunska.","robots":{"index":"index","follow":"follow","max-snippet":"max-snippet:-1","max-image-preview":"max-image-preview:large","max-video-preview":"max-video-preview:-1"},"canonical":"https:\/\/www.etf.fr\/en\/international-en\/un-grand-chantier-de-plus-pour-etf-polska\/","og_locale":"en_US","og_type":"article","og_title":"Un grand chantier de plus pour ETF Polska en Pologne","og_description":"Voici pr\u00e8s d\u2019un an que ETF a d\u00e9but\u00e9 un chantier de renouvellement de la ligne de voie ferr\u00e9e n\u00b0131 en Pologne reliant les villes de Bytom et Zdunska.","og_url":"https:\/\/www.etf.fr\/en\/international-en\/un-grand-chantier-de-plus-pour-etf-polska\/","og_site_name":"ETF","article_published_time":"2018-05-16T08:45:45+00:00","article_modified_time":"2025-09-30T08:23:13+00:00","og_image":[{"width":800,"height":765,"url":"https:\/\/www.etf.fr\/wp-content\/uploads\/2018\/11\/WhatsApp-Image-2018-05-03-at-12.09.04.jpg","type":"image\/jpeg"}],"author":"brice","twitter_card":"summary_large_image","twitter_misc":{"Written by":"brice","Est. reading time":"1 minute"},"schema":{"@context":"https:\/\/schema.org","@graph":[{"@type":"Article","@id":"https:\/\/www.etf.fr\/en\/international-en\/un-grand-chantier-de-plus-pour-etf-polska\/#article","isPartOf":{"@id":"https:\/\/www.etf.fr\/en\/international-en\/un-grand-chantier-de-plus-pour-etf-polska\/"},"author":{"name":"brice","@id":"https:\/\/www.etf.fr\/#\/schema\/person\/732055a69ee6fdaf6db70f6bb1d3b5ae"},"headline":"Another major project for ETF Polska","datePublished":"2018-05-16T08:45:45+00:00","dateModified":"2025-09-30T08:23:13+00:00","mainEntityOfPage":{"@id":"https:\/\/www.etf.fr\/en\/international-en\/un-grand-chantier-de-plus-pour-etf-polska\/"},"wordCount":108,"publisher":{"@id":"https:\/\/www.etf.fr\/#organization"},"image":{"@id":"https:\/\/www.etf.fr\/en\/international-en\/un-grand-chantier-de-plus-pour-etf-polska\/#primaryimage"},"thumbnailUrl":"https:\/\/www.etf.fr\/wp-content\/uploads\/2018\/11\/WhatsApp-Image-2018-05-03-at-12.09.04.jpg","articleSection":["International"],"inLanguage":"en-US"},{"@type":"WebPage","@id":"https:\/\/www.etf.fr\/en\/international-en\/un-grand-chantier-de-plus-pour-etf-polska\/","url":"https:\/\/www.etf.fr\/en\/international-en\/un-grand-chantier-de-plus-pour-etf-polska\/","name":"Un grand chantier de plus pour ETF Polska en Pologne","isPartOf":{"@id":"https:\/\/www.etf.fr\/#website"},"primaryImageOfPage":{"@id":"https:\/\/www.etf.fr\/en\/international-en\/un-grand-chantier-de-plus-pour-etf-polska\/#primaryimage"},"image":{"@id":"https:\/\/www.etf.fr\/en\/international-en\/un-grand-chantier-de-plus-pour-etf-polska\/#primaryimage"},"thumbnailUrl":"https:\/\/www.etf.fr\/wp-content\/uploads\/2018\/11\/WhatsApp-Image-2018-05-03-at-12.09.04.jpg","datePublished":"2018-05-16T08:45:45+00:00","dateModified":"2025-09-30T08:23:13+00:00","description":"Voici pr\u00e8s d\u2019un an que ETF a d\u00e9but\u00e9 un chantier de renouvellement de la ligne de voie ferr\u00e9e n\u00b0131 en Pologne reliant les villes de Bytom et Zdunska.","breadcrumb":{"@id":"https:\/\/www.etf.fr\/en\/international-en\/un-grand-chantier-de-plus-pour-etf-polska\/#breadcrumb"},"inLanguage":"en-US","potentialAction":[{"@type":"ReadAction","target":["https:\/\/www.etf.fr\/en\/international-en\/un-grand-chantier-de-plus-pour-etf-polska\/"]}]},{"@type":"ImageObject","inLanguage":"en-US","@id":"https:\/\/www.etf.fr\/en\/international-en\/un-grand-chantier-de-plus-pour-etf-polska\/#primaryimage","url":"https:\/\/www.etf.fr\/wp-content\/uploads\/2018\/11\/WhatsApp-Image-2018-05-03-at-12.09.04.jpg","contentUrl":"https:\/\/www.etf.fr\/wp-content\/uploads\/2018\/11\/WhatsApp-Image-2018-05-03-at-12.09.04.jpg","width":800,"height":765},{"@type":"BreadcrumbList","@id":"https:\/\/www.etf.fr\/en\/international-en\/un-grand-chantier-de-plus-pour-etf-polska\/#breadcrumb","itemListElement":[{"@type":"ListItem","position":1,"name":"Accueil","item":"https:\/\/www.etf.fr\/en\/"},{"@type":"ListItem","position":2,"name":"Another major project for ETF Polska"}]},{"@type":"WebSite","@id":"https:\/\/www.etf.fr\/#website","url":"https:\/\/www.etf.fr\/","name":"ETF","description":"Your transport partner worldwide","publisher":{"@id":"https:\/\/www.etf.fr\/#organization"},"potentialAction":[{"@type":"SearchAction","target":{"@type":"EntryPoint","urlTemplate":"https:\/\/www.etf.fr\/?s={search_term_string}"},"query-input":{"@type":"PropertyValueSpecification","valueRequired":true,"valueName":"search_term_string"}}],"inLanguage":"en-US"},{"@type":"Organization","@id":"https:\/\/www.etf.fr\/#organization","name":"ETF","url":"https:\/\/www.etf.fr\/","logo":{"@type":"ImageObject","inLanguage":"en-US","@id":"https:\/\/www.etf.fr\/#\/schema\/logo\/image\/","url":"https:\/\/www.etf.fr\/wp-content\/uploads\/2019\/03\/logo-ETF.png","contentUrl":"https:\/\/www.etf.fr\/wp-content\/uploads\/2019\/03\/logo-ETF.png","width":272,"height":161,"caption":"ETF"},"image":{"@id":"https:\/\/www.etf.fr\/#\/schema\/logo\/image\/"}},{"@type":"Person","@id":"https:\/\/www.etf.fr\/#\/schema\/person\/732055a69ee6fdaf6db70f6bb1d3b5ae","name":"brice","url":"https:\/\/www.etf.fr\/en\/author\/brice\/"}]}},"_links":{"self":[{"href":"https:\/\/www.etf.fr\/en\/wp-json\/wp\/v2\/posts\/12524306","targetHints":{"allow":["GET"]}}],"collection":[{"href":"https:\/\/www.etf.fr\/en\/wp-json\/wp\/v2\/posts"}],"about":[{"href":"https:\/\/www.etf.fr\/en\/wp-json\/wp\/v2\/types\/post"}],"author":[{"embeddable":true,"href":"https:\/\/www.etf.fr\/en\/wp-json\/wp\/v2\/users\/3"}],"replies":[{"embeddable":true,"href":"https:\/\/www.etf.fr\/en\/wp-json\/wp\/v2\/comments?post=12524306"}],"version-history":[{"count":1,"href":"https:\/\/www.etf.fr\/en\/wp-json\/wp\/v2\/posts\/12524306\/revisions"}],"predecessor-version":[{"id":12524308,"href":"https:\/\/www.etf.fr\/en\/wp-json\/wp\/v2\/posts\/12524306\/revisions\/12524308"}],"wp:featuredmedia":[{"embeddable":true,"href":"https:\/\/www.etf.fr\/en\/wp-json\/wp\/v2\/media\/12524307"}],"wp:attachment":[{"href":"https:\/\/www.etf.fr\/en\/wp-json\/wp\/v2\/media?parent=12524306"}],"wp:term":[{"taxonomy":"category","embeddable":true,"href":"https:\/\/www.etf.fr\/en\/wp-json\/wp\/v2\/categories?post=12524306"},{"taxonomy":"post_tag","embeddable":true,"href":"https:\/\/www.etf.fr\/en\/wp-json\/wp\/v2\/tags?post=12524306"}],"curies":[{"name":"wp","href":"https:\/\/api.w.org\/{rel}","templated":true}]}}