{"id":12524375,"date":"2018-01-02T10:59:40","date_gmt":"2018-01-02T09:59:40","guid":{"rendered":"https:\/\/www.etf.fr\/uncategorized\/etf-prolonge-la-ligne-11-du-metro-parisien\/"},"modified":"2025-09-30T10:28:58","modified_gmt":"2025-09-30T08:28:58","slug":"etf-prolonge-la-ligne-11-du-metro-parisien","status":"publish","type":"post","link":"https:\/\/www.etf.fr\/en\/agences-grands-projets-transports-urbains-en\/etf-prolonge-la-ligne-11-du-metro-parisien\/","title":{"rendered":"ETF extends line 11 of the Paris Metro"},"content":{"rendered":"<strong>RATP has signed a \u20ac32 million contract with the consortium led by TSO and ETF to build the railway infrastructure for the eastern extension of line 11 of the Paris metro, from Mairie des Lilas to Rosny-sous-Bois.<\/strong>\n\nAs part of this project, the TSO\/ETF consortium will build <b>12.4 km of metro tracks<\/b> (2 x 6 km extension), the entire guidance system, as well as the track dedicated to train maintenance and walkways on either side of the tunnel.\n\nFrom Mairie des Lilas to Rosny-Bois-Perrier, the Line 11 extension project covers 6 km, including 5.4 km in commercial operation. It is being carried out jointly by RATP and \u00cele-de-France Mobilit\u00e9s and represents an investment of \u20ac1.3 billion, financed by the French government, the \u00cele-de-France region, Soci\u00e9t\u00e9 du Grand Paris, the Seine-Saint-Denis departmental council, RATP and the city of Paris.","protected":false},"excerpt":{"rendered":"<p>RATP has signed a \u20ac32 million contract with the consortium led by TSO and ETF for the construction of railway infrastructure for the eastern extension of line 11 of the Paris metro, from Mairie des Lilas to Rosny-sous-Bois.<\/p>\n","protected":false},"author":3,"featured_media":12524376,"comment_status":"closed","ping_status":"open","sticky":false,"template":"","format":"standard","meta":{"_acf_changed":false,"footnotes":""},"categories":[192],"tags":[],"class_list":["post-12524375","post","type-post","status-publish","format-standard","has-post-thumbnail","hentry","category-agences-grands-projets-transports-urbains-en"],"acf":[],"yoast_head":"<!-- This site is optimized with the Yoast SEO plugin v27.1.1 - https:\/\/yoast.com\/product\/yoast-seo-wordpress\/ -->\n<title>ETF r\u00e9alise le prolongement \u00e0 l&#039;Est de la ligne 11 du m\u00e9tro parisien<\/title>\n<meta name=\"description\" content=\"La RATP a sign\u00e9 un contrat de 32 millions d\u2019euros pour la r\u00e9alisation du prolongement \u00e0 l\u2019Est de la ligne 11 du m\u00e9tro parisien.\" \/>\n<meta name=\"robots\" content=\"index, follow, max-snippet:-1, max-image-preview:large, max-video-preview:-1\" \/>\n<link rel=\"canonical\" href=\"https:\/\/www.etf.fr\/en\/agences-grands-projets-transports-urbains-en\/etf-prolonge-la-ligne-11-du-metro-parisien\/\" \/>\n<meta property=\"og:locale\" content=\"en_US\" \/>\n<meta property=\"og:type\" content=\"article\" \/>\n<meta property=\"og:title\" content=\"ETF r\u00e9alise le prolongement \u00e0 l&#039;Est de la ligne 11 du m\u00e9tro parisien\" \/>\n<meta property=\"og:description\" content=\"La RATP a sign\u00e9 un contrat de 32 millions d\u2019euros pour la r\u00e9alisation du prolongement \u00e0 l\u2019Est de la ligne 11 du m\u00e9tro parisien.\" \/>\n<meta property=\"og:url\" content=\"https:\/\/www.etf.fr\/en\/agences-grands-projets-transports-urbains-en\/etf-prolonge-la-ligne-11-du-metro-parisien\/\" \/>\n<meta property=\"og:site_name\" content=\"ETF\" \/>\n<meta property=\"article:published_time\" content=\"2018-01-02T09:59:40+00:00\" \/>\n<meta property=\"article:modified_time\" content=\"2025-09-30T08:28:58+00:00\" \/>\n<meta property=\"og:image\" content=\"https:\/\/www.etf.fr\/wp-content\/uploads\/2018\/11\/metro-ligne-11.jpg\" \/>\n\t<meta property=\"og:image:width\" content=\"1200\" \/>\n\t<meta property=\"og:image:height\" content=\"720\" \/>\n\t<meta property=\"og:image:type\" content=\"image\/jpeg\" \/>\n<meta name=\"author\" content=\"brice\" \/>\n<meta name=\"twitter:card\" content=\"summary_large_image\" \/>\n<meta name=\"twitter:label1\" content=\"Written by\" \/>\n\t<meta name=\"twitter:data1\" content=\"brice\" \/>\n\t<meta name=\"twitter:label2\" content=\"Est. reading time\" \/>\n\t<meta name=\"twitter:data2\" content=\"1 minute\" \/>\n<script type=\"application\/ld+json\" class=\"yoast-schema-graph\">{\"@context\":\"https:\/\/schema.org\",\"@graph\":[{\"@type\":\"Article\",\"@id\":\"https:\/\/www.etf.fr\/en\/agences-grands-projets-transports-urbains-en\/etf-prolonge-la-ligne-11-du-metro-parisien\/#article\",\"isPartOf\":{\"@id\":\"https:\/\/www.etf.fr\/en\/agences-grands-projets-transports-urbains-en\/etf-prolonge-la-ligne-11-du-metro-parisien\/\"},\"author\":{\"name\":\"brice\",\"@id\":\"https:\/\/www.etf.fr\/#\/schema\/person\/732055a69ee6fdaf6db70f6bb1d3b5ae\"},\"headline\":\"ETF extends line 11 of the Paris Metro\",\"datePublished\":\"2018-01-02T09:59:40+00:00\",\"dateModified\":\"2025-09-30T08:28:58+00:00\",\"mainEntityOfPage\":{\"@id\":\"https:\/\/www.etf.fr\/en\/agences-grands-projets-transports-urbains-en\/etf-prolonge-la-ligne-11-du-metro-parisien\/\"},\"wordCount\":139,\"publisher\":{\"@id\":\"https:\/\/www.etf.fr\/#organization\"},\"image\":{\"@id\":\"https:\/\/www.etf.fr\/en\/agences-grands-projets-transports-urbains-en\/etf-prolonge-la-ligne-11-du-metro-parisien\/#primaryimage\"},\"thumbnailUrl\":\"https:\/\/www.etf.fr\/wp-content\/uploads\/2018\/11\/metro-ligne-11.jpg\",\"articleSection\":[\"Agences Grands Projets Urbains\"],\"inLanguage\":\"en-US\"},{\"@type\":\"WebPage\",\"@id\":\"https:\/\/www.etf.fr\/en\/agences-grands-projets-transports-urbains-en\/etf-prolonge-la-ligne-11-du-metro-parisien\/\",\"url\":\"https:\/\/www.etf.fr\/en\/agences-grands-projets-transports-urbains-en\/etf-prolonge-la-ligne-11-du-metro-parisien\/\",\"name\":\"ETF r\u00e9alise le prolongement \u00e0 l'Est de la ligne 11 du m\u00e9tro parisien\",\"isPartOf\":{\"@id\":\"https:\/\/www.etf.fr\/#website\"},\"primaryImageOfPage\":{\"@id\":\"https:\/\/www.etf.fr\/en\/agences-grands-projets-transports-urbains-en\/etf-prolonge-la-ligne-11-du-metro-parisien\/#primaryimage\"},\"image\":{\"@id\":\"https:\/\/www.etf.fr\/en\/agences-grands-projets-transports-urbains-en\/etf-prolonge-la-ligne-11-du-metro-parisien\/#primaryimage\"},\"thumbnailUrl\":\"https:\/\/www.etf.fr\/wp-content\/uploads\/2018\/11\/metro-ligne-11.jpg\",\"datePublished\":\"2018-01-02T09:59:40+00:00\",\"dateModified\":\"2025-09-30T08:28:58+00:00\",\"description\":\"La RATP a sign\u00e9 un contrat de 32 millions d\u2019euros pour la r\u00e9alisation du prolongement \u00e0 l\u2019Est de la ligne 11 du m\u00e9tro parisien.\",\"breadcrumb\":{\"@id\":\"https:\/\/www.etf.fr\/en\/agences-grands-projets-transports-urbains-en\/etf-prolonge-la-ligne-11-du-metro-parisien\/#breadcrumb\"},\"inLanguage\":\"en-US\",\"potentialAction\":[{\"@type\":\"ReadAction\",\"target\":[\"https:\/\/www.etf.fr\/en\/agences-grands-projets-transports-urbains-en\/etf-prolonge-la-ligne-11-du-metro-parisien\/\"]}]},{\"@type\":\"ImageObject\",\"inLanguage\":\"en-US\",\"@id\":\"https:\/\/www.etf.fr\/en\/agences-grands-projets-transports-urbains-en\/etf-prolonge-la-ligne-11-du-metro-parisien\/#primaryimage\",\"url\":\"https:\/\/www.etf.fr\/wp-content\/uploads\/2018\/11\/metro-ligne-11.jpg\",\"contentUrl\":\"https:\/\/www.etf.fr\/wp-content\/uploads\/2018\/11\/metro-ligne-11.jpg\",\"width\":1200,\"height\":720,\"caption\":\"metro parisien ligne 11\"},{\"@type\":\"BreadcrumbList\",\"@id\":\"https:\/\/www.etf.fr\/en\/agences-grands-projets-transports-urbains-en\/etf-prolonge-la-ligne-11-du-metro-parisien\/#breadcrumb\",\"itemListElement\":[{\"@type\":\"ListItem\",\"position\":1,\"name\":\"Accueil\",\"item\":\"https:\/\/www.etf.fr\/en\/\"},{\"@type\":\"ListItem\",\"position\":2,\"name\":\"ETF extends line 11 of the Paris Metro\"}]},{\"@type\":\"WebSite\",\"@id\":\"https:\/\/www.etf.fr\/#website\",\"url\":\"https:\/\/www.etf.fr\/\",\"name\":\"ETF\",\"description\":\"Your transport partner worldwide\",\"publisher\":{\"@id\":\"https:\/\/www.etf.fr\/#organization\"},\"potentialAction\":[{\"@type\":\"SearchAction\",\"target\":{\"@type\":\"EntryPoint\",\"urlTemplate\":\"https:\/\/www.etf.fr\/?s={search_term_string}\"},\"query-input\":{\"@type\":\"PropertyValueSpecification\",\"valueRequired\":true,\"valueName\":\"search_term_string\"}}],\"inLanguage\":\"en-US\"},{\"@type\":\"Organization\",\"@id\":\"https:\/\/www.etf.fr\/#organization\",\"name\":\"ETF\",\"url\":\"https:\/\/www.etf.fr\/\",\"logo\":{\"@type\":\"ImageObject\",\"inLanguage\":\"en-US\",\"@id\":\"https:\/\/www.etf.fr\/#\/schema\/logo\/image\/\",\"url\":\"https:\/\/www.etf.fr\/wp-content\/uploads\/2019\/03\/logo-ETF.png\",\"contentUrl\":\"https:\/\/www.etf.fr\/wp-content\/uploads\/2019\/03\/logo-ETF.png\",\"width\":272,\"height\":161,\"caption\":\"ETF\"},\"image\":{\"@id\":\"https:\/\/www.etf.fr\/#\/schema\/logo\/image\/\"}},{\"@type\":\"Person\",\"@id\":\"https:\/\/www.etf.fr\/#\/schema\/person\/732055a69ee6fdaf6db70f6bb1d3b5ae\",\"name\":\"brice\",\"url\":\"https:\/\/www.etf.fr\/en\/author\/brice\/\"}]}<\/script>\n<!-- \/ Yoast SEO plugin. -->","yoast_head_json":{"title":"ETF r\u00e9alise le prolongement \u00e0 l'Est de la ligne 11 du m\u00e9tro parisien","description":"La RATP a sign\u00e9 un contrat de 32 millions d\u2019euros pour la r\u00e9alisation du prolongement \u00e0 l\u2019Est de la ligne 11 du m\u00e9tro parisien.","robots":{"index":"index","follow":"follow","max-snippet":"max-snippet:-1","max-image-preview":"max-image-preview:large","max-video-preview":"max-video-preview:-1"},"canonical":"https:\/\/www.etf.fr\/en\/agences-grands-projets-transports-urbains-en\/etf-prolonge-la-ligne-11-du-metro-parisien\/","og_locale":"en_US","og_type":"article","og_title":"ETF r\u00e9alise le prolongement \u00e0 l'Est de la ligne 11 du m\u00e9tro parisien","og_description":"La RATP a sign\u00e9 un contrat de 32 millions d\u2019euros pour la r\u00e9alisation du prolongement \u00e0 l\u2019Est de la ligne 11 du m\u00e9tro parisien.","og_url":"https:\/\/www.etf.fr\/en\/agences-grands-projets-transports-urbains-en\/etf-prolonge-la-ligne-11-du-metro-parisien\/","og_site_name":"ETF","article_published_time":"2018-01-02T09:59:40+00:00","article_modified_time":"2025-09-30T08:28:58+00:00","og_image":[{"width":1200,"height":720,"url":"https:\/\/www.etf.fr\/wp-content\/uploads\/2018\/11\/metro-ligne-11.jpg","type":"image\/jpeg"}],"author":"brice","twitter_card":"summary_large_image","twitter_misc":{"Written by":"brice","Est. reading time":"1 minute"},"schema":{"@context":"https:\/\/schema.org","@graph":[{"@type":"Article","@id":"https:\/\/www.etf.fr\/en\/agences-grands-projets-transports-urbains-en\/etf-prolonge-la-ligne-11-du-metro-parisien\/#article","isPartOf":{"@id":"https:\/\/www.etf.fr\/en\/agences-grands-projets-transports-urbains-en\/etf-prolonge-la-ligne-11-du-metro-parisien\/"},"author":{"name":"brice","@id":"https:\/\/www.etf.fr\/#\/schema\/person\/732055a69ee6fdaf6db70f6bb1d3b5ae"},"headline":"ETF extends line 11 of the Paris Metro","datePublished":"2018-01-02T09:59:40+00:00","dateModified":"2025-09-30T08:28:58+00:00","mainEntityOfPage":{"@id":"https:\/\/www.etf.fr\/en\/agences-grands-projets-transports-urbains-en\/etf-prolonge-la-ligne-11-du-metro-parisien\/"},"wordCount":139,"publisher":{"@id":"https:\/\/www.etf.fr\/#organization"},"image":{"@id":"https:\/\/www.etf.fr\/en\/agences-grands-projets-transports-urbains-en\/etf-prolonge-la-ligne-11-du-metro-parisien\/#primaryimage"},"thumbnailUrl":"https:\/\/www.etf.fr\/wp-content\/uploads\/2018\/11\/metro-ligne-11.jpg","articleSection":["Agences Grands Projets Urbains"],"inLanguage":"en-US"},{"@type":"WebPage","@id":"https:\/\/www.etf.fr\/en\/agences-grands-projets-transports-urbains-en\/etf-prolonge-la-ligne-11-du-metro-parisien\/","url":"https:\/\/www.etf.fr\/en\/agences-grands-projets-transports-urbains-en\/etf-prolonge-la-ligne-11-du-metro-parisien\/","name":"ETF r\u00e9alise le prolongement \u00e0 l'Est de la ligne 11 du m\u00e9tro parisien","isPartOf":{"@id":"https:\/\/www.etf.fr\/#website"},"primaryImageOfPage":{"@id":"https:\/\/www.etf.fr\/en\/agences-grands-projets-transports-urbains-en\/etf-prolonge-la-ligne-11-du-metro-parisien\/#primaryimage"},"image":{"@id":"https:\/\/www.etf.fr\/en\/agences-grands-projets-transports-urbains-en\/etf-prolonge-la-ligne-11-du-metro-parisien\/#primaryimage"},"thumbnailUrl":"https:\/\/www.etf.fr\/wp-content\/uploads\/2018\/11\/metro-ligne-11.jpg","datePublished":"2018-01-02T09:59:40+00:00","dateModified":"2025-09-30T08:28:58+00:00","description":"La RATP a sign\u00e9 un contrat de 32 millions d\u2019euros pour la r\u00e9alisation du prolongement \u00e0 l\u2019Est de la ligne 11 du m\u00e9tro parisien.","breadcrumb":{"@id":"https:\/\/www.etf.fr\/en\/agences-grands-projets-transports-urbains-en\/etf-prolonge-la-ligne-11-du-metro-parisien\/#breadcrumb"},"inLanguage":"en-US","potentialAction":[{"@type":"ReadAction","target":["https:\/\/www.etf.fr\/en\/agences-grands-projets-transports-urbains-en\/etf-prolonge-la-ligne-11-du-metro-parisien\/"]}]},{"@type":"ImageObject","inLanguage":"en-US","@id":"https:\/\/www.etf.fr\/en\/agences-grands-projets-transports-urbains-en\/etf-prolonge-la-ligne-11-du-metro-parisien\/#primaryimage","url":"https:\/\/www.etf.fr\/wp-content\/uploads\/2018\/11\/metro-ligne-11.jpg","contentUrl":"https:\/\/www.etf.fr\/wp-content\/uploads\/2018\/11\/metro-ligne-11.jpg","width":1200,"height":720,"caption":"metro parisien ligne 11"},{"@type":"BreadcrumbList","@id":"https:\/\/www.etf.fr\/en\/agences-grands-projets-transports-urbains-en\/etf-prolonge-la-ligne-11-du-metro-parisien\/#breadcrumb","itemListElement":[{"@type":"ListItem","position":1,"name":"Accueil","item":"https:\/\/www.etf.fr\/en\/"},{"@type":"ListItem","position":2,"name":"ETF extends line 11 of the Paris Metro"}]},{"@type":"WebSite","@id":"https:\/\/www.etf.fr\/#website","url":"https:\/\/www.etf.fr\/","name":"ETF","description":"Your transport partner worldwide","publisher":{"@id":"https:\/\/www.etf.fr\/#organization"},"potentialAction":[{"@type":"SearchAction","target":{"@type":"EntryPoint","urlTemplate":"https:\/\/www.etf.fr\/?s={search_term_string}"},"query-input":{"@type":"PropertyValueSpecification","valueRequired":true,"valueName":"search_term_string"}}],"inLanguage":"en-US"},{"@type":"Organization","@id":"https:\/\/www.etf.fr\/#organization","name":"ETF","url":"https:\/\/www.etf.fr\/","logo":{"@type":"ImageObject","inLanguage":"en-US","@id":"https:\/\/www.etf.fr\/#\/schema\/logo\/image\/","url":"https:\/\/www.etf.fr\/wp-content\/uploads\/2019\/03\/logo-ETF.png","contentUrl":"https:\/\/www.etf.fr\/wp-content\/uploads\/2019\/03\/logo-ETF.png","width":272,"height":161,"caption":"ETF"},"image":{"@id":"https:\/\/www.etf.fr\/#\/schema\/logo\/image\/"}},{"@type":"Person","@id":"https:\/\/www.etf.fr\/#\/schema\/person\/732055a69ee6fdaf6db70f6bb1d3b5ae","name":"brice","url":"https:\/\/www.etf.fr\/en\/author\/brice\/"}]}},"_links":{"self":[{"href":"https:\/\/www.etf.fr\/en\/wp-json\/wp\/v2\/posts\/12524375","targetHints":{"allow":["GET"]}}],"collection":[{"href":"https:\/\/www.etf.fr\/en\/wp-json\/wp\/v2\/posts"}],"about":[{"href":"https:\/\/www.etf.fr\/en\/wp-json\/wp\/v2\/types\/post"}],"author":[{"embeddable":true,"href":"https:\/\/www.etf.fr\/en\/wp-json\/wp\/v2\/users\/3"}],"replies":[{"embeddable":true,"href":"https:\/\/www.etf.fr\/en\/wp-json\/wp\/v2\/comments?post=12524375"}],"version-history":[{"count":1,"href":"https:\/\/www.etf.fr\/en\/wp-json\/wp\/v2\/posts\/12524375\/revisions"}],"predecessor-version":[{"id":12524377,"href":"https:\/\/www.etf.fr\/en\/wp-json\/wp\/v2\/posts\/12524375\/revisions\/12524377"}],"wp:featuredmedia":[{"embeddable":true,"href":"https:\/\/www.etf.fr\/en\/wp-json\/wp\/v2\/media\/12524376"}],"wp:attachment":[{"href":"https:\/\/www.etf.fr\/en\/wp-json\/wp\/v2\/media?parent=12524375"}],"wp:term":[{"taxonomy":"category","embeddable":true,"href":"https:\/\/www.etf.fr\/en\/wp-json\/wp\/v2\/categories?post=12524375"},{"taxonomy":"post_tag","embeddable":true,"href":"https:\/\/www.etf.fr\/en\/wp-json\/wp\/v2\/tags?post=12524375"}],"curies":[{"name":"wp","href":"https:\/\/api.w.org\/{rel}","templated":true}]}}