{"id":12524379,"date":"2017-12-19T15:48:44","date_gmt":"2017-12-19T14:48:44","guid":{"rendered":"https:\/\/www.etf.fr\/uncategorized\/metro-du-caire\/"},"modified":"2025-09-30T10:30:10","modified_gmt":"2025-09-30T08:30:10","slug":"metro-du-caire","status":"publish","type":"post","link":"https:\/\/www.etf.fr\/en\/international-en\/metro-du-caire\/","title":{"rendered":"Cairo Metro"},"content":{"rendered":"Phase 3 of Line 3 is launched\n\nOn 8 November, ETF, in consortium with Orascom Construction in particular, signed a contract to begin phase 3 of Cairo Metro Line 3: the extension of the existing Line 3 to the west bank of the Nile.\n\nThe work covers 17.7 km of track, where 15 stations \u2013 8 in tunnels, 5 on viaducts, 2 at ground level \u2013 and a light maintenance depot will be built.\n\nETF is responsible for the design, supply and installation of the track, including a third rail for power supply.\n\nThree installation methods will be used: concrete track with twin-block sleepers in tunnels, track on stringers with direct fastening on viaducts, and ballasted track with concrete or wooden sleepers on other sections.","protected":false},"excerpt":{"rendered":"<p>On 8 November, ETF, in consortium with Orascom Construction, among others, signed a contract to commence phase 3 of Cairo Metro Line 3: the extension of the existing Line 3 to the west bank of the Nile.<\/p>\n","protected":false},"author":3,"featured_media":12524380,"comment_status":"closed","ping_status":"open","sticky":false,"template":"","format":"standard","meta":{"_acf_changed":false,"footnotes":""},"categories":[119],"tags":[],"class_list":["post-12524379","post","type-post","status-publish","format-standard","has-post-thumbnail","hentry","category-international-en"],"acf":[],"yoast_head":"<!-- This site is optimized with the Yoast SEO plugin v27.1.1 - https:\/\/yoast.com\/product\/yoast-seo-wordpress\/ -->\n<title>La phase 3 de la ligne 3 du m\u00e9tro du Caire est lanc\u00e9e<\/title>\n<meta name=\"description\" content=\"Le 8 novembre, ETF a sign\u00e9 un contrat pour entamer la phase 3 de la ligne 3 du m\u00e9tro du Caire\u00a0: le prolongement de la ligne 3 existante.\" \/>\n<meta name=\"robots\" content=\"index, follow, max-snippet:-1, max-image-preview:large, max-video-preview:-1\" \/>\n<link rel=\"canonical\" href=\"https:\/\/www.etf.fr\/en\/international-en\/metro-du-caire\/\" \/>\n<meta property=\"og:locale\" content=\"en_US\" \/>\n<meta property=\"og:type\" content=\"article\" \/>\n<meta property=\"og:title\" content=\"La phase 3 de la ligne 3 du m\u00e9tro du Caire est lanc\u00e9e\" \/>\n<meta property=\"og:description\" content=\"Le 8 novembre, ETF a sign\u00e9 un contrat pour entamer la phase 3 de la ligne 3 du m\u00e9tro du Caire\u00a0: le prolongement de la ligne 3 existante.\" \/>\n<meta property=\"og:url\" content=\"https:\/\/www.etf.fr\/en\/international-en\/metro-du-caire\/\" \/>\n<meta property=\"og:site_name\" content=\"ETF\" \/>\n<meta property=\"article:published_time\" content=\"2017-12-19T14:48:44+00:00\" \/>\n<meta property=\"article:modified_time\" content=\"2025-09-30T08:30:10+00:00\" \/>\n<meta property=\"og:image\" content=\"https:\/\/www.etf.fr\/wp-content\/uploads\/2018\/11\/sans_titre-2-1.jpg\" \/>\n\t<meta property=\"og:image:width\" content=\"800\" \/>\n\t<meta property=\"og:image:height\" content=\"447\" \/>\n\t<meta property=\"og:image:type\" content=\"image\/jpeg\" \/>\n<meta name=\"author\" content=\"brice\" \/>\n<meta name=\"twitter:card\" content=\"summary_large_image\" \/>\n<meta name=\"twitter:label1\" content=\"Written by\" \/>\n\t<meta name=\"twitter:data1\" content=\"brice\" \/>\n\t<meta name=\"twitter:label2\" content=\"Est. reading time\" \/>\n\t<meta name=\"twitter:data2\" content=\"1 minute\" \/>\n<script type=\"application\/ld+json\" class=\"yoast-schema-graph\">{\"@context\":\"https:\/\/schema.org\",\"@graph\":[{\"@type\":\"Article\",\"@id\":\"https:\/\/www.etf.fr\/en\/international-en\/metro-du-caire\/#article\",\"isPartOf\":{\"@id\":\"https:\/\/www.etf.fr\/en\/international-en\/metro-du-caire\/\"},\"author\":{\"name\":\"brice\",\"@id\":\"https:\/\/www.etf.fr\/#\/schema\/person\/732055a69ee6fdaf6db70f6bb1d3b5ae\"},\"headline\":\"Cairo Metro\",\"datePublished\":\"2017-12-19T14:48:44+00:00\",\"dateModified\":\"2025-09-30T08:30:10+00:00\",\"mainEntityOfPage\":{\"@id\":\"https:\/\/www.etf.fr\/en\/international-en\/metro-du-caire\/\"},\"wordCount\":114,\"publisher\":{\"@id\":\"https:\/\/www.etf.fr\/#organization\"},\"image\":{\"@id\":\"https:\/\/www.etf.fr\/en\/international-en\/metro-du-caire\/#primaryimage\"},\"thumbnailUrl\":\"https:\/\/www.etf.fr\/wp-content\/uploads\/2018\/11\/sans_titre-2-1.jpg\",\"articleSection\":[\"International\"],\"inLanguage\":\"en-US\"},{\"@type\":\"WebPage\",\"@id\":\"https:\/\/www.etf.fr\/en\/international-en\/metro-du-caire\/\",\"url\":\"https:\/\/www.etf.fr\/en\/international-en\/metro-du-caire\/\",\"name\":\"La phase 3 de la ligne 3 du m\u00e9tro du Caire est lanc\u00e9e\",\"isPartOf\":{\"@id\":\"https:\/\/www.etf.fr\/#website\"},\"primaryImageOfPage\":{\"@id\":\"https:\/\/www.etf.fr\/en\/international-en\/metro-du-caire\/#primaryimage\"},\"image\":{\"@id\":\"https:\/\/www.etf.fr\/en\/international-en\/metro-du-caire\/#primaryimage\"},\"thumbnailUrl\":\"https:\/\/www.etf.fr\/wp-content\/uploads\/2018\/11\/sans_titre-2-1.jpg\",\"datePublished\":\"2017-12-19T14:48:44+00:00\",\"dateModified\":\"2025-09-30T08:30:10+00:00\",\"description\":\"Le 8 novembre, ETF a sign\u00e9 un contrat pour entamer la phase 3 de la ligne 3 du m\u00e9tro du Caire\u00a0: le prolongement de la ligne 3 existante.\",\"breadcrumb\":{\"@id\":\"https:\/\/www.etf.fr\/en\/international-en\/metro-du-caire\/#breadcrumb\"},\"inLanguage\":\"en-US\",\"potentialAction\":[{\"@type\":\"ReadAction\",\"target\":[\"https:\/\/www.etf.fr\/en\/international-en\/metro-du-caire\/\"]}]},{\"@type\":\"ImageObject\",\"inLanguage\":\"en-US\",\"@id\":\"https:\/\/www.etf.fr\/en\/international-en\/metro-du-caire\/#primaryimage\",\"url\":\"https:\/\/www.etf.fr\/wp-content\/uploads\/2018\/11\/sans_titre-2-1.jpg\",\"contentUrl\":\"https:\/\/www.etf.fr\/wp-content\/uploads\/2018\/11\/sans_titre-2-1.jpg\",\"width\":800,\"height\":447},{\"@type\":\"BreadcrumbList\",\"@id\":\"https:\/\/www.etf.fr\/en\/international-en\/metro-du-caire\/#breadcrumb\",\"itemListElement\":[{\"@type\":\"ListItem\",\"position\":1,\"name\":\"Accueil\",\"item\":\"https:\/\/www.etf.fr\/en\/\"},{\"@type\":\"ListItem\",\"position\":2,\"name\":\"Cairo Metro\"}]},{\"@type\":\"WebSite\",\"@id\":\"https:\/\/www.etf.fr\/#website\",\"url\":\"https:\/\/www.etf.fr\/\",\"name\":\"ETF\",\"description\":\"Your transport partner worldwide\",\"publisher\":{\"@id\":\"https:\/\/www.etf.fr\/#organization\"},\"potentialAction\":[{\"@type\":\"SearchAction\",\"target\":{\"@type\":\"EntryPoint\",\"urlTemplate\":\"https:\/\/www.etf.fr\/?s={search_term_string}\"},\"query-input\":{\"@type\":\"PropertyValueSpecification\",\"valueRequired\":true,\"valueName\":\"search_term_string\"}}],\"inLanguage\":\"en-US\"},{\"@type\":\"Organization\",\"@id\":\"https:\/\/www.etf.fr\/#organization\",\"name\":\"ETF\",\"url\":\"https:\/\/www.etf.fr\/\",\"logo\":{\"@type\":\"ImageObject\",\"inLanguage\":\"en-US\",\"@id\":\"https:\/\/www.etf.fr\/#\/schema\/logo\/image\/\",\"url\":\"https:\/\/www.etf.fr\/wp-content\/uploads\/2019\/03\/logo-ETF.png\",\"contentUrl\":\"https:\/\/www.etf.fr\/wp-content\/uploads\/2019\/03\/logo-ETF.png\",\"width\":272,\"height\":161,\"caption\":\"ETF\"},\"image\":{\"@id\":\"https:\/\/www.etf.fr\/#\/schema\/logo\/image\/\"}},{\"@type\":\"Person\",\"@id\":\"https:\/\/www.etf.fr\/#\/schema\/person\/732055a69ee6fdaf6db70f6bb1d3b5ae\",\"name\":\"brice\",\"url\":\"https:\/\/www.etf.fr\/en\/author\/brice\/\"}]}<\/script>\n<!-- \/ Yoast SEO plugin. -->","yoast_head_json":{"title":"La phase 3 de la ligne 3 du m\u00e9tro du Caire est lanc\u00e9e","description":"Le 8 novembre, ETF a sign\u00e9 un contrat pour entamer la phase 3 de la ligne 3 du m\u00e9tro du Caire\u00a0: le prolongement de la ligne 3 existante.","robots":{"index":"index","follow":"follow","max-snippet":"max-snippet:-1","max-image-preview":"max-image-preview:large","max-video-preview":"max-video-preview:-1"},"canonical":"https:\/\/www.etf.fr\/en\/international-en\/metro-du-caire\/","og_locale":"en_US","og_type":"article","og_title":"La phase 3 de la ligne 3 du m\u00e9tro du Caire est lanc\u00e9e","og_description":"Le 8 novembre, ETF a sign\u00e9 un contrat pour entamer la phase 3 de la ligne 3 du m\u00e9tro du Caire\u00a0: le prolongement de la ligne 3 existante.","og_url":"https:\/\/www.etf.fr\/en\/international-en\/metro-du-caire\/","og_site_name":"ETF","article_published_time":"2017-12-19T14:48:44+00:00","article_modified_time":"2025-09-30T08:30:10+00:00","og_image":[{"width":800,"height":447,"url":"https:\/\/www.etf.fr\/wp-content\/uploads\/2018\/11\/sans_titre-2-1.jpg","type":"image\/jpeg"}],"author":"brice","twitter_card":"summary_large_image","twitter_misc":{"Written by":"brice","Est. reading time":"1 minute"},"schema":{"@context":"https:\/\/schema.org","@graph":[{"@type":"Article","@id":"https:\/\/www.etf.fr\/en\/international-en\/metro-du-caire\/#article","isPartOf":{"@id":"https:\/\/www.etf.fr\/en\/international-en\/metro-du-caire\/"},"author":{"name":"brice","@id":"https:\/\/www.etf.fr\/#\/schema\/person\/732055a69ee6fdaf6db70f6bb1d3b5ae"},"headline":"Cairo Metro","datePublished":"2017-12-19T14:48:44+00:00","dateModified":"2025-09-30T08:30:10+00:00","mainEntityOfPage":{"@id":"https:\/\/www.etf.fr\/en\/international-en\/metro-du-caire\/"},"wordCount":114,"publisher":{"@id":"https:\/\/www.etf.fr\/#organization"},"image":{"@id":"https:\/\/www.etf.fr\/en\/international-en\/metro-du-caire\/#primaryimage"},"thumbnailUrl":"https:\/\/www.etf.fr\/wp-content\/uploads\/2018\/11\/sans_titre-2-1.jpg","articleSection":["International"],"inLanguage":"en-US"},{"@type":"WebPage","@id":"https:\/\/www.etf.fr\/en\/international-en\/metro-du-caire\/","url":"https:\/\/www.etf.fr\/en\/international-en\/metro-du-caire\/","name":"La phase 3 de la ligne 3 du m\u00e9tro du Caire est lanc\u00e9e","isPartOf":{"@id":"https:\/\/www.etf.fr\/#website"},"primaryImageOfPage":{"@id":"https:\/\/www.etf.fr\/en\/international-en\/metro-du-caire\/#primaryimage"},"image":{"@id":"https:\/\/www.etf.fr\/en\/international-en\/metro-du-caire\/#primaryimage"},"thumbnailUrl":"https:\/\/www.etf.fr\/wp-content\/uploads\/2018\/11\/sans_titre-2-1.jpg","datePublished":"2017-12-19T14:48:44+00:00","dateModified":"2025-09-30T08:30:10+00:00","description":"Le 8 novembre, ETF a sign\u00e9 un contrat pour entamer la phase 3 de la ligne 3 du m\u00e9tro du Caire\u00a0: le prolongement de la ligne 3 existante.","breadcrumb":{"@id":"https:\/\/www.etf.fr\/en\/international-en\/metro-du-caire\/#breadcrumb"},"inLanguage":"en-US","potentialAction":[{"@type":"ReadAction","target":["https:\/\/www.etf.fr\/en\/international-en\/metro-du-caire\/"]}]},{"@type":"ImageObject","inLanguage":"en-US","@id":"https:\/\/www.etf.fr\/en\/international-en\/metro-du-caire\/#primaryimage","url":"https:\/\/www.etf.fr\/wp-content\/uploads\/2018\/11\/sans_titre-2-1.jpg","contentUrl":"https:\/\/www.etf.fr\/wp-content\/uploads\/2018\/11\/sans_titre-2-1.jpg","width":800,"height":447},{"@type":"BreadcrumbList","@id":"https:\/\/www.etf.fr\/en\/international-en\/metro-du-caire\/#breadcrumb","itemListElement":[{"@type":"ListItem","position":1,"name":"Accueil","item":"https:\/\/www.etf.fr\/en\/"},{"@type":"ListItem","position":2,"name":"Cairo Metro"}]},{"@type":"WebSite","@id":"https:\/\/www.etf.fr\/#website","url":"https:\/\/www.etf.fr\/","name":"ETF","description":"Your transport partner worldwide","publisher":{"@id":"https:\/\/www.etf.fr\/#organization"},"potentialAction":[{"@type":"SearchAction","target":{"@type":"EntryPoint","urlTemplate":"https:\/\/www.etf.fr\/?s={search_term_string}"},"query-input":{"@type":"PropertyValueSpecification","valueRequired":true,"valueName":"search_term_string"}}],"inLanguage":"en-US"},{"@type":"Organization","@id":"https:\/\/www.etf.fr\/#organization","name":"ETF","url":"https:\/\/www.etf.fr\/","logo":{"@type":"ImageObject","inLanguage":"en-US","@id":"https:\/\/www.etf.fr\/#\/schema\/logo\/image\/","url":"https:\/\/www.etf.fr\/wp-content\/uploads\/2019\/03\/logo-ETF.png","contentUrl":"https:\/\/www.etf.fr\/wp-content\/uploads\/2019\/03\/logo-ETF.png","width":272,"height":161,"caption":"ETF"},"image":{"@id":"https:\/\/www.etf.fr\/#\/schema\/logo\/image\/"}},{"@type":"Person","@id":"https:\/\/www.etf.fr\/#\/schema\/person\/732055a69ee6fdaf6db70f6bb1d3b5ae","name":"brice","url":"https:\/\/www.etf.fr\/en\/author\/brice\/"}]}},"_links":{"self":[{"href":"https:\/\/www.etf.fr\/en\/wp-json\/wp\/v2\/posts\/12524379","targetHints":{"allow":["GET"]}}],"collection":[{"href":"https:\/\/www.etf.fr\/en\/wp-json\/wp\/v2\/posts"}],"about":[{"href":"https:\/\/www.etf.fr\/en\/wp-json\/wp\/v2\/types\/post"}],"author":[{"embeddable":true,"href":"https:\/\/www.etf.fr\/en\/wp-json\/wp\/v2\/users\/3"}],"replies":[{"embeddable":true,"href":"https:\/\/www.etf.fr\/en\/wp-json\/wp\/v2\/comments?post=12524379"}],"version-history":[{"count":1,"href":"https:\/\/www.etf.fr\/en\/wp-json\/wp\/v2\/posts\/12524379\/revisions"}],"predecessor-version":[{"id":12524381,"href":"https:\/\/www.etf.fr\/en\/wp-json\/wp\/v2\/posts\/12524379\/revisions\/12524381"}],"wp:featuredmedia":[{"embeddable":true,"href":"https:\/\/www.etf.fr\/en\/wp-json\/wp\/v2\/media\/12524380"}],"wp:attachment":[{"href":"https:\/\/www.etf.fr\/en\/wp-json\/wp\/v2\/media?parent=12524379"}],"wp:term":[{"taxonomy":"category","embeddable":true,"href":"https:\/\/www.etf.fr\/en\/wp-json\/wp\/v2\/categories?post=12524379"},{"taxonomy":"post_tag","embeddable":true,"href":"https:\/\/www.etf.fr\/en\/wp-json\/wp\/v2\/tags?post=12524379"}],"curies":[{"name":"wp","href":"https:\/\/api.w.org\/{rel}","templated":true}]}}