{"id":12524383,"date":"2017-12-11T11:04:14","date_gmt":"2017-12-11T10:04:14","guid":{"rendered":"https:\/\/www.etf.fr\/uncategorized\/etf-primee-au-palmares-final-du-prix-de-linnovation-vinci-2017\/"},"modified":"2025-09-30T10:31:39","modified_gmt":"2025-09-30T08:31:39","slug":"etf-primee-au-palmares-final-du-prix-de-linnovation-vinci-2017","status":"publish","type":"post","link":"https:\/\/www.etf.fr\/en\/actualites-en\/etf-primee-au-palmares-final-du-prix-de-linnovation-vinci-2017\/","title":{"rendered":"ETF wins award in the final round of the 2017 Vinci Innovation Prize"},"content":{"rendered":"SNCF R\u00e9seau has launched a vast programme to modernise the \u00cele-de-France rail network. This modernisation involves replacing outdated tracks in densely populated areas, despite numerous constraints.\n\nUsually, different wagons are used to transport new and used ballast. ETF has decided to adapt the work trains to the specific characteristics of densely populated areas by using double-deck conveyors.\n\nThese \u2018double-flow\u2019 trains will arrive at the site filled with new ballast, unload it, and leave with a load of old ballast. This means that there are no more empty hoppers.\n\nThis double-flow train has a throughput of 1,000 t\/h and a carrying capacity of nearly 5 t\/m. It improves both productivity and the environmental performance of construction sites. Four trains are currently in operation in the \u00cele-de-France region on the Dense Areas construction site. Four more have been ordered for 2018 to ensure the renewal of tracks on more conventional lines.\n\nPresentation video at the Innovation Awards ceremony:","protected":false},"excerpt":{"rendered":"<p>SNCF R\u00e9seau has launched a major programme to modernise the \u00cele-de-France rail network.<\/p>\n","protected":false},"author":3,"featured_media":12524384,"comment_status":"closed","ping_status":"open","sticky":false,"template":"","format":"standard","meta":{"_acf_changed":false,"footnotes":""},"categories":[191],"tags":[],"class_list":["post-12524383","post","type-post","status-publish","format-standard","has-post-thumbnail","hentry","category-actualites-en"],"acf":[],"yoast_head":"<!-- This site is optimized with the Yoast SEO plugin v27.1.1 - https:\/\/yoast.com\/product\/yoast-seo-wordpress\/ -->\n<title>ETF prim\u00e9e au plamar\u00e8s final du prix de l&#039;innovation Vinci 2017<\/title>\n<meta name=\"description\" content=\"Un vaste programme de modernisation du r\u00e9seau ferr\u00e9 a \u00e9t\u00e9 lanc\u00e9 par SNCF. Cette modernisation consiste \u00e0 renouveler en zone dense les voies trop v\u00e9tustes.\" \/>\n<meta name=\"robots\" content=\"index, follow, max-snippet:-1, max-image-preview:large, max-video-preview:-1\" \/>\n<link rel=\"canonical\" href=\"https:\/\/www.etf.fr\/en\/actualites-en\/etf-primee-au-palmares-final-du-prix-de-linnovation-vinci-2017\/\" \/>\n<meta property=\"og:locale\" content=\"en_US\" \/>\n<meta property=\"og:type\" content=\"article\" \/>\n<meta property=\"og:title\" content=\"ETF prim\u00e9e au plamar\u00e8s final du prix de l&#039;innovation Vinci 2017\" \/>\n<meta property=\"og:description\" content=\"Un vaste programme de modernisation du r\u00e9seau ferr\u00e9 a \u00e9t\u00e9 lanc\u00e9 par SNCF. Cette modernisation consiste \u00e0 renouveler en zone dense les voies trop v\u00e9tustes.\" \/>\n<meta property=\"og:url\" content=\"https:\/\/www.etf.fr\/en\/actualites-en\/etf-primee-au-palmares-final-du-prix-de-linnovation-vinci-2017\/\" \/>\n<meta property=\"og:site_name\" content=\"ETF\" \/>\n<meta property=\"article:published_time\" content=\"2017-12-11T10:04:14+00:00\" \/>\n<meta property=\"article:modified_time\" content=\"2025-09-30T08:31:39+00:00\" \/>\n<meta property=\"og:image\" content=\"https:\/\/www.etf.fr\/wp-content\/uploads\/2018\/11\/innovation-vinci-etf.jpg\" \/>\n\t<meta property=\"og:image:width\" content=\"1200\" \/>\n\t<meta property=\"og:image:height\" content=\"720\" \/>\n\t<meta property=\"og:image:type\" content=\"image\/jpeg\" \/>\n<meta name=\"author\" content=\"brice\" \/>\n<meta name=\"twitter:card\" content=\"summary_large_image\" \/>\n<meta name=\"twitter:label1\" content=\"Written by\" \/>\n\t<meta name=\"twitter:data1\" content=\"brice\" \/>\n\t<meta name=\"twitter:label2\" content=\"Est. reading time\" \/>\n\t<meta name=\"twitter:data2\" content=\"1 minute\" \/>\n<script type=\"application\/ld+json\" class=\"yoast-schema-graph\">{\"@context\":\"https:\/\/schema.org\",\"@graph\":[{\"@type\":\"Article\",\"@id\":\"https:\/\/www.etf.fr\/en\/actualites-en\/etf-primee-au-palmares-final-du-prix-de-linnovation-vinci-2017\/#article\",\"isPartOf\":{\"@id\":\"https:\/\/www.etf.fr\/en\/actualites-en\/etf-primee-au-palmares-final-du-prix-de-linnovation-vinci-2017\/\"},\"author\":{\"name\":\"brice\",\"@id\":\"https:\/\/www.etf.fr\/#\/schema\/person\/732055a69ee6fdaf6db70f6bb1d3b5ae\"},\"headline\":\"ETF wins award in the final round of the 2017 Vinci Innovation Prize\",\"datePublished\":\"2017-12-11T10:04:14+00:00\",\"dateModified\":\"2025-09-30T08:31:39+00:00\",\"mainEntityOfPage\":{\"@id\":\"https:\/\/www.etf.fr\/en\/actualites-en\/etf-primee-au-palmares-final-du-prix-de-linnovation-vinci-2017\/\"},\"wordCount\":168,\"publisher\":{\"@id\":\"https:\/\/www.etf.fr\/#organization\"},\"image\":{\"@id\":\"https:\/\/www.etf.fr\/en\/actualites-en\/etf-primee-au-palmares-final-du-prix-de-linnovation-vinci-2017\/#primaryimage\"},\"thumbnailUrl\":\"https:\/\/www.etf.fr\/wp-content\/uploads\/2018\/11\/innovation-vinci-etf.jpg\",\"articleSection\":[\"Actualit\u00e9s\"],\"inLanguage\":\"en-US\"},{\"@type\":\"WebPage\",\"@id\":\"https:\/\/www.etf.fr\/en\/actualites-en\/etf-primee-au-palmares-final-du-prix-de-linnovation-vinci-2017\/\",\"url\":\"https:\/\/www.etf.fr\/en\/actualites-en\/etf-primee-au-palmares-final-du-prix-de-linnovation-vinci-2017\/\",\"name\":\"ETF prim\u00e9e au plamar\u00e8s final du prix de l'innovation Vinci 2017\",\"isPartOf\":{\"@id\":\"https:\/\/www.etf.fr\/#website\"},\"primaryImageOfPage\":{\"@id\":\"https:\/\/www.etf.fr\/en\/actualites-en\/etf-primee-au-palmares-final-du-prix-de-linnovation-vinci-2017\/#primaryimage\"},\"image\":{\"@id\":\"https:\/\/www.etf.fr\/en\/actualites-en\/etf-primee-au-palmares-final-du-prix-de-linnovation-vinci-2017\/#primaryimage\"},\"thumbnailUrl\":\"https:\/\/www.etf.fr\/wp-content\/uploads\/2018\/11\/innovation-vinci-etf.jpg\",\"datePublished\":\"2017-12-11T10:04:14+00:00\",\"dateModified\":\"2025-09-30T08:31:39+00:00\",\"description\":\"Un vaste programme de modernisation du r\u00e9seau ferr\u00e9 a \u00e9t\u00e9 lanc\u00e9 par SNCF. Cette modernisation consiste \u00e0 renouveler en zone dense les voies trop v\u00e9tustes.\",\"breadcrumb\":{\"@id\":\"https:\/\/www.etf.fr\/en\/actualites-en\/etf-primee-au-palmares-final-du-prix-de-linnovation-vinci-2017\/#breadcrumb\"},\"inLanguage\":\"en-US\",\"potentialAction\":[{\"@type\":\"ReadAction\",\"target\":[\"https:\/\/www.etf.fr\/en\/actualites-en\/etf-primee-au-palmares-final-du-prix-de-linnovation-vinci-2017\/\"]}]},{\"@type\":\"ImageObject\",\"inLanguage\":\"en-US\",\"@id\":\"https:\/\/www.etf.fr\/en\/actualites-en\/etf-primee-au-palmares-final-du-prix-de-linnovation-vinci-2017\/#primaryimage\",\"url\":\"https:\/\/www.etf.fr\/wp-content\/uploads\/2018\/11\/innovation-vinci-etf.jpg\",\"contentUrl\":\"https:\/\/www.etf.fr\/wp-content\/uploads\/2018\/11\/innovation-vinci-etf.jpg\",\"width\":1200,\"height\":720,\"caption\":\"innovation vinci etf\"},{\"@type\":\"BreadcrumbList\",\"@id\":\"https:\/\/www.etf.fr\/en\/actualites-en\/etf-primee-au-palmares-final-du-prix-de-linnovation-vinci-2017\/#breadcrumb\",\"itemListElement\":[{\"@type\":\"ListItem\",\"position\":1,\"name\":\"Accueil\",\"item\":\"https:\/\/www.etf.fr\/en\/\"},{\"@type\":\"ListItem\",\"position\":2,\"name\":\"ETF wins award in the final round of the 2017 Vinci Innovation Prize\"}]},{\"@type\":\"WebSite\",\"@id\":\"https:\/\/www.etf.fr\/#website\",\"url\":\"https:\/\/www.etf.fr\/\",\"name\":\"ETF\",\"description\":\"Your transport partner worldwide\",\"publisher\":{\"@id\":\"https:\/\/www.etf.fr\/#organization\"},\"potentialAction\":[{\"@type\":\"SearchAction\",\"target\":{\"@type\":\"EntryPoint\",\"urlTemplate\":\"https:\/\/www.etf.fr\/?s={search_term_string}\"},\"query-input\":{\"@type\":\"PropertyValueSpecification\",\"valueRequired\":true,\"valueName\":\"search_term_string\"}}],\"inLanguage\":\"en-US\"},{\"@type\":\"Organization\",\"@id\":\"https:\/\/www.etf.fr\/#organization\",\"name\":\"ETF\",\"url\":\"https:\/\/www.etf.fr\/\",\"logo\":{\"@type\":\"ImageObject\",\"inLanguage\":\"en-US\",\"@id\":\"https:\/\/www.etf.fr\/#\/schema\/logo\/image\/\",\"url\":\"https:\/\/www.etf.fr\/wp-content\/uploads\/2019\/03\/logo-ETF.png\",\"contentUrl\":\"https:\/\/www.etf.fr\/wp-content\/uploads\/2019\/03\/logo-ETF.png\",\"width\":272,\"height\":161,\"caption\":\"ETF\"},\"image\":{\"@id\":\"https:\/\/www.etf.fr\/#\/schema\/logo\/image\/\"}},{\"@type\":\"Person\",\"@id\":\"https:\/\/www.etf.fr\/#\/schema\/person\/732055a69ee6fdaf6db70f6bb1d3b5ae\",\"name\":\"brice\",\"url\":\"https:\/\/www.etf.fr\/en\/author\/brice\/\"}]}<\/script>\n<!-- \/ Yoast SEO plugin. -->","yoast_head_json":{"title":"ETF prim\u00e9e au plamar\u00e8s final du prix de l'innovation Vinci 2017","description":"Un vaste programme de modernisation du r\u00e9seau ferr\u00e9 a \u00e9t\u00e9 lanc\u00e9 par SNCF. Cette modernisation consiste \u00e0 renouveler en zone dense les voies trop v\u00e9tustes.","robots":{"index":"index","follow":"follow","max-snippet":"max-snippet:-1","max-image-preview":"max-image-preview:large","max-video-preview":"max-video-preview:-1"},"canonical":"https:\/\/www.etf.fr\/en\/actualites-en\/etf-primee-au-palmares-final-du-prix-de-linnovation-vinci-2017\/","og_locale":"en_US","og_type":"article","og_title":"ETF prim\u00e9e au plamar\u00e8s final du prix de l'innovation Vinci 2017","og_description":"Un vaste programme de modernisation du r\u00e9seau ferr\u00e9 a \u00e9t\u00e9 lanc\u00e9 par SNCF. Cette modernisation consiste \u00e0 renouveler en zone dense les voies trop v\u00e9tustes.","og_url":"https:\/\/www.etf.fr\/en\/actualites-en\/etf-primee-au-palmares-final-du-prix-de-linnovation-vinci-2017\/","og_site_name":"ETF","article_published_time":"2017-12-11T10:04:14+00:00","article_modified_time":"2025-09-30T08:31:39+00:00","og_image":[{"width":1200,"height":720,"url":"https:\/\/www.etf.fr\/wp-content\/uploads\/2018\/11\/innovation-vinci-etf.jpg","type":"image\/jpeg"}],"author":"brice","twitter_card":"summary_large_image","twitter_misc":{"Written by":"brice","Est. reading time":"1 minute"},"schema":{"@context":"https:\/\/schema.org","@graph":[{"@type":"Article","@id":"https:\/\/www.etf.fr\/en\/actualites-en\/etf-primee-au-palmares-final-du-prix-de-linnovation-vinci-2017\/#article","isPartOf":{"@id":"https:\/\/www.etf.fr\/en\/actualites-en\/etf-primee-au-palmares-final-du-prix-de-linnovation-vinci-2017\/"},"author":{"name":"brice","@id":"https:\/\/www.etf.fr\/#\/schema\/person\/732055a69ee6fdaf6db70f6bb1d3b5ae"},"headline":"ETF wins award in the final round of the 2017 Vinci Innovation Prize","datePublished":"2017-12-11T10:04:14+00:00","dateModified":"2025-09-30T08:31:39+00:00","mainEntityOfPage":{"@id":"https:\/\/www.etf.fr\/en\/actualites-en\/etf-primee-au-palmares-final-du-prix-de-linnovation-vinci-2017\/"},"wordCount":168,"publisher":{"@id":"https:\/\/www.etf.fr\/#organization"},"image":{"@id":"https:\/\/www.etf.fr\/en\/actualites-en\/etf-primee-au-palmares-final-du-prix-de-linnovation-vinci-2017\/#primaryimage"},"thumbnailUrl":"https:\/\/www.etf.fr\/wp-content\/uploads\/2018\/11\/innovation-vinci-etf.jpg","articleSection":["Actualit\u00e9s"],"inLanguage":"en-US"},{"@type":"WebPage","@id":"https:\/\/www.etf.fr\/en\/actualites-en\/etf-primee-au-palmares-final-du-prix-de-linnovation-vinci-2017\/","url":"https:\/\/www.etf.fr\/en\/actualites-en\/etf-primee-au-palmares-final-du-prix-de-linnovation-vinci-2017\/","name":"ETF prim\u00e9e au plamar\u00e8s final du prix de l'innovation Vinci 2017","isPartOf":{"@id":"https:\/\/www.etf.fr\/#website"},"primaryImageOfPage":{"@id":"https:\/\/www.etf.fr\/en\/actualites-en\/etf-primee-au-palmares-final-du-prix-de-linnovation-vinci-2017\/#primaryimage"},"image":{"@id":"https:\/\/www.etf.fr\/en\/actualites-en\/etf-primee-au-palmares-final-du-prix-de-linnovation-vinci-2017\/#primaryimage"},"thumbnailUrl":"https:\/\/www.etf.fr\/wp-content\/uploads\/2018\/11\/innovation-vinci-etf.jpg","datePublished":"2017-12-11T10:04:14+00:00","dateModified":"2025-09-30T08:31:39+00:00","description":"Un vaste programme de modernisation du r\u00e9seau ferr\u00e9 a \u00e9t\u00e9 lanc\u00e9 par SNCF. Cette modernisation consiste \u00e0 renouveler en zone dense les voies trop v\u00e9tustes.","breadcrumb":{"@id":"https:\/\/www.etf.fr\/en\/actualites-en\/etf-primee-au-palmares-final-du-prix-de-linnovation-vinci-2017\/#breadcrumb"},"inLanguage":"en-US","potentialAction":[{"@type":"ReadAction","target":["https:\/\/www.etf.fr\/en\/actualites-en\/etf-primee-au-palmares-final-du-prix-de-linnovation-vinci-2017\/"]}]},{"@type":"ImageObject","inLanguage":"en-US","@id":"https:\/\/www.etf.fr\/en\/actualites-en\/etf-primee-au-palmares-final-du-prix-de-linnovation-vinci-2017\/#primaryimage","url":"https:\/\/www.etf.fr\/wp-content\/uploads\/2018\/11\/innovation-vinci-etf.jpg","contentUrl":"https:\/\/www.etf.fr\/wp-content\/uploads\/2018\/11\/innovation-vinci-etf.jpg","width":1200,"height":720,"caption":"innovation vinci etf"},{"@type":"BreadcrumbList","@id":"https:\/\/www.etf.fr\/en\/actualites-en\/etf-primee-au-palmares-final-du-prix-de-linnovation-vinci-2017\/#breadcrumb","itemListElement":[{"@type":"ListItem","position":1,"name":"Accueil","item":"https:\/\/www.etf.fr\/en\/"},{"@type":"ListItem","position":2,"name":"ETF wins award in the final round of the 2017 Vinci Innovation Prize"}]},{"@type":"WebSite","@id":"https:\/\/www.etf.fr\/#website","url":"https:\/\/www.etf.fr\/","name":"ETF","description":"Your transport partner worldwide","publisher":{"@id":"https:\/\/www.etf.fr\/#organization"},"potentialAction":[{"@type":"SearchAction","target":{"@type":"EntryPoint","urlTemplate":"https:\/\/www.etf.fr\/?s={search_term_string}"},"query-input":{"@type":"PropertyValueSpecification","valueRequired":true,"valueName":"search_term_string"}}],"inLanguage":"en-US"},{"@type":"Organization","@id":"https:\/\/www.etf.fr\/#organization","name":"ETF","url":"https:\/\/www.etf.fr\/","logo":{"@type":"ImageObject","inLanguage":"en-US","@id":"https:\/\/www.etf.fr\/#\/schema\/logo\/image\/","url":"https:\/\/www.etf.fr\/wp-content\/uploads\/2019\/03\/logo-ETF.png","contentUrl":"https:\/\/www.etf.fr\/wp-content\/uploads\/2019\/03\/logo-ETF.png","width":272,"height":161,"caption":"ETF"},"image":{"@id":"https:\/\/www.etf.fr\/#\/schema\/logo\/image\/"}},{"@type":"Person","@id":"https:\/\/www.etf.fr\/#\/schema\/person\/732055a69ee6fdaf6db70f6bb1d3b5ae","name":"brice","url":"https:\/\/www.etf.fr\/en\/author\/brice\/"}]}},"_links":{"self":[{"href":"https:\/\/www.etf.fr\/en\/wp-json\/wp\/v2\/posts\/12524383","targetHints":{"allow":["GET"]}}],"collection":[{"href":"https:\/\/www.etf.fr\/en\/wp-json\/wp\/v2\/posts"}],"about":[{"href":"https:\/\/www.etf.fr\/en\/wp-json\/wp\/v2\/types\/post"}],"author":[{"embeddable":true,"href":"https:\/\/www.etf.fr\/en\/wp-json\/wp\/v2\/users\/3"}],"replies":[{"embeddable":true,"href":"https:\/\/www.etf.fr\/en\/wp-json\/wp\/v2\/comments?post=12524383"}],"version-history":[{"count":2,"href":"https:\/\/www.etf.fr\/en\/wp-json\/wp\/v2\/posts\/12524383\/revisions"}],"predecessor-version":[{"id":12524386,"href":"https:\/\/www.etf.fr\/en\/wp-json\/wp\/v2\/posts\/12524383\/revisions\/12524386"}],"wp:featuredmedia":[{"embeddable":true,"href":"https:\/\/www.etf.fr\/en\/wp-json\/wp\/v2\/media\/12524384"}],"wp:attachment":[{"href":"https:\/\/www.etf.fr\/en\/wp-json\/wp\/v2\/media?parent=12524383"}],"wp:term":[{"taxonomy":"category","embeddable":true,"href":"https:\/\/www.etf.fr\/en\/wp-json\/wp\/v2\/categories?post=12524383"},{"taxonomy":"post_tag","embeddable":true,"href":"https:\/\/www.etf.fr\/en\/wp-json\/wp\/v2\/tags?post=12524383"}],"curies":[{"name":"wp","href":"https:\/\/api.w.org\/{rel}","templated":true}]}}