{"id":12524397,"date":"2017-09-25T11:11:55","date_gmt":"2017-09-25T09:11:55","guid":{"rendered":"https:\/\/www.etf.fr\/uncategorized\/vigirail\/"},"modified":"2025-09-30T10:35:47","modified_gmt":"2025-09-30T08:35:47","slug":"vigirail","status":"publish","type":"post","link":"https:\/\/www.etf.fr\/en\/agence-idf-en\/vigirail\/","title":{"rendered":"VIGIRAIL"},"content":{"rendered":"From April to September this year, the largest Vigirail project site was located north of Paris. In Creil, on the busy Paris-Lille line, teams had to replace 3.5 kilometres of RVB and 32 track devices, often under significant time constraints to complete the work and return the tracks to service on schedule.\n\nWorking in three shifts, at weekends and during the summer holidays, the project required a significant investment from the teams. Michel de Maria, the project manager, notes, &#8220;<em>Everyone involved worked hard to ensure that the project was completed successfully.<\/em> &#8221; To assist ETF Voies with this project, numerous EUROVIA Group agencies were mobilised: Jean Lefebvre for earthworks, ETF Services for autonomous traction of work trains and traffic announcements, ETF Cat\u00e9naires for electrical protection and catenary adjustment, as well as the ETF Centre Ile-de-France, Paris Nord and Ouest agencies.\n\nThe highlight of this collaboration took place over a two-week period in July. It was a positive experience for Michel de Maria, who sums it up as follows: \u2018<i>A large part of the Group&#8217;s specialities were represented on this project, and we really worked together in synergy.<\/i>\u2019 While the collaboration between all these Group agencies facilitated the completion of the work within the allotted time frame, it also required a significant amount of coordination.","protected":false},"excerpt":{"rendered":"<p>From April to September this year, the largest construction site of the Vigirail project took place north of Paris.<\/p>\n","protected":false},"author":3,"featured_media":8851,"comment_status":"closed","ping_status":"open","sticky":false,"template":"","format":"standard","meta":{"_acf_changed":false,"footnotes":""},"categories":[202],"tags":[],"class_list":["post-12524397","post","type-post","status-publish","format-standard","has-post-thumbnail","hentry","category-agence-idf-en"],"acf":[],"yoast_head":"<!-- This site is optimized with the Yoast SEO plugin v27.1.1 - https:\/\/yoast.com\/product\/yoast-seo-wordpress\/ -->\n<title>VIGIRAIL<\/title>\n<meta name=\"description\" content=\"D\u2019avril \u00e0 septembre cette ann\u00e9e s\u2019est d\u00e9roul\u00e9 le plus important chantier du projet Vigirail, \u00e0 Creil, sur le tr\u00e8s fr\u00e9quent\u00e9 axe Paris-Lille.\" \/>\n<meta name=\"robots\" content=\"index, follow, max-snippet:-1, max-image-preview:large, max-video-preview:-1\" \/>\n<link rel=\"canonical\" href=\"https:\/\/www.etf.fr\/en\/agence-idf-en\/vigirail\/\" \/>\n<meta property=\"og:locale\" content=\"en_US\" \/>\n<meta property=\"og:type\" content=\"article\" \/>\n<meta property=\"og:title\" content=\"VIGIRAIL\" \/>\n<meta property=\"og:description\" content=\"D\u2019avril \u00e0 septembre cette ann\u00e9e s\u2019est d\u00e9roul\u00e9 le plus important chantier du projet Vigirail, \u00e0 Creil, sur le tr\u00e8s fr\u00e9quent\u00e9 axe Paris-Lille.\" \/>\n<meta property=\"og:url\" content=\"https:\/\/www.etf.fr\/en\/agence-idf-en\/vigirail\/\" \/>\n<meta property=\"og:site_name\" content=\"ETF\" \/>\n<meta property=\"article:published_time\" content=\"2017-09-25T09:11:55+00:00\" \/>\n<meta property=\"article:modified_time\" content=\"2025-09-30T08:35:47+00:00\" \/>\n<meta property=\"og:image\" content=\"https:\/\/www.etf.fr\/wp-content\/uploads\/2017\/09\/Vue-g\u00e9n\u00e9rique-5.jpg\" \/>\n\t<meta property=\"og:image:width\" content=\"2560\" \/>\n\t<meta property=\"og:image:height\" content=\"1704\" \/>\n\t<meta property=\"og:image:type\" content=\"image\/jpeg\" \/>\n<meta name=\"author\" content=\"brice\" \/>\n<meta name=\"twitter:card\" content=\"summary_large_image\" \/>\n<meta name=\"twitter:label1\" content=\"Written by\" \/>\n\t<meta name=\"twitter:data1\" content=\"brice\" \/>\n\t<meta name=\"twitter:label2\" content=\"Est. reading time\" \/>\n\t<meta name=\"twitter:data2\" content=\"2 minutes\" \/>\n<script type=\"application\/ld+json\" class=\"yoast-schema-graph\">{\"@context\":\"https:\/\/schema.org\",\"@graph\":[{\"@type\":\"Article\",\"@id\":\"https:\/\/www.etf.fr\/en\/agence-idf-en\/vigirail\/#article\",\"isPartOf\":{\"@id\":\"https:\/\/www.etf.fr\/en\/agence-idf-en\/vigirail\/\"},\"author\":{\"name\":\"brice\",\"@id\":\"https:\/\/www.etf.fr\/#\/schema\/person\/732055a69ee6fdaf6db70f6bb1d3b5ae\"},\"headline\":\"VIGIRAIL\",\"datePublished\":\"2017-09-25T09:11:55+00:00\",\"dateModified\":\"2025-09-30T08:35:47+00:00\",\"mainEntityOfPage\":{\"@id\":\"https:\/\/www.etf.fr\/en\/agence-idf-en\/vigirail\/\"},\"wordCount\":213,\"publisher\":{\"@id\":\"https:\/\/www.etf.fr\/#organization\"},\"image\":{\"@id\":\"https:\/\/www.etf.fr\/en\/agence-idf-en\/vigirail\/#primaryimage\"},\"thumbnailUrl\":\"https:\/\/www.etf.fr\/wp-content\/uploads\/2017\/09\/Vue-g\u00e9n\u00e9rique-5.jpg\",\"articleSection\":[\"Agence IDF\"],\"inLanguage\":\"en-US\"},{\"@type\":\"WebPage\",\"@id\":\"https:\/\/www.etf.fr\/en\/agence-idf-en\/vigirail\/\",\"url\":\"https:\/\/www.etf.fr\/en\/agence-idf-en\/vigirail\/\",\"name\":\"VIGIRAIL\",\"isPartOf\":{\"@id\":\"https:\/\/www.etf.fr\/#website\"},\"primaryImageOfPage\":{\"@id\":\"https:\/\/www.etf.fr\/en\/agence-idf-en\/vigirail\/#primaryimage\"},\"image\":{\"@id\":\"https:\/\/www.etf.fr\/en\/agence-idf-en\/vigirail\/#primaryimage\"},\"thumbnailUrl\":\"https:\/\/www.etf.fr\/wp-content\/uploads\/2017\/09\/Vue-g\u00e9n\u00e9rique-5.jpg\",\"datePublished\":\"2017-09-25T09:11:55+00:00\",\"dateModified\":\"2025-09-30T08:35:47+00:00\",\"description\":\"D\u2019avril \u00e0 septembre cette ann\u00e9e s\u2019est d\u00e9roul\u00e9 le plus important chantier du projet Vigirail, \u00e0 Creil, sur le tr\u00e8s fr\u00e9quent\u00e9 axe Paris-Lille.\",\"breadcrumb\":{\"@id\":\"https:\/\/www.etf.fr\/en\/agence-idf-en\/vigirail\/#breadcrumb\"},\"inLanguage\":\"en-US\",\"potentialAction\":[{\"@type\":\"ReadAction\",\"target\":[\"https:\/\/www.etf.fr\/en\/agence-idf-en\/vigirail\/\"]}]},{\"@type\":\"ImageObject\",\"inLanguage\":\"en-US\",\"@id\":\"https:\/\/www.etf.fr\/en\/agence-idf-en\/vigirail\/#primaryimage\",\"url\":\"https:\/\/www.etf.fr\/wp-content\/uploads\/2017\/09\/Vue-g\u00e9n\u00e9rique-5.jpg\",\"contentUrl\":\"https:\/\/www.etf.fr\/wp-content\/uploads\/2017\/09\/Vue-g\u00e9n\u00e9rique-5.jpg\",\"width\":2560,\"height\":1704,\"caption\":\"Chantier de la LGV Est Europ\u00e9enne. ETF ( filiale travaux ferroviaires du groupe Eurovia) pose des voies. Traverse de b\u00e9ton arm\u00e9 monobloc, longs rails soud\u00e9s ( LRS) et ballast. Wagon de transport des longs rails soud\u00e9s.\"},{\"@type\":\"BreadcrumbList\",\"@id\":\"https:\/\/www.etf.fr\/en\/agence-idf-en\/vigirail\/#breadcrumb\",\"itemListElement\":[{\"@type\":\"ListItem\",\"position\":1,\"name\":\"Accueil\",\"item\":\"https:\/\/www.etf.fr\/en\/\"},{\"@type\":\"ListItem\",\"position\":2,\"name\":\"VIGIRAIL\"}]},{\"@type\":\"WebSite\",\"@id\":\"https:\/\/www.etf.fr\/#website\",\"url\":\"https:\/\/www.etf.fr\/\",\"name\":\"ETF\",\"description\":\"Your transport partner worldwide\",\"publisher\":{\"@id\":\"https:\/\/www.etf.fr\/#organization\"},\"potentialAction\":[{\"@type\":\"SearchAction\",\"target\":{\"@type\":\"EntryPoint\",\"urlTemplate\":\"https:\/\/www.etf.fr\/?s={search_term_string}\"},\"query-input\":{\"@type\":\"PropertyValueSpecification\",\"valueRequired\":true,\"valueName\":\"search_term_string\"}}],\"inLanguage\":\"en-US\"},{\"@type\":\"Organization\",\"@id\":\"https:\/\/www.etf.fr\/#organization\",\"name\":\"ETF\",\"url\":\"https:\/\/www.etf.fr\/\",\"logo\":{\"@type\":\"ImageObject\",\"inLanguage\":\"en-US\",\"@id\":\"https:\/\/www.etf.fr\/#\/schema\/logo\/image\/\",\"url\":\"https:\/\/www.etf.fr\/wp-content\/uploads\/2019\/03\/logo-ETF.png\",\"contentUrl\":\"https:\/\/www.etf.fr\/wp-content\/uploads\/2019\/03\/logo-ETF.png\",\"width\":272,\"height\":161,\"caption\":\"ETF\"},\"image\":{\"@id\":\"https:\/\/www.etf.fr\/#\/schema\/logo\/image\/\"}},{\"@type\":\"Person\",\"@id\":\"https:\/\/www.etf.fr\/#\/schema\/person\/732055a69ee6fdaf6db70f6bb1d3b5ae\",\"name\":\"brice\",\"url\":\"https:\/\/www.etf.fr\/en\/author\/brice\/\"}]}<\/script>\n<!-- \/ Yoast SEO plugin. -->","yoast_head_json":{"title":"VIGIRAIL","description":"D\u2019avril \u00e0 septembre cette ann\u00e9e s\u2019est d\u00e9roul\u00e9 le plus important chantier du projet Vigirail, \u00e0 Creil, sur le tr\u00e8s fr\u00e9quent\u00e9 axe Paris-Lille.","robots":{"index":"index","follow":"follow","max-snippet":"max-snippet:-1","max-image-preview":"max-image-preview:large","max-video-preview":"max-video-preview:-1"},"canonical":"https:\/\/www.etf.fr\/en\/agence-idf-en\/vigirail\/","og_locale":"en_US","og_type":"article","og_title":"VIGIRAIL","og_description":"D\u2019avril \u00e0 septembre cette ann\u00e9e s\u2019est d\u00e9roul\u00e9 le plus important chantier du projet Vigirail, \u00e0 Creil, sur le tr\u00e8s fr\u00e9quent\u00e9 axe Paris-Lille.","og_url":"https:\/\/www.etf.fr\/en\/agence-idf-en\/vigirail\/","og_site_name":"ETF","article_published_time":"2017-09-25T09:11:55+00:00","article_modified_time":"2025-09-30T08:35:47+00:00","og_image":[{"width":2560,"height":1704,"url":"https:\/\/www.etf.fr\/wp-content\/uploads\/2017\/09\/Vue-g\u00e9n\u00e9rique-5.jpg","type":"image\/jpeg"}],"author":"brice","twitter_card":"summary_large_image","twitter_misc":{"Written by":"brice","Est. reading time":"2 minutes"},"schema":{"@context":"https:\/\/schema.org","@graph":[{"@type":"Article","@id":"https:\/\/www.etf.fr\/en\/agence-idf-en\/vigirail\/#article","isPartOf":{"@id":"https:\/\/www.etf.fr\/en\/agence-idf-en\/vigirail\/"},"author":{"name":"brice","@id":"https:\/\/www.etf.fr\/#\/schema\/person\/732055a69ee6fdaf6db70f6bb1d3b5ae"},"headline":"VIGIRAIL","datePublished":"2017-09-25T09:11:55+00:00","dateModified":"2025-09-30T08:35:47+00:00","mainEntityOfPage":{"@id":"https:\/\/www.etf.fr\/en\/agence-idf-en\/vigirail\/"},"wordCount":213,"publisher":{"@id":"https:\/\/www.etf.fr\/#organization"},"image":{"@id":"https:\/\/www.etf.fr\/en\/agence-idf-en\/vigirail\/#primaryimage"},"thumbnailUrl":"https:\/\/www.etf.fr\/wp-content\/uploads\/2017\/09\/Vue-g\u00e9n\u00e9rique-5.jpg","articleSection":["Agence IDF"],"inLanguage":"en-US"},{"@type":"WebPage","@id":"https:\/\/www.etf.fr\/en\/agence-idf-en\/vigirail\/","url":"https:\/\/www.etf.fr\/en\/agence-idf-en\/vigirail\/","name":"VIGIRAIL","isPartOf":{"@id":"https:\/\/www.etf.fr\/#website"},"primaryImageOfPage":{"@id":"https:\/\/www.etf.fr\/en\/agence-idf-en\/vigirail\/#primaryimage"},"image":{"@id":"https:\/\/www.etf.fr\/en\/agence-idf-en\/vigirail\/#primaryimage"},"thumbnailUrl":"https:\/\/www.etf.fr\/wp-content\/uploads\/2017\/09\/Vue-g\u00e9n\u00e9rique-5.jpg","datePublished":"2017-09-25T09:11:55+00:00","dateModified":"2025-09-30T08:35:47+00:00","description":"D\u2019avril \u00e0 septembre cette ann\u00e9e s\u2019est d\u00e9roul\u00e9 le plus important chantier du projet Vigirail, \u00e0 Creil, sur le tr\u00e8s fr\u00e9quent\u00e9 axe Paris-Lille.","breadcrumb":{"@id":"https:\/\/www.etf.fr\/en\/agence-idf-en\/vigirail\/#breadcrumb"},"inLanguage":"en-US","potentialAction":[{"@type":"ReadAction","target":["https:\/\/www.etf.fr\/en\/agence-idf-en\/vigirail\/"]}]},{"@type":"ImageObject","inLanguage":"en-US","@id":"https:\/\/www.etf.fr\/en\/agence-idf-en\/vigirail\/#primaryimage","url":"https:\/\/www.etf.fr\/wp-content\/uploads\/2017\/09\/Vue-g\u00e9n\u00e9rique-5.jpg","contentUrl":"https:\/\/www.etf.fr\/wp-content\/uploads\/2017\/09\/Vue-g\u00e9n\u00e9rique-5.jpg","width":2560,"height":1704,"caption":"Chantier de la LGV Est Europ\u00e9enne. ETF ( filiale travaux ferroviaires du groupe Eurovia) pose des voies. Traverse de b\u00e9ton arm\u00e9 monobloc, longs rails soud\u00e9s ( LRS) et ballast. Wagon de transport des longs rails soud\u00e9s."},{"@type":"BreadcrumbList","@id":"https:\/\/www.etf.fr\/en\/agence-idf-en\/vigirail\/#breadcrumb","itemListElement":[{"@type":"ListItem","position":1,"name":"Accueil","item":"https:\/\/www.etf.fr\/en\/"},{"@type":"ListItem","position":2,"name":"VIGIRAIL"}]},{"@type":"WebSite","@id":"https:\/\/www.etf.fr\/#website","url":"https:\/\/www.etf.fr\/","name":"ETF","description":"Your transport partner worldwide","publisher":{"@id":"https:\/\/www.etf.fr\/#organization"},"potentialAction":[{"@type":"SearchAction","target":{"@type":"EntryPoint","urlTemplate":"https:\/\/www.etf.fr\/?s={search_term_string}"},"query-input":{"@type":"PropertyValueSpecification","valueRequired":true,"valueName":"search_term_string"}}],"inLanguage":"en-US"},{"@type":"Organization","@id":"https:\/\/www.etf.fr\/#organization","name":"ETF","url":"https:\/\/www.etf.fr\/","logo":{"@type":"ImageObject","inLanguage":"en-US","@id":"https:\/\/www.etf.fr\/#\/schema\/logo\/image\/","url":"https:\/\/www.etf.fr\/wp-content\/uploads\/2019\/03\/logo-ETF.png","contentUrl":"https:\/\/www.etf.fr\/wp-content\/uploads\/2019\/03\/logo-ETF.png","width":272,"height":161,"caption":"ETF"},"image":{"@id":"https:\/\/www.etf.fr\/#\/schema\/logo\/image\/"}},{"@type":"Person","@id":"https:\/\/www.etf.fr\/#\/schema\/person\/732055a69ee6fdaf6db70f6bb1d3b5ae","name":"brice","url":"https:\/\/www.etf.fr\/en\/author\/brice\/"}]}},"_links":{"self":[{"href":"https:\/\/www.etf.fr\/en\/wp-json\/wp\/v2\/posts\/12524397","targetHints":{"allow":["GET"]}}],"collection":[{"href":"https:\/\/www.etf.fr\/en\/wp-json\/wp\/v2\/posts"}],"about":[{"href":"https:\/\/www.etf.fr\/en\/wp-json\/wp\/v2\/types\/post"}],"author":[{"embeddable":true,"href":"https:\/\/www.etf.fr\/en\/wp-json\/wp\/v2\/users\/3"}],"replies":[{"embeddable":true,"href":"https:\/\/www.etf.fr\/en\/wp-json\/wp\/v2\/comments?post=12524397"}],"version-history":[{"count":1,"href":"https:\/\/www.etf.fr\/en\/wp-json\/wp\/v2\/posts\/12524397\/revisions"}],"predecessor-version":[{"id":12524454,"href":"https:\/\/www.etf.fr\/en\/wp-json\/wp\/v2\/posts\/12524397\/revisions\/12524454"}],"wp:featuredmedia":[{"embeddable":true,"href":"https:\/\/www.etf.fr\/en\/wp-json\/wp\/v2\/media\/8851"}],"wp:attachment":[{"href":"https:\/\/www.etf.fr\/en\/wp-json\/wp\/v2\/media?parent=12524397"}],"wp:term":[{"taxonomy":"category","embeddable":true,"href":"https:\/\/www.etf.fr\/en\/wp-json\/wp\/v2\/categories?post=12524397"},{"taxonomy":"post_tag","embeddable":true,"href":"https:\/\/www.etf.fr\/en\/wp-json\/wp\/v2\/tags?post=12524397"}],"curies":[{"name":"wp","href":"https:\/\/api.w.org\/{rel}","templated":true}]}}