{"id":12524456,"date":"2017-09-05T11:14:56","date_gmt":"2017-09-05T09:14:56","guid":{"rendered":"https:\/\/www.etf.fr\/uncategorized\/etf-luxembourg-avance-avec-infrabel\/"},"modified":"2025-09-30T10:37:19","modified_gmt":"2025-09-30T08:37:19","slug":"etf-luxembourg-avance-avec-infrabel","status":"publish","type":"post","link":"https:\/\/www.etf.fr\/en\/actualites-en\/etf-luxembourg-avance-avec-infrabel\/","title":{"rendered":"ETF Luxembourg moves forward with Infrabel"},"content":{"rendered":"\n<p>ETF Luxembourg will soon begin work on behalf of Infrabel at Welkenraedt station (Belgium). This project will be carried out in three phases, combining several areas of activity (railway signalling, civil engineering, railway works), all carried out by our in-house teams.<\/p>\n\n\n\n<p>The first phase, lasting six weeks, will consist of modernising the railway signalling system to optimise train operations.<\/p>\n\n\n\n<p>This optimisation will free up railway tracks to move on to the second phase of the project: the renewal of 10 track devices (5 on wooden sleepers, 5 on concrete sleepers), including the renewal of their foundation layer (-0.80 m below the sleepers, consisting of 0\/200 and 0\/32).<\/p>\n\n\n\n<p>Finally, the last phase will consist of renewing four shunting tracks (RVB), each 400 metres long. This renewal will be accompanied by the renewal of the railway bed, the installation of track drainage and the renewal of the water and electricity supply system for locomotive maintenance.<\/p>\n","protected":false},"excerpt":{"rendered":"<p>ETF Luxembourg will soon commence work on behalf of Infrabel at Welkenraedt station (Belgium). <\/p>\n","protected":false},"author":3,"featured_media":9827,"comment_status":"closed","ping_status":"open","sticky":false,"template":"","format":"standard","meta":{"_acf_changed":false,"footnotes":""},"categories":[191],"tags":[],"class_list":["post-12524456","post","type-post","status-publish","format-standard","has-post-thumbnail","hentry","category-actualites-en"],"acf":[],"yoast_head":"<!-- This site is optimized with the Yoast SEO plugin v27.1.1 - https:\/\/yoast.com\/product\/yoast-seo-wordpress\/ -->\n<title>ETF Luxembourg d\u00e9bute un chantier avec Infrabel (Belgique)<\/title>\n<meta name=\"description\" content=\"ETF Luxembourg va bient\u00f4t d\u00e9buter un chantier pour le compte d&#039;Infrabel en gare de Welkenraedt (Belgique). Ce chantier sera r\u00e9alis\u00e9 en 3 phases.\" \/>\n<meta name=\"robots\" content=\"index, follow, max-snippet:-1, max-image-preview:large, max-video-preview:-1\" \/>\n<link rel=\"canonical\" href=\"https:\/\/www.etf.fr\/en\/actualites-en\/etf-luxembourg-avance-avec-infrabel\/\" \/>\n<meta property=\"og:locale\" content=\"en_US\" \/>\n<meta property=\"og:type\" content=\"article\" \/>\n<meta property=\"og:title\" content=\"ETF Luxembourg d\u00e9bute un chantier avec Infrabel (Belgique)\" \/>\n<meta property=\"og:description\" content=\"ETF Luxembourg va bient\u00f4t d\u00e9buter un chantier pour le compte d&#039;Infrabel en gare de Welkenraedt (Belgique). Ce chantier sera r\u00e9alis\u00e9 en 3 phases.\" \/>\n<meta property=\"og:url\" content=\"https:\/\/www.etf.fr\/en\/actualites-en\/etf-luxembourg-avance-avec-infrabel\/\" \/>\n<meta property=\"og:site_name\" content=\"ETF\" \/>\n<meta property=\"article:published_time\" content=\"2017-09-05T09:14:56+00:00\" \/>\n<meta property=\"article:modified_time\" content=\"2025-09-30T08:37:19+00:00\" \/>\n<meta property=\"og:image\" content=\"https:\/\/www.etf.fr\/wp-content\/uploads\/2017\/09\/Miniature-actu-5.09.17.jpg\" \/>\n\t<meta property=\"og:image:width\" content=\"439\" \/>\n\t<meta property=\"og:image:height\" content=\"329\" \/>\n\t<meta property=\"og:image:type\" content=\"image\/jpeg\" \/>\n<meta name=\"author\" content=\"brice\" \/>\n<meta name=\"twitter:card\" content=\"summary_large_image\" \/>\n<meta name=\"twitter:label1\" content=\"Written by\" \/>\n\t<meta name=\"twitter:data1\" content=\"brice\" \/>\n\t<meta name=\"twitter:label2\" content=\"Est. reading time\" \/>\n\t<meta name=\"twitter:data2\" content=\"1 minute\" \/>\n<script type=\"application\/ld+json\" class=\"yoast-schema-graph\">{\"@context\":\"https:\/\/schema.org\",\"@graph\":[{\"@type\":\"Article\",\"@id\":\"https:\/\/www.etf.fr\/en\/actualites-en\/etf-luxembourg-avance-avec-infrabel\/#article\",\"isPartOf\":{\"@id\":\"https:\/\/www.etf.fr\/en\/actualites-en\/etf-luxembourg-avance-avec-infrabel\/\"},\"author\":{\"name\":\"brice\",\"@id\":\"https:\/\/www.etf.fr\/#\/schema\/person\/732055a69ee6fdaf6db70f6bb1d3b5ae\"},\"headline\":\"ETF Luxembourg moves forward with Infrabel\",\"datePublished\":\"2017-09-05T09:14:56+00:00\",\"dateModified\":\"2025-09-30T08:37:19+00:00\",\"mainEntityOfPage\":{\"@id\":\"https:\/\/www.etf.fr\/en\/actualites-en\/etf-luxembourg-avance-avec-infrabel\/\"},\"wordCount\":153,\"publisher\":{\"@id\":\"https:\/\/www.etf.fr\/#organization\"},\"image\":{\"@id\":\"https:\/\/www.etf.fr\/en\/actualites-en\/etf-luxembourg-avance-avec-infrabel\/#primaryimage\"},\"thumbnailUrl\":\"https:\/\/www.etf.fr\/wp-content\/uploads\/2017\/09\/Miniature-actu-5.09.17.jpg\",\"articleSection\":[\"Actualit\u00e9s\"],\"inLanguage\":\"en-US\"},{\"@type\":\"WebPage\",\"@id\":\"https:\/\/www.etf.fr\/en\/actualites-en\/etf-luxembourg-avance-avec-infrabel\/\",\"url\":\"https:\/\/www.etf.fr\/en\/actualites-en\/etf-luxembourg-avance-avec-infrabel\/\",\"name\":\"ETF Luxembourg d\u00e9bute un chantier avec Infrabel (Belgique)\",\"isPartOf\":{\"@id\":\"https:\/\/www.etf.fr\/#website\"},\"primaryImageOfPage\":{\"@id\":\"https:\/\/www.etf.fr\/en\/actualites-en\/etf-luxembourg-avance-avec-infrabel\/#primaryimage\"},\"image\":{\"@id\":\"https:\/\/www.etf.fr\/en\/actualites-en\/etf-luxembourg-avance-avec-infrabel\/#primaryimage\"},\"thumbnailUrl\":\"https:\/\/www.etf.fr\/wp-content\/uploads\/2017\/09\/Miniature-actu-5.09.17.jpg\",\"datePublished\":\"2017-09-05T09:14:56+00:00\",\"dateModified\":\"2025-09-30T08:37:19+00:00\",\"description\":\"ETF Luxembourg va bient\u00f4t d\u00e9buter un chantier pour le compte d'Infrabel en gare de Welkenraedt (Belgique). Ce chantier sera r\u00e9alis\u00e9 en 3 phases.\",\"breadcrumb\":{\"@id\":\"https:\/\/www.etf.fr\/en\/actualites-en\/etf-luxembourg-avance-avec-infrabel\/#breadcrumb\"},\"inLanguage\":\"en-US\",\"potentialAction\":[{\"@type\":\"ReadAction\",\"target\":[\"https:\/\/www.etf.fr\/en\/actualites-en\/etf-luxembourg-avance-avec-infrabel\/\"]}]},{\"@type\":\"ImageObject\",\"inLanguage\":\"en-US\",\"@id\":\"https:\/\/www.etf.fr\/en\/actualites-en\/etf-luxembourg-avance-avec-infrabel\/#primaryimage\",\"url\":\"https:\/\/www.etf.fr\/wp-content\/uploads\/2017\/09\/Miniature-actu-5.09.17.jpg\",\"contentUrl\":\"https:\/\/www.etf.fr\/wp-content\/uploads\/2017\/09\/Miniature-actu-5.09.17.jpg\",\"width\":439,\"height\":329},{\"@type\":\"BreadcrumbList\",\"@id\":\"https:\/\/www.etf.fr\/en\/actualites-en\/etf-luxembourg-avance-avec-infrabel\/#breadcrumb\",\"itemListElement\":[{\"@type\":\"ListItem\",\"position\":1,\"name\":\"Accueil\",\"item\":\"https:\/\/www.etf.fr\/en\/\"},{\"@type\":\"ListItem\",\"position\":2,\"name\":\"ETF Luxembourg moves forward with Infrabel\"}]},{\"@type\":\"WebSite\",\"@id\":\"https:\/\/www.etf.fr\/#website\",\"url\":\"https:\/\/www.etf.fr\/\",\"name\":\"ETF\",\"description\":\"Your transport partner worldwide\",\"publisher\":{\"@id\":\"https:\/\/www.etf.fr\/#organization\"},\"potentialAction\":[{\"@type\":\"SearchAction\",\"target\":{\"@type\":\"EntryPoint\",\"urlTemplate\":\"https:\/\/www.etf.fr\/?s={search_term_string}\"},\"query-input\":{\"@type\":\"PropertyValueSpecification\",\"valueRequired\":true,\"valueName\":\"search_term_string\"}}],\"inLanguage\":\"en-US\"},{\"@type\":\"Organization\",\"@id\":\"https:\/\/www.etf.fr\/#organization\",\"name\":\"ETF\",\"url\":\"https:\/\/www.etf.fr\/\",\"logo\":{\"@type\":\"ImageObject\",\"inLanguage\":\"en-US\",\"@id\":\"https:\/\/www.etf.fr\/#\/schema\/logo\/image\/\",\"url\":\"https:\/\/www.etf.fr\/wp-content\/uploads\/2019\/03\/logo-ETF.png\",\"contentUrl\":\"https:\/\/www.etf.fr\/wp-content\/uploads\/2019\/03\/logo-ETF.png\",\"width\":272,\"height\":161,\"caption\":\"ETF\"},\"image\":{\"@id\":\"https:\/\/www.etf.fr\/#\/schema\/logo\/image\/\"}},{\"@type\":\"Person\",\"@id\":\"https:\/\/www.etf.fr\/#\/schema\/person\/732055a69ee6fdaf6db70f6bb1d3b5ae\",\"name\":\"brice\",\"url\":\"https:\/\/www.etf.fr\/en\/author\/brice\/\"}]}<\/script>\n<!-- \/ Yoast SEO plugin. -->","yoast_head_json":{"title":"ETF Luxembourg d\u00e9bute un chantier avec Infrabel (Belgique)","description":"ETF Luxembourg va bient\u00f4t d\u00e9buter un chantier pour le compte d'Infrabel en gare de Welkenraedt (Belgique). Ce chantier sera r\u00e9alis\u00e9 en 3 phases.","robots":{"index":"index","follow":"follow","max-snippet":"max-snippet:-1","max-image-preview":"max-image-preview:large","max-video-preview":"max-video-preview:-1"},"canonical":"https:\/\/www.etf.fr\/en\/actualites-en\/etf-luxembourg-avance-avec-infrabel\/","og_locale":"en_US","og_type":"article","og_title":"ETF Luxembourg d\u00e9bute un chantier avec Infrabel (Belgique)","og_description":"ETF Luxembourg va bient\u00f4t d\u00e9buter un chantier pour le compte d'Infrabel en gare de Welkenraedt (Belgique). Ce chantier sera r\u00e9alis\u00e9 en 3 phases.","og_url":"https:\/\/www.etf.fr\/en\/actualites-en\/etf-luxembourg-avance-avec-infrabel\/","og_site_name":"ETF","article_published_time":"2017-09-05T09:14:56+00:00","article_modified_time":"2025-09-30T08:37:19+00:00","og_image":[{"width":439,"height":329,"url":"https:\/\/www.etf.fr\/wp-content\/uploads\/2017\/09\/Miniature-actu-5.09.17.jpg","type":"image\/jpeg"}],"author":"brice","twitter_card":"summary_large_image","twitter_misc":{"Written by":"brice","Est. reading time":"1 minute"},"schema":{"@context":"https:\/\/schema.org","@graph":[{"@type":"Article","@id":"https:\/\/www.etf.fr\/en\/actualites-en\/etf-luxembourg-avance-avec-infrabel\/#article","isPartOf":{"@id":"https:\/\/www.etf.fr\/en\/actualites-en\/etf-luxembourg-avance-avec-infrabel\/"},"author":{"name":"brice","@id":"https:\/\/www.etf.fr\/#\/schema\/person\/732055a69ee6fdaf6db70f6bb1d3b5ae"},"headline":"ETF Luxembourg moves forward with Infrabel","datePublished":"2017-09-05T09:14:56+00:00","dateModified":"2025-09-30T08:37:19+00:00","mainEntityOfPage":{"@id":"https:\/\/www.etf.fr\/en\/actualites-en\/etf-luxembourg-avance-avec-infrabel\/"},"wordCount":153,"publisher":{"@id":"https:\/\/www.etf.fr\/#organization"},"image":{"@id":"https:\/\/www.etf.fr\/en\/actualites-en\/etf-luxembourg-avance-avec-infrabel\/#primaryimage"},"thumbnailUrl":"https:\/\/www.etf.fr\/wp-content\/uploads\/2017\/09\/Miniature-actu-5.09.17.jpg","articleSection":["Actualit\u00e9s"],"inLanguage":"en-US"},{"@type":"WebPage","@id":"https:\/\/www.etf.fr\/en\/actualites-en\/etf-luxembourg-avance-avec-infrabel\/","url":"https:\/\/www.etf.fr\/en\/actualites-en\/etf-luxembourg-avance-avec-infrabel\/","name":"ETF Luxembourg d\u00e9bute un chantier avec Infrabel (Belgique)","isPartOf":{"@id":"https:\/\/www.etf.fr\/#website"},"primaryImageOfPage":{"@id":"https:\/\/www.etf.fr\/en\/actualites-en\/etf-luxembourg-avance-avec-infrabel\/#primaryimage"},"image":{"@id":"https:\/\/www.etf.fr\/en\/actualites-en\/etf-luxembourg-avance-avec-infrabel\/#primaryimage"},"thumbnailUrl":"https:\/\/www.etf.fr\/wp-content\/uploads\/2017\/09\/Miniature-actu-5.09.17.jpg","datePublished":"2017-09-05T09:14:56+00:00","dateModified":"2025-09-30T08:37:19+00:00","description":"ETF Luxembourg va bient\u00f4t d\u00e9buter un chantier pour le compte d'Infrabel en gare de Welkenraedt (Belgique). Ce chantier sera r\u00e9alis\u00e9 en 3 phases.","breadcrumb":{"@id":"https:\/\/www.etf.fr\/en\/actualites-en\/etf-luxembourg-avance-avec-infrabel\/#breadcrumb"},"inLanguage":"en-US","potentialAction":[{"@type":"ReadAction","target":["https:\/\/www.etf.fr\/en\/actualites-en\/etf-luxembourg-avance-avec-infrabel\/"]}]},{"@type":"ImageObject","inLanguage":"en-US","@id":"https:\/\/www.etf.fr\/en\/actualites-en\/etf-luxembourg-avance-avec-infrabel\/#primaryimage","url":"https:\/\/www.etf.fr\/wp-content\/uploads\/2017\/09\/Miniature-actu-5.09.17.jpg","contentUrl":"https:\/\/www.etf.fr\/wp-content\/uploads\/2017\/09\/Miniature-actu-5.09.17.jpg","width":439,"height":329},{"@type":"BreadcrumbList","@id":"https:\/\/www.etf.fr\/en\/actualites-en\/etf-luxembourg-avance-avec-infrabel\/#breadcrumb","itemListElement":[{"@type":"ListItem","position":1,"name":"Accueil","item":"https:\/\/www.etf.fr\/en\/"},{"@type":"ListItem","position":2,"name":"ETF Luxembourg moves forward with Infrabel"}]},{"@type":"WebSite","@id":"https:\/\/www.etf.fr\/#website","url":"https:\/\/www.etf.fr\/","name":"ETF","description":"Your transport partner worldwide","publisher":{"@id":"https:\/\/www.etf.fr\/#organization"},"potentialAction":[{"@type":"SearchAction","target":{"@type":"EntryPoint","urlTemplate":"https:\/\/www.etf.fr\/?s={search_term_string}"},"query-input":{"@type":"PropertyValueSpecification","valueRequired":true,"valueName":"search_term_string"}}],"inLanguage":"en-US"},{"@type":"Organization","@id":"https:\/\/www.etf.fr\/#organization","name":"ETF","url":"https:\/\/www.etf.fr\/","logo":{"@type":"ImageObject","inLanguage":"en-US","@id":"https:\/\/www.etf.fr\/#\/schema\/logo\/image\/","url":"https:\/\/www.etf.fr\/wp-content\/uploads\/2019\/03\/logo-ETF.png","contentUrl":"https:\/\/www.etf.fr\/wp-content\/uploads\/2019\/03\/logo-ETF.png","width":272,"height":161,"caption":"ETF"},"image":{"@id":"https:\/\/www.etf.fr\/#\/schema\/logo\/image\/"}},{"@type":"Person","@id":"https:\/\/www.etf.fr\/#\/schema\/person\/732055a69ee6fdaf6db70f6bb1d3b5ae","name":"brice","url":"https:\/\/www.etf.fr\/en\/author\/brice\/"}]}},"_links":{"self":[{"href":"https:\/\/www.etf.fr\/en\/wp-json\/wp\/v2\/posts\/12524456","targetHints":{"allow":["GET"]}}],"collection":[{"href":"https:\/\/www.etf.fr\/en\/wp-json\/wp\/v2\/posts"}],"about":[{"href":"https:\/\/www.etf.fr\/en\/wp-json\/wp\/v2\/types\/post"}],"author":[{"embeddable":true,"href":"https:\/\/www.etf.fr\/en\/wp-json\/wp\/v2\/users\/3"}],"replies":[{"embeddable":true,"href":"https:\/\/www.etf.fr\/en\/wp-json\/wp\/v2\/comments?post=12524456"}],"version-history":[{"count":1,"href":"https:\/\/www.etf.fr\/en\/wp-json\/wp\/v2\/posts\/12524456\/revisions"}],"predecessor-version":[{"id":12524457,"href":"https:\/\/www.etf.fr\/en\/wp-json\/wp\/v2\/posts\/12524456\/revisions\/12524457"}],"wp:featuredmedia":[{"embeddable":true,"href":"https:\/\/www.etf.fr\/en\/wp-json\/wp\/v2\/media\/9827"}],"wp:attachment":[{"href":"https:\/\/www.etf.fr\/en\/wp-json\/wp\/v2\/media?parent=12524456"}],"wp:term":[{"taxonomy":"category","embeddable":true,"href":"https:\/\/www.etf.fr\/en\/wp-json\/wp\/v2\/categories?post=12524456"},{"taxonomy":"post_tag","embeddable":true,"href":"https:\/\/www.etf.fr\/en\/wp-json\/wp\/v2\/tags?post=12524456"}],"curies":[{"name":"wp","href":"https:\/\/api.w.org\/{rel}","templated":true}]}}