{"id":12524459,"date":"2017-08-28T11:22:15","date_gmt":"2017-08-28T09:22:15","guid":{"rendered":"https:\/\/www.etf.fr\/uncategorized\/projet-eole-juillet-2017\/"},"modified":"2025-09-30T10:38:34","modified_gmt":"2025-09-30T08:38:34","slug":"projet-eole-juillet-2017","status":"publish","type":"post","link":"https:\/\/www.etf.fr\/en\/agence-idf-en\/projet-eole-juillet-2017\/","title":{"rendered":"EOLE Project July 2017"},"content":{"rendered":"As part of the EOLE project, a consortium comprising 100% Vinci companies (TPI as lead contractor; ETF; Botte) completed the first phase of work on the La D\u00e9fense RER station on behalf of RATP in July.\n\nETF&#8217;s RATP division removed part of the station&#8217;s central tracks to enable TPI to lay a reinforcement slab.\nThe ETF teams then reinstalled the tracks to complete this first stage within the deadline set by the client.\n\nAs the station remained in operation, the nuisances caused by this project were identified and dealt with in advance in order to minimise the impact on passengers.\n\nThe consortium also received congratulations from the RATP for its good management and the success of this first phase.","protected":false},"excerpt":{"rendered":"<p>As part of the EOLE project, a consortium comprising 100% Vinci companies (lead contractor TPI; ETF; Botte) completed the first phase of refurbishment work on La D\u00e9fense RER station in July on behalf of RATP.<\/p>\n","protected":false},"author":3,"featured_media":12524460,"comment_status":"closed","ping_status":"open","sticky":false,"template":"","format":"standard","meta":{"_acf_changed":false,"footnotes":""},"categories":[202],"tags":[],"class_list":["post-12524459","post","type-post","status-publish","format-standard","has-post-thumbnail","hentry","category-agence-idf-en"],"acf":[],"yoast_head":"<!-- This site is optimized with the Yoast SEO plugin v27.1.1 - https:\/\/yoast.com\/product\/yoast-seo-wordpress\/ -->\n<title>Projet EOLE juillet 2017 pour la gare RER de la D\u00e9fense<\/title>\n<meta name=\"description\" content=\"Dans le cadre du projet EOLE, un groupement 100 % Vinci a r\u00e9alis\u00e9 au mois de juillet la premi\u00e8re phase des travaux d\u2019am\u00e9nagement de la gare RER de la D\u00e9fense.\" \/>\n<meta name=\"robots\" content=\"index, follow, max-snippet:-1, max-image-preview:large, max-video-preview:-1\" \/>\n<link rel=\"canonical\" href=\"https:\/\/www.etf.fr\/en\/agence-idf-en\/projet-eole-juillet-2017\/\" \/>\n<meta property=\"og:locale\" content=\"en_US\" \/>\n<meta property=\"og:type\" content=\"article\" \/>\n<meta property=\"og:title\" content=\"Projet EOLE juillet 2017 pour la gare RER de la D\u00e9fense\" \/>\n<meta property=\"og:description\" content=\"Dans le cadre du projet EOLE, un groupement 100 % Vinci a r\u00e9alis\u00e9 au mois de juillet la premi\u00e8re phase des travaux d\u2019am\u00e9nagement de la gare RER de la D\u00e9fense.\" \/>\n<meta property=\"og:url\" content=\"https:\/\/www.etf.fr\/en\/agence-idf-en\/projet-eole-juillet-2017\/\" \/>\n<meta property=\"og:site_name\" content=\"ETF\" \/>\n<meta property=\"article:published_time\" content=\"2017-08-28T09:22:15+00:00\" \/>\n<meta property=\"article:modified_time\" content=\"2025-09-30T08:38:34+00:00\" \/>\n<meta property=\"og:image\" content=\"https:\/\/www.etf.fr\/wp-content\/uploads\/2018\/11\/eole.jpg\" \/>\n\t<meta property=\"og:image:width\" content=\"800\" \/>\n\t<meta property=\"og:image:height\" content=\"547\" \/>\n\t<meta property=\"og:image:type\" content=\"image\/jpeg\" \/>\n<meta name=\"author\" content=\"brice\" \/>\n<meta name=\"twitter:card\" content=\"summary_large_image\" \/>\n<meta name=\"twitter:label1\" content=\"Written by\" \/>\n\t<meta name=\"twitter:data1\" content=\"brice\" \/>\n\t<meta name=\"twitter:label2\" content=\"Est. reading time\" \/>\n\t<meta name=\"twitter:data2\" content=\"1 minute\" \/>\n<script type=\"application\/ld+json\" class=\"yoast-schema-graph\">{\"@context\":\"https:\/\/schema.org\",\"@graph\":[{\"@type\":\"Article\",\"@id\":\"https:\/\/www.etf.fr\/en\/agence-idf-en\/projet-eole-juillet-2017\/#article\",\"isPartOf\":{\"@id\":\"https:\/\/www.etf.fr\/en\/agence-idf-en\/projet-eole-juillet-2017\/\"},\"author\":{\"name\":\"brice\",\"@id\":\"https:\/\/www.etf.fr\/#\/schema\/person\/732055a69ee6fdaf6db70f6bb1d3b5ae\"},\"headline\":\"EOLE Project July 2017\",\"datePublished\":\"2017-08-28T09:22:15+00:00\",\"dateModified\":\"2025-09-30T08:38:34+00:00\",\"mainEntityOfPage\":{\"@id\":\"https:\/\/www.etf.fr\/en\/agence-idf-en\/projet-eole-juillet-2017\/\"},\"wordCount\":122,\"publisher\":{\"@id\":\"https:\/\/www.etf.fr\/#organization\"},\"image\":{\"@id\":\"https:\/\/www.etf.fr\/en\/agence-idf-en\/projet-eole-juillet-2017\/#primaryimage\"},\"thumbnailUrl\":\"https:\/\/www.etf.fr\/wp-content\/uploads\/2018\/11\/eole.jpg\",\"articleSection\":[\"Agence IDF\"],\"inLanguage\":\"en-US\"},{\"@type\":\"WebPage\",\"@id\":\"https:\/\/www.etf.fr\/en\/agence-idf-en\/projet-eole-juillet-2017\/\",\"url\":\"https:\/\/www.etf.fr\/en\/agence-idf-en\/projet-eole-juillet-2017\/\",\"name\":\"Projet EOLE juillet 2017 pour la gare RER de la D\u00e9fense\",\"isPartOf\":{\"@id\":\"https:\/\/www.etf.fr\/#website\"},\"primaryImageOfPage\":{\"@id\":\"https:\/\/www.etf.fr\/en\/agence-idf-en\/projet-eole-juillet-2017\/#primaryimage\"},\"image\":{\"@id\":\"https:\/\/www.etf.fr\/en\/agence-idf-en\/projet-eole-juillet-2017\/#primaryimage\"},\"thumbnailUrl\":\"https:\/\/www.etf.fr\/wp-content\/uploads\/2018\/11\/eole.jpg\",\"datePublished\":\"2017-08-28T09:22:15+00:00\",\"dateModified\":\"2025-09-30T08:38:34+00:00\",\"description\":\"Dans le cadre du projet EOLE, un groupement 100 % Vinci a r\u00e9alis\u00e9 au mois de juillet la premi\u00e8re phase des travaux d\u2019am\u00e9nagement de la gare RER de la D\u00e9fense.\",\"breadcrumb\":{\"@id\":\"https:\/\/www.etf.fr\/en\/agence-idf-en\/projet-eole-juillet-2017\/#breadcrumb\"},\"inLanguage\":\"en-US\",\"potentialAction\":[{\"@type\":\"ReadAction\",\"target\":[\"https:\/\/www.etf.fr\/en\/agence-idf-en\/projet-eole-juillet-2017\/\"]}]},{\"@type\":\"ImageObject\",\"inLanguage\":\"en-US\",\"@id\":\"https:\/\/www.etf.fr\/en\/agence-idf-en\/projet-eole-juillet-2017\/#primaryimage\",\"url\":\"https:\/\/www.etf.fr\/wp-content\/uploads\/2018\/11\/eole.jpg\",\"contentUrl\":\"https:\/\/www.etf.fr\/wp-content\/uploads\/2018\/11\/eole.jpg\",\"width\":800,\"height\":547},{\"@type\":\"BreadcrumbList\",\"@id\":\"https:\/\/www.etf.fr\/en\/agence-idf-en\/projet-eole-juillet-2017\/#breadcrumb\",\"itemListElement\":[{\"@type\":\"ListItem\",\"position\":1,\"name\":\"Accueil\",\"item\":\"https:\/\/www.etf.fr\/en\/\"},{\"@type\":\"ListItem\",\"position\":2,\"name\":\"EOLE Project July 2017\"}]},{\"@type\":\"WebSite\",\"@id\":\"https:\/\/www.etf.fr\/#website\",\"url\":\"https:\/\/www.etf.fr\/\",\"name\":\"ETF\",\"description\":\"Your transport partner worldwide\",\"publisher\":{\"@id\":\"https:\/\/www.etf.fr\/#organization\"},\"potentialAction\":[{\"@type\":\"SearchAction\",\"target\":{\"@type\":\"EntryPoint\",\"urlTemplate\":\"https:\/\/www.etf.fr\/?s={search_term_string}\"},\"query-input\":{\"@type\":\"PropertyValueSpecification\",\"valueRequired\":true,\"valueName\":\"search_term_string\"}}],\"inLanguage\":\"en-US\"},{\"@type\":\"Organization\",\"@id\":\"https:\/\/www.etf.fr\/#organization\",\"name\":\"ETF\",\"url\":\"https:\/\/www.etf.fr\/\",\"logo\":{\"@type\":\"ImageObject\",\"inLanguage\":\"en-US\",\"@id\":\"https:\/\/www.etf.fr\/#\/schema\/logo\/image\/\",\"url\":\"https:\/\/www.etf.fr\/wp-content\/uploads\/2019\/03\/logo-ETF.png\",\"contentUrl\":\"https:\/\/www.etf.fr\/wp-content\/uploads\/2019\/03\/logo-ETF.png\",\"width\":272,\"height\":161,\"caption\":\"ETF\"},\"image\":{\"@id\":\"https:\/\/www.etf.fr\/#\/schema\/logo\/image\/\"}},{\"@type\":\"Person\",\"@id\":\"https:\/\/www.etf.fr\/#\/schema\/person\/732055a69ee6fdaf6db70f6bb1d3b5ae\",\"name\":\"brice\",\"url\":\"https:\/\/www.etf.fr\/en\/author\/brice\/\"}]}<\/script>\n<!-- \/ Yoast SEO plugin. -->","yoast_head_json":{"title":"Projet EOLE juillet 2017 pour la gare RER de la D\u00e9fense","description":"Dans le cadre du projet EOLE, un groupement 100 % Vinci a r\u00e9alis\u00e9 au mois de juillet la premi\u00e8re phase des travaux d\u2019am\u00e9nagement de la gare RER de la D\u00e9fense.","robots":{"index":"index","follow":"follow","max-snippet":"max-snippet:-1","max-image-preview":"max-image-preview:large","max-video-preview":"max-video-preview:-1"},"canonical":"https:\/\/www.etf.fr\/en\/agence-idf-en\/projet-eole-juillet-2017\/","og_locale":"en_US","og_type":"article","og_title":"Projet EOLE juillet 2017 pour la gare RER de la D\u00e9fense","og_description":"Dans le cadre du projet EOLE, un groupement 100 % Vinci a r\u00e9alis\u00e9 au mois de juillet la premi\u00e8re phase des travaux d\u2019am\u00e9nagement de la gare RER de la D\u00e9fense.","og_url":"https:\/\/www.etf.fr\/en\/agence-idf-en\/projet-eole-juillet-2017\/","og_site_name":"ETF","article_published_time":"2017-08-28T09:22:15+00:00","article_modified_time":"2025-09-30T08:38:34+00:00","og_image":[{"width":800,"height":547,"url":"https:\/\/www.etf.fr\/wp-content\/uploads\/2018\/11\/eole.jpg","type":"image\/jpeg"}],"author":"brice","twitter_card":"summary_large_image","twitter_misc":{"Written by":"brice","Est. reading time":"1 minute"},"schema":{"@context":"https:\/\/schema.org","@graph":[{"@type":"Article","@id":"https:\/\/www.etf.fr\/en\/agence-idf-en\/projet-eole-juillet-2017\/#article","isPartOf":{"@id":"https:\/\/www.etf.fr\/en\/agence-idf-en\/projet-eole-juillet-2017\/"},"author":{"name":"brice","@id":"https:\/\/www.etf.fr\/#\/schema\/person\/732055a69ee6fdaf6db70f6bb1d3b5ae"},"headline":"EOLE Project July 2017","datePublished":"2017-08-28T09:22:15+00:00","dateModified":"2025-09-30T08:38:34+00:00","mainEntityOfPage":{"@id":"https:\/\/www.etf.fr\/en\/agence-idf-en\/projet-eole-juillet-2017\/"},"wordCount":122,"publisher":{"@id":"https:\/\/www.etf.fr\/#organization"},"image":{"@id":"https:\/\/www.etf.fr\/en\/agence-idf-en\/projet-eole-juillet-2017\/#primaryimage"},"thumbnailUrl":"https:\/\/www.etf.fr\/wp-content\/uploads\/2018\/11\/eole.jpg","articleSection":["Agence IDF"],"inLanguage":"en-US"},{"@type":"WebPage","@id":"https:\/\/www.etf.fr\/en\/agence-idf-en\/projet-eole-juillet-2017\/","url":"https:\/\/www.etf.fr\/en\/agence-idf-en\/projet-eole-juillet-2017\/","name":"Projet EOLE juillet 2017 pour la gare RER de la D\u00e9fense","isPartOf":{"@id":"https:\/\/www.etf.fr\/#website"},"primaryImageOfPage":{"@id":"https:\/\/www.etf.fr\/en\/agence-idf-en\/projet-eole-juillet-2017\/#primaryimage"},"image":{"@id":"https:\/\/www.etf.fr\/en\/agence-idf-en\/projet-eole-juillet-2017\/#primaryimage"},"thumbnailUrl":"https:\/\/www.etf.fr\/wp-content\/uploads\/2018\/11\/eole.jpg","datePublished":"2017-08-28T09:22:15+00:00","dateModified":"2025-09-30T08:38:34+00:00","description":"Dans le cadre du projet EOLE, un groupement 100 % Vinci a r\u00e9alis\u00e9 au mois de juillet la premi\u00e8re phase des travaux d\u2019am\u00e9nagement de la gare RER de la D\u00e9fense.","breadcrumb":{"@id":"https:\/\/www.etf.fr\/en\/agence-idf-en\/projet-eole-juillet-2017\/#breadcrumb"},"inLanguage":"en-US","potentialAction":[{"@type":"ReadAction","target":["https:\/\/www.etf.fr\/en\/agence-idf-en\/projet-eole-juillet-2017\/"]}]},{"@type":"ImageObject","inLanguage":"en-US","@id":"https:\/\/www.etf.fr\/en\/agence-idf-en\/projet-eole-juillet-2017\/#primaryimage","url":"https:\/\/www.etf.fr\/wp-content\/uploads\/2018\/11\/eole.jpg","contentUrl":"https:\/\/www.etf.fr\/wp-content\/uploads\/2018\/11\/eole.jpg","width":800,"height":547},{"@type":"BreadcrumbList","@id":"https:\/\/www.etf.fr\/en\/agence-idf-en\/projet-eole-juillet-2017\/#breadcrumb","itemListElement":[{"@type":"ListItem","position":1,"name":"Accueil","item":"https:\/\/www.etf.fr\/en\/"},{"@type":"ListItem","position":2,"name":"EOLE Project July 2017"}]},{"@type":"WebSite","@id":"https:\/\/www.etf.fr\/#website","url":"https:\/\/www.etf.fr\/","name":"ETF","description":"Your transport partner worldwide","publisher":{"@id":"https:\/\/www.etf.fr\/#organization"},"potentialAction":[{"@type":"SearchAction","target":{"@type":"EntryPoint","urlTemplate":"https:\/\/www.etf.fr\/?s={search_term_string}"},"query-input":{"@type":"PropertyValueSpecification","valueRequired":true,"valueName":"search_term_string"}}],"inLanguage":"en-US"},{"@type":"Organization","@id":"https:\/\/www.etf.fr\/#organization","name":"ETF","url":"https:\/\/www.etf.fr\/","logo":{"@type":"ImageObject","inLanguage":"en-US","@id":"https:\/\/www.etf.fr\/#\/schema\/logo\/image\/","url":"https:\/\/www.etf.fr\/wp-content\/uploads\/2019\/03\/logo-ETF.png","contentUrl":"https:\/\/www.etf.fr\/wp-content\/uploads\/2019\/03\/logo-ETF.png","width":272,"height":161,"caption":"ETF"},"image":{"@id":"https:\/\/www.etf.fr\/#\/schema\/logo\/image\/"}},{"@type":"Person","@id":"https:\/\/www.etf.fr\/#\/schema\/person\/732055a69ee6fdaf6db70f6bb1d3b5ae","name":"brice","url":"https:\/\/www.etf.fr\/en\/author\/brice\/"}]}},"_links":{"self":[{"href":"https:\/\/www.etf.fr\/en\/wp-json\/wp\/v2\/posts\/12524459","targetHints":{"allow":["GET"]}}],"collection":[{"href":"https:\/\/www.etf.fr\/en\/wp-json\/wp\/v2\/posts"}],"about":[{"href":"https:\/\/www.etf.fr\/en\/wp-json\/wp\/v2\/types\/post"}],"author":[{"embeddable":true,"href":"https:\/\/www.etf.fr\/en\/wp-json\/wp\/v2\/users\/3"}],"replies":[{"embeddable":true,"href":"https:\/\/www.etf.fr\/en\/wp-json\/wp\/v2\/comments?post=12524459"}],"version-history":[{"count":1,"href":"https:\/\/www.etf.fr\/en\/wp-json\/wp\/v2\/posts\/12524459\/revisions"}],"predecessor-version":[{"id":12524461,"href":"https:\/\/www.etf.fr\/en\/wp-json\/wp\/v2\/posts\/12524459\/revisions\/12524461"}],"wp:featuredmedia":[{"embeddable":true,"href":"https:\/\/www.etf.fr\/en\/wp-json\/wp\/v2\/media\/12524460"}],"wp:attachment":[{"href":"https:\/\/www.etf.fr\/en\/wp-json\/wp\/v2\/media?parent=12524459"}],"wp:term":[{"taxonomy":"category","embeddable":true,"href":"https:\/\/www.etf.fr\/en\/wp-json\/wp\/v2\/categories?post=12524459"},{"taxonomy":"post_tag","embeddable":true,"href":"https:\/\/www.etf.fr\/en\/wp-json\/wp\/v2\/tags?post=12524459"}],"curies":[{"name":"wp","href":"https:\/\/api.w.org\/{rel}","templated":true}]}}